{"id":202719,"date":"2026-05-03T07:35:00","date_gmt":"2026-05-03T10:35:00","guid":{"rendered":"https:\/\/www.em.com.br\/emfoco\/?p=202719"},"modified":"2026-05-02T19:55:26","modified_gmt":"2026-05-02T22:55:26","slug":"colocar-papel-aluminio-atras-da-televisao-por-que-e-recomendado-e-para-que-serve","status":"publish","type":"post","link":"https:\/\/www.em.com.br\/emfoco\/2026\/05\/03\/colocar-papel-aluminio-atras-da-televisao-por-que-e-recomendado-e-para-que-serve\/","title":{"rendered":"Colocar papel alum\u00ednio atr\u00e1s da televis\u00e3o: por que \u00e9 recomendado e para que serve"},"content":{"rendered":"\n<p>Nos \u00faltimos anos, os&nbsp;<strong>truques com papel alum\u00ednio<\/strong>&nbsp;viralizaram nas redes sociais, principalmente em v\u00eddeos curtos que prometem melhorar o sinal da TV ou do Wi\u2011Fi em segundos. Colocar papel alum\u00ednio atr\u00e1s do televisor virou moda como um \u201chack\u201d para turbinar o desempenho dos eletr\u00f4nicos sem gastar mais, mas esse tipo de solu\u00e7\u00e3o r\u00e1pida levanta d\u00favidas sobre efic\u00e1cia, seguran\u00e7a e poss\u00edveis danos aos aparelhos.<\/p>\n\n\n\n<h2 class=\"wp-block-heading\">O papel alum\u00ednio realmente melhora o sinal da TV ou do Wi\u2011Fi<\/h2>\n\n\n\n<p>Em teoria, superf\u00edcies met\u00e1licas podem atuar como espelhos para essas ondas, redirecionando parte do sinal emitido por roteadores ou antenas de TV.<\/p>\n\n\n\n<p>Na pr\u00e1tica, por\u00e9m, o ambiente dom\u00e9stico \u00e9 bem mais complexo. Paredes, m\u00f3veis, outros aparelhos conectados e at\u00e9 a posi\u00e7\u00e3o do roteador interferem no caminho das ondas. Em vez de aprimorar o desempenho, o\u00a0<strong>uso de <a href=\"https:\/\/www.em.com.br\/emfoco\/2026\/04\/27\/embrulhar-fechaduras-em-papel-aluminio-por-que-e-recomendado-e-o-alerta-dos-especialistas\/\" target=\"_blank\" rel=\"noreferrer noopener\">papel alum\u00ednio<\/a> atr\u00e1s da TV<\/strong>\u00a0tende a criar reflex\u00f5es desordenadas, gerando zonas de sombra e instabilidade no sinal.<\/p>\n\n\n\n<figure class=\"wp-block-image size-large\"><img loading=\"lazy\" decoding=\"async\" width=\"1024\" height=\"576\" src=\"https:\/\/www.em.com.br\/emfoco\/wp-content\/uploads\/2026\/05\/Gemini_Generated_Image_sife6dsife6dsife-1-1024x576.png\" alt=\"Papel alum\u00ednio atr\u00e1s da TV\" class=\"wp-image-202757\" srcset=\"https:\/\/www.em.com.br\/emfoco\/wp-content\/uploads\/2026\/05\/Gemini_Generated_Image_sife6dsife6dsife-1-1024x576.png 1024w, https:\/\/www.em.com.br\/emfoco\/wp-content\/uploads\/2026\/05\/Gemini_Generated_Image_sife6dsife6dsife-1-300x169.png 300w, https:\/\/www.em.com.br\/emfoco\/wp-content\/uploads\/2026\/05\/Gemini_Generated_Image_sife6dsife6dsife-1-768x432.png 768w, https:\/\/www.em.com.br\/emfoco\/wp-content\/uploads\/2026\/05\/Gemini_Generated_Image_sife6dsife6dsife-1-750x422.png 750w, https:\/\/www.em.com.br\/emfoco\/wp-content\/uploads\/2026\/05\/Gemini_Generated_Image_sife6dsife6dsife-1-1140x641.png 1140w, https:\/\/www.em.com.br\/emfoco\/wp-content\/uploads\/2026\/05\/Gemini_Generated_Image_sife6dsife6dsife-1.png 1280w\" sizes=\"auto, (max-width: 1024px) 100vw, 1024px\" \/><figcaption class=\"wp-element-caption\">Papel alum\u00ednio atr\u00e1s da TV<\/figcaption><\/figure>\n\n\n\n<h2 class=\"wp-block-heading\">Quais s\u00e3o os riscos de colocar papel alum\u00ednio atr\u00e1s da TV<\/h2>\n\n\n\n<p>Quando se fala em&nbsp;<strong>truques caseiros com papel alum\u00ednio<\/strong>, muitos conte\u00fados destacam s\u00f3 as supostas vantagens. Fabricantes e t\u00e9cnicos, por\u00e9m, alertam que a adapta\u00e7\u00e3o pode trazer riscos reais \u00e0 seguran\u00e7a e \u00e0 durabilidade do televisor, especialmente nos modelos mais finos e potentes.<\/p>\n\n\n\n<p>Antes de testar qualquer improviso, vale conhecer os principais problemas que esse material pode causar na parte traseira dos aparelhos:<\/p>\n\n\n\n<ul class=\"wp-block-list\">\n<li><strong>Ventila\u00e7\u00e3o comprometida:<\/strong>\u00a0a maior parte dos televisores atuais dissipa calor pela parte traseira, e o papel pode bloquear sa\u00eddas de ar.<\/li>\n\n\n\n<li><strong>Contato com partes el\u00e9tricas:<\/strong>\u00a0o alum\u00ednio conduz eletricidade e, ao encostar em terminais expostos, pode gerar curto\u2011circuito.<\/li>\n\n\n\n<li><strong>Ac\u00famulo de calor:<\/strong>\u00a0a folha met\u00e1lica tende a reter temperatura, aumentando o aquecimento interno da TV.<\/li>\n<\/ul>\n\n\n\n<h2 class=\"wp-block-heading\">Como o papel alum\u00ednio impacta a vida \u00fatil dos aparelhos<\/h2>\n\n\n\n<p>Esses fatores podem afetar diretamente a durabilidade dos pain\u00e9is LED ou OLED, assim como o desempenho de placas internas, processadores e fontes de alimenta\u00e7\u00e3o. Superaquecimento recorrente acelera o desgaste de componentes sens\u00edveis e pode provocar travamentos, manchas na tela e desligamentos inesperados.<\/p>\n\n\n\n<p>Em situa\u00e7\u00f5es extremas, falhas el\u00e9tricas podem exigir reparos caros ou at\u00e9 a troca completa do equipamento. Al\u00e9m disso, qualquer modifica\u00e7\u00e3o que fuja das orienta\u00e7\u00f5es do fabricante pode ser usada para negar cobertura de garantia em caso de defeito.<\/p>\n\n\n\n<figure class=\"wp-block-image size-large\"><img loading=\"lazy\" decoding=\"async\" width=\"1024\" height=\"576\" src=\"https:\/\/www.em.com.br\/emfoco\/wp-content\/uploads\/2026\/05\/Gemini_Generated_Image_s1lnycs1lnycs1ln-1-1024x576.png\" alt=\"Papel alum\u00ednio atr\u00e1s da TV\" class=\"wp-image-202762\" srcset=\"https:\/\/www.em.com.br\/emfoco\/wp-content\/uploads\/2026\/05\/Gemini_Generated_Image_s1lnycs1lnycs1ln-1-1024x576.png 1024w, https:\/\/www.em.com.br\/emfoco\/wp-content\/uploads\/2026\/05\/Gemini_Generated_Image_s1lnycs1lnycs1ln-1-300x169.png 300w, https:\/\/www.em.com.br\/emfoco\/wp-content\/uploads\/2026\/05\/Gemini_Generated_Image_s1lnycs1lnycs1ln-1-768x432.png 768w, https:\/\/www.em.com.br\/emfoco\/wp-content\/uploads\/2026\/05\/Gemini_Generated_Image_s1lnycs1lnycs1ln-1-750x422.png 750w, https:\/\/www.em.com.br\/emfoco\/wp-content\/uploads\/2026\/05\/Gemini_Generated_Image_s1lnycs1lnycs1ln-1-1140x641.png 1140w, https:\/\/www.em.com.br\/emfoco\/wp-content\/uploads\/2026\/05\/Gemini_Generated_Image_s1lnycs1lnycs1ln-1.png 1280w\" sizes=\"auto, (max-width: 1024px) 100vw, 1024px\" \/><figcaption class=\"wp-element-caption\">Papel alum\u00ednio atr\u00e1s da TV<\/figcaption><\/figure>\n\n\n\n<h2 class=\"wp-block-heading\">Quais alternativas realmente ajudam a melhorar TV e Wi\u2011Fi<\/h2>\n\n\n\n<p>Em vez de recorrer ao&nbsp;<strong>papel alum\u00ednio atr\u00e1s do televisor<\/strong>, especialistas recomendam ajustes simples na infraestrutura dom\u00e9stica. S\u00e3o a\u00e7\u00f5es acess\u00edveis, que seguem boas pr\u00e1ticas de rede e manuten\u00e7\u00e3o, entregando resultados mais consistentes e seguros.<\/p>\n\n\n\n<ol class=\"wp-block-list\">\n<li><strong>Rever a posi\u00e7\u00e3o do roteador:<\/strong>\u00a0deix\u00e1\u2011lo em local central, elevado e longe de obst\u00e1culos grandes <a href=\"https:\/\/www.youtube.com\/watch?v=mVo2KdgqBp4\" target=\"_blank\" rel=\"noreferrer noopener\">melhora muito o sinal de Wi\u2011Fi<\/a>.<\/li>\n\n\n\n<li><strong>Ajustar a antena de TV:<\/strong>\u00a0reposicionar a antena interna ou investir em uma externa adequada \u00e0 regi\u00e3o costuma ter impacto imediato.<\/li>\n\n\n\n<li><strong>Garantir boa ventila\u00e7\u00e3o:<\/strong>\u00a0manter espa\u00e7o livre ao redor da TV reduz o risco de superaquecimento e falhas.<\/li>\n\n\n\n<li><strong>Verificar cabos e conex\u00f5es:<\/strong>\u00a0cabos de antena e HDMI em bom estado evitam perdas de sinal e interfer\u00eancias.<\/li>\n\n\n\n<li><strong>Atualizar o software:<\/strong>\u00a0muitos aparelhos recebem atualiza\u00e7\u00f5es que otimizam rede, apps e recep\u00e7\u00e3o de sinais.<\/li>\n<\/ol>\n\n\n\n<h2 class=\"wp-block-heading\">Vale a pena insistir em truques com papel alum\u00ednio<\/h2>\n\n\n\n<p>O apelo de solu\u00e7\u00f5es r\u00e1pidas e baratas faz muita gente testar o&nbsp;<em>truque do papel alum\u00ednio<\/em>, mas os ganhos s\u00e3o pontuais, imprevis\u00edveis e n\u00e3o substituem uma instala\u00e7\u00e3o correta. Em um cen\u00e1rio em que as TVs s\u00e3o cada vez mais finas, conectadas e sens\u00edveis ao calor, improvisar na parte traseira do equipamento traz mais riscos do que benef\u00edcios concretos.<\/p>\n\n\n\n<p>Se o seu sinal est\u00e1 ruim ou a TV apresenta falhas, pare agora com gambiarras e priorize a\u00e7\u00f5es seguras: revise a antena, a rede Wi\u2011Fi, a ventila\u00e7\u00e3o e, se preciso, chame um t\u00e9cnico qualificado. Cuide hoje dos seus aparelhos para n\u00e3o ter que lidar com preju\u00edzos altos e perda total amanh\u00e3.<\/p>\n","protected":false},"excerpt":{"rendered":"<p>Nos \u00faltimos anos, os&nbsp;truques com papel alum\u00ednio&nbsp;viralizaram nas redes sociais, principalmente em v\u00eddeos curtos que prometem melhorar o sinal da TV ou do Wi\u2011Fi em segundos. Colocar papel alum\u00ednio atr\u00e1s do televisor virou moda como um \u201chack\u201d para turbinar o desempenho dos eletr\u00f4nicos sem gastar mais, mas esse tipo de solu\u00e7\u00e3o r\u00e1pida levanta d\u00favidas sobre [&hellip;]<\/p>\n","protected":false},"author":11,"featured_media":203702,"comment_status":"open","ping_status":"open","sticky":false,"template":"","format":"standard","meta":{"jnews-multi-image_gallery":[],"jnews_single_post":{"format":"standard"},"jnews_primary_category":[],"jnews_social_meta":[],"jnews_override_counter":[],"footnotes":""},"categories":[8819,1],"tags":[29144,10414,380],"class_list":["post-202719","post","type-post","status-publish","format-standard","has-post-thumbnail","hentry","category-curiosidades","category-noticias","tag-melhora-o-sinal","tag-papel-aluminio","tag-tv"],"yoast_head":"<!-- This site is optimized with the Yoast SEO plugin v23.8 - https:\/\/yoast.com\/wordpress\/plugins\/seo\/ -->\n<title>Colocar papel alum\u00ednio atr\u00e1s da televis\u00e3o: por que \u00e9 recomendado e para que serve - Estado de Minas - Em foco<\/title>\n<meta name=\"description\" content=\"O uso de papel alum\u00ednio na TV pode parecer \u00fatil, mas traz riscos. Entenda por que esse truque pode prejudicar seu aparelho.\" \/>\n<meta name=\"robots\" content=\"index, follow, max-snippet:-1, max-image-preview:large, max-video-preview:-1\" \/>\n<link rel=\"canonical\" href=\"https:\/\/www.em.com.br\/emfoco\/2026\/05\/03\/colocar-papel-aluminio-atras-da-televisao-por-que-e-recomendado-e-para-que-serve\/\" \/>\n<meta property=\"og:locale\" content=\"pt_BR\" \/>\n<meta property=\"og:type\" content=\"article\" \/>\n<meta property=\"og:title\" content=\"Colocar papel alum\u00ednio atr\u00e1s da televis\u00e3o: por que \u00e9 recomendado e para que serve - Estado de Minas - Em foco\" \/>\n<meta property=\"og:description\" content=\"O uso de papel alum\u00ednio na TV pode parecer \u00fatil, mas traz riscos. Entenda por que esse truque pode prejudicar seu aparelho.\" \/>\n<meta property=\"og:url\" content=\"https:\/\/www.em.com.br\/emfoco\/2026\/05\/03\/colocar-papel-aluminio-atras-da-televisao-por-que-e-recomendado-e-para-que-serve\/\" \/>\n<meta property=\"og:site_name\" content=\"Estado de Minas - Em foco\" \/>\n<meta property=\"article:published_time\" content=\"2026-05-03T10:35:00+00:00\" \/>\n<meta property=\"article:modified_time\" content=\"2026-05-02T22:55:26+00:00\" \/>\n<meta property=\"og:image\" content=\"https:\/\/www.em.com.br\/emfoco\/wp-content\/uploads\/2026\/05\/EmFoco_124.jpg\" \/>\n\t<meta property=\"og:image:width\" content=\"1280\" \/>\n\t<meta property=\"og:image:height\" content=\"720\" \/>\n\t<meta property=\"og:image:type\" content=\"image\/jpeg\" \/>\n<meta name=\"author\" content=\"Andre\u0301 Rangel\u00a0\" \/>\n<meta name=\"twitter:card\" content=\"summary_large_image\" \/>\n<meta name=\"twitter:label1\" content=\"Escrito por\" \/>\n\t<meta name=\"twitter:data1\" content=\"Andre\u0301 Rangel\u00a0\" \/>\n\t<meta name=\"twitter:label2\" content=\"Est. tempo de leitura\" \/>\n\t<meta name=\"twitter:data2\" content=\"5 minutos\" \/>\n<!-- \/ Yoast SEO plugin. -->","yoast_head_json":{"title":"Colocar papel alum\u00ednio atr\u00e1s da televis\u00e3o: por que \u00e9 recomendado e para que serve - Estado de Minas - Em foco","description":"O uso de papel alum\u00ednio na TV pode parecer \u00fatil, mas traz riscos. Entenda por que esse truque pode prejudicar seu aparelho.","robots":{"index":"index","follow":"follow","max-snippet":"max-snippet:-1","max-image-preview":"max-image-preview:large","max-video-preview":"max-video-preview:-1"},"canonical":"https:\/\/www.em.com.br\/emfoco\/2026\/05\/03\/colocar-papel-aluminio-atras-da-televisao-por-que-e-recomendado-e-para-que-serve\/","og_locale":"pt_BR","og_type":"article","og_title":"Colocar papel alum\u00ednio atr\u00e1s da televis\u00e3o: por que \u00e9 recomendado e para que serve - Estado de Minas - Em foco","og_description":"O uso de papel alum\u00ednio na TV pode parecer \u00fatil, mas traz riscos. Entenda por que esse truque pode prejudicar seu aparelho.","og_url":"https:\/\/www.em.com.br\/emfoco\/2026\/05\/03\/colocar-papel-aluminio-atras-da-televisao-por-que-e-recomendado-e-para-que-serve\/","og_site_name":"Estado de Minas - Em foco","article_published_time":"2026-05-03T10:35:00+00:00","article_modified_time":"2026-05-02T22:55:26+00:00","og_image":[{"width":1280,"height":720,"url":"https:\/\/www.em.com.br\/emfoco\/wp-content\/uploads\/2026\/05\/EmFoco_124.jpg","type":"image\/jpeg"}],"author":"Andre\u0301 Rangel\u00a0","twitter_card":"summary_large_image","twitter_misc":{"Escrito por":"Andre\u0301 Rangel\u00a0","Est. tempo de leitura":"5 minutos"},"schema":{"@context":"https:\/\/schema.org","@graph":[{"@type":"WebPage","@id":"https:\/\/www.em.com.br\/emfoco\/2026\/05\/03\/colocar-papel-aluminio-atras-da-televisao-por-que-e-recomendado-e-para-que-serve\/","url":"https:\/\/www.em.com.br\/emfoco\/2026\/05\/03\/colocar-papel-aluminio-atras-da-televisao-por-que-e-recomendado-e-para-que-serve\/","name":"Colocar papel alum\u00ednio atr\u00e1s da televis\u00e3o: por que \u00e9 recomendado e para que serve - Estado de Minas - Em foco","isPartOf":{"@id":"https:\/\/www.em.com.br\/emfoco\/#website"},"primaryImageOfPage":{"@id":"https:\/\/www.em.com.br\/emfoco\/2026\/05\/03\/colocar-papel-aluminio-atras-da-televisao-por-que-e-recomendado-e-para-que-serve\/#primaryimage"},"image":{"@id":"https:\/\/www.em.com.br\/emfoco\/2026\/05\/03\/colocar-papel-aluminio-atras-da-televisao-por-que-e-recomendado-e-para-que-serve\/#primaryimage"},"thumbnailUrl":"https:\/\/www.em.com.br\/emfoco\/wp-content\/uploads\/2026\/05\/EmFoco_124.jpg","datePublished":"2026-05-03T10:35:00+00:00","dateModified":"2026-05-02T22:55:26+00:00","author":{"@id":"https:\/\/www.em.com.br\/emfoco\/#\/schema\/person\/60eda09c1fedf0d6891f4cef4b60b8b8"},"description":"O uso de papel alum\u00ednio na TV pode parecer \u00fatil, mas traz riscos. Entenda por que esse truque pode prejudicar seu aparelho.","breadcrumb":{"@id":"https:\/\/www.em.com.br\/emfoco\/2026\/05\/03\/colocar-papel-aluminio-atras-da-televisao-por-que-e-recomendado-e-para-que-serve\/#breadcrumb"},"inLanguage":"pt-BR","potentialAction":[{"@type":"ReadAction","target":["https:\/\/www.em.com.br\/emfoco\/2026\/05\/03\/colocar-papel-aluminio-atras-da-televisao-por-que-e-recomendado-e-para-que-serve\/"]}]},{"@type":"ImageObject","inLanguage":"pt-BR","@id":"https:\/\/www.em.com.br\/emfoco\/2026\/05\/03\/colocar-papel-aluminio-atras-da-televisao-por-que-e-recomendado-e-para-que-serve\/#primaryimage","url":"https:\/\/www.em.com.br\/emfoco\/wp-content\/uploads\/2026\/05\/EmFoco_124.jpg","contentUrl":"https:\/\/www.em.com.br\/emfoco\/wp-content\/uploads\/2026\/05\/EmFoco_124.jpg","width":1280,"height":720,"caption":"Truques com papel alum\u00ednio trazem riscos de superaquecimento e danos aos televisores."},{"@type":"BreadcrumbList","@id":"https:\/\/www.em.com.br\/emfoco\/2026\/05\/03\/colocar-papel-aluminio-atras-da-televisao-por-que-e-recomendado-e-para-que-serve\/#breadcrumb","itemListElement":[{"@type":"ListItem","position":1,"name":"In\u00edcio","item":"https:\/\/www.em.com.br\/emfoco\/"},{"@type":"ListItem","position":2,"name":"Colocar papel alum\u00ednio atr\u00e1s da televis\u00e3o: por que \u00e9 recomendado e para que serve"}]},{"@type":"WebSite","@id":"https:\/\/www.em.com.br\/emfoco\/#website","url":"https:\/\/www.em.com.br\/emfoco\/","name":"Estado de Minas - Em foco","description":"Acompanhe as \u00faltimas not\u00edcias e fique bem informado sobre tudo o que acontece em Minas Gerais, Brasil e no mundo.","potentialAction":[{"@type":"SearchAction","target":{"@type":"EntryPoint","urlTemplate":"https:\/\/www.em.com.br\/emfoco\/?s={search_term_string}"},"query-input":{"@type":"PropertyValueSpecification","valueRequired":true,"valueName":"search_term_string"}}],"inLanguage":"pt-BR"},{"@type":"Person","@id":"https:\/\/www.em.com.br\/emfoco\/#\/schema\/person\/60eda09c1fedf0d6891f4cef4b60b8b8","name":"Andre\u0301 Rangel\u00a0","image":{"@type":"ImageObject","inLanguage":"pt-BR","@id":"https:\/\/www.em.com.br\/emfoco\/#\/schema\/person\/image\/","url":"https:\/\/secure.gravatar.com\/avatar\/6234dc814c77c8ef6d8bba622c787efc?s=96&d=mm&r=g","contentUrl":"https:\/\/secure.gravatar.com\/avatar\/6234dc814c77c8ef6d8bba622c787efc?s=96&d=mm&r=g","caption":"Andre\u0301 Rangel\u00a0"},"url":"https:\/\/www.em.com.br\/emfoco\/author\/luizmyth\/"}]}},"_links":{"self":[{"href":"https:\/\/www.em.com.br\/emfoco\/wp-json\/wp\/v2\/posts\/202719","targetHints":{"allow":["GET"]}}],"collection":[{"href":"https:\/\/www.em.com.br\/emfoco\/wp-json\/wp\/v2\/posts"}],"about":[{"href":"https:\/\/www.em.com.br\/emfoco\/wp-json\/wp\/v2\/types\/post"}],"author":[{"embeddable":true,"href":"https:\/\/www.em.com.br\/emfoco\/wp-json\/wp\/v2\/users\/11"}],"replies":[{"embeddable":true,"href":"https:\/\/www.em.com.br\/emfoco\/wp-json\/wp\/v2\/comments?post=202719"}],"version-history":[{"count":3,"href":"https:\/\/www.em.com.br\/emfoco\/wp-json\/wp\/v2\/posts\/202719\/revisions"}],"predecessor-version":[{"id":202776,"href":"https:\/\/www.em.com.br\/emfoco\/wp-json\/wp\/v2\/posts\/202719\/revisions\/202776"}],"wp:featuredmedia":[{"embeddable":true,"href":"https:\/\/www.em.com.br\/emfoco\/wp-json\/wp\/v2\/media\/203702"}],"wp:attachment":[{"href":"https:\/\/www.em.com.br\/emfoco\/wp-json\/wp\/v2\/media?parent=202719"}],"wp:term":[{"taxonomy":"category","embeddable":true,"href":"https:\/\/www.em.com.br\/emfoco\/wp-json\/wp\/v2\/categories?post=202719"},{"taxonomy":"post_tag","embeddable":true,"href":"https:\/\/www.em.com.br\/emfoco\/wp-json\/wp\/v2\/tags?post=202719"}],"curies":[{"name":"wp","href":"https:\/\/api.w.org\/{rel}","templated":true}]}}