{"id":202686,"date":"2026-05-02T06:18:00","date_gmt":"2026-05-02T09:18:00","guid":{"rendered":"https:\/\/www.em.com.br\/emfoco\/?p=202686"},"modified":"2026-05-02T04:40:48","modified_gmt":"2026-05-02T07:40:48","slug":"a-partir-de-agosto-de-2026-restaurantes-terao-que-remover-saches-de-ketchup-maionese-e-sal","status":"publish","type":"post","link":"https:\/\/www.em.com.br\/emfoco\/2026\/05\/02\/a-partir-de-agosto-de-2026-restaurantes-terao-que-remover-saches-de-ketchup-maionese-e-sal\/","title":{"rendered":"A partir de agosto de 2026, restaurantes ter\u00e3o que remover sach\u00eas de ketchup, maionese e sal"},"content":{"rendered":"\n<p>Sabe aquele sach\u00ea de ketchup que voc\u00ea rasga no almo\u00e7o e joga fora dois segundos depois? Pois ele pode estar com os dias contados. A proibi\u00e7\u00e3o de <strong>embalagens pl\u00e1sticas descart\u00e1veis de uso \u00fanico<\/strong> j\u00e1 virou lei na Europa e bate \u00e0 porta do Brasil, mudando a rotina de quem come fora de casa e de quem administra hot\u00e9is, bares e restaurantes.<\/p>\n\n\n\n<h2 class=\"wp-block-heading\">A regra europeia que vai mudar a mesa do hotel<\/h2>\n\n\n\n<p>O Regulamento sobre Embalagens e Res\u00edduos de Embalagens da Uni\u00e3o Europeia entrou em vigor em fevereiro de 2025 e passa a ser aplicado de forma geral a partir de agosto de 2026. Mas a proibi\u00e7\u00e3o espec\u00edfica de sach\u00eas pl\u00e1sticos de condimentos, a\u00e7\u00facar e similares no setor HORECA (<strong>hot\u00e9is, restaurantes e caf\u00e9s<\/strong>), assim como das miniaturas de xampu e lo\u00e7\u00f5es nos quartos, vale a partir de <strong>1\u00ba de janeiro de 2030<\/strong>.<\/p>\n\n\n\n<p>No lugar desses itens descart\u00e1veis, entram dosadores recarreg\u00e1veis e recipientes reutiliz\u00e1veis. Para o setor de <strong>hospitalidade<\/strong>, a mudan\u00e7a exige novos fornecedores, treinamento de equipe e aten\u00e7\u00e3o redobrada \u00e0 <strong>higiene<\/strong> dos dispensers, mas tamb\u00e9m abre caminho para economizar a m\u00e9dio prazo com a compra de insumos a granel.<\/p>\n\n\n\n<h2 class=\"wp-block-heading\">E no Brasil, onde entra essa hist\u00f3ria?<\/h2>\n\n\n\n<p>Diferente da Europa, o Brasil ainda n\u00e3o tem uma lei federal \u00fanica que pro\u00edba todas as <strong>embalagens pl\u00e1sticas descart\u00e1veis de uso \u00fanico<\/strong> em estabelecimentos de alimenta\u00e7\u00e3o. O que existe \u00e9 um mosaico de normas municipais e estaduais que, somadas, j\u00e1 empurram o setor para a mudan\u00e7a. Cidades que baniram canudos e copos pl\u00e1sticos criaram precedentes jur\u00eddicos que podem incluir sach\u00eas no pr\u00f3ximo ciclo de restri\u00e7\u00f5es.<\/p>\n\n\n\n<p>No <a href=\"https:\/\/www25.senado.leg.br\/web\/atividade\/materias\/-\/materia\/154790\" target=\"_blank\" rel=\"noopener\">Senado Federal<\/a>, o <strong>Projeto de Lei 2524\/2022<\/strong> estabelece regras para a economia circular do pl\u00e1stico. A proposta determina que, at\u00e9 31 de dezembro de 2029, todas as embalagens pl\u00e1sticas postas no mercado dever\u00e3o ser retorn\u00e1veis e comprovadamente recicl\u00e1veis, ou substitu\u00eddas por materiais integralmente compost\u00e1veis. O texto j\u00e1 foi aprovado na Comiss\u00e3o de Assuntos Sociais (CAS) e agora tramita na Comiss\u00e3o de Assuntos Econ\u00f4micos (CAE), sob relatoria do senador Otto Alencar. Depois, seguir\u00e1 para a Comiss\u00e3o de Meio Ambiente (CMA) antes de ser enviado \u00e0 C\u00e2mara dos Deputados.<\/p>\n\n\n\n<figure class=\"wp-block-image size-large\"><img loading=\"lazy\" decoding=\"async\" width=\"1024\" height=\"576\" src=\"https:\/\/www.em.com.br\/emfoco\/wp-content\/uploads\/2026\/05\/A-partir-de-agosto-de-2026-restaurantes-terao-que-remover-saches-de-ketchup-maionese-e-sal-1-1024x576.jpg\" alt=\"A partir de agosto de 2026, restaurantes ter\u00e3o que remover sach\u00eas de ketchup, maionese e sal\" class=\"wp-image-202687\" srcset=\"https:\/\/www.em.com.br\/emfoco\/wp-content\/uploads\/2026\/05\/A-partir-de-agosto-de-2026-restaurantes-terao-que-remover-saches-de-ketchup-maionese-e-sal-1-1024x576.jpg 1024w, https:\/\/www.em.com.br\/emfoco\/wp-content\/uploads\/2026\/05\/A-partir-de-agosto-de-2026-restaurantes-terao-que-remover-saches-de-ketchup-maionese-e-sal-1-300x169.jpg 300w, https:\/\/www.em.com.br\/emfoco\/wp-content\/uploads\/2026\/05\/A-partir-de-agosto-de-2026-restaurantes-terao-que-remover-saches-de-ketchup-maionese-e-sal-1-768x432.jpg 768w, https:\/\/www.em.com.br\/emfoco\/wp-content\/uploads\/2026\/05\/A-partir-de-agosto-de-2026-restaurantes-terao-que-remover-saches-de-ketchup-maionese-e-sal-1-750x422.jpg 750w, https:\/\/www.em.com.br\/emfoco\/wp-content\/uploads\/2026\/05\/A-partir-de-agosto-de-2026-restaurantes-terao-que-remover-saches-de-ketchup-maionese-e-sal-1-1140x641.jpg 1140w, https:\/\/www.em.com.br\/emfoco\/wp-content\/uploads\/2026\/05\/A-partir-de-agosto-de-2026-restaurantes-terao-que-remover-saches-de-ketchup-maionese-e-sal-1.jpg 1280w\" sizes=\"auto, (max-width: 1024px) 100vw, 1024px\" \/><figcaption class=\"wp-element-caption\">Sach\u00eas descart\u00e1veis come\u00e7am a sair de cena na alimenta\u00e7\u00e3o.<\/figcaption><\/figure>\n\n\n\n<h2 class=\"wp-block-heading\">Quatro caminhos para trocar o sach\u00ea sem perder a confian\u00e7a do cliente<\/h2>\n\n\n\n<p>A grande d\u00favida de donos de restaurantes e gestores de hot\u00e9is \u00e9 pr\u00e1tica: como manter a seguran\u00e7a alimentar e o controle de por\u00e7\u00f5es sem os sach\u00eas individuais? Diversas solu\u00e7\u00f5es j\u00e1 est\u00e3o sendo testadas no Brasil e no exterior, e a boa not\u00edcia \u00e9 que a maioria se paga em poucos meses.<\/p>\n\n\n\n<p>Entre as alternativas que mais ganham espa\u00e7o no setor de alimenta\u00e7\u00e3o e <strong>hospitalidade<\/strong>, destacam-se:<\/p>\n\n\n\n<ul class=\"wp-block-list\">\n<li><strong>Dosadores recarreg\u00e1veis certificados<\/strong>, que dispensam condimentos e produtos de higiene em por\u00e7\u00f5es controladas, reduzindo desperd\u00edcio e facilitando a limpeza.<\/li>\n\n\n\n<li><strong>Embalagens compost\u00e1veis certificadas<\/strong>, feitas de materiais como papel kraft ou amido de milho, que se decomp\u00f5em em semanas e atendem a exig\u00eancias sanit\u00e1rias.<\/li>\n\n\n\n<li><strong>Recipientes reutiliz\u00e1veis de vidro ou a\u00e7o inox<\/strong>, que podem ser higienizados em lava-lou\u00e7as industriais e transmitem uma imagem premium ao estabelecimento.<\/li>\n\n\n\n<li><strong>Oferta de condimentos apenas sob solicita\u00e7\u00e3o<\/strong>, pr\u00e1tica que corta o consumo autom\u00e1tico, diminui o volume de res\u00edduos e ainda ajuda a controlar custos de insumos.<\/li>\n<\/ul>\n\n\n\n<h2 class=\"wp-block-heading\">O efeito silencioso no bolso de quem come fora<\/h2>\n\n\n\n<p>Para o consumidor, a mudan\u00e7a pode at\u00e9 passar despercebida no dia a dia. Em vez de rasgar um sach\u00ea, voc\u00ea vai apertar um dispenser ou pedir o molho ao gar\u00e7om. A diferen\u00e7a real aparece no longo prazo: menos <strong>res\u00edduos pl\u00e1sticos<\/strong> nos aterros e mares, e estabelecimentos que conseguem repassar a economia de insumos em pre\u00e7os mais est\u00e1veis.<\/p>\n\n\n\n<p>J\u00e1 para donos de restaurantes e redes de hot\u00e9is, cada m\u00eas de in\u00e9rcia aumenta o risco. Quem come\u00e7a agora a testar <strong>dosadores recarreg\u00e1veis<\/strong> e embalagens sustent\u00e1veis ganha tempo para ajustar fornecedores, treinar funcion\u00e1rios e construir uma reputa\u00e7\u00e3o ambiental positiva antes que a legisla\u00e7\u00e3o torne a adapta\u00e7\u00e3o obrigat\u00f3ria.<\/p>\n\n\n\n<h2 class=\"wp-block-heading\">Sustentabilidade deixou de ser tend\u00eancia e virou crit\u00e9rio de sobreviv\u00eancia<\/h2>\n\n\n\n<p>Os consumidores est\u00e3o cada vez mais atentos \u00e0 pegada ambiental dos lugares que frequentam. Segundo pesquisas do setor de turismo, mais de 80% dos viajantes consideram a <strong>sustentabilidade<\/strong> um fator importante na escolha de hospedagem, e gestores de hot\u00e9is que eliminaram miniaturas pl\u00e1sticas relatam maior fideliza\u00e7\u00e3o dos h\u00f3spedes. Reduzir <strong>embalagens pl\u00e1sticas descart\u00e1veis de uso \u00fanico<\/strong> virou, ao mesmo tempo, responsabilidade ambiental e estrat\u00e9gia de competitividade no setor de <strong>hospitalidade<\/strong>.<\/p>\n\n\n\n<p>O fim dos sach\u00eas pl\u00e1sticos n\u00e3o \u00e9 apenas uma quest\u00e3o de regulamenta\u00e7\u00e3o. \u00c9 um convite para repensar h\u00e1bitos que pareciam inofensivos, mas que, multiplicados por milh\u00f5es de refei\u00e7\u00f5es di\u00e1rias, geram toneladas de lixo todos os anos. A boa not\u00edcia \u00e9 que as alternativas j\u00e1 existem, funcionam e cabem no or\u00e7amento.<\/p>\n\n\n\n<p>Gostou de saber como a sua pr\u00f3xima refei\u00e7\u00e3o fora de casa pode ajudar o planeta? <strong>Compartilhe este artigo<\/strong> com quem trabalha no setor de alimenta\u00e7\u00e3o ou simplesmente adora descobrir o que est\u00e1 mudando no mundo!<\/p>\n","protected":false},"excerpt":{"rendered":"<p>Sabe aquele sach\u00ea de ketchup que voc\u00ea rasga no almo\u00e7o e joga fora dois segundos depois? Pois ele pode estar com os dias contados. A proibi\u00e7\u00e3o de embalagens pl\u00e1sticas descart\u00e1veis de uso \u00fanico j\u00e1 virou lei na Europa e bate \u00e0 porta do Brasil, mudando a rotina de quem come fora de casa e de [&hellip;]<\/p>\n","protected":false},"author":5,"featured_media":202688,"comment_status":"open","ping_status":"open","sticky":false,"template":"","format":"standard","meta":{"jnews-multi-image_gallery":[],"jnews_single_post":{"format":"standard"},"jnews_primary_category":[],"jnews_social_meta":[],"jnews_override_counter":[],"footnotes":""},"categories":[1],"tags":[23363,16652,7987,16057,23362],"class_list":["post-202686","post","type-post","status-publish","format-standard","has-post-thumbnail","hentry","category-noticias","tag-dosadores-recarregaveis","tag-hoteis","tag-restaurantes","tag-saches","tag-uso-unico"],"yoast_head":"<!-- This site is optimized with the Yoast SEO plugin v23.8 - https:\/\/yoast.com\/wordpress\/plugins\/seo\/ -->\n<title>A partir de agosto de 2026, restaurantes ter\u00e3o que remover sach\u00eas de ketchup, maionese e sal - Estado de Minas - Em foco<\/title>\n<meta name=\"description\" content=\"O que parece um detalhe na mesa pode desaparecer em breve e trazer impactos maiores do que muita gente imagina no dia a dia.\" \/>\n<meta name=\"robots\" content=\"index, follow, max-snippet:-1, max-image-preview:large, max-video-preview:-1\" \/>\n<link rel=\"canonical\" href=\"https:\/\/www.em.com.br\/emfoco\/2026\/05\/02\/a-partir-de-agosto-de-2026-restaurantes-terao-que-remover-saches-de-ketchup-maionese-e-sal\/\" \/>\n<meta property=\"og:locale\" content=\"pt_BR\" \/>\n<meta property=\"og:type\" content=\"article\" \/>\n<meta property=\"og:title\" content=\"A partir de agosto de 2026, restaurantes ter\u00e3o que remover sach\u00eas de ketchup, maionese e sal - Estado de Minas - Em foco\" \/>\n<meta property=\"og:description\" content=\"O que parece um detalhe na mesa pode desaparecer em breve e trazer impactos maiores do que muita gente imagina no dia a dia.\" \/>\n<meta property=\"og:url\" content=\"https:\/\/www.em.com.br\/emfoco\/2026\/05\/02\/a-partir-de-agosto-de-2026-restaurantes-terao-que-remover-saches-de-ketchup-maionese-e-sal\/\" \/>\n<meta property=\"og:site_name\" content=\"Estado de Minas - Em foco\" \/>\n<meta property=\"article:published_time\" content=\"2026-05-02T09:18:00+00:00\" \/>\n<meta property=\"article:modified_time\" content=\"2026-05-02T07:40:48+00:00\" \/>\n<meta property=\"og:image\" content=\"https:\/\/www.em.com.br\/emfoco\/wp-content\/uploads\/2026\/05\/A-partir-de-agosto-de-2026-restaurantes-terao-que-remover-saches-de-ketchup-maionese-e-sal.jpg\" \/>\n\t<meta property=\"og:image:width\" content=\"1280\" \/>\n\t<meta property=\"og:image:height\" content=\"720\" \/>\n\t<meta property=\"og:image:type\" content=\"image\/jpeg\" \/>\n<meta name=\"author\" content=\"N\u00fabia Rangel\" \/>\n<meta name=\"twitter:card\" content=\"summary_large_image\" \/>\n<meta name=\"twitter:label1\" content=\"Escrito por\" \/>\n\t<meta name=\"twitter:data1\" content=\"N\u00fabia Rangel\" \/>\n\t<meta name=\"twitter:label2\" content=\"Est. tempo de leitura\" \/>\n\t<meta name=\"twitter:data2\" content=\"5 minutos\" \/>\n<!-- \/ Yoast SEO plugin. -->","yoast_head_json":{"title":"A partir de agosto de 2026, restaurantes ter\u00e3o que remover sach\u00eas de ketchup, maionese e sal - Estado de Minas - Em foco","description":"O que parece um detalhe na mesa pode desaparecer em breve e trazer impactos maiores do que muita gente imagina no dia a dia.","robots":{"index":"index","follow":"follow","max-snippet":"max-snippet:-1","max-image-preview":"max-image-preview:large","max-video-preview":"max-video-preview:-1"},"canonical":"https:\/\/www.em.com.br\/emfoco\/2026\/05\/02\/a-partir-de-agosto-de-2026-restaurantes-terao-que-remover-saches-de-ketchup-maionese-e-sal\/","og_locale":"pt_BR","og_type":"article","og_title":"A partir de agosto de 2026, restaurantes ter\u00e3o que remover sach\u00eas de ketchup, maionese e sal - Estado de Minas - Em foco","og_description":"O que parece um detalhe na mesa pode desaparecer em breve e trazer impactos maiores do que muita gente imagina no dia a dia.","og_url":"https:\/\/www.em.com.br\/emfoco\/2026\/05\/02\/a-partir-de-agosto-de-2026-restaurantes-terao-que-remover-saches-de-ketchup-maionese-e-sal\/","og_site_name":"Estado de Minas - Em foco","article_published_time":"2026-05-02T09:18:00+00:00","article_modified_time":"2026-05-02T07:40:48+00:00","og_image":[{"width":1280,"height":720,"url":"https:\/\/www.em.com.br\/emfoco\/wp-content\/uploads\/2026\/05\/A-partir-de-agosto-de-2026-restaurantes-terao-que-remover-saches-de-ketchup-maionese-e-sal.jpg","type":"image\/jpeg"}],"author":"N\u00fabia Rangel","twitter_card":"summary_large_image","twitter_misc":{"Escrito por":"N\u00fabia Rangel","Est. tempo de leitura":"5 minutos"},"schema":{"@context":"https:\/\/schema.org","@graph":[{"@type":"WebPage","@id":"https:\/\/www.em.com.br\/emfoco\/2026\/05\/02\/a-partir-de-agosto-de-2026-restaurantes-terao-que-remover-saches-de-ketchup-maionese-e-sal\/","url":"https:\/\/www.em.com.br\/emfoco\/2026\/05\/02\/a-partir-de-agosto-de-2026-restaurantes-terao-que-remover-saches-de-ketchup-maionese-e-sal\/","name":"A partir de agosto de 2026, restaurantes ter\u00e3o que remover sach\u00eas de ketchup, maionese e sal - Estado de Minas - Em foco","isPartOf":{"@id":"https:\/\/www.em.com.br\/emfoco\/#website"},"primaryImageOfPage":{"@id":"https:\/\/www.em.com.br\/emfoco\/2026\/05\/02\/a-partir-de-agosto-de-2026-restaurantes-terao-que-remover-saches-de-ketchup-maionese-e-sal\/#primaryimage"},"image":{"@id":"https:\/\/www.em.com.br\/emfoco\/2026\/05\/02\/a-partir-de-agosto-de-2026-restaurantes-terao-que-remover-saches-de-ketchup-maionese-e-sal\/#primaryimage"},"thumbnailUrl":"https:\/\/www.em.com.br\/emfoco\/wp-content\/uploads\/2026\/05\/A-partir-de-agosto-de-2026-restaurantes-terao-que-remover-saches-de-ketchup-maionese-e-sal.jpg","datePublished":"2026-05-02T09:18:00+00:00","dateModified":"2026-05-02T07:40:48+00:00","author":{"@id":"https:\/\/www.em.com.br\/emfoco\/#\/schema\/person\/524437ef54f8a5d32591b143307f2e20"},"description":"O que parece um detalhe na mesa pode desaparecer em breve e trazer impactos maiores do que muita gente imagina no dia a dia.","breadcrumb":{"@id":"https:\/\/www.em.com.br\/emfoco\/2026\/05\/02\/a-partir-de-agosto-de-2026-restaurantes-terao-que-remover-saches-de-ketchup-maionese-e-sal\/#breadcrumb"},"inLanguage":"pt-BR","potentialAction":[{"@type":"ReadAction","target":["https:\/\/www.em.com.br\/emfoco\/2026\/05\/02\/a-partir-de-agosto-de-2026-restaurantes-terao-que-remover-saches-de-ketchup-maionese-e-sal\/"]}]},{"@type":"ImageObject","inLanguage":"pt-BR","@id":"https:\/\/www.em.com.br\/emfoco\/2026\/05\/02\/a-partir-de-agosto-de-2026-restaurantes-terao-que-remover-saches-de-ketchup-maionese-e-sal\/#primaryimage","url":"https:\/\/www.em.com.br\/emfoco\/wp-content\/uploads\/2026\/05\/A-partir-de-agosto-de-2026-restaurantes-terao-que-remover-saches-de-ketchup-maionese-e-sal.jpg","contentUrl":"https:\/\/www.em.com.br\/emfoco\/wp-content\/uploads\/2026\/05\/A-partir-de-agosto-de-2026-restaurantes-terao-que-remover-saches-de-ketchup-maionese-e-sal.jpg","width":1280,"height":720,"caption":"Novas regras mudam a rotina de restaurantes e hot\u00e9is."},{"@type":"BreadcrumbList","@id":"https:\/\/www.em.com.br\/emfoco\/2026\/05\/02\/a-partir-de-agosto-de-2026-restaurantes-terao-que-remover-saches-de-ketchup-maionese-e-sal\/#breadcrumb","itemListElement":[{"@type":"ListItem","position":1,"name":"In\u00edcio","item":"https:\/\/www.em.com.br\/emfoco\/"},{"@type":"ListItem","position":2,"name":"A partir de agosto de 2026, restaurantes ter\u00e3o que remover sach\u00eas de ketchup, maionese e sal"}]},{"@type":"WebSite","@id":"https:\/\/www.em.com.br\/emfoco\/#website","url":"https:\/\/www.em.com.br\/emfoco\/","name":"Estado de Minas - Em foco","description":"Acompanhe as \u00faltimas not\u00edcias e fique bem informado sobre tudo o que acontece em Minas Gerais, Brasil e no mundo.","potentialAction":[{"@type":"SearchAction","target":{"@type":"EntryPoint","urlTemplate":"https:\/\/www.em.com.br\/emfoco\/?s={search_term_string}"},"query-input":{"@type":"PropertyValueSpecification","valueRequired":true,"valueName":"search_term_string"}}],"inLanguage":"pt-BR"},{"@type":"Person","@id":"https:\/\/www.em.com.br\/emfoco\/#\/schema\/person\/524437ef54f8a5d32591b143307f2e20","name":"N\u00fabia Rangel","image":{"@type":"ImageObject","inLanguage":"pt-BR","@id":"https:\/\/www.em.com.br\/emfoco\/#\/schema\/person\/image\/","url":"https:\/\/secure.gravatar.com\/avatar\/47cff2827a5ba23c37e8068c86817ea4?s=96&d=mm&r=g","contentUrl":"https:\/\/secure.gravatar.com\/avatar\/47cff2827a5ba23c37e8068c86817ea4?s=96&d=mm&r=g","caption":"N\u00fabia Rangel"},"sameAs":["https:\/\/www.em.com.br\/emfoco\/"],"url":"https:\/\/www.em.com.br\/emfoco\/author\/nubiamyth\/"}]}},"_links":{"self":[{"href":"https:\/\/www.em.com.br\/emfoco\/wp-json\/wp\/v2\/posts\/202686","targetHints":{"allow":["GET"]}}],"collection":[{"href":"https:\/\/www.em.com.br\/emfoco\/wp-json\/wp\/v2\/posts"}],"about":[{"href":"https:\/\/www.em.com.br\/emfoco\/wp-json\/wp\/v2\/types\/post"}],"author":[{"embeddable":true,"href":"https:\/\/www.em.com.br\/emfoco\/wp-json\/wp\/v2\/users\/5"}],"replies":[{"embeddable":true,"href":"https:\/\/www.em.com.br\/emfoco\/wp-json\/wp\/v2\/comments?post=202686"}],"version-history":[{"count":1,"href":"https:\/\/www.em.com.br\/emfoco\/wp-json\/wp\/v2\/posts\/202686\/revisions"}],"predecessor-version":[{"id":202689,"href":"https:\/\/www.em.com.br\/emfoco\/wp-json\/wp\/v2\/posts\/202686\/revisions\/202689"}],"wp:featuredmedia":[{"embeddable":true,"href":"https:\/\/www.em.com.br\/emfoco\/wp-json\/wp\/v2\/media\/202688"}],"wp:attachment":[{"href":"https:\/\/www.em.com.br\/emfoco\/wp-json\/wp\/v2\/media?parent=202686"}],"wp:term":[{"taxonomy":"category","embeddable":true,"href":"https:\/\/www.em.com.br\/emfoco\/wp-json\/wp\/v2\/categories?post=202686"},{"taxonomy":"post_tag","embeddable":true,"href":"https:\/\/www.em.com.br\/emfoco\/wp-json\/wp\/v2\/tags?post=202686"}],"curies":[{"name":"wp","href":"https:\/\/api.w.org\/{rel}","templated":true}]}}