{"id":202681,"date":"2026-05-02T07:18:00","date_gmt":"2026-05-02T10:18:00","guid":{"rendered":"https:\/\/www.em.com.br\/emfoco\/?p=202681"},"modified":"2026-05-02T04:57:23","modified_gmt":"2026-05-02T07:57:23","slug":"adeus-ao-rg-antigo-governo-define-data-final-de-validade-do-documento-no-brasil","status":"publish","type":"post","link":"https:\/\/www.em.com.br\/emfoco\/2026\/05\/02\/adeus-ao-rg-antigo-governo-define-data-final-de-validade-do-documento-no-brasil\/","title":{"rendered":"Adeus ao RG antigo: governo define data final de validade do documento no Brasil"},"content":{"rendered":"\n<p>O documento de identidade que acompanhou gera\u00e7\u00f5es de brasileiros est\u00e1 com data marcada para sair de cena. A <strong>Carteira de Identidade Nacional<\/strong>, conhecida como CIN, j\u00e1 come\u00e7ou a ser emitida em todos os estados e promete deixar a identifica\u00e7\u00e3o civil mais segura, moderna e padronizada. Mesmo assim, o velho RG ainda pode ser usado por um bom tempo.<\/p>\n\n\n\n<h2 class=\"wp-block-heading\">A despedida anunciada do velho RG<\/h2>\n\n\n\n<p>A <strong>CIN<\/strong> foi criada para substituir o modelo antigo de identidade e resolver um problema que durava d\u00e9cadas no sistema brasileiro. Antes da mudan\u00e7a, uma mesma pessoa podia ter <strong>n\u00fameros diferentes de RG<\/strong> em estados distintos, o que abria espa\u00e7o para duplicidades e fraudes nos cadastros p\u00fablicos.<\/p>\n\n\n\n<p>Essa reformula\u00e7\u00e3o ganhou for\u00e7a com o <a href=\"https:\/\/www.planalto.gov.br\/ccivil_03\/_ato2019-2022\/2022\/decreto\/d10977.htm\" target=\"_blank\" rel=\"noreferrer noopener\">Decreto n\u00ba 10.977\/2022<\/a>, que reorganizou os procedimentos de emiss\u00e3o do documento e estabeleceu crit\u00e9rios mais r\u00edgidos de seguran\u00e7a, interoperabilidade e integridade de dados. A partir dessa norma, o <strong>CPF<\/strong> passou a funcionar como n\u00famero \u00fanico de identifica\u00e7\u00e3o civil em todo o pa\u00eds.<\/p>\n\n\n\n<figure class=\"wp-block-image size-large\"><img loading=\"lazy\" decoding=\"async\" width=\"1024\" height=\"576\" src=\"https:\/\/www.em.com.br\/emfoco\/wp-content\/uploads\/2026\/05\/Adeus-a-rede-de-lojas-mais-querida-do-pais-136-unidades-anunciam-fechamento-3-1024x576.jpg\" alt=\"Adeus ao RG antigo: governo define data final de validade do documento no Brasil\" class=\"wp-image-202682\" srcset=\"https:\/\/www.em.com.br\/emfoco\/wp-content\/uploads\/2026\/05\/Adeus-a-rede-de-lojas-mais-querida-do-pais-136-unidades-anunciam-fechamento-3-1024x576.jpg 1024w, https:\/\/www.em.com.br\/emfoco\/wp-content\/uploads\/2026\/05\/Adeus-a-rede-de-lojas-mais-querida-do-pais-136-unidades-anunciam-fechamento-3-300x169.jpg 300w, https:\/\/www.em.com.br\/emfoco\/wp-content\/uploads\/2026\/05\/Adeus-a-rede-de-lojas-mais-querida-do-pais-136-unidades-anunciam-fechamento-3-768x432.jpg 768w, https:\/\/www.em.com.br\/emfoco\/wp-content\/uploads\/2026\/05\/Adeus-a-rede-de-lojas-mais-querida-do-pais-136-unidades-anunciam-fechamento-3-750x422.jpg 750w, https:\/\/www.em.com.br\/emfoco\/wp-content\/uploads\/2026\/05\/Adeus-a-rede-de-lojas-mais-querida-do-pais-136-unidades-anunciam-fechamento-3-1140x641.jpg 1140w, https:\/\/www.em.com.br\/emfoco\/wp-content\/uploads\/2026\/05\/Adeus-a-rede-de-lojas-mais-querida-do-pais-136-unidades-anunciam-fechamento-3.jpg 1280w\" sizes=\"auto, (max-width: 1024px) 100vw, 1024px\" \/><figcaption class=\"wp-element-caption\">A nova identidade traz mais seguran\u00e7a e integra\u00e7\u00e3o.<\/figcaption><\/figure>\n\n\n\n<h2 class=\"wp-block-heading\">At\u00e9 quando o documento antigo ainda vale?<\/h2>\n\n\n\n<p>Quem ainda carrega o RG tradicional na carteira pode ficar tranquilo. O documento antigo continua v\u00e1lido at\u00e9 <strong>28 de fevereiro de 2032<\/strong>, o que d\u00e1 uma janela de quase sete anos para fazer a troca sem correria. A orienta\u00e7\u00e3o dos \u00f3rg\u00e3os de identifica\u00e7\u00e3o, por\u00e9m, \u00e9 n\u00e3o deixar tudo para a \u00faltima hora, j\u00e1 que filas e maior procura costumam aparecer quando o prazo aperta.<\/p>\n\n\n\n<p>Para solicitar a nova <strong>Carteira de Identidade Nacional<\/strong>, basta procurar o instituto de identifica\u00e7\u00e3o do estado de resid\u00eancia, geralmente mediante agendamento. \u00c9 preciso apresentar certid\u00e3o de nascimento ou de casamento. Em muitos estados, a primeira via em papel \u00e9 gratuita.<\/p>\n\n\n\n<h2 class=\"wp-block-heading\">O que torna a CIN diferente de tudo que existia antes<\/h2>\n\n\n\n<p>A grande novidade da <strong>Carteira de Identidade Nacional<\/strong> vai al\u00e9m da troca de layout. O documento foi pensado para integrar bancos de dados e dificultar fraudes documentais. Veja os recursos que mais chamam aten\u00e7\u00e3o na nova identidade:<\/p>\n\n\n\n<ul class=\"wp-block-list\">\n<li><strong>CPF como n\u00famero \u00fanico:<\/strong> elimina a possibilidade de registros duplicados em unidades da federa\u00e7\u00e3o diferentes.<\/li>\n\n\n\n<li><strong>QR Code de seguran\u00e7a:<\/strong> permite a verifica\u00e7\u00e3o r\u00e1pida da autenticidade do documento em sistemas compat\u00edveis.<\/li>\n\n\n\n<li><strong>Vers\u00e3o digital pelo <a href=\"https:\/\/www.gov.br\/governodigital\/pt-br\/identidade\/identificacao-do-cidadao-e-carteira-de-identidade-nacional\" target=\"_blank\" rel=\"noreferrer noopener\">Gov.br<\/a>:<\/strong> o cidad\u00e3o pode acessar sua identidade diretamente pelo aplicativo, sem precisar do documento f\u00edsico.<\/li>\n\n\n\n<li><strong>Zona de leitura automatizada (MRZ):<\/strong> padr\u00e3o internacional usado em passaportes, que possibilita o uso do documento em viagens dentro do Mercosul.<\/li>\n\n\n\n<li><strong>Integra\u00e7\u00e3o entre \u00f3rg\u00e3os p\u00fablicos:<\/strong> os institutos de identifica\u00e7\u00e3o de todos os estados passam a operar de forma conectada.<\/li>\n<\/ul>\n\n\n\n<h2 class=\"wp-block-heading\">Como a mudan\u00e7a mexe com a sua rotina<\/h2>\n\n\n\n<p>A troca do <strong>RG<\/strong> pela <strong>CIN<\/strong> importa porque afeta uma das bases da vida civil: a forma como voc\u00ea se identifica em bancos, aeroportos, concursos p\u00fablicos, atendimentos de sa\u00fade e servi\u00e7os diversos. Com o CPF funcionando como n\u00famero \u00fanico de registro, a tend\u00eancia \u00e9 que cadastros fiquem mais organizados e o risco de confus\u00e3o entre documentos diminua bastante.<\/p>\n\n\n\n<p>Outro ponto relevante \u00e9 que muita gente ainda acredita que a troca precisa ser feita imediatamente, quando na verdade n\u00e3o precisa. Segundo a <a href=\"https:\/\/www.gov.br\/governodigital\/pt-br\/identidade\/identificacao-do-cidadao-e-carteira-de-identidade-nacional\/perguntas-frequentes-sobre-a-cin\" target=\"_blank\" rel=\"noreferrer noopener\">p\u00e1gina oficial de perguntas frequentes da CIN<\/a>, o documento antigo permanece v\u00e1lido at\u00e9 2032. O ideal \u00e9 se programar com calma e acompanhar os canais do instituto de identifica\u00e7\u00e3o do seu estado.<\/p>\n\n\n\n<blockquote class=\"instagram-media\" data-instgrm-permalink=\"https:\/\/www.instagram.com\/p\/DE-yNGBRhiC\/?utm_source=ig_embed&amp;utm_campaign=loading\" data-instgrm-version=\"14\" style=\" background:#FFF; border:0; border-radius:3px; box-shadow:0 0 1px 0 rgba(0,0,0,0.5),0 1px 10px 0 rgba(0,0,0,0.15); margin: 1px; max-width:540px; min-width:326px; padding:0; width:99.375%; width:-webkit-calc(100% - 2px); width:calc(100% - 2px);\"><div style=\"padding:16px;\"> <a href=\"https:\/\/www.instagram.com\/p\/DE-yNGBRhiC\/?utm_source=ig_embed&amp;utm_campaign=loading\" style=\" background:#FFFFFF; line-height:0; padding:0 0; text-align:center; text-decoration:none; width:100%;\" target=\"_blank\"> <div style=\" display: flex; flex-direction: row; align-items: center;\"> <div style=\"background-color: #F4F4F4; border-radius: 50%; flex-grow: 0; height: 40px; margin-right: 14px; width: 40px;\"><\/div> <div style=\"display: flex; flex-direction: column; flex-grow: 1; justify-content: center;\"> <div style=\" background-color: #F4F4F4; border-radius: 4px; flex-grow: 0; height: 14px; margin-bottom: 6px; width: 100px;\"><\/div> <div style=\" background-color: #F4F4F4; border-radius: 4px; flex-grow: 0; height: 14px; width: 60px;\"><\/div><\/div><\/div><div style=\"padding: 19% 0;\"><\/div> <div style=\"display:block; height:50px; margin:0 auto 12px; width:50px;\"><svg width=\"50px\" height=\"50px\" viewBox=\"0 0 60 60\" version=\"1.1\" xmlns=\"https:\/\/www.w3.org\/2000\/svg\" xmlns:xlink=\"https:\/\/www.w3.org\/1999\/xlink\"><g stroke=\"none\" stroke-width=\"1\" fill=\"none\" fill-rule=\"evenodd\"><g transform=\"translate(-511.000000, -20.000000)\" fill=\"#000000\"><g><path d=\"M556.869,30.41 C554.814,30.41 553.148,32.076 553.148,34.131 C553.148,36.186 554.814,37.852 556.869,37.852 C558.924,37.852 560.59,36.186 560.59,34.131 C560.59,32.076 558.924,30.41 556.869,30.41 M541,60.657 C535.114,60.657 530.342,55.887 530.342,50 C530.342,44.114 535.114,39.342 541,39.342 C546.887,39.342 551.658,44.114 551.658,50 C551.658,55.887 546.887,60.657 541,60.657 M541,33.886 C532.1,33.886 524.886,41.1 524.886,50 C524.886,58.899 532.1,66.113 541,66.113 C549.9,66.113 557.115,58.899 557.115,50 C557.115,41.1 549.9,33.886 541,33.886 M565.378,62.101 C565.244,65.022 564.756,66.606 564.346,67.663 C563.803,69.06 563.154,70.057 562.106,71.106 C561.058,72.155 560.06,72.803 558.662,73.347 C557.607,73.757 556.021,74.244 553.102,74.378 C549.944,74.521 548.997,74.552 541,74.552 C533.003,74.552 532.056,74.521 528.898,74.378 C525.979,74.244 524.393,73.757 523.338,73.347 C521.94,72.803 520.942,72.155 519.894,71.106 C518.846,70.057 518.197,69.06 517.654,67.663 C517.244,66.606 516.755,65.022 516.623,62.101 C516.479,58.943 516.448,57.996 516.448,50 C516.448,42.003 516.479,41.056 516.623,37.899 C516.755,34.978 517.244,33.391 517.654,32.338 C518.197,30.938 518.846,29.942 519.894,28.894 C520.942,27.846 521.94,27.196 523.338,26.654 C524.393,26.244 525.979,25.756 528.898,25.623 C532.057,25.479 533.004,25.448 541,25.448 C548.997,25.448 549.943,25.479 553.102,25.623 C556.021,25.756 557.607,26.244 558.662,26.654 C560.06,27.196 561.058,27.846 562.106,28.894 C563.154,29.942 563.803,30.938 564.346,32.338 C564.756,33.391 565.244,34.978 565.378,37.899 C565.522,41.056 565.552,42.003 565.552,50 C565.552,57.996 565.522,58.943 565.378,62.101 M570.82,37.631 C570.674,34.438 570.167,32.258 569.425,30.349 C568.659,28.377 567.633,26.702 565.965,25.035 C564.297,23.368 562.623,22.342 560.652,21.575 C558.743,20.834 556.562,20.326 553.369,20.18 C550.169,20.033 549.148,20 541,20 C532.853,20 531.831,20.033 528.631,20.18 C525.438,20.326 523.257,20.834 521.349,21.575 C519.376,22.342 517.703,23.368 516.035,25.035 C514.368,26.702 513.342,28.377 512.574,30.349 C511.834,32.258 511.326,34.438 511.181,37.631 C511.035,40.831 511,41.851 511,50 C511,58.147 511.035,59.17 511.181,62.369 C511.326,65.562 511.834,67.743 512.574,69.651 C513.342,71.625 514.368,73.296 516.035,74.965 C517.703,76.634 519.376,77.658 521.349,78.425 C523.257,79.167 525.438,79.673 528.631,79.82 C531.831,79.965 532.853,80.001 541,80.001 C549.148,80.001 550.169,79.965 553.369,79.82 C556.562,79.673 558.743,79.167 560.652,78.425 C562.623,77.658 564.297,76.634 565.965,74.965 C567.633,73.296 568.659,71.625 569.425,69.651 C570.167,67.743 570.674,65.562 570.82,62.369 C570.966,59.17 571,58.147 571,50 C571,41.851 570.966,40.831 570.82,37.631\"><\/path><\/g><\/g><\/g><\/svg><\/div><div style=\"padding-top: 8px;\"> <div style=\" color:#3897f0; font-family:Arial,sans-serif; font-size:14px; font-style:normal; font-weight:550; line-height:18px;\">Ver esta publica\u00e7\u00e3o no Instagram<\/div><\/div><div style=\"padding: 12.5% 0;\"><\/div> <div style=\"display: flex; flex-direction: row; margin-bottom: 14px; align-items: center;\"><div> <div style=\"background-color: #F4F4F4; border-radius: 50%; height: 12.5px; width: 12.5px; transform: translateX(0px) translateY(7px);\"><\/div> <div style=\"background-color: #F4F4F4; height: 12.5px; transform: rotate(-45deg) translateX(3px) translateY(1px); width: 12.5px; flex-grow: 0; margin-right: 14px; margin-left: 2px;\"><\/div> <div style=\"background-color: #F4F4F4; border-radius: 50%; height: 12.5px; width: 12.5px; transform: translateX(9px) translateY(-18px);\"><\/div><\/div><div style=\"margin-left: 8px;\"> <div style=\" background-color: #F4F4F4; border-radius: 50%; flex-grow: 0; height: 20px; width: 20px;\"><\/div> <div style=\" width: 0; height: 0; border-top: 2px solid transparent; border-left: 6px solid #f4f4f4; border-bottom: 2px solid transparent; transform: translateX(16px) translateY(-4px) rotate(30deg)\"><\/div><\/div><div style=\"margin-left: auto;\"> <div style=\" width: 0px; border-top: 8px solid #F4F4F4; border-right: 8px solid transparent; transform: translateY(16px);\"><\/div> <div style=\" background-color: #F4F4F4; flex-grow: 0; height: 12px; width: 16px; transform: translateY(-4px);\"><\/div> <div style=\" width: 0; height: 0; border-top: 8px solid #F4F4F4; border-left: 8px solid transparent; transform: translateY(-4px) translateX(8px);\"><\/div><\/div><\/div> <div style=\"display: flex; flex-direction: column; flex-grow: 1; justify-content: center; margin-bottom: 24px;\"> <div style=\" background-color: #F4F4F4; border-radius: 4px; flex-grow: 0; height: 14px; margin-bottom: 6px; width: 224px;\"><\/div> <div style=\" background-color: #F4F4F4; border-radius: 4px; flex-grow: 0; height: 14px; width: 144px;\"><\/div><\/div><\/a><p style=\" color:#c9c8cd; font-family:Arial,sans-serif; font-size:14px; line-height:17px; margin-bottom:0; margin-top:8px; overflow:hidden; padding:8px 0 7px; text-align:center; text-overflow:ellipsis; white-space:nowrap;\"><a href=\"https:\/\/www.instagram.com\/p\/DE-yNGBRhiC\/?utm_source=ig_embed&amp;utm_campaign=loading\" style=\" color:#c9c8cd; font-family:Arial,sans-serif; font-size:14px; font-style:normal; font-weight:normal; line-height:17px; text-decoration:none;\" target=\"_blank\">Uma publica\u00e7\u00e3o partilhada por Governo do Brasil (@govbr)<\/a><\/p><\/div><\/blockquote>\n<script async src=\"\/\/www.instagram.com\/embed.js\"><\/script>\n\n\n\n<h2 class=\"wp-block-heading\">Pr\u00f3ximos passos da transi\u00e7\u00e3o entre documentos<\/h2>\n\n\n\n<p>A substitui\u00e7\u00e3o tende a continuar de forma gradual, com regras operacionais que variam conforme cada estado. Alguns j\u00e1 oferecem a vers\u00e3o em cart\u00e3o de policarbonato, enquanto outros emitem apenas em papel de seguran\u00e7a. Em ambos os casos, o documento digital fica dispon\u00edvel automaticamente no aplicativo <strong>Gov.br<\/strong>, o que amplia a praticidade no dia a dia do cidad\u00e3o.<\/p>\n\n\n\n<p>A despedida do RG antigo n\u00e3o \u00e9 apenas uma troca de papel ou cart\u00e3o. Ela representa um esfor\u00e7o para deixar a <strong>identifica\u00e7\u00e3o civil<\/strong> mais segura, integrada e pr\u00e1tica, algo que mexe com o cotidiano de todo brasileiro.<\/p>\n\n\n\n<p>Gostou de entender como funciona a transi\u00e7\u00e3o do RG para a <strong>Carteira de Identidade Nacional<\/strong>? Compartilhe este texto com quem ainda tem d\u00favidas sobre o prazo de validade do documento antigo e as vantagens da nova CIN.<\/p>\n","protected":false},"excerpt":{"rendered":"<p>O documento de identidade que acompanhou gera\u00e7\u00f5es de brasileiros est\u00e1 com data marcada para sair de cena. A Carteira de Identidade Nacional, conhecida como CIN, j\u00e1 come\u00e7ou a ser emitida em todos os estados e promete deixar a identifica\u00e7\u00e3o civil mais segura, moderna e padronizada. Mesmo assim, o velho RG ainda pode ser usado por [&hellip;]<\/p>\n","protected":false},"author":5,"featured_media":202683,"comment_status":"open","ping_status":"open","sticky":false,"template":"","format":"standard","meta":{"jnews-multi-image_gallery":[],"jnews_single_post":{"format":"standard"},"jnews_primary_category":[],"jnews_social_meta":[],"jnews_override_counter":[],"footnotes":""},"categories":[1],"tags":[12929,631,12930],"class_list":["post-202681","post","type-post","status-publish","format-standard","has-post-thumbnail","hentry","category-noticias","tag-cin","tag-identidade","tag-rg"],"yoast_head":"<!-- This site is optimized with the Yoast SEO plugin v23.8 - https:\/\/yoast.com\/wordpress\/plugins\/seo\/ -->\n<title>Adeus ao RG antigo: governo define data final de validade do documento no Brasil - Estado de Minas - Em foco<\/title>\n<meta name=\"description\" content=\"A nova CIN unifica a identifica\u00e7\u00e3o com CPF e traz vers\u00e3o digital, enquanto o RG antigo pode ser usado at\u00e9 esse ano que esta no texto.\" \/>\n<meta name=\"robots\" content=\"index, follow, max-snippet:-1, max-image-preview:large, max-video-preview:-1\" \/>\n<link rel=\"canonical\" href=\"https:\/\/www.em.com.br\/emfoco\/2026\/05\/02\/adeus-ao-rg-antigo-governo-define-data-final-de-validade-do-documento-no-brasil\/\" \/>\n<meta property=\"og:locale\" content=\"pt_BR\" \/>\n<meta property=\"og:type\" content=\"article\" \/>\n<meta property=\"og:title\" content=\"Adeus ao RG antigo: governo define data final de validade do documento no Brasil - Estado de Minas - Em foco\" \/>\n<meta property=\"og:description\" content=\"A nova CIN unifica a identifica\u00e7\u00e3o com CPF e traz vers\u00e3o digital, enquanto o RG antigo pode ser usado at\u00e9 esse ano que esta no texto.\" \/>\n<meta property=\"og:url\" content=\"https:\/\/www.em.com.br\/emfoco\/2026\/05\/02\/adeus-ao-rg-antigo-governo-define-data-final-de-validade-do-documento-no-brasil\/\" \/>\n<meta property=\"og:site_name\" content=\"Estado de Minas - Em foco\" \/>\n<meta property=\"article:published_time\" content=\"2026-05-02T10:18:00+00:00\" \/>\n<meta property=\"article:modified_time\" content=\"2026-05-02T07:57:23+00:00\" \/>\n<meta property=\"og:image\" content=\"https:\/\/www.em.com.br\/emfoco\/wp-content\/uploads\/2026\/05\/Adeus-a-rede-de-lojas-mais-querida-do-pais-136-unidades-anunciam-fechamento-2.jpg\" \/>\n\t<meta property=\"og:image:width\" content=\"1280\" \/>\n\t<meta property=\"og:image:height\" content=\"720\" \/>\n\t<meta property=\"og:image:type\" content=\"image\/jpeg\" \/>\n<meta name=\"author\" content=\"N\u00fabia Rangel\" \/>\n<meta name=\"twitter:card\" content=\"summary_large_image\" \/>\n<meta name=\"twitter:label1\" content=\"Escrito por\" \/>\n\t<meta name=\"twitter:data1\" content=\"N\u00fabia Rangel\" \/>\n\t<meta name=\"twitter:label2\" content=\"Est. tempo de leitura\" \/>\n\t<meta name=\"twitter:data2\" content=\"5 minutos\" \/>\n<!-- \/ Yoast SEO plugin. -->","yoast_head_json":{"title":"Adeus ao RG antigo: governo define data final de validade do documento no Brasil - Estado de Minas - Em foco","description":"A nova CIN unifica a identifica\u00e7\u00e3o com CPF e traz vers\u00e3o digital, enquanto o RG antigo pode ser usado at\u00e9 esse ano que esta no texto.","robots":{"index":"index","follow":"follow","max-snippet":"max-snippet:-1","max-image-preview":"max-image-preview:large","max-video-preview":"max-video-preview:-1"},"canonical":"https:\/\/www.em.com.br\/emfoco\/2026\/05\/02\/adeus-ao-rg-antigo-governo-define-data-final-de-validade-do-documento-no-brasil\/","og_locale":"pt_BR","og_type":"article","og_title":"Adeus ao RG antigo: governo define data final de validade do documento no Brasil - Estado de Minas - Em foco","og_description":"A nova CIN unifica a identifica\u00e7\u00e3o com CPF e traz vers\u00e3o digital, enquanto o RG antigo pode ser usado at\u00e9 esse ano que esta no texto.","og_url":"https:\/\/www.em.com.br\/emfoco\/2026\/05\/02\/adeus-ao-rg-antigo-governo-define-data-final-de-validade-do-documento-no-brasil\/","og_site_name":"Estado de Minas - Em foco","article_published_time":"2026-05-02T10:18:00+00:00","article_modified_time":"2026-05-02T07:57:23+00:00","og_image":[{"width":1280,"height":720,"url":"https:\/\/www.em.com.br\/emfoco\/wp-content\/uploads\/2026\/05\/Adeus-a-rede-de-lojas-mais-querida-do-pais-136-unidades-anunciam-fechamento-2.jpg","type":"image\/jpeg"}],"author":"N\u00fabia Rangel","twitter_card":"summary_large_image","twitter_misc":{"Escrito por":"N\u00fabia Rangel","Est. tempo de leitura":"5 minutos"},"schema":{"@context":"https:\/\/schema.org","@graph":[{"@type":"WebPage","@id":"https:\/\/www.em.com.br\/emfoco\/2026\/05\/02\/adeus-ao-rg-antigo-governo-define-data-final-de-validade-do-documento-no-brasil\/","url":"https:\/\/www.em.com.br\/emfoco\/2026\/05\/02\/adeus-ao-rg-antigo-governo-define-data-final-de-validade-do-documento-no-brasil\/","name":"Adeus ao RG antigo: governo define data final de validade do documento no Brasil - Estado de Minas - Em foco","isPartOf":{"@id":"https:\/\/www.em.com.br\/emfoco\/#website"},"primaryImageOfPage":{"@id":"https:\/\/www.em.com.br\/emfoco\/2026\/05\/02\/adeus-ao-rg-antigo-governo-define-data-final-de-validade-do-documento-no-brasil\/#primaryimage"},"image":{"@id":"https:\/\/www.em.com.br\/emfoco\/2026\/05\/02\/adeus-ao-rg-antigo-governo-define-data-final-de-validade-do-documento-no-brasil\/#primaryimage"},"thumbnailUrl":"https:\/\/www.em.com.br\/emfoco\/wp-content\/uploads\/2026\/05\/Adeus-a-rede-de-lojas-mais-querida-do-pais-136-unidades-anunciam-fechamento-2.jpg","datePublished":"2026-05-02T10:18:00+00:00","dateModified":"2026-05-02T07:57:23+00:00","author":{"@id":"https:\/\/www.em.com.br\/emfoco\/#\/schema\/person\/524437ef54f8a5d32591b143307f2e20"},"description":"A nova CIN unifica a identifica\u00e7\u00e3o com CPF e traz vers\u00e3o digital, enquanto o RG antigo pode ser usado at\u00e9 esse ano que esta no texto.","breadcrumb":{"@id":"https:\/\/www.em.com.br\/emfoco\/2026\/05\/02\/adeus-ao-rg-antigo-governo-define-data-final-de-validade-do-documento-no-brasil\/#breadcrumb"},"inLanguage":"pt-BR","potentialAction":[{"@type":"ReadAction","target":["https:\/\/www.em.com.br\/emfoco\/2026\/05\/02\/adeus-ao-rg-antigo-governo-define-data-final-de-validade-do-documento-no-brasil\/"]}]},{"@type":"ImageObject","inLanguage":"pt-BR","@id":"https:\/\/www.em.com.br\/emfoco\/2026\/05\/02\/adeus-ao-rg-antigo-governo-define-data-final-de-validade-do-documento-no-brasil\/#primaryimage","url":"https:\/\/www.em.com.br\/emfoco\/wp-content\/uploads\/2026\/05\/Adeus-a-rede-de-lojas-mais-querida-do-pais-136-unidades-anunciam-fechamento-2.jpg","contentUrl":"https:\/\/www.em.com.br\/emfoco\/wp-content\/uploads\/2026\/05\/Adeus-a-rede-de-lojas-mais-querida-do-pais-136-unidades-anunciam-fechamento-2.jpg","width":1280,"height":720,"caption":"O RG antigo j\u00e1 tem data para sair de cena."},{"@type":"BreadcrumbList","@id":"https:\/\/www.em.com.br\/emfoco\/2026\/05\/02\/adeus-ao-rg-antigo-governo-define-data-final-de-validade-do-documento-no-brasil\/#breadcrumb","itemListElement":[{"@type":"ListItem","position":1,"name":"In\u00edcio","item":"https:\/\/www.em.com.br\/emfoco\/"},{"@type":"ListItem","position":2,"name":"Adeus ao RG antigo: governo define data final de validade do documento no Brasil"}]},{"@type":"WebSite","@id":"https:\/\/www.em.com.br\/emfoco\/#website","url":"https:\/\/www.em.com.br\/emfoco\/","name":"Estado de Minas - Em foco","description":"Acompanhe as \u00faltimas not\u00edcias e fique bem informado sobre tudo o que acontece em Minas Gerais, Brasil e no mundo.","potentialAction":[{"@type":"SearchAction","target":{"@type":"EntryPoint","urlTemplate":"https:\/\/www.em.com.br\/emfoco\/?s={search_term_string}"},"query-input":{"@type":"PropertyValueSpecification","valueRequired":true,"valueName":"search_term_string"}}],"inLanguage":"pt-BR"},{"@type":"Person","@id":"https:\/\/www.em.com.br\/emfoco\/#\/schema\/person\/524437ef54f8a5d32591b143307f2e20","name":"N\u00fabia Rangel","image":{"@type":"ImageObject","inLanguage":"pt-BR","@id":"https:\/\/www.em.com.br\/emfoco\/#\/schema\/person\/image\/","url":"https:\/\/secure.gravatar.com\/avatar\/47cff2827a5ba23c37e8068c86817ea4?s=96&d=mm&r=g","contentUrl":"https:\/\/secure.gravatar.com\/avatar\/47cff2827a5ba23c37e8068c86817ea4?s=96&d=mm&r=g","caption":"N\u00fabia Rangel"},"sameAs":["https:\/\/www.em.com.br\/emfoco\/"],"url":"https:\/\/www.em.com.br\/emfoco\/author\/nubiamyth\/"}]}},"_links":{"self":[{"href":"https:\/\/www.em.com.br\/emfoco\/wp-json\/wp\/v2\/posts\/202681","targetHints":{"allow":["GET"]}}],"collection":[{"href":"https:\/\/www.em.com.br\/emfoco\/wp-json\/wp\/v2\/posts"}],"about":[{"href":"https:\/\/www.em.com.br\/emfoco\/wp-json\/wp\/v2\/types\/post"}],"author":[{"embeddable":true,"href":"https:\/\/www.em.com.br\/emfoco\/wp-json\/wp\/v2\/users\/5"}],"replies":[{"embeddable":true,"href":"https:\/\/www.em.com.br\/emfoco\/wp-json\/wp\/v2\/comments?post=202681"}],"version-history":[{"count":1,"href":"https:\/\/www.em.com.br\/emfoco\/wp-json\/wp\/v2\/posts\/202681\/revisions"}],"predecessor-version":[{"id":202685,"href":"https:\/\/www.em.com.br\/emfoco\/wp-json\/wp\/v2\/posts\/202681\/revisions\/202685"}],"wp:featuredmedia":[{"embeddable":true,"href":"https:\/\/www.em.com.br\/emfoco\/wp-json\/wp\/v2\/media\/202683"}],"wp:attachment":[{"href":"https:\/\/www.em.com.br\/emfoco\/wp-json\/wp\/v2\/media?parent=202681"}],"wp:term":[{"taxonomy":"category","embeddable":true,"href":"https:\/\/www.em.com.br\/emfoco\/wp-json\/wp\/v2\/categories?post=202681"},{"taxonomy":"post_tag","embeddable":true,"href":"https:\/\/www.em.com.br\/emfoco\/wp-json\/wp\/v2\/tags?post=202681"}],"curies":[{"name":"wp","href":"https:\/\/api.w.org\/{rel}","templated":true}]}}