{"id":202676,"date":"2026-05-02T04:58:00","date_gmt":"2026-05-02T07:58:00","guid":{"rendered":"https:\/\/www.em.com.br\/emfoco\/?p=202676"},"modified":"2026-05-02T04:27:41","modified_gmt":"2026-05-02T07:27:41","slug":"adeus-a-rede-de-lojas-mais-querida-do-pais-136-unidades-anunciam-fechamento","status":"publish","type":"post","link":"https:\/\/www.em.com.br\/emfoco\/2026\/05\/02\/adeus-a-rede-de-lojas-mais-querida-do-pais-136-unidades-anunciam-fechamento\/","title":{"rendered":"Adeus \u00e0 rede de lojas mais querida do pa\u00eds: 136 unidades anunciam fechamento"},"content":{"rendered":"\n<div style=\"max-width: 700px; margin: 30px auto; padding: 28px 32px; background-color: #f9f9fb; border-radius: 14px; box-shadow: 0 2px 12px rgba(37, 99, 235, 0.08); font-family: 'Inter', sans-serif;\">\r\n  <link href=\"https:\/\/fonts.googleapis.com\/css2?family=Inter:wght@400;600;700&#038;display=swap\" rel=\"stylesheet\">\r\n  <p style=\"margin: 0 0 18px 0; font-size: 15px; font-weight: 700; color: #1e293b; text-transform: uppercase; letter-spacing: 1.2px; text-align: center;\">Destaques<\/p>\r\n  <ul style=\"list-style: none; padding: 0; margin: 0;\">\r\n    <li style=\"padding: 10px 0; border-bottom: 1px solid #e2e8f0; font-size: 15px; color: #334155; line-height: 1.6; text-align: center;\">\ud83d\udccd Inditex encerrou mais de cem lojas em poucos meses para concentrar opera\u00e7\u00f5es em megastores<\/li>\r\n    <li style=\"padding: 10px 0; border-bottom: 1px solid #e2e8f0; font-size: 15px; color: #334155; line-height: 1.6; text-align: center;\">\ud83d\uded2 Zara lidera a mudan\u00e7a com caixas autom\u00e1ticas, tecnologia RFID e integra\u00e7\u00e3o total com e-commerce<\/li>\r\n    <li style=\"padding: 10px 0; font-size: 15px; color: #334155; line-height: 1.6; text-align: center;\">\ud83d\udd2e O varejo de moda caminha para um modelo h\u00edbrido em que loja f\u00edsica e digital se fundem<\/li>\r\n  <\/ul>\r\n<\/div>\n\n\n\n<p>Se voc\u00ea j\u00e1 passou por um shopping e notou que aquela loja da Zara ou da Bershka sumiu do mapa, saiba que n\u00e3o foi coincid\u00eancia. O grupo <strong>Inditex<\/strong>, dono das maiores marcas de moda r\u00e1pida do planeta, est\u00e1 mudando completamente a forma como vende roupas, e isso envolve fechar centenas de lojas tradicionais para abrir espa\u00e7os gigantes e ultraconectados.<\/p>\n\n\n\n<h2 class=\"wp-block-heading\">O plano por tr\u00e1s do fechamento em massa<\/h2>\n\n\n\n<p>A <strong>Inditex<\/strong> n\u00e3o est\u00e1 encolhendo. Est\u00e1 reorganizando. Em 2025, o grupo encerrou mais de cem unidades ao redor do mundo ap\u00f3s avaliar desempenho, localiza\u00e7\u00e3o e potencial de cada ponto de venda. A l\u00f3gica \u00e9 simples: em vez de manter v\u00e1rias <strong>lojas f\u00edsicas<\/strong> pequenas numa mesma cidade, a empresa prefere concentrar tudo em uma \u00fanica <strong>megaloja<\/strong> estrat\u00e9gica.<\/p>\n\n\n\n<p>Essas novas unidades ficam em \u00e1reas centrais ou shoppings de alto fluxo e funcionam como verdadeiros centros de opera\u00e7\u00e3o. A <strong>Zara<\/strong>, carro-chefe do grupo, puxa essa transforma\u00e7\u00e3o com espa\u00e7os amplos que misturam venda presencial, retirada de pedidos online e servi\u00e7os pensados para manter o cliente por mais tempo dentro da loja. \u00c9 o varejo de moda se reinventando para o consumidor que transita entre tela e vitrine sem pensar duas vezes.<\/p>\n\n\n\n<figure class=\"wp-block-image size-large\"><img loading=\"lazy\" decoding=\"async\" width=\"1024\" height=\"576\" src=\"https:\/\/www.em.com.br\/emfoco\/wp-content\/uploads\/2026\/05\/Adeus-a-rede-de-lojas-mais-querida-do-pais-136-unidades-anunciam-fechamento-1024x576.jpg\" alt=\"Adeus \u00e0 rede de lojas mais querida do pa\u00eds: 136 unidades anunciam fechamento\" class=\"wp-image-202678\" srcset=\"https:\/\/www.em.com.br\/emfoco\/wp-content\/uploads\/2026\/05\/Adeus-a-rede-de-lojas-mais-querida-do-pais-136-unidades-anunciam-fechamento-1024x576.jpg 1024w, https:\/\/www.em.com.br\/emfoco\/wp-content\/uploads\/2026\/05\/Adeus-a-rede-de-lojas-mais-querida-do-pais-136-unidades-anunciam-fechamento-300x169.jpg 300w, https:\/\/www.em.com.br\/emfoco\/wp-content\/uploads\/2026\/05\/Adeus-a-rede-de-lojas-mais-querida-do-pais-136-unidades-anunciam-fechamento-768x432.jpg 768w, https:\/\/www.em.com.br\/emfoco\/wp-content\/uploads\/2026\/05\/Adeus-a-rede-de-lojas-mais-querida-do-pais-136-unidades-anunciam-fechamento-750x422.jpg 750w, https:\/\/www.em.com.br\/emfoco\/wp-content\/uploads\/2026\/05\/Adeus-a-rede-de-lojas-mais-querida-do-pais-136-unidades-anunciam-fechamento-1140x641.jpg 1140w, https:\/\/www.em.com.br\/emfoco\/wp-content\/uploads\/2026\/05\/Adeus-a-rede-de-lojas-mais-querida-do-pais-136-unidades-anunciam-fechamento.jpg 1280w\" sizes=\"auto, (max-width: 1024px) 100vw, 1024px\" \/><figcaption class=\"wp-element-caption\">Inditex fecha lojas pequenas e aposta em megastores.<\/figcaption><\/figure>\n\n\n\n<h2 class=\"wp-block-heading\">Tecnologia RFID e compras sem fila: o novo normal<\/h2>\n\n\n\n<p>A <strong>experi\u00eancia de compra<\/strong> nas novas megastores da Zara ganhou uma camada tecnol\u00f3gica que muda a rela\u00e7\u00e3o do cliente com a loja. Provadores equipados com <strong>tecnologia RFID<\/strong> j\u00e1 permitem identificar pe\u00e7as automaticamente e sugerir tamanhos ou combina\u00e7\u00f5es, enquanto caixas de autoatendimento reduzem o tempo de espera na hora de pagar.<\/p>\n\n\n\n<p>Algumas unidades de refer\u00eancia, como a flagship de Madrid, foram al\u00e9m e inclu\u00edram at\u00e9 espa\u00e7o para caf\u00e9, transformando a visita em algo mais pr\u00f3ximo de um passeio do que de uma tarefa. Embora nem toda megaloja ofere\u00e7a exatamente os mesmos servi\u00e7os, a dire\u00e7\u00e3o \u00e9 clara: tornar a ida \u00e0 loja t\u00e3o pr\u00e1tica e agrad\u00e1vel que o cliente prefira estar ali a comprar s\u00f3 pelo celular.<\/p>\n\n\n\n<h2 class=\"wp-block-heading\">O que muda de verdade dentro das megastores<\/h2>\n\n\n\n<p>Para entender o tamanho dessa virada, vale conhecer os recursos que as novas <strong>megastores<\/strong> da <strong>Inditex<\/strong> re\u00fanem. Cada detalhe foi pensado para conectar o mundo digital ao f\u00edsico dentro do mesmo espa\u00e7o:<\/p>\n\n\n\n<ul class=\"wp-block-list\">\n<li><strong>Caixas autom\u00e1ticas<\/strong> que permitem finalizar a compra sem filas e sem depender de atendente na maioria das vezes<\/li>\n\n\n\n<li><strong>\u00c1reas de click &amp; collect<\/strong> exclusivas para retirada r\u00e1pida de pedidos feitos pelo site ou aplicativo<\/li>\n\n\n\n<li><strong>Provadores com tecnologia RFID<\/strong> que reconhecem as pe\u00e7as levadas e exibem informa\u00e7\u00f5es como tamanhos dispon\u00edveis e sugest\u00f5es de combina\u00e7\u00e3o<\/li>\n\n\n\n<li><strong>Estoque unificado<\/strong> entre loja e e-commerce, facilitando trocas e devolu\u00e7\u00f5es em qualquer canal<\/li>\n\n\n\n<li><strong>Ambientes de conviv\u00eancia<\/strong> com \u00e1reas de descanso e, em lojas selecionadas, espa\u00e7o para caf\u00e9<\/li>\n<\/ul>\n\n\n\n<div style=\"max-width: 700px; margin: 30px auto; padding: 0; font-family: 'Inter', sans-serif;\">\r\n  <link href=\"https:\/\/fonts.googleapis.com\/css2?family=Inter:wght@400;600;700&#038;display=swap\" rel=\"stylesheet\">\r\n  <p style=\"margin: 0 0 18px 0; font-size: 15px; font-weight: 700; color: #1e293b; text-transform: uppercase; letter-spacing: 1.2px; text-align: center;\">Pontos-chave<\/p>\r\n  <div style=\"display: flex; gap: 16px; flex-wrap: wrap; justify-content: center;\">\r\n    <div style=\"flex: 1; min-width: 180px; max-width: 220px; background-color: #ffffff; border-radius: 12px; padding: 20px 16px; box-shadow: 0 2px 10px rgba(37, 99, 235, 0.07); text-align: center;\">\r\n      <p style=\"margin: 0 0 8px 0; font-size: 26px;\">\ud83c\udfec<\/p>\r\n      <p style=\"margin: 0 0 6px 0; font-size: 14px; font-weight: 700; color: #1e293b;\">Menos lojas, mais impacto<\/p>\r\n      <p style=\"margin: 0; font-size: 13px; color: #64748b; line-height: 1.5;\">Unidades pequenas d\u00e3o lugar a megastores em pontos estrat\u00e9gicos<\/p>\r\n    <\/div>\r\n    <div style=\"flex: 1; min-width: 180px; max-width: 220px; background-color: #ffffff; border-radius: 12px; padding: 20px 16px; box-shadow: 0 2px 10px rgba(37, 99, 235, 0.07); text-align: center;\">\r\n      <p style=\"margin: 0 0 8px 0; font-size: 26px;\">\ud83d\udcf1<\/p>\r\n      <p style=\"margin: 0 0 6px 0; font-size: 14px; font-weight: 700; color: #1e293b;\">Digital e f\u00edsico unidos<\/p>\r\n      <p style=\"margin: 0; font-size: 13px; color: #64748b; line-height: 1.5;\">Estoque integrado, retirada em loja e compra online convivem no mesmo espa\u00e7o<\/p>\r\n    <\/div>\r\n    <div style=\"flex: 1; min-width: 180px; max-width: 220px; background-color: #ffffff; border-radius: 12px; padding: 20px 16px; box-shadow: 0 2px 10px rgba(37, 99, 235, 0.07); text-align: center;\">\r\n      <p style=\"margin: 0 0 8px 0; font-size: 26px;\">\ud83d\udc57<\/p>\r\n      <p style=\"margin: 0 0 6px 0; font-size: 14px; font-weight: 700; color: #1e293b;\">Todas as marcas mudam<\/p>\r\n      <p style=\"margin: 0; font-size: 13px; color: #64748b; line-height: 1.5;\">Oysho, Massimo Dutti e Stradivarius tamb\u00e9m reorganizam suas redes<\/p>\r\n    <\/div>\r\n  <\/div>\r\n<\/div>\n\n\n\n<h2 class=\"wp-block-heading\">Nem s\u00f3 a Zara sente o impacto da virada<\/h2>\n\n\n\n<p>Embora a <strong>Zara<\/strong> seja a estrela dessa transforma\u00e7\u00e3o, marcas como <strong>Oysho<\/strong>, <strong>Massimo Dutti<\/strong> e <strong>Stradivarius<\/strong> seguem o mesmo caminho. Dezenas de pontos de venda dessas bandeiras foram fechados para evitar sobreposi\u00e7\u00e3o em regi\u00f5es pr\u00f3ximas e garantir que cada loja remanescente tenha fluxo e rentabilidade que justifiquem o investimento em <strong>tecnologia<\/strong> e experi\u00eancia.<\/p>\n\n\n\n<p>A l\u00f3gica \u00e9 parecida com a de quem reorganiza o guarda-roupa: tirar o que n\u00e3o faz mais sentido para dar destaque \u00e0s pe\u00e7as que realmente funcionam. No caso da <strong>Inditex<\/strong>, cada loja-\u00e2ncora que permanece ganha mais visibilidade, mais recursos digitais e um papel mais relevante na cadeia log\u00edstica do <strong>e-commerce<\/strong>.<\/p>\n\n\n\n<figure class=\"wp-block-image size-large\"><img loading=\"lazy\" decoding=\"async\" width=\"1024\" height=\"576\" src=\"https:\/\/www.em.com.br\/emfoco\/wp-content\/uploads\/2026\/05\/Adeus-a-rede-de-lojas-mais-querida-do-pais-136-unidades-anunciam-fechamento-1-1024x576.jpg\" alt=\"Adeus \u00e0 rede de lojas mais querida do pa\u00eds: 136 unidades anunciam fechamento\" class=\"wp-image-202677\" srcset=\"https:\/\/www.em.com.br\/emfoco\/wp-content\/uploads\/2026\/05\/Adeus-a-rede-de-lojas-mais-querida-do-pais-136-unidades-anunciam-fechamento-1-1024x576.jpg 1024w, https:\/\/www.em.com.br\/emfoco\/wp-content\/uploads\/2026\/05\/Adeus-a-rede-de-lojas-mais-querida-do-pais-136-unidades-anunciam-fechamento-1-300x169.jpg 300w, https:\/\/www.em.com.br\/emfoco\/wp-content\/uploads\/2026\/05\/Adeus-a-rede-de-lojas-mais-querida-do-pais-136-unidades-anunciam-fechamento-1-768x432.jpg 768w, https:\/\/www.em.com.br\/emfoco\/wp-content\/uploads\/2026\/05\/Adeus-a-rede-de-lojas-mais-querida-do-pais-136-unidades-anunciam-fechamento-1-750x422.jpg 750w, https:\/\/www.em.com.br\/emfoco\/wp-content\/uploads\/2026\/05\/Adeus-a-rede-de-lojas-mais-querida-do-pais-136-unidades-anunciam-fechamento-1-1140x641.jpg 1140w, https:\/\/www.em.com.br\/emfoco\/wp-content\/uploads\/2026\/05\/Adeus-a-rede-de-lojas-mais-querida-do-pais-136-unidades-anunciam-fechamento-1.jpg 1280w\" sizes=\"auto, (max-width: 1024px) 100vw, 1024px\" \/><figcaption class=\"wp-element-caption\">Zara lidera a transforma\u00e7\u00e3o com tecnologia nas lojas.<\/figcaption><\/figure>\n\n\n\n<h2 class=\"wp-block-heading\">O que esse movimento sinaliza para o futuro da moda<\/h2>\n\n\n\n<p>A estrat\u00e9gia da <strong>Inditex<\/strong> \u00e9 um retrato do que espera o <strong>varejo de moda<\/strong> nos pr\u00f3ximos anos: um modelo h\u00edbrido em que a <strong>loja f\u00edsica<\/strong> deixa de ser apenas ponto de venda e vira vitrine, centro de devolu\u00e7\u00e3o, hub log\u00edstico e espa\u00e7o de relacionamento com o consumidor. Quem n\u00e3o acelerar essa integra\u00e7\u00e3o entre presencial, <strong>e-commerce<\/strong> e log\u00edstica corre o risco de ficar para tr\u00e1s num mercado que muda cada vez mais r\u00e1pido.<\/p>\n\n\n\n<p>A transforma\u00e7\u00e3o da Inditex mostra que o futuro do consumo de moda j\u00e1 come\u00e7ou, e ele \u00e9 mais digital, mais amplo e mais centrado na experi\u00eancia do que qualquer vitrine tradicional poderia oferecer. Vale ficar de olho, porque o que acontece nas megastores da Zara hoje tende a virar padr\u00e3o no shopping da sua cidade em poucos anos.<\/p>\n\n\n\n<p><strong>Curtiu saber como a Inditex est\u00e1 reinventando o varejo de moda?<\/strong> Compartilhe este artigo com quem adora acompanhar as tend\u00eancias do mercado e da tecnologia no dia a dia!<\/p>\n","protected":false},"excerpt":{"rendered":"<p>Destaques \ud83d\udccd Inditex encerrou mais de cem lojas em poucos meses para concentrar opera\u00e7\u00f5es em megastores \ud83d\uded2 Zara lidera a mudan\u00e7a com caixas autom\u00e1ticas, tecnologia RFID e integra\u00e7\u00e3o total com e-commerce \ud83d\udd2e O varejo de moda caminha para um modelo h\u00edbrido em que loja f\u00edsica e digital se fundem Se voc\u00ea j\u00e1 passou por um [&hellip;]<\/p>\n","protected":false},"author":5,"featured_media":202679,"comment_status":"open","ping_status":"open","sticky":false,"template":"","format":"standard","meta":{"jnews-multi-image_gallery":[],"jnews_single_post":{"format":"standard"},"jnews_primary_category":[],"jnews_social_meta":[],"jnews_override_counter":[],"footnotes":""},"categories":[28,1],"tags":[10179,10009,4977,18345],"class_list":["post-202676","post","type-post","status-publish","format-standard","has-post-thumbnail","hentry","category-economia","category-noticias","tag-fechamento","tag-lojas","tag-moda","tag-zara"],"yoast_head":"<!-- This site is optimized with the Yoast SEO plugin v23.8 - https:\/\/yoast.com\/wordpress\/plugins\/seo\/ -->\n<title>Adeus \u00e0 rede de lojas mais querida do pa\u00eds: 136 unidades anunciam fechamento - Estado de Minas - Em foco<\/title>\n<meta name=\"description\" content=\"O novo modelo da Inditex une loja f\u00edsica e online. Saiba por que essa estrat\u00e9gia est\u00e1 ganhando for\u00e7a no varejo.\" \/>\n<meta name=\"robots\" content=\"index, follow, max-snippet:-1, max-image-preview:large, max-video-preview:-1\" \/>\n<link rel=\"canonical\" href=\"https:\/\/www.em.com.br\/emfoco\/2026\/05\/02\/adeus-a-rede-de-lojas-mais-querida-do-pais-136-unidades-anunciam-fechamento\/\" \/>\n<meta property=\"og:locale\" content=\"pt_BR\" \/>\n<meta property=\"og:type\" content=\"article\" \/>\n<meta property=\"og:title\" content=\"Adeus \u00e0 rede de lojas mais querida do pa\u00eds: 136 unidades anunciam fechamento - Estado de Minas - Em foco\" \/>\n<meta property=\"og:description\" content=\"O novo modelo da Inditex une loja f\u00edsica e online. Saiba por que essa estrat\u00e9gia est\u00e1 ganhando for\u00e7a no varejo.\" \/>\n<meta property=\"og:url\" content=\"https:\/\/www.em.com.br\/emfoco\/2026\/05\/02\/adeus-a-rede-de-lojas-mais-querida-do-pais-136-unidades-anunciam-fechamento\/\" \/>\n<meta property=\"og:site_name\" content=\"Estado de Minas - Em foco\" \/>\n<meta property=\"article:published_time\" content=\"2026-05-02T07:58:00+00:00\" \/>\n<meta property=\"article:modified_time\" content=\"2026-05-02T07:27:41+00:00\" \/>\n<meta property=\"og:image\" content=\"https:\/\/www.em.com.br\/emfoco\/wp-content\/uploads\/2026\/05\/loja-falida_1752499313198.webp\" \/>\n\t<meta property=\"og:image:width\" content=\"1280\" \/>\n\t<meta property=\"og:image:height\" content=\"720\" \/>\n\t<meta property=\"og:image:type\" content=\"image\/webp\" \/>\n<meta name=\"author\" content=\"N\u00fabia Rangel\" \/>\n<meta name=\"twitter:card\" content=\"summary_large_image\" \/>\n<meta name=\"twitter:label1\" content=\"Escrito por\" \/>\n\t<meta name=\"twitter:data1\" content=\"N\u00fabia Rangel\" \/>\n\t<meta name=\"twitter:label2\" content=\"Est. tempo de leitura\" \/>\n\t<meta name=\"twitter:data2\" content=\"6 minutos\" \/>\n<!-- \/ Yoast SEO plugin. -->","yoast_head_json":{"title":"Adeus \u00e0 rede de lojas mais querida do pa\u00eds: 136 unidades anunciam fechamento - Estado de Minas - Em foco","description":"O novo modelo da Inditex une loja f\u00edsica e online. Saiba por que essa estrat\u00e9gia est\u00e1 ganhando for\u00e7a no varejo.","robots":{"index":"index","follow":"follow","max-snippet":"max-snippet:-1","max-image-preview":"max-image-preview:large","max-video-preview":"max-video-preview:-1"},"canonical":"https:\/\/www.em.com.br\/emfoco\/2026\/05\/02\/adeus-a-rede-de-lojas-mais-querida-do-pais-136-unidades-anunciam-fechamento\/","og_locale":"pt_BR","og_type":"article","og_title":"Adeus \u00e0 rede de lojas mais querida do pa\u00eds: 136 unidades anunciam fechamento - Estado de Minas - Em foco","og_description":"O novo modelo da Inditex une loja f\u00edsica e online. Saiba por que essa estrat\u00e9gia est\u00e1 ganhando for\u00e7a no varejo.","og_url":"https:\/\/www.em.com.br\/emfoco\/2026\/05\/02\/adeus-a-rede-de-lojas-mais-querida-do-pais-136-unidades-anunciam-fechamento\/","og_site_name":"Estado de Minas - Em foco","article_published_time":"2026-05-02T07:58:00+00:00","article_modified_time":"2026-05-02T07:27:41+00:00","og_image":[{"width":1280,"height":720,"url":"https:\/\/www.em.com.br\/emfoco\/wp-content\/uploads\/2026\/05\/loja-falida_1752499313198.webp","type":"image\/webp"}],"author":"N\u00fabia Rangel","twitter_card":"summary_large_image","twitter_misc":{"Escrito por":"N\u00fabia Rangel","Est. tempo de leitura":"6 minutos"},"schema":{"@context":"https:\/\/schema.org","@graph":[{"@type":"WebPage","@id":"https:\/\/www.em.com.br\/emfoco\/2026\/05\/02\/adeus-a-rede-de-lojas-mais-querida-do-pais-136-unidades-anunciam-fechamento\/","url":"https:\/\/www.em.com.br\/emfoco\/2026\/05\/02\/adeus-a-rede-de-lojas-mais-querida-do-pais-136-unidades-anunciam-fechamento\/","name":"Adeus \u00e0 rede de lojas mais querida do pa\u00eds: 136 unidades anunciam fechamento - Estado de Minas - Em foco","isPartOf":{"@id":"https:\/\/www.em.com.br\/emfoco\/#website"},"primaryImageOfPage":{"@id":"https:\/\/www.em.com.br\/emfoco\/2026\/05\/02\/adeus-a-rede-de-lojas-mais-querida-do-pais-136-unidades-anunciam-fechamento\/#primaryimage"},"image":{"@id":"https:\/\/www.em.com.br\/emfoco\/2026\/05\/02\/adeus-a-rede-de-lojas-mais-querida-do-pais-136-unidades-anunciam-fechamento\/#primaryimage"},"thumbnailUrl":"https:\/\/www.em.com.br\/emfoco\/wp-content\/uploads\/2026\/05\/loja-falida_1752499313198.webp","datePublished":"2026-05-02T07:58:00+00:00","dateModified":"2026-05-02T07:27:41+00:00","author":{"@id":"https:\/\/www.em.com.br\/emfoco\/#\/schema\/person\/524437ef54f8a5d32591b143307f2e20"},"description":"O novo modelo da Inditex une loja f\u00edsica e online. Saiba por que essa estrat\u00e9gia est\u00e1 ganhando for\u00e7a no varejo.","breadcrumb":{"@id":"https:\/\/www.em.com.br\/emfoco\/2026\/05\/02\/adeus-a-rede-de-lojas-mais-querida-do-pais-136-unidades-anunciam-fechamento\/#breadcrumb"},"inLanguage":"pt-BR","potentialAction":[{"@type":"ReadAction","target":["https:\/\/www.em.com.br\/emfoco\/2026\/05\/02\/adeus-a-rede-de-lojas-mais-querida-do-pais-136-unidades-anunciam-fechamento\/"]}]},{"@type":"ImageObject","inLanguage":"pt-BR","@id":"https:\/\/www.em.com.br\/emfoco\/2026\/05\/02\/adeus-a-rede-de-lojas-mais-querida-do-pais-136-unidades-anunciam-fechamento\/#primaryimage","url":"https:\/\/www.em.com.br\/emfoco\/wp-content\/uploads\/2026\/05\/loja-falida_1752499313198.webp","contentUrl":"https:\/\/www.em.com.br\/emfoco\/wp-content\/uploads\/2026\/05\/loja-falida_1752499313198.webp","width":1280,"height":720,"caption":"Compras ganham mais rapidez e integra\u00e7\u00e3o."},{"@type":"BreadcrumbList","@id":"https:\/\/www.em.com.br\/emfoco\/2026\/05\/02\/adeus-a-rede-de-lojas-mais-querida-do-pais-136-unidades-anunciam-fechamento\/#breadcrumb","itemListElement":[{"@type":"ListItem","position":1,"name":"In\u00edcio","item":"https:\/\/www.em.com.br\/emfoco\/"},{"@type":"ListItem","position":2,"name":"Adeus \u00e0 rede de lojas mais querida do pa\u00eds: 136 unidades anunciam fechamento"}]},{"@type":"WebSite","@id":"https:\/\/www.em.com.br\/emfoco\/#website","url":"https:\/\/www.em.com.br\/emfoco\/","name":"Estado de Minas - Em foco","description":"Acompanhe as \u00faltimas not\u00edcias e fique bem informado sobre tudo o que acontece em Minas Gerais, Brasil e no mundo.","potentialAction":[{"@type":"SearchAction","target":{"@type":"EntryPoint","urlTemplate":"https:\/\/www.em.com.br\/emfoco\/?s={search_term_string}"},"query-input":{"@type":"PropertyValueSpecification","valueRequired":true,"valueName":"search_term_string"}}],"inLanguage":"pt-BR"},{"@type":"Person","@id":"https:\/\/www.em.com.br\/emfoco\/#\/schema\/person\/524437ef54f8a5d32591b143307f2e20","name":"N\u00fabia Rangel","image":{"@type":"ImageObject","inLanguage":"pt-BR","@id":"https:\/\/www.em.com.br\/emfoco\/#\/schema\/person\/image\/","url":"https:\/\/secure.gravatar.com\/avatar\/47cff2827a5ba23c37e8068c86817ea4?s=96&d=mm&r=g","contentUrl":"https:\/\/secure.gravatar.com\/avatar\/47cff2827a5ba23c37e8068c86817ea4?s=96&d=mm&r=g","caption":"N\u00fabia Rangel"},"sameAs":["https:\/\/www.em.com.br\/emfoco\/"],"url":"https:\/\/www.em.com.br\/emfoco\/author\/nubiamyth\/"}]}},"_links":{"self":[{"href":"https:\/\/www.em.com.br\/emfoco\/wp-json\/wp\/v2\/posts\/202676","targetHints":{"allow":["GET"]}}],"collection":[{"href":"https:\/\/www.em.com.br\/emfoco\/wp-json\/wp\/v2\/posts"}],"about":[{"href":"https:\/\/www.em.com.br\/emfoco\/wp-json\/wp\/v2\/types\/post"}],"author":[{"embeddable":true,"href":"https:\/\/www.em.com.br\/emfoco\/wp-json\/wp\/v2\/users\/5"}],"replies":[{"embeddable":true,"href":"https:\/\/www.em.com.br\/emfoco\/wp-json\/wp\/v2\/comments?post=202676"}],"version-history":[{"count":1,"href":"https:\/\/www.em.com.br\/emfoco\/wp-json\/wp\/v2\/posts\/202676\/revisions"}],"predecessor-version":[{"id":202680,"href":"https:\/\/www.em.com.br\/emfoco\/wp-json\/wp\/v2\/posts\/202676\/revisions\/202680"}],"wp:featuredmedia":[{"embeddable":true,"href":"https:\/\/www.em.com.br\/emfoco\/wp-json\/wp\/v2\/media\/202679"}],"wp:attachment":[{"href":"https:\/\/www.em.com.br\/emfoco\/wp-json\/wp\/v2\/media?parent=202676"}],"wp:term":[{"taxonomy":"category","embeddable":true,"href":"https:\/\/www.em.com.br\/emfoco\/wp-json\/wp\/v2\/categories?post=202676"},{"taxonomy":"post_tag","embeddable":true,"href":"https:\/\/www.em.com.br\/emfoco\/wp-json\/wp\/v2\/tags?post=202676"}],"curies":[{"name":"wp","href":"https:\/\/api.w.org\/{rel}","templated":true}]}}