{"id":202661,"date":"2026-05-01T10:18:00","date_gmt":"2026-05-01T13:18:00","guid":{"rendered":"https:\/\/www.em.com.br\/emfoco\/?p=202661"},"modified":"2026-05-01T10:02:22","modified_gmt":"2026-05-01T13:02:22","slug":"governo-altera-o-calendario-escolar-de-2026-e-ferias-de-meio-de-ano-serao-mais-curtas","status":"publish","type":"post","link":"https:\/\/www.em.com.br\/emfoco\/2026\/05\/01\/governo-altera-o-calendario-escolar-de-2026-e-ferias-de-meio-de-ano-serao-mais-curtas\/","title":{"rendered":"Governo altera o calend\u00e1rio escolar de 2026 e f\u00e9rias de meio de ano ser\u00e3o mais curtas"},"content":{"rendered":"\n<p>Se voc\u00ea tem filhos em idade escolar, trabalha na \u00e1rea de educa\u00e7\u00e3o ou simplesmente precisa organizar a agenda da fam\u00edlia, o <strong>calend\u00e1rio escolar de 2026<\/strong> vai pedir aten\u00e7\u00e3o redobrada. As mudan\u00e7as chegam com for\u00e7a, especialmente nas f\u00e9rias de julho, e v\u00e3o mexer na rotina de muita gente.<\/p>\n\n\n\n<h2 class=\"wp-block-heading\">Julho n\u00e3o vai mais ser aquele m\u00eas de descanso longo<\/h2>\n\n\n\n<p>A principal novidade do <strong>calend\u00e1rio escolar de 2026<\/strong> \u00e9 a redu\u00e7\u00e3o do recesso de meio de ano. Mas aten\u00e7\u00e3o: tanto no Brasil quanto na Col\u00f4mbia, <strong>cada rede ou secretaria de educa\u00e7\u00e3o define o pr\u00f3prio calend\u00e1rio<\/strong>. As datas variam conforme o estado, o munic\u00edpio ou o territ\u00f3rio.<\/p>\n\n\n\n<p>Na <a href=\"https:\/\/www2.educacao.mg.gov.br\/\" target=\"_blank\" rel=\"noopener\">Rede Estadual de Minas Gerais<\/a>, por exemplo, o recesso est\u00e1 previsto de 20 a 31 de julho, cerca de 12 dias corridos. Na Col\u00f4mbia, os col\u00e9gios p\u00fablicos de Bogot\u00e1 param de 22 de junho a 6 de julho, enquanto em Cali o intervalo vai de 15 de junho a 5 de julho. A l\u00f3gica, por\u00e9m, \u00e9 a mesma: <strong>menos tempo parado significa menos conte\u00fado esquecido<\/strong>.<\/p>\n\n\n\n<h2 class=\"wp-block-heading\">O efeito silencioso das interrup\u00e7\u00f5es longas no aprendizado<\/h2>\n\n\n\n<p>Quem j\u00e1 viu uma crian\u00e7a voltando do recesso de julho sabe bem: s\u00e3o dias at\u00e9 o ritmo de estudos voltar ao normal. Essa dificuldade de retomada \u00e9 levada a s\u00e9rio pelas redes de ensino, que enxergam nas <strong>pausas curtas e distribu\u00eddas<\/strong> uma forma mais eficiente de equilibrar descanso e continuidade pedag\u00f3gica.<\/p>\n\n\n\n<p>No caso de Minas Gerais, essa l\u00f3gica aparece tamb\u00e9m em outubro, com a chamada &#8220;Semana do Professor&#8221; ou &#8220;semana do saco cheio&#8221;, prevista entre 13 e 16 de outubro. J\u00e1 na Col\u00f4mbia, a maioria das secretarias de educa\u00e7\u00e3o tamb\u00e9m inclui uma <strong>semana de recesso em outubro<\/strong> e jornadas de forma\u00e7\u00e3o para professores ao longo do ano letivo.<\/p>\n\n\n\n<figure class=\"wp-block-image size-large\"><img loading=\"lazy\" decoding=\"async\" width=\"1024\" height=\"576\" src=\"https:\/\/www.em.com.br\/emfoco\/wp-content\/uploads\/2026\/05\/Governo-altera-o-calendario-escolar-de-2026-e-ferias-de-meio-de-ano-serao-mais-curtas-1024x576.jpg\" alt=\"Governo altera o calend\u00e1rio escolar de 2026 e f\u00e9rias de meio de ano ser\u00e3o mais curtas\" class=\"wp-image-202668\" srcset=\"https:\/\/www.em.com.br\/emfoco\/wp-content\/uploads\/2026\/05\/Governo-altera-o-calendario-escolar-de-2026-e-ferias-de-meio-de-ano-serao-mais-curtas-1024x576.jpg 1024w, https:\/\/www.em.com.br\/emfoco\/wp-content\/uploads\/2026\/05\/Governo-altera-o-calendario-escolar-de-2026-e-ferias-de-meio-de-ano-serao-mais-curtas-300x169.jpg 300w, https:\/\/www.em.com.br\/emfoco\/wp-content\/uploads\/2026\/05\/Governo-altera-o-calendario-escolar-de-2026-e-ferias-de-meio-de-ano-serao-mais-curtas-768x432.jpg 768w, https:\/\/www.em.com.br\/emfoco\/wp-content\/uploads\/2026\/05\/Governo-altera-o-calendario-escolar-de-2026-e-ferias-de-meio-de-ano-serao-mais-curtas-750x422.jpg 750w, https:\/\/www.em.com.br\/emfoco\/wp-content\/uploads\/2026\/05\/Governo-altera-o-calendario-escolar-de-2026-e-ferias-de-meio-de-ano-serao-mais-curtas-1140x641.jpg 1140w, https:\/\/www.em.com.br\/emfoco\/wp-content\/uploads\/2026\/05\/Governo-altera-o-calendario-escolar-de-2026-e-ferias-de-meio-de-ano-serao-mais-curtas.jpg 1280w\" sizes=\"auto, (max-width: 1024px) 100vw, 1024px\" \/><figcaption class=\"wp-element-caption\">As pausas ao longo do ano ficam mais distribu\u00eddas.<\/figcaption><\/figure>\n\n\n\n<h2 class=\"wp-block-heading\">Tr\u00eas trimestres, s\u00e1bados letivos e outras novidades que chegam junto<\/h2>\n\n\n\n<p>As mudan\u00e7as no <strong>calend\u00e1rio escolar de 2026<\/strong> v\u00e3o al\u00e9m do recesso de julho. No Brasil, muitas redes est\u00e3o migrando do modelo bimestral para a <strong>organiza\u00e7\u00e3o em tr\u00eas trimestres<\/strong>, o que altera tamb\u00e9m a forma de avaliar os alunos. Confira os principais pontos dessa reorganiza\u00e7\u00e3o:<\/p>\n\n\n\n<ul class=\"wp-block-list\">\n<li><strong>Recesso de julho reduzido:<\/strong> f\u00e9rias de meio de ano mais curtas para evitar a perda de conte\u00fado, com varia\u00e7\u00e3o entre redes, estados e territ\u00f3rios.<\/li>\n\n\n\n<li><strong>Pausa em outubro:<\/strong> semana de descanso no segundo semestre, compensando o encurtamento das f\u00e9rias de julho.<\/li>\n\n\n\n<li><strong>S\u00e1bados letivos ampliados:<\/strong> usados para compensar feriados e oferecer refor\u00e7o escolar quando necess\u00e1rio.<\/li>\n\n\n\n<li><strong>Transi\u00e7\u00e3o para trimestres:<\/strong> avalia\u00e7\u00f5es cont\u00ednuas substituem o modelo bimestral em v\u00e1rias redes brasileiras.<\/li>\n\n\n\n<li><strong>T\u00e9rmino antes do fim de dezembro:<\/strong> o ano letivo se encerra mais cedo, com f\u00e9rias finais mais bem definidas para planejar.<\/li>\n<\/ul>\n\n\n\n<div style=\"font-family: 'Inter', sans-serif; background: #f8f9fa; border-radius: 12px; padding: 24px 28px; margin: 32px 0; box-shadow: 0 4px 16px rgba(37,99,235,0.10); max-width: 620px; margin-left: auto; margin-right: auto;\">\r\n  <p style=\"text-align: center; font-weight: 700; font-size: 13px; letter-spacing: 1.5px; color: #2563eb; text-transform: uppercase; margin: 0 0 18px 0;\">Pontos-chave<\/p>\r\n  <div style=\"display: flex; flex-direction: column; gap: 12px;\">\r\n    <div style=\"background: #ffffff; border-radius: 8px; padding: 14px 18px; box-shadow: 0 2px 8px rgba(37,99,235,0.07);\">\r\n      <span style=\"font-weight: 700; color: #1e293b; font-size: 15px;\">\ud83c\udde7\ud83c\uddf7 Minas Gerais: aulas de fevereiro a dezembro<\/span>\r\n      <p style=\"margin: 4px 0 0 0; color: #475569; font-size: 14px;\">In\u00edcio em 4 de fevereiro e t\u00e9rmino em 18 de dezembro, com recesso de 20 a 31 de julho (cerca de 12 dias) e pausa em outubro.<\/p>\r\n    <\/div>\r\n    <div style=\"background: #ffffff; border-radius: 8px; padding: 14px 18px; box-shadow: 0 2px 8px rgba(37,99,235,0.07);\">\r\n      <span style=\"font-weight: 700; color: #1e293b; font-size: 15px;\">\ud83c\udde8\ud83c\uddf4 Bogot\u00e1: 40 semanas de aula<\/span>\r\n      <p style=\"margin: 4px 0 0 0; color: #475569; font-size: 14px;\">Aulas de 26 de janeiro a 29 de novembro, com recesso de 22 de junho a 6 de julho. Outras cidades colombianas t\u00eam datas pr\u00f3prias.<\/p>\r\n    <\/div>\r\n    <div style=\"background: #ffffff; border-radius: 8px; padding: 14px 18px; box-shadow: 0 2px 8px rgba(37,99,235,0.07);\">\r\n      <span style=\"font-weight: 700; color: #1e293b; font-size: 15px;\">\ud83d\udccb Cada rede define seu calend\u00e1rio<\/span>\r\n      <p style=\"margin: 4px 0 0 0; color: #475569; font-size: 14px;\">Tanto no Brasil quanto na Col\u00f4mbia, estados, munic\u00edpios e secretarias organizam o ano letivo de forma independente.<\/p>\r\n    <\/div>\r\n  <\/div>\r\n<\/div>\n\n\n\n<h2 class=\"wp-block-heading\">Quando organizar a agenda da fam\u00edlia antes que as datas cheguem<\/h2>\n\n\n\n<p>Com recessos mais curtos e pausas espalhadas ao longo do ano letivo, planejar viagens, atividades extracurriculares e o cuidado com as crian\u00e7as exige mais anteced\u00eancia. <strong>Quem deixar para \u00faltima hora vai encontrar menos op\u00e7\u00f5es<\/strong> e mais correria, especialmente em datas como a semana de outubro, que ainda n\u00e3o est\u00e1 no radar de muitas fam\u00edlias.<\/p>\n\n\n\n<p>A dica pr\u00e1tica \u00e9 simples: consulte agora o calend\u00e1rio oficial da rede de ensino onde seu filho estuda, marque as pausas no calend\u00e1rio familiar e alinhe f\u00e9rias e compromissos com anteced\u00eancia. Pequenas pausas bem aproveitadas valem muito mais do que recessos longos sem planejamento.<\/p>\n\n\n\n<h2 class=\"wp-block-heading\">O modelo de ano letivo cont\u00ednuo veio para ficar<\/h2>\n\n\n\n<p>A tend\u00eancia de <strong>calend\u00e1rios escolares mais cont\u00ednuos<\/strong>, com pausas menores e melhor distribu\u00eddas, j\u00e1 \u00e9 realidade em v\u00e1rios pa\u00edses e come\u00e7a a ganhar for\u00e7a em diferentes redes do Brasil e da Col\u00f4mbia. Para 2026, muitas fam\u00edlias ter\u00e3o o primeiro contato com esse modelo, mas a expectativa das redes de ensino \u00e9 de que os resultados pedag\u00f3gicos justifiquem a mudan\u00e7a nos pr\u00f3ximos anos.<\/p>\n\n\n\n<p>Adaptar-se a um <strong>planejamento escolar mais equilibrado<\/strong> n\u00e3o \u00e9 dif\u00edcil, mas pede aten\u00e7\u00e3o desde j\u00e1. O calend\u00e1rio de 2026 \u00e9 uma boa oportunidade para criar uma rotina mais est\u00e1vel, tanto nos estudos quanto na vida em fam\u00edlia.<\/p>\n\n\n\n<p>Se esta informa\u00e7\u00e3o vai ajudar algu\u00e9m que voc\u00ea conhece a se organizar melhor, compartilhe agora e deixe o calend\u00e1rio de 2026 chegar sem surpresas para quem voc\u00ea gosta.<\/p>\n","protected":false},"excerpt":{"rendered":"<p>Se voc\u00ea tem filhos em idade escolar, trabalha na \u00e1rea de educa\u00e7\u00e3o ou simplesmente precisa organizar a agenda da fam\u00edlia, o calend\u00e1rio escolar de 2026 vai pedir aten\u00e7\u00e3o redobrada. As mudan\u00e7as chegam com for\u00e7a, especialmente nas f\u00e9rias de julho, e v\u00e3o mexer na rotina de muita gente. Julho n\u00e3o vai mais ser aquele m\u00eas de [&hellip;]<\/p>\n","protected":false},"author":5,"featured_media":202667,"comment_status":"open","ping_status":"open","sticky":false,"template":"","format":"standard","meta":{"jnews-multi-image_gallery":[],"jnews_single_post":{"format":"standard"},"jnews_primary_category":[],"jnews_social_meta":[],"jnews_override_counter":[],"footnotes":""},"categories":[8819,1],"tags":[787,15149,3688,1344,23194],"class_list":["post-202661","post","type-post","status-publish","format-standard","has-post-thumbnail","hentry","category-curiosidades","category-noticias","tag-calendario","tag-calendario-escolar","tag-escolas","tag-ferias","tag-ferias-de-julho"],"yoast_head":"<!-- This site is optimized with the Yoast SEO plugin v23.8 - https:\/\/yoast.com\/wordpress\/plugins\/seo\/ -->\n<title>Governo altera o calend\u00e1rio escolar de 2026 e f\u00e9rias de meio de ano ser\u00e3o mais curtas - Estado de Minas - Em foco<\/title>\n<meta name=\"description\" content=\"O calend\u00e1rio escolar de 2026 traz f\u00e9rias menores e aulas mais distribu\u00eddas. Veja como ficam os recessos no Brasil e na Col\u00f4mbia.\" \/>\n<meta name=\"robots\" content=\"index, follow, max-snippet:-1, max-image-preview:large, max-video-preview:-1\" \/>\n<link rel=\"canonical\" href=\"https:\/\/www.em.com.br\/emfoco\/2026\/05\/01\/governo-altera-o-calendario-escolar-de-2026-e-ferias-de-meio-de-ano-serao-mais-curtas\/\" \/>\n<meta property=\"og:locale\" content=\"pt_BR\" \/>\n<meta property=\"og:type\" content=\"article\" \/>\n<meta property=\"og:title\" content=\"Governo altera o calend\u00e1rio escolar de 2026 e f\u00e9rias de meio de ano ser\u00e3o mais curtas - Estado de Minas - Em foco\" \/>\n<meta property=\"og:description\" content=\"O calend\u00e1rio escolar de 2026 traz f\u00e9rias menores e aulas mais distribu\u00eddas. Veja como ficam os recessos no Brasil e na Col\u00f4mbia.\" \/>\n<meta property=\"og:url\" content=\"https:\/\/www.em.com.br\/emfoco\/2026\/05\/01\/governo-altera-o-calendario-escolar-de-2026-e-ferias-de-meio-de-ano-serao-mais-curtas\/\" \/>\n<meta property=\"og:site_name\" content=\"Estado de Minas - Em foco\" \/>\n<meta property=\"article:published_time\" content=\"2026-05-01T13:18:00+00:00\" \/>\n<meta property=\"article:modified_time\" content=\"2026-05-01T13:02:22+00:00\" \/>\n<meta property=\"og:image\" content=\"https:\/\/www.em.com.br\/emfoco\/wp-content\/uploads\/2026\/05\/Governo-altera-o-calendario-escolar-de-2026-e-ferias-de-meio-de-ano-serao-mais-curtas-1.jpg\" \/>\n\t<meta property=\"og:image:width\" content=\"1280\" \/>\n\t<meta property=\"og:image:height\" content=\"720\" \/>\n\t<meta property=\"og:image:type\" content=\"image\/jpeg\" \/>\n<meta name=\"author\" content=\"N\u00fabia Rangel\" \/>\n<meta name=\"twitter:card\" content=\"summary_large_image\" \/>\n<meta name=\"twitter:label1\" content=\"Escrito por\" \/>\n\t<meta name=\"twitter:data1\" content=\"N\u00fabia Rangel\" \/>\n\t<meta name=\"twitter:label2\" content=\"Est. tempo de leitura\" \/>\n\t<meta name=\"twitter:data2\" content=\"5 minutos\" \/>\n<!-- \/ Yoast SEO plugin. -->","yoast_head_json":{"title":"Governo altera o calend\u00e1rio escolar de 2026 e f\u00e9rias de meio de ano ser\u00e3o mais curtas - Estado de Minas - Em foco","description":"O calend\u00e1rio escolar de 2026 traz f\u00e9rias menores e aulas mais distribu\u00eddas. Veja como ficam os recessos no Brasil e na Col\u00f4mbia.","robots":{"index":"index","follow":"follow","max-snippet":"max-snippet:-1","max-image-preview":"max-image-preview:large","max-video-preview":"max-video-preview:-1"},"canonical":"https:\/\/www.em.com.br\/emfoco\/2026\/05\/01\/governo-altera-o-calendario-escolar-de-2026-e-ferias-de-meio-de-ano-serao-mais-curtas\/","og_locale":"pt_BR","og_type":"article","og_title":"Governo altera o calend\u00e1rio escolar de 2026 e f\u00e9rias de meio de ano ser\u00e3o mais curtas - Estado de Minas - Em foco","og_description":"O calend\u00e1rio escolar de 2026 traz f\u00e9rias menores e aulas mais distribu\u00eddas. Veja como ficam os recessos no Brasil e na Col\u00f4mbia.","og_url":"https:\/\/www.em.com.br\/emfoco\/2026\/05\/01\/governo-altera-o-calendario-escolar-de-2026-e-ferias-de-meio-de-ano-serao-mais-curtas\/","og_site_name":"Estado de Minas - Em foco","article_published_time":"2026-05-01T13:18:00+00:00","article_modified_time":"2026-05-01T13:02:22+00:00","og_image":[{"width":1280,"height":720,"url":"https:\/\/www.em.com.br\/emfoco\/wp-content\/uploads\/2026\/05\/Governo-altera-o-calendario-escolar-de-2026-e-ferias-de-meio-de-ano-serao-mais-curtas-1.jpg","type":"image\/jpeg"}],"author":"N\u00fabia Rangel","twitter_card":"summary_large_image","twitter_misc":{"Escrito por":"N\u00fabia Rangel","Est. tempo de leitura":"5 minutos"},"schema":{"@context":"https:\/\/schema.org","@graph":[{"@type":"WebPage","@id":"https:\/\/www.em.com.br\/emfoco\/2026\/05\/01\/governo-altera-o-calendario-escolar-de-2026-e-ferias-de-meio-de-ano-serao-mais-curtas\/","url":"https:\/\/www.em.com.br\/emfoco\/2026\/05\/01\/governo-altera-o-calendario-escolar-de-2026-e-ferias-de-meio-de-ano-serao-mais-curtas\/","name":"Governo altera o calend\u00e1rio escolar de 2026 e f\u00e9rias de meio de ano ser\u00e3o mais curtas - Estado de Minas - Em foco","isPartOf":{"@id":"https:\/\/www.em.com.br\/emfoco\/#website"},"primaryImageOfPage":{"@id":"https:\/\/www.em.com.br\/emfoco\/2026\/05\/01\/governo-altera-o-calendario-escolar-de-2026-e-ferias-de-meio-de-ano-serao-mais-curtas\/#primaryimage"},"image":{"@id":"https:\/\/www.em.com.br\/emfoco\/2026\/05\/01\/governo-altera-o-calendario-escolar-de-2026-e-ferias-de-meio-de-ano-serao-mais-curtas\/#primaryimage"},"thumbnailUrl":"https:\/\/www.em.com.br\/emfoco\/wp-content\/uploads\/2026\/05\/Governo-altera-o-calendario-escolar-de-2026-e-ferias-de-meio-de-ano-serao-mais-curtas-1.jpg","datePublished":"2026-05-01T13:18:00+00:00","dateModified":"2026-05-01T13:02:22+00:00","author":{"@id":"https:\/\/www.em.com.br\/emfoco\/#\/schema\/person\/524437ef54f8a5d32591b143307f2e20"},"description":"O calend\u00e1rio escolar de 2026 traz f\u00e9rias menores e aulas mais distribu\u00eddas. Veja como ficam os recessos no Brasil e na Col\u00f4mbia.","breadcrumb":{"@id":"https:\/\/www.em.com.br\/emfoco\/2026\/05\/01\/governo-altera-o-calendario-escolar-de-2026-e-ferias-de-meio-de-ano-serao-mais-curtas\/#breadcrumb"},"inLanguage":"pt-BR","potentialAction":[{"@type":"ReadAction","target":["https:\/\/www.em.com.br\/emfoco\/2026\/05\/01\/governo-altera-o-calendario-escolar-de-2026-e-ferias-de-meio-de-ano-serao-mais-curtas\/"]}]},{"@type":"ImageObject","inLanguage":"pt-BR","@id":"https:\/\/www.em.com.br\/emfoco\/2026\/05\/01\/governo-altera-o-calendario-escolar-de-2026-e-ferias-de-meio-de-ano-serao-mais-curtas\/#primaryimage","url":"https:\/\/www.em.com.br\/emfoco\/wp-content\/uploads\/2026\/05\/Governo-altera-o-calendario-escolar-de-2026-e-ferias-de-meio-de-ano-serao-mais-curtas-1.jpg","contentUrl":"https:\/\/www.em.com.br\/emfoco\/wp-content\/uploads\/2026\/05\/Governo-altera-o-calendario-escolar-de-2026-e-ferias-de-meio-de-ano-serao-mais-curtas-1.jpg","width":1280,"height":720,"caption":"O calend\u00e1rio escolar de 2026 muda a rotina das fam\u00edlias."},{"@type":"BreadcrumbList","@id":"https:\/\/www.em.com.br\/emfoco\/2026\/05\/01\/governo-altera-o-calendario-escolar-de-2026-e-ferias-de-meio-de-ano-serao-mais-curtas\/#breadcrumb","itemListElement":[{"@type":"ListItem","position":1,"name":"In\u00edcio","item":"https:\/\/www.em.com.br\/emfoco\/"},{"@type":"ListItem","position":2,"name":"Governo altera o calend\u00e1rio escolar de 2026 e f\u00e9rias de meio de ano ser\u00e3o mais curtas"}]},{"@type":"WebSite","@id":"https:\/\/www.em.com.br\/emfoco\/#website","url":"https:\/\/www.em.com.br\/emfoco\/","name":"Estado de Minas - Em foco","description":"Acompanhe as \u00faltimas not\u00edcias e fique bem informado sobre tudo o que acontece em Minas Gerais, Brasil e no mundo.","potentialAction":[{"@type":"SearchAction","target":{"@type":"EntryPoint","urlTemplate":"https:\/\/www.em.com.br\/emfoco\/?s={search_term_string}"},"query-input":{"@type":"PropertyValueSpecification","valueRequired":true,"valueName":"search_term_string"}}],"inLanguage":"pt-BR"},{"@type":"Person","@id":"https:\/\/www.em.com.br\/emfoco\/#\/schema\/person\/524437ef54f8a5d32591b143307f2e20","name":"N\u00fabia Rangel","image":{"@type":"ImageObject","inLanguage":"pt-BR","@id":"https:\/\/www.em.com.br\/emfoco\/#\/schema\/person\/image\/","url":"https:\/\/secure.gravatar.com\/avatar\/47cff2827a5ba23c37e8068c86817ea4?s=96&d=mm&r=g","contentUrl":"https:\/\/secure.gravatar.com\/avatar\/47cff2827a5ba23c37e8068c86817ea4?s=96&d=mm&r=g","caption":"N\u00fabia Rangel"},"sameAs":["https:\/\/www.em.com.br\/emfoco\/"],"url":"https:\/\/www.em.com.br\/emfoco\/author\/nubiamyth\/"}]}},"_links":{"self":[{"href":"https:\/\/www.em.com.br\/emfoco\/wp-json\/wp\/v2\/posts\/202661","targetHints":{"allow":["GET"]}}],"collection":[{"href":"https:\/\/www.em.com.br\/emfoco\/wp-json\/wp\/v2\/posts"}],"about":[{"href":"https:\/\/www.em.com.br\/emfoco\/wp-json\/wp\/v2\/types\/post"}],"author":[{"embeddable":true,"href":"https:\/\/www.em.com.br\/emfoco\/wp-json\/wp\/v2\/users\/5"}],"replies":[{"embeddable":true,"href":"https:\/\/www.em.com.br\/emfoco\/wp-json\/wp\/v2\/comments?post=202661"}],"version-history":[{"count":2,"href":"https:\/\/www.em.com.br\/emfoco\/wp-json\/wp\/v2\/posts\/202661\/revisions"}],"predecessor-version":[{"id":202670,"href":"https:\/\/www.em.com.br\/emfoco\/wp-json\/wp\/v2\/posts\/202661\/revisions\/202670"}],"wp:featuredmedia":[{"embeddable":true,"href":"https:\/\/www.em.com.br\/emfoco\/wp-json\/wp\/v2\/media\/202667"}],"wp:attachment":[{"href":"https:\/\/www.em.com.br\/emfoco\/wp-json\/wp\/v2\/media?parent=202661"}],"wp:term":[{"taxonomy":"category","embeddable":true,"href":"https:\/\/www.em.com.br\/emfoco\/wp-json\/wp\/v2\/categories?post=202661"},{"taxonomy":"post_tag","embeddable":true,"href":"https:\/\/www.em.com.br\/emfoco\/wp-json\/wp\/v2\/tags?post=202661"}],"curies":[{"name":"wp","href":"https:\/\/api.w.org\/{rel}","templated":true}]}}