{"id":202624,"date":"2026-05-01T10:08:00","date_gmt":"2026-05-01T13:08:00","guid":{"rendered":"https:\/\/www.em.com.br\/emfoco\/?p=202624"},"modified":"2026-05-01T08:22:25","modified_gmt":"2026-05-01T11:22:25","slug":"as-ervas-aromaticas-para-a-janela-que-afastam-mosquitos-e-pernilongos-da-casa-melhor-do-que-repelentes-de-tomada","status":"publish","type":"post","link":"https:\/\/www.em.com.br\/emfoco\/2026\/05\/01\/as-ervas-aromaticas-para-a-janela-que-afastam-mosquitos-e-pernilongos-da-casa-melhor-do-que-repelentes-de-tomada\/","title":{"rendered":"As ervas arom\u00e1ticas para a janela que afastam mosquitos e pernilongos da casa melhor do que repelentes de tomada"},"content":{"rendered":"\n<div style=\"background:#f8f9fa;border-radius:12px;padding:24px 28px;margin:24px 0;box-shadow:0 2px 12px rgba(30,90,200,0.08);font-family:'Inter',sans-serif;max-width:640px;margin-left:auto;margin-right:auto;\">\r\n  <p style=\"text-align:center;font-weight:700;font-size:1rem;color:#1a1a1a;margin:0 0 16px 0;letter-spacing:0.01em;\">\u2728 Destaques<\/p>\r\n  <div style=\"display:flex;flex-direction:column;gap:12px;\">\r\n    <div style=\"background:#fff;border-radius:8px;padding:14px 18px;box-shadow:0 1px 6px rgba(30,90,200,0.07);\">\r\n      <span style=\"font-weight:600;color:#1a1a1a;\">\ud83c\udf3f Repelente natural<\/span>\r\n      <p style=\"margin:4px 0 0 0;color:#333;font-size:0.95rem;\">Ervas como citronela, manjeric\u00e3o e lavanda liberam compostos que repelem mosquitos e pernilongos de forma eficaz e segura.<\/p>\r\n    <\/div>\r\n    <div style=\"background:#fff;border-radius:8px;padding:14px 18px;box-shadow:0 1px 6px rgba(30,90,200,0.07);\">\r\n      <span style=\"font-weight:600;color:#1a1a1a;\">\ud83e\udeb4 F\u00e1ceis de cultivar<\/span>\r\n      <p style=\"margin:4px 0 0 0;color:#333;font-size:0.95rem;\">Essas plantas se adaptam bem a vasos pequenos e janelas ensolaradas, sem precisar de jardim ou espa\u00e7o externo.<\/p>\r\n    <\/div>\r\n    <div style=\"background:#fff;border-radius:8px;padding:14px 18px;box-shadow:0 1px 6px rgba(30,90,200,0.07);\">\r\n      <span style=\"font-weight:600;color:#1a1a1a;\">\ud83d\udcb8 Economia e bem-estar<\/span>\r\n      <p style=\"margin:4px 0 0 0;color:#333;font-size:0.95rem;\">Al\u00e9m de afastar insetos, as ervas arom\u00e1ticas perfumam o ambiente, podem ser usadas na cozinha e eliminam o custo cont\u00ednuo dos repelentes el\u00e9tricos.<\/p>\r\n    <\/div>\r\n  <\/div>\r\n<\/div>\n\n\n\n<p>Quem nunca foi acordado no meio da noite pelo zumbido irritante de um pernilongo sabe bem o pre\u00e7o de uma boa noite de sono perdida. A boa not\u00edcia \u00e9 que a natureza j\u00e1 preparou uma solu\u00e7\u00e3o discreta, bonita e que cabe na janela de qualquer apartamento.<\/p>\n\n\n\n<h2 class=\"wp-block-heading\">O segredo est\u00e1 no aroma que os insetos n\u00e3o suportam<\/h2>\n\n\n\n<p>As <strong>ervas arom\u00e1ticas<\/strong> produzem \u00f3leos essenciais naturais que funcionam como um escudo invis\u00edvel contra mosquitos e pernilongos. Esses compostos, como o citronelol, o linalol e o eugenol, interferem nos sensores olfativos dos insetos, confundindo ou repelindo sua aproxima\u00e7\u00e3o.<\/p>\n\n\n\n<p>O efeito n\u00e3o \u00e9 mito: estudos de entomologia confirmam que certas plantas arom\u00e1ticas afastam o <em>Aedes aegypti<\/em> e o mosquito comum com efici\u00eancia compar\u00e1vel \u00e0 de alguns produtos qu\u00edmicos. E sem liberar subst\u00e2ncias sint\u00e9ticas no ar da sua casa.<\/p>\n\n\n\n<h2 class=\"wp-block-heading\">Da varanda para o quarto: onde posicionar cada planta<\/h2>\n\n\n\n<p>A chave para um resultado de verdade est\u00e1 na <strong>posi\u00e7\u00e3o estrat\u00e9gica dos vasos<\/strong>. Colocar as ervas arom\u00e1ticas perto de janelas, portas e frestas \u00e9 o que faz a diferen\u00e7a, j\u00e1 que o aroma se concentra exatamente nos pontos de entrada dos insetos.<\/p>\n\n\n\n<p>Nas janelas voltadas para o leste ou oeste, onde bate sol pela manh\u00e3 ou \u00e0 tarde, a maioria dessas plantas cresce com facilidade em vasos simples. Quanto mais folhas expostas ao calor, maior a libera\u00e7\u00e3o dos \u00f3leos essenciais e, consequentemente, maior o poder repelente natural.<\/p>\n\n\n\n<figure class=\"wp-block-image size-large\"><img loading=\"lazy\" decoding=\"async\" width=\"1024\" height=\"576\" src=\"https:\/\/www.em.com.br\/emfoco\/wp-content\/uploads\/2026\/05\/As-ervas-aromaticas-para-a-janela-que-afastam-mosquitos-e-pernilongos-da-casa-melhor-do-que-repelentes-de-tomada-1024x576.jpg\" alt=\"As ervas arom\u00e1ticas para a janela que afastam mosquitos e pernilongos da casa melhor do que repelentes de tomada\" class=\"wp-image-202629\" srcset=\"https:\/\/www.em.com.br\/emfoco\/wp-content\/uploads\/2026\/05\/As-ervas-aromaticas-para-a-janela-que-afastam-mosquitos-e-pernilongos-da-casa-melhor-do-que-repelentes-de-tomada-1024x576.jpg 1024w, https:\/\/www.em.com.br\/emfoco\/wp-content\/uploads\/2026\/05\/As-ervas-aromaticas-para-a-janela-que-afastam-mosquitos-e-pernilongos-da-casa-melhor-do-que-repelentes-de-tomada-300x169.jpg 300w, https:\/\/www.em.com.br\/emfoco\/wp-content\/uploads\/2026\/05\/As-ervas-aromaticas-para-a-janela-que-afastam-mosquitos-e-pernilongos-da-casa-melhor-do-que-repelentes-de-tomada-768x432.jpg 768w, https:\/\/www.em.com.br\/emfoco\/wp-content\/uploads\/2026\/05\/As-ervas-aromaticas-para-a-janela-que-afastam-mosquitos-e-pernilongos-da-casa-melhor-do-que-repelentes-de-tomada-750x422.jpg 750w, https:\/\/www.em.com.br\/emfoco\/wp-content\/uploads\/2026\/05\/As-ervas-aromaticas-para-a-janela-que-afastam-mosquitos-e-pernilongos-da-casa-melhor-do-que-repelentes-de-tomada-1140x641.jpg 1140w, https:\/\/www.em.com.br\/emfoco\/wp-content\/uploads\/2026\/05\/As-ervas-aromaticas-para-a-janela-que-afastam-mosquitos-e-pernilongos-da-casa-melhor-do-que-repelentes-de-tomada.jpg 1280w\" sizes=\"auto, (max-width: 1024px) 100vw, 1024px\" \/><figcaption class=\"wp-element-caption\">O aroma das plantas cria uma barreira invis\u00edvel.<\/figcaption><\/figure>\n\n\n\n<h2 class=\"wp-block-heading\">Quais ervas plantar e o que cada uma faz<\/h2>\n\n\n\n<p>Nem toda erva arom\u00e1tica tem o mesmo efeito contra mosquitos. Algumas se destacam pela intensidade do aroma, outras pela facilidade de cultivo em ambientes internos. Confira as melhores op\u00e7\u00f5es para ter na janela:<\/p>\n\n\n\n<ul class=\"wp-block-list\">\n<li><strong>Citronela:<\/strong> a mais famosa no combate ao mosquito. Libera citronelol, composto amplamente usado em repelentes industriais. Prefere sol direto e solo \u00famido.<\/li>\n\n\n\n<li><strong>Manjeric\u00e3o:<\/strong> al\u00e9m de ser indispens\u00e1vel na cozinha, o aroma intenso das folhas afasta pernilongos, moscas e at\u00e9 pulg\u00f5es. Cresce bem em vasos pequenos.<\/li>\n\n\n\n<li><strong>Lavanda:<\/strong> o perfume suave para n\u00f3s \u00e9 insuport\u00e1vel para mosquitos. Ainda tem efeito calmante no ambiente, \u00f3tima para quartos e salas.<\/li>\n\n\n\n<li><strong>Hortel\u00e3:<\/strong> o mentol presente nas folhas confunde os insetos. Cresce r\u00e1pido, at\u00e9 em copos com \u00e1gua, e pode ser usada em ch\u00e1s e receitas.<\/li>\n\n\n\n<li><strong>Alecrim:<\/strong> resistente ao calor e \u00e0 seca, o alecrim libera compostos como o c\u00e2nfora, que repelem o <em>Aedes aegypti<\/em> e outros mosquitos.<\/li>\n\n\n\n<li><strong>Capim-lim\u00e3o (erva-cidreira):<\/strong> rico em citral, tem aroma c\u00edtrico intenso e \u00e9 uma das plantas mais eficazes como repelente natural em regi\u00f5es tropicais.<\/li>\n<\/ul>\n\n\n\n<div style=\"background:#f8f9fa;border-radius:12px;padding:24px 28px;margin:24px 0;box-shadow:0 2px 12px rgba(30,90,200,0.08);font-family:'Inter',sans-serif;max-width:640px;margin-left:auto;margin-right:auto;\">\r\n  <p style=\"text-align:center;font-weight:700;font-size:1rem;color:#1a1a1a;margin:0 0 16px 0;letter-spacing:0.01em;\">\ud83d\udccc Pontos-chave<\/p>\r\n  <div style=\"display:flex;flex-direction:column;gap:12px;\">\r\n    <div style=\"background:#fff;border-radius:8px;padding:14px 18px;box-shadow:0 1px 6px rgba(30,90,200,0.07);\">\r\n      <span style=\"font-weight:600;color:#1a1a1a;\">\ud83c\udf1e Sol \u00e9 aliado<\/span>\r\n      <p style=\"margin:4px 0 0 0;color:#333;font-size:0.95rem;\">O calor potencializa a libera\u00e7\u00e3o dos \u00f3leos essenciais. Quanto mais sol a planta recebe, mais forte \u00e9 o aroma repelente.<\/p>\r\n    <\/div>\r\n    <div style=\"background:#fff;border-radius:8px;padding:14px 18px;box-shadow:0 1px 6px rgba(30,90,200,0.07);\">\r\n      <span style=\"font-weight:600;color:#1a1a1a;\">\u270b Esfregue as folhas<\/span>\r\n      <p style=\"margin:4px 0 0 0;color:#333;font-size:0.95rem;\">Pressionar levemente as folhas libera mais \u00f3leo essencial no ar. Um gesto simples que turbina o efeito repelente na hora que mais importa.<\/p>\r\n    <\/div>\r\n    <div style=\"background:#fff;border-radius:8px;padding:14px 18px;box-shadow:0 1px 6px rgba(30,90,200,0.07);\">\r\n      <span style=\"font-weight:600;color:#1a1a1a;\">\ud83d\udd04 Combine plantas<\/span>\r\n      <p style=\"margin:4px 0 0 0;color:#333;font-size:0.95rem;\">Usar duas ou tr\u00eas ervas juntas cria uma barreira arom\u00e1tica mais completa, j\u00e1 que cada planta age sobre compostos diferentes dos insetos.<\/p>\r\n    <\/div>\r\n  <\/div>\r\n<\/div>\n\n\n\n<h2 class=\"wp-block-heading\">O que muda no seu dia a dia quando a planta substitui o repelente el\u00e9trico<\/h2>\n\n\n\n<p>Os <strong>repelentes de tomada<\/strong> funcionam liberando permetrina ou pralletrina no ar, subst\u00e2ncias eficazes, mas que podem irritar vias respirat\u00f3rias, especialmente em crian\u00e7as, idosos e pessoas com asma. J\u00e1 as ervas arom\u00e1ticas agem de forma passiva, sem queimar, sem emitir fuma\u00e7a e sem custo mensal de refis.<\/p>\n\n\n\n<p>A troca tamb\u00e9m traz um b\u00f4nus inesperado: o ambiente fica com um aroma agrad\u00e1vel, as plantas decoram o espa\u00e7o e, no caso de manjeric\u00e3o, hortel\u00e3 e alecrim, ainda v\u00e3o direto para a sua receita favorita. \u00c9 praticidade e natureza trabalhando juntas.<\/p>\n\n\n\n<h2 class=\"wp-block-heading\">Um cuidado simples que faz toda a diferen\u00e7a<\/h2>\n\n\n\n<p>Para manter o poder repelente natural das ervas, o segredo \u00e9 n\u00e3o deixar o solo encharcar nem ressecar demais. Regar em pequenas quantidades a cada dois ou tr\u00eas dias e retirar folhas amareladas mant\u00e9m as plantas saud\u00e1veis e liberando aroma de forma cont\u00ednua, sem perder a efic\u00e1cia ao longo das semanas.<\/p>\n\n\n\n<p>Ter uma janela com ervas arom\u00e1ticas \u00e9 uma das formas mais silenciosas e eficientes de cuidar do ambiente da casa. Um cantinho verde que trabalha por voc\u00ea enquanto voc\u00ea dorme, sem zumbido, sem picada e sem qu\u00edmica desnecess\u00e1ria no ar.<\/p>\n\n\n\n<p>Gostou dessa dica? Compartilhe com quem tamb\u00e9m sofre com mosquitos em casa e ajude mais pessoas a descobrirem essa solu\u00e7\u00e3o natural e acess\u00edvel.<\/p>\n","protected":false},"excerpt":{"rendered":"<p>\u2728 Destaques \ud83c\udf3f Repelente natural Ervas como citronela, manjeric\u00e3o e lavanda liberam compostos que repelem mosquitos e pernilongos de forma eficaz e segura. \ud83e\udeb4 F\u00e1ceis de cultivar Essas plantas se adaptam bem a vasos pequenos e janelas ensolaradas, sem precisar de jardim ou espa\u00e7o externo. \ud83d\udcb8 Economia e bem-estar Al\u00e9m de afastar insetos, as ervas [&hellip;]<\/p>\n","protected":false},"author":5,"featured_media":202628,"comment_status":"open","ping_status":"open","sticky":false,"template":"","format":"standard","meta":{"jnews-multi-image_gallery":[],"jnews_single_post":{"format":"standard"},"jnews_primary_category":[],"jnews_social_meta":[],"jnews_override_counter":[],"footnotes":""},"categories":[8819],"tags":[8640,6785,7644,7643],"class_list":["post-202624","post","type-post","status-publish","format-standard","has-post-thumbnail","hentry","category-curiosidades","tag-citronela","tag-ervas-aromaticas","tag-plantas-contra-mosquitos","tag-repelente-natural"],"yoast_head":"<!-- This site is optimized with the Yoast SEO plugin v23.8 - https:\/\/yoast.com\/wordpress\/plugins\/seo\/ -->\n<title>As ervas arom\u00e1ticas para a janela que afastam mosquitos e pernilongos da casa melhor do que repelentes de tomada - Estado de Minas - Em foco<\/title>\n<meta name=\"description\" content=\"Uma solu\u00e7\u00e3o pr\u00e1tica e acess\u00edvel pode transformar sua rotina dentro de casa sem depender de produtos artificiais ou gastos constantes.\" \/>\n<meta name=\"robots\" content=\"index, follow, max-snippet:-1, max-image-preview:large, max-video-preview:-1\" \/>\n<link rel=\"canonical\" href=\"https:\/\/www.em.com.br\/emfoco\/2026\/05\/01\/as-ervas-aromaticas-para-a-janela-que-afastam-mosquitos-e-pernilongos-da-casa-melhor-do-que-repelentes-de-tomada\/\" \/>\n<meta property=\"og:locale\" content=\"pt_BR\" \/>\n<meta property=\"og:type\" content=\"article\" \/>\n<meta property=\"og:title\" content=\"As ervas arom\u00e1ticas para a janela que afastam mosquitos e pernilongos da casa melhor do que repelentes de tomada - Estado de Minas - Em foco\" \/>\n<meta property=\"og:description\" content=\"Uma solu\u00e7\u00e3o pr\u00e1tica e acess\u00edvel pode transformar sua rotina dentro de casa sem depender de produtos artificiais ou gastos constantes.\" \/>\n<meta property=\"og:url\" content=\"https:\/\/www.em.com.br\/emfoco\/2026\/05\/01\/as-ervas-aromaticas-para-a-janela-que-afastam-mosquitos-e-pernilongos-da-casa-melhor-do-que-repelentes-de-tomada\/\" \/>\n<meta property=\"og:site_name\" content=\"Estado de Minas - Em foco\" \/>\n<meta property=\"article:published_time\" content=\"2026-05-01T13:08:00+00:00\" \/>\n<meta property=\"article:modified_time\" content=\"2026-05-01T11:22:25+00:00\" \/>\n<meta property=\"og:image\" content=\"https:\/\/www.em.com.br\/emfoco\/wp-content\/uploads\/2026\/05\/As-ervas-aromaticas-para-a-janela-que-afastam-mosquitos-e-pernilongos-da-casa-melhor-do-que-repelentes-de-tomada-1.jpg\" \/>\n\t<meta property=\"og:image:width\" content=\"1280\" \/>\n\t<meta property=\"og:image:height\" content=\"720\" \/>\n\t<meta property=\"og:image:type\" content=\"image\/jpeg\" \/>\n<meta name=\"author\" content=\"N\u00fabia Rangel\" \/>\n<meta name=\"twitter:card\" content=\"summary_large_image\" \/>\n<meta name=\"twitter:label1\" content=\"Escrito por\" \/>\n\t<meta name=\"twitter:data1\" content=\"N\u00fabia Rangel\" \/>\n\t<meta name=\"twitter:label2\" content=\"Est. tempo de leitura\" \/>\n\t<meta name=\"twitter:data2\" content=\"5 minutos\" \/>\n<!-- \/ Yoast SEO plugin. -->","yoast_head_json":{"title":"As ervas arom\u00e1ticas para a janela que afastam mosquitos e pernilongos da casa melhor do que repelentes de tomada - Estado de Minas - Em foco","description":"Uma solu\u00e7\u00e3o pr\u00e1tica e acess\u00edvel pode transformar sua rotina dentro de casa sem depender de produtos artificiais ou gastos constantes.","robots":{"index":"index","follow":"follow","max-snippet":"max-snippet:-1","max-image-preview":"max-image-preview:large","max-video-preview":"max-video-preview:-1"},"canonical":"https:\/\/www.em.com.br\/emfoco\/2026\/05\/01\/as-ervas-aromaticas-para-a-janela-que-afastam-mosquitos-e-pernilongos-da-casa-melhor-do-que-repelentes-de-tomada\/","og_locale":"pt_BR","og_type":"article","og_title":"As ervas arom\u00e1ticas para a janela que afastam mosquitos e pernilongos da casa melhor do que repelentes de tomada - Estado de Minas - Em foco","og_description":"Uma solu\u00e7\u00e3o pr\u00e1tica e acess\u00edvel pode transformar sua rotina dentro de casa sem depender de produtos artificiais ou gastos constantes.","og_url":"https:\/\/www.em.com.br\/emfoco\/2026\/05\/01\/as-ervas-aromaticas-para-a-janela-que-afastam-mosquitos-e-pernilongos-da-casa-melhor-do-que-repelentes-de-tomada\/","og_site_name":"Estado de Minas - Em foco","article_published_time":"2026-05-01T13:08:00+00:00","article_modified_time":"2026-05-01T11:22:25+00:00","og_image":[{"width":1280,"height":720,"url":"https:\/\/www.em.com.br\/emfoco\/wp-content\/uploads\/2026\/05\/As-ervas-aromaticas-para-a-janela-que-afastam-mosquitos-e-pernilongos-da-casa-melhor-do-que-repelentes-de-tomada-1.jpg","type":"image\/jpeg"}],"author":"N\u00fabia Rangel","twitter_card":"summary_large_image","twitter_misc":{"Escrito por":"N\u00fabia Rangel","Est. tempo de leitura":"5 minutos"},"schema":{"@context":"https:\/\/schema.org","@graph":[{"@type":"WebPage","@id":"https:\/\/www.em.com.br\/emfoco\/2026\/05\/01\/as-ervas-aromaticas-para-a-janela-que-afastam-mosquitos-e-pernilongos-da-casa-melhor-do-que-repelentes-de-tomada\/","url":"https:\/\/www.em.com.br\/emfoco\/2026\/05\/01\/as-ervas-aromaticas-para-a-janela-que-afastam-mosquitos-e-pernilongos-da-casa-melhor-do-que-repelentes-de-tomada\/","name":"As ervas arom\u00e1ticas para a janela que afastam mosquitos e pernilongos da casa melhor do que repelentes de tomada - Estado de Minas - Em foco","isPartOf":{"@id":"https:\/\/www.em.com.br\/emfoco\/#website"},"primaryImageOfPage":{"@id":"https:\/\/www.em.com.br\/emfoco\/2026\/05\/01\/as-ervas-aromaticas-para-a-janela-que-afastam-mosquitos-e-pernilongos-da-casa-melhor-do-que-repelentes-de-tomada\/#primaryimage"},"image":{"@id":"https:\/\/www.em.com.br\/emfoco\/2026\/05\/01\/as-ervas-aromaticas-para-a-janela-que-afastam-mosquitos-e-pernilongos-da-casa-melhor-do-que-repelentes-de-tomada\/#primaryimage"},"thumbnailUrl":"https:\/\/www.em.com.br\/emfoco\/wp-content\/uploads\/2026\/05\/As-ervas-aromaticas-para-a-janela-que-afastam-mosquitos-e-pernilongos-da-casa-melhor-do-que-repelentes-de-tomada-1.jpg","datePublished":"2026-05-01T13:08:00+00:00","dateModified":"2026-05-01T11:22:25+00:00","author":{"@id":"https:\/\/www.em.com.br\/emfoco\/#\/schema\/person\/524437ef54f8a5d32591b143307f2e20"},"description":"Uma solu\u00e7\u00e3o pr\u00e1tica e acess\u00edvel pode transformar sua rotina dentro de casa sem depender de produtos artificiais ou gastos constantes.","breadcrumb":{"@id":"https:\/\/www.em.com.br\/emfoco\/2026\/05\/01\/as-ervas-aromaticas-para-a-janela-que-afastam-mosquitos-e-pernilongos-da-casa-melhor-do-que-repelentes-de-tomada\/#breadcrumb"},"inLanguage":"pt-BR","potentialAction":[{"@type":"ReadAction","target":["https:\/\/www.em.com.br\/emfoco\/2026\/05\/01\/as-ervas-aromaticas-para-a-janela-que-afastam-mosquitos-e-pernilongos-da-casa-melhor-do-que-repelentes-de-tomada\/"]}]},{"@type":"ImageObject","inLanguage":"pt-BR","@id":"https:\/\/www.em.com.br\/emfoco\/2026\/05\/01\/as-ervas-aromaticas-para-a-janela-que-afastam-mosquitos-e-pernilongos-da-casa-melhor-do-que-repelentes-de-tomada\/#primaryimage","url":"https:\/\/www.em.com.br\/emfoco\/wp-content\/uploads\/2026\/05\/As-ervas-aromaticas-para-a-janela-que-afastam-mosquitos-e-pernilongos-da-casa-melhor-do-que-repelentes-de-tomada-1.jpg","contentUrl":"https:\/\/www.em.com.br\/emfoco\/wp-content\/uploads\/2026\/05\/As-ervas-aromaticas-para-a-janela-que-afastam-mosquitos-e-pernilongos-da-casa-melhor-do-que-repelentes-de-tomada-1.jpg","width":1280,"height":720,"caption":"Ervas arom\u00e1ticas afastam mosquitos de forma natural."},{"@type":"BreadcrumbList","@id":"https:\/\/www.em.com.br\/emfoco\/2026\/05\/01\/as-ervas-aromaticas-para-a-janela-que-afastam-mosquitos-e-pernilongos-da-casa-melhor-do-que-repelentes-de-tomada\/#breadcrumb","itemListElement":[{"@type":"ListItem","position":1,"name":"In\u00edcio","item":"https:\/\/www.em.com.br\/emfoco\/"},{"@type":"ListItem","position":2,"name":"As ervas arom\u00e1ticas para a janela que afastam mosquitos e pernilongos da casa melhor do que repelentes de tomada"}]},{"@type":"WebSite","@id":"https:\/\/www.em.com.br\/emfoco\/#website","url":"https:\/\/www.em.com.br\/emfoco\/","name":"Estado de Minas - Em foco","description":"Acompanhe as \u00faltimas not\u00edcias e fique bem informado sobre tudo o que acontece em Minas Gerais, Brasil e no mundo.","potentialAction":[{"@type":"SearchAction","target":{"@type":"EntryPoint","urlTemplate":"https:\/\/www.em.com.br\/emfoco\/?s={search_term_string}"},"query-input":{"@type":"PropertyValueSpecification","valueRequired":true,"valueName":"search_term_string"}}],"inLanguage":"pt-BR"},{"@type":"Person","@id":"https:\/\/www.em.com.br\/emfoco\/#\/schema\/person\/524437ef54f8a5d32591b143307f2e20","name":"N\u00fabia Rangel","image":{"@type":"ImageObject","inLanguage":"pt-BR","@id":"https:\/\/www.em.com.br\/emfoco\/#\/schema\/person\/image\/","url":"https:\/\/secure.gravatar.com\/avatar\/47cff2827a5ba23c37e8068c86817ea4?s=96&d=mm&r=g","contentUrl":"https:\/\/secure.gravatar.com\/avatar\/47cff2827a5ba23c37e8068c86817ea4?s=96&d=mm&r=g","caption":"N\u00fabia Rangel"},"sameAs":["https:\/\/www.em.com.br\/emfoco\/"],"url":"https:\/\/www.em.com.br\/emfoco\/author\/nubiamyth\/"}]}},"_links":{"self":[{"href":"https:\/\/www.em.com.br\/emfoco\/wp-json\/wp\/v2\/posts\/202624","targetHints":{"allow":["GET"]}}],"collection":[{"href":"https:\/\/www.em.com.br\/emfoco\/wp-json\/wp\/v2\/posts"}],"about":[{"href":"https:\/\/www.em.com.br\/emfoco\/wp-json\/wp\/v2\/types\/post"}],"author":[{"embeddable":true,"href":"https:\/\/www.em.com.br\/emfoco\/wp-json\/wp\/v2\/users\/5"}],"replies":[{"embeddable":true,"href":"https:\/\/www.em.com.br\/emfoco\/wp-json\/wp\/v2\/comments?post=202624"}],"version-history":[{"count":1,"href":"https:\/\/www.em.com.br\/emfoco\/wp-json\/wp\/v2\/posts\/202624\/revisions"}],"predecessor-version":[{"id":202630,"href":"https:\/\/www.em.com.br\/emfoco\/wp-json\/wp\/v2\/posts\/202624\/revisions\/202630"}],"wp:featuredmedia":[{"embeddable":true,"href":"https:\/\/www.em.com.br\/emfoco\/wp-json\/wp\/v2\/media\/202628"}],"wp:attachment":[{"href":"https:\/\/www.em.com.br\/emfoco\/wp-json\/wp\/v2\/media?parent=202624"}],"wp:term":[{"taxonomy":"category","embeddable":true,"href":"https:\/\/www.em.com.br\/emfoco\/wp-json\/wp\/v2\/categories?post=202624"},{"taxonomy":"post_tag","embeddable":true,"href":"https:\/\/www.em.com.br\/emfoco\/wp-json\/wp\/v2\/tags?post=202624"}],"curies":[{"name":"wp","href":"https:\/\/api.w.org\/{rel}","templated":true}]}}