{"id":202615,"date":"2026-05-01T13:28:00","date_gmt":"2026-05-01T16:28:00","guid":{"rendered":"https:\/\/www.em.com.br\/emfoco\/?p=202615"},"modified":"2026-05-01T08:03:22","modified_gmt":"2026-05-01T11:03:22","slug":"conta-de-luz-mais-cara-em-maio-bandeira-tarifaria-muda-e-brasileiros-vao-pagar-a-mais-na-fatura","status":"publish","type":"post","link":"https:\/\/www.em.com.br\/emfoco\/2026\/05\/01\/conta-de-luz-mais-cara-em-maio-bandeira-tarifaria-muda-e-brasileiros-vao-pagar-a-mais-na-fatura\/","title":{"rendered":"Conta de luz mais cara em maio: bandeira tarif\u00e1ria muda e brasileiros v\u00e3o pagar a mais na fatura"},"content":{"rendered":"\n<p>Se voc\u00ea j\u00e1 estava acostumado a receber a conta de luz sem sustos, prepare-se: <strong>maio de 2026<\/strong> chegou com uma mudan\u00e7a que vai pesar no or\u00e7amento. A <strong>bandeira tarif\u00e1ria<\/strong> saiu do verde e passou para o amarelo, o que significa um custo extra na fatura de energia de todos os consumidores ligados ao sistema el\u00e9trico nacional.<\/p>\n\n\n\n<h2 class=\"wp-block-heading\">O sinal amarelo que a Aneel acendeu para o m\u00eas de maio<\/h2>\n\n\n\n<p>A <a href=\"https:\/\/www.gov.br\/aneel\/pt-br\" target=\"_blank\" rel=\"noreferrer noopener\">Aneel<\/a> (Ag\u00eancia Nacional de Energia El\u00e9trica) confirmou no dia 24 de abril que a <strong>bandeira tarif\u00e1ria de maio de 2026<\/strong> ser\u00e1 amarela. Na pr\u00e1tica, isso representa um acr\u00e9scimo de <strong>R$ 1,885 a cada 100 kWh consumidos<\/strong> na conta de luz. O valor incide sobre resid\u00eancias, com\u00e9rcios e ind\u00fastrias conectados ao <strong>Sistema Interligado Nacional<\/strong> (SIN).<\/p>\n\n\n\n<p>A decis\u00e3o foi motivada pela redu\u00e7\u00e3o das chuvas na transi\u00e7\u00e3o do per\u00edodo \u00famido para o seco, cen\u00e1rio que diminui a gera\u00e7\u00e3o de energia nas hidrel\u00e9tricas e obriga o acionamento de <strong>usinas termel\u00e9tricas<\/strong>, que custam mais caro para operar. Desde janeiro, a conta de luz vinha com bandeira verde, sem nenhum acr\u00e9scimo.<\/p>\n\n\n\n<h2 class=\"wp-block-heading\">Afinal, quanto a mais voc\u00ea vai pagar na fatura?<\/h2>\n\n\n\n<p>Para quem consome cerca de 200 kWh por m\u00eas (m\u00e9dia de uma fam\u00edlia de tr\u00eas pessoas), a bandeira amarela adiciona aproximadamente <strong>R$ 3,77 \u00e0 conta de luz<\/strong>. Pode parecer pouco \u00e0 primeira vista, mas \u00e9 bom lembrar que esse valor \u00e9 apenas o come\u00e7o. Se as chuvas continuarem escassas nos pr\u00f3ximos meses, a <strong>bandeira tarif\u00e1ria<\/strong> pode subir para vermelha, e a\u00ed o impacto cresce consideravelmente.<\/p>\n\n\n\n<p>Quem consome 300 kWh, por exemplo, j\u00e1 sente um acr\u00e9scimo de cerca de <strong>R$ 5,65<\/strong> no m\u00eas. E se a bandeira escalar para vermelha patamar 2 no per\u00edodo seco, esse mesmo consumo poderia gerar um custo extra de quase <strong>R$ 23,63<\/strong>, um salto que faz diferen\u00e7a no or\u00e7amento familiar.<\/p>\n\n\n\n<figure class=\"wp-block-image size-large\"><img loading=\"lazy\" decoding=\"async\" width=\"1024\" height=\"576\" src=\"https:\/\/www.em.com.br\/emfoco\/wp-content\/uploads\/2026\/05\/Conta-de-luz-mais-cara-em-maio-bandeira-tarifaria-muda-e-brasileiros-vao-pagar-a-mais-na-fatura-1024x576.jpg\" alt=\"Conta de luz mais cara em maio: bandeira tarif\u00e1ria muda e brasileiros v\u00e3o pagar a mais na fatura\" class=\"wp-image-202620\" srcset=\"https:\/\/www.em.com.br\/emfoco\/wp-content\/uploads\/2026\/05\/Conta-de-luz-mais-cara-em-maio-bandeira-tarifaria-muda-e-brasileiros-vao-pagar-a-mais-na-fatura-1024x576.jpg 1024w, https:\/\/www.em.com.br\/emfoco\/wp-content\/uploads\/2026\/05\/Conta-de-luz-mais-cara-em-maio-bandeira-tarifaria-muda-e-brasileiros-vao-pagar-a-mais-na-fatura-300x169.jpg 300w, https:\/\/www.em.com.br\/emfoco\/wp-content\/uploads\/2026\/05\/Conta-de-luz-mais-cara-em-maio-bandeira-tarifaria-muda-e-brasileiros-vao-pagar-a-mais-na-fatura-768x432.jpg 768w, https:\/\/www.em.com.br\/emfoco\/wp-content\/uploads\/2026\/05\/Conta-de-luz-mais-cara-em-maio-bandeira-tarifaria-muda-e-brasileiros-vao-pagar-a-mais-na-fatura-750x422.jpg 750w, https:\/\/www.em.com.br\/emfoco\/wp-content\/uploads\/2026\/05\/Conta-de-luz-mais-cara-em-maio-bandeira-tarifaria-muda-e-brasileiros-vao-pagar-a-mais-na-fatura-1140x641.jpg 1140w, https:\/\/www.em.com.br\/emfoco\/wp-content\/uploads\/2026\/05\/Conta-de-luz-mais-cara-em-maio-bandeira-tarifaria-muda-e-brasileiros-vao-pagar-a-mais-na-fatura.jpg 1280w\" sizes=\"auto, (max-width: 1024px) 100vw, 1024px\" \/><figcaption class=\"wp-element-caption\">Conta de luz come\u00e7a maio com valor mais alto.<\/figcaption><\/figure>\n\n\n\n<h2 class=\"wp-block-heading\">Verde, amarela, vermelha: o sem\u00e1foro da sua conta de energia<\/h2>\n\n\n\n<p>O sistema de <strong>bandeiras tarif\u00e1rias<\/strong> funciona como um sem\u00e1foro que informa ao consumidor as condi\u00e7\u00f5es de gera\u00e7\u00e3o de <strong>energia el\u00e9trica<\/strong> no pa\u00eds. Criado em 2015 pela Aneel, ele \u00e9 revisado m\u00eas a m\u00eas com base na avalia\u00e7\u00e3o do <strong>Operador Nacional do Sistema El\u00e9trico<\/strong> (ONS). Veja como cada cor afeta o valor da sua conta:<\/p>\n\n\n\n<ul class=\"wp-block-list\">\n<li><strong>Bandeira verde:<\/strong> condi\u00e7\u00f5es favor\u00e1veis de gera\u00e7\u00e3o. N\u00e3o h\u00e1 nenhum acr\u00e9scimo na tarifa de energia.<\/li>\n\n\n\n<li><strong>Bandeira amarela:<\/strong> gera\u00e7\u00e3o menos favor\u00e1vel. Acr\u00e9scimo de <strong>R$ 1,885 a cada 100 kWh<\/strong> consumidos.<\/li>\n\n\n\n<li><strong>Bandeira vermelha patamar 1:<\/strong> condi\u00e7\u00f5es mais custosas. Acr\u00e9scimo de <strong>R$ 4,463 por 100 kWh<\/strong> consumidos.<\/li>\n\n\n\n<li><strong>Bandeira vermelha patamar 2:<\/strong> situa\u00e7\u00e3o cr\u00edtica de gera\u00e7\u00e3o. Acr\u00e9scimo de <strong>R$ 7,877 por 100 kWh<\/strong> consumidos.<\/li>\n<\/ul>\n\n\n\n<h2 class=\"wp-block-heading\">Dicas certeiras para aliviar a conta de luz a partir de agora<\/h2>\n\n\n\n<p>Com a <strong>bandeira tarif\u00e1ria amarela<\/strong> em vigor e a possibilidade de escalada nos pr\u00f3ximos meses do per\u00edodo seco, adotar h\u00e1bitos de <strong>consumo consciente de energia<\/strong> faz toda a diferen\u00e7a. O chuveiro el\u00e9trico, por exemplo, \u00e9 o campe\u00e3o de gastos na maioria dos lares brasileiros. Reduzir o tempo de banho e manter a chave na posi\u00e7\u00e3o &#8220;ver\u00e3o&#8221; quando o clima permitir j\u00e1 diminui bastante o consumo.<\/p>\n\n\n\n<p>Outras medidas simples tamb\u00e9m ajudam: trocar l\u00e2mpadas convencionais por <strong>LED<\/strong> (que consome at\u00e9 80% menos energia), desligar aparelhos da tomada em vez de deix\u00e1-los em stand-by, usar a m\u00e1quina de lavar apenas com carga completa e manter o <strong>ar-condicionado<\/strong> na faixa de 23\u00b0C a 25\u00b0C. Juntas, essas atitudes podem representar uma economia significativa na <strong>fatura de energia<\/strong>.<\/p>\n\n\n\n<h2 class=\"wp-block-heading\">O que esperar da conta de luz nos pr\u00f3ximos meses<\/h2>\n\n\n\n<p>O per\u00edodo seco no Brasil costuma se estender de maio a outubro, e historicamente \u00e9 nesse intervalo que as <strong>bandeiras tarif\u00e1rias<\/strong> mais pesadas aparecem. A Aneel divulga a <strong>bandeira de junho<\/strong> no \u00faltimo dia \u00fatil de maio, e a evolu\u00e7\u00e3o depende diretamente do n\u00edvel dos reservat\u00f3rios das hidrel\u00e9tricas e do volume de chuvas. Ficar de olho nas atualiza\u00e7\u00f5es da ag\u00eancia reguladora e ajustar o consumo de <strong>energia el\u00e9trica<\/strong> desde j\u00e1 \u00e9 a melhor forma de evitar surpresas na fatura.<\/p>\n\n\n\n<p>A mudan\u00e7a da bandeira tarif\u00e1ria para amarelo em maio \u00e9 um lembrete de que o custo da <strong>energia no Brasil<\/strong> acompanha o ritmo da natureza. Mais do que reclamar do acr\u00e9scimo, vale transformar esse momento em oportunidade para rever h\u00e1bitos, economizar e chegar ao fim do per\u00edodo seco com a conta de luz sob controle.<\/p>\n\n\n\n<p>Gostou de entender como a <strong>bandeira tarif\u00e1ria<\/strong> impacta a sua conta de luz? Compartilhe este artigo com amigos e familiares para que todos possam se preparar e economizar energia neste per\u00edodo.<\/p>\n","protected":false},"excerpt":{"rendered":"<p>Se voc\u00ea j\u00e1 estava acostumado a receber a conta de luz sem sustos, prepare-se: maio de 2026 chegou com uma mudan\u00e7a que vai pesar no or\u00e7amento. A bandeira tarif\u00e1ria saiu do verde e passou para o amarelo, o que significa um custo extra na fatura de energia de todos os consumidores ligados ao sistema el\u00e9trico [&hellip;]<\/p>\n","protected":false},"author":5,"featured_media":202619,"comment_status":"open","ping_status":"open","sticky":false,"template":"","format":"standard","meta":{"jnews-multi-image_gallery":[],"jnews_single_post":{"format":"standard"},"jnews_primary_category":[],"jnews_social_meta":[],"jnews_override_counter":[],"footnotes":""},"categories":[1],"tags":[29138,29137,1018,1017],"class_list":["post-202615","post","type-post","status-publish","format-standard","has-post-thumbnail","hentry","category-noticias","tag-aumento-energia","tag-bandeira-tarifaria","tag-conta-de-luz","tag-energia-eletrica"],"yoast_head":"<!-- This site is optimized with the Yoast SEO plugin v23.8 - https:\/\/yoast.com\/wordpress\/plugins\/seo\/ -->\n<title>Conta de luz mais cara em maio: bandeira tarif\u00e1ria muda e brasileiros v\u00e3o pagar a mais na fatura - Estado de Minas - Em foco<\/title>\n<meta name=\"description\" content=\"Um novo cen\u00e1rio na conta de luz preocupa consumidores e indica que o impacto pode crescer, exigindo mudan\u00e7as no consumo.\" \/>\n<meta name=\"robots\" content=\"index, follow, max-snippet:-1, max-image-preview:large, max-video-preview:-1\" \/>\n<link rel=\"canonical\" href=\"https:\/\/www.em.com.br\/emfoco\/2026\/05\/01\/conta-de-luz-mais-cara-em-maio-bandeira-tarifaria-muda-e-brasileiros-vao-pagar-a-mais-na-fatura\/\" \/>\n<meta property=\"og:locale\" content=\"pt_BR\" \/>\n<meta property=\"og:type\" content=\"article\" \/>\n<meta property=\"og:title\" content=\"Conta de luz mais cara em maio: bandeira tarif\u00e1ria muda e brasileiros v\u00e3o pagar a mais na fatura - Estado de Minas - Em foco\" \/>\n<meta property=\"og:description\" content=\"Um novo cen\u00e1rio na conta de luz preocupa consumidores e indica que o impacto pode crescer, exigindo mudan\u00e7as no consumo.\" \/>\n<meta property=\"og:url\" content=\"https:\/\/www.em.com.br\/emfoco\/2026\/05\/01\/conta-de-luz-mais-cara-em-maio-bandeira-tarifaria-muda-e-brasileiros-vao-pagar-a-mais-na-fatura\/\" \/>\n<meta property=\"og:site_name\" content=\"Estado de Minas - Em foco\" \/>\n<meta property=\"article:published_time\" content=\"2026-05-01T16:28:00+00:00\" \/>\n<meta property=\"article:modified_time\" content=\"2026-05-01T11:03:22+00:00\" \/>\n<meta property=\"og:image\" content=\"https:\/\/www.em.com.br\/emfoco\/wp-content\/uploads\/2026\/05\/Conta-de-luz-mais-cara-em-maio-bandeira-tarifaria-muda-e-brasileiros-vao-pagar-a-mais-na-fatura-1.jpg\" \/>\n\t<meta property=\"og:image:width\" content=\"1280\" \/>\n\t<meta property=\"og:image:height\" content=\"720\" \/>\n\t<meta property=\"og:image:type\" content=\"image\/jpeg\" \/>\n<meta name=\"author\" content=\"N\u00fabia Rangel\" \/>\n<meta name=\"twitter:card\" content=\"summary_large_image\" \/>\n<meta name=\"twitter:label1\" content=\"Escrito por\" \/>\n\t<meta name=\"twitter:data1\" content=\"N\u00fabia Rangel\" \/>\n\t<meta name=\"twitter:label2\" content=\"Est. tempo de leitura\" \/>\n\t<meta name=\"twitter:data2\" content=\"5 minutos\" \/>\n<!-- \/ Yoast SEO plugin. -->","yoast_head_json":{"title":"Conta de luz mais cara em maio: bandeira tarif\u00e1ria muda e brasileiros v\u00e3o pagar a mais na fatura - Estado de Minas - Em foco","description":"Um novo cen\u00e1rio na conta de luz preocupa consumidores e indica que o impacto pode crescer, exigindo mudan\u00e7as no consumo.","robots":{"index":"index","follow":"follow","max-snippet":"max-snippet:-1","max-image-preview":"max-image-preview:large","max-video-preview":"max-video-preview:-1"},"canonical":"https:\/\/www.em.com.br\/emfoco\/2026\/05\/01\/conta-de-luz-mais-cara-em-maio-bandeira-tarifaria-muda-e-brasileiros-vao-pagar-a-mais-na-fatura\/","og_locale":"pt_BR","og_type":"article","og_title":"Conta de luz mais cara em maio: bandeira tarif\u00e1ria muda e brasileiros v\u00e3o pagar a mais na fatura - Estado de Minas - Em foco","og_description":"Um novo cen\u00e1rio na conta de luz preocupa consumidores e indica que o impacto pode crescer, exigindo mudan\u00e7as no consumo.","og_url":"https:\/\/www.em.com.br\/emfoco\/2026\/05\/01\/conta-de-luz-mais-cara-em-maio-bandeira-tarifaria-muda-e-brasileiros-vao-pagar-a-mais-na-fatura\/","og_site_name":"Estado de Minas - Em foco","article_published_time":"2026-05-01T16:28:00+00:00","article_modified_time":"2026-05-01T11:03:22+00:00","og_image":[{"width":1280,"height":720,"url":"https:\/\/www.em.com.br\/emfoco\/wp-content\/uploads\/2026\/05\/Conta-de-luz-mais-cara-em-maio-bandeira-tarifaria-muda-e-brasileiros-vao-pagar-a-mais-na-fatura-1.jpg","type":"image\/jpeg"}],"author":"N\u00fabia Rangel","twitter_card":"summary_large_image","twitter_misc":{"Escrito por":"N\u00fabia Rangel","Est. tempo de leitura":"5 minutos"},"schema":{"@context":"https:\/\/schema.org","@graph":[{"@type":"WebPage","@id":"https:\/\/www.em.com.br\/emfoco\/2026\/05\/01\/conta-de-luz-mais-cara-em-maio-bandeira-tarifaria-muda-e-brasileiros-vao-pagar-a-mais-na-fatura\/","url":"https:\/\/www.em.com.br\/emfoco\/2026\/05\/01\/conta-de-luz-mais-cara-em-maio-bandeira-tarifaria-muda-e-brasileiros-vao-pagar-a-mais-na-fatura\/","name":"Conta de luz mais cara em maio: bandeira tarif\u00e1ria muda e brasileiros v\u00e3o pagar a mais na fatura - Estado de Minas - Em foco","isPartOf":{"@id":"https:\/\/www.em.com.br\/emfoco\/#website"},"primaryImageOfPage":{"@id":"https:\/\/www.em.com.br\/emfoco\/2026\/05\/01\/conta-de-luz-mais-cara-em-maio-bandeira-tarifaria-muda-e-brasileiros-vao-pagar-a-mais-na-fatura\/#primaryimage"},"image":{"@id":"https:\/\/www.em.com.br\/emfoco\/2026\/05\/01\/conta-de-luz-mais-cara-em-maio-bandeira-tarifaria-muda-e-brasileiros-vao-pagar-a-mais-na-fatura\/#primaryimage"},"thumbnailUrl":"https:\/\/www.em.com.br\/emfoco\/wp-content\/uploads\/2026\/05\/Conta-de-luz-mais-cara-em-maio-bandeira-tarifaria-muda-e-brasileiros-vao-pagar-a-mais-na-fatura-1.jpg","datePublished":"2026-05-01T16:28:00+00:00","dateModified":"2026-05-01T11:03:22+00:00","author":{"@id":"https:\/\/www.em.com.br\/emfoco\/#\/schema\/person\/524437ef54f8a5d32591b143307f2e20"},"description":"Um novo cen\u00e1rio na conta de luz preocupa consumidores e indica que o impacto pode crescer, exigindo mudan\u00e7as no consumo.","breadcrumb":{"@id":"https:\/\/www.em.com.br\/emfoco\/2026\/05\/01\/conta-de-luz-mais-cara-em-maio-bandeira-tarifaria-muda-e-brasileiros-vao-pagar-a-mais-na-fatura\/#breadcrumb"},"inLanguage":"pt-BR","potentialAction":[{"@type":"ReadAction","target":["https:\/\/www.em.com.br\/emfoco\/2026\/05\/01\/conta-de-luz-mais-cara-em-maio-bandeira-tarifaria-muda-e-brasileiros-vao-pagar-a-mais-na-fatura\/"]}]},{"@type":"ImageObject","inLanguage":"pt-BR","@id":"https:\/\/www.em.com.br\/emfoco\/2026\/05\/01\/conta-de-luz-mais-cara-em-maio-bandeira-tarifaria-muda-e-brasileiros-vao-pagar-a-mais-na-fatura\/#primaryimage","url":"https:\/\/www.em.com.br\/emfoco\/wp-content\/uploads\/2026\/05\/Conta-de-luz-mais-cara-em-maio-bandeira-tarifaria-muda-e-brasileiros-vao-pagar-a-mais-na-fatura-1.jpg","contentUrl":"https:\/\/www.em.com.br\/emfoco\/wp-content\/uploads\/2026\/05\/Conta-de-luz-mais-cara-em-maio-bandeira-tarifaria-muda-e-brasileiros-vao-pagar-a-mais-na-fatura-1.jpg","width":1280,"height":720,"caption":"Mudan\u00e7a recente j\u00e1 impacta o bolso das fam\u00edlias."},{"@type":"BreadcrumbList","@id":"https:\/\/www.em.com.br\/emfoco\/2026\/05\/01\/conta-de-luz-mais-cara-em-maio-bandeira-tarifaria-muda-e-brasileiros-vao-pagar-a-mais-na-fatura\/#breadcrumb","itemListElement":[{"@type":"ListItem","position":1,"name":"In\u00edcio","item":"https:\/\/www.em.com.br\/emfoco\/"},{"@type":"ListItem","position":2,"name":"Conta de luz mais cara em maio: bandeira tarif\u00e1ria muda e brasileiros v\u00e3o pagar a mais na fatura"}]},{"@type":"WebSite","@id":"https:\/\/www.em.com.br\/emfoco\/#website","url":"https:\/\/www.em.com.br\/emfoco\/","name":"Estado de Minas - Em foco","description":"Acompanhe as \u00faltimas not\u00edcias e fique bem informado sobre tudo o que acontece em Minas Gerais, Brasil e no mundo.","potentialAction":[{"@type":"SearchAction","target":{"@type":"EntryPoint","urlTemplate":"https:\/\/www.em.com.br\/emfoco\/?s={search_term_string}"},"query-input":{"@type":"PropertyValueSpecification","valueRequired":true,"valueName":"search_term_string"}}],"inLanguage":"pt-BR"},{"@type":"Person","@id":"https:\/\/www.em.com.br\/emfoco\/#\/schema\/person\/524437ef54f8a5d32591b143307f2e20","name":"N\u00fabia Rangel","image":{"@type":"ImageObject","inLanguage":"pt-BR","@id":"https:\/\/www.em.com.br\/emfoco\/#\/schema\/person\/image\/","url":"https:\/\/secure.gravatar.com\/avatar\/47cff2827a5ba23c37e8068c86817ea4?s=96&d=mm&r=g","contentUrl":"https:\/\/secure.gravatar.com\/avatar\/47cff2827a5ba23c37e8068c86817ea4?s=96&d=mm&r=g","caption":"N\u00fabia Rangel"},"sameAs":["https:\/\/www.em.com.br\/emfoco\/"],"url":"https:\/\/www.em.com.br\/emfoco\/author\/nubiamyth\/"}]}},"_links":{"self":[{"href":"https:\/\/www.em.com.br\/emfoco\/wp-json\/wp\/v2\/posts\/202615","targetHints":{"allow":["GET"]}}],"collection":[{"href":"https:\/\/www.em.com.br\/emfoco\/wp-json\/wp\/v2\/posts"}],"about":[{"href":"https:\/\/www.em.com.br\/emfoco\/wp-json\/wp\/v2\/types\/post"}],"author":[{"embeddable":true,"href":"https:\/\/www.em.com.br\/emfoco\/wp-json\/wp\/v2\/users\/5"}],"replies":[{"embeddable":true,"href":"https:\/\/www.em.com.br\/emfoco\/wp-json\/wp\/v2\/comments?post=202615"}],"version-history":[{"count":1,"href":"https:\/\/www.em.com.br\/emfoco\/wp-json\/wp\/v2\/posts\/202615\/revisions"}],"predecessor-version":[{"id":202621,"href":"https:\/\/www.em.com.br\/emfoco\/wp-json\/wp\/v2\/posts\/202615\/revisions\/202621"}],"wp:featuredmedia":[{"embeddable":true,"href":"https:\/\/www.em.com.br\/emfoco\/wp-json\/wp\/v2\/media\/202619"}],"wp:attachment":[{"href":"https:\/\/www.em.com.br\/emfoco\/wp-json\/wp\/v2\/media?parent=202615"}],"wp:term":[{"taxonomy":"category","embeddable":true,"href":"https:\/\/www.em.com.br\/emfoco\/wp-json\/wp\/v2\/categories?post=202615"},{"taxonomy":"post_tag","embeddable":true,"href":"https:\/\/www.em.com.br\/emfoco\/wp-json\/wp\/v2\/tags?post=202615"}],"curies":[{"name":"wp","href":"https:\/\/api.w.org\/{rel}","templated":true}]}}