{"id":202599,"date":"2026-05-01T10:48:00","date_gmt":"2026-05-01T13:48:00","guid":{"rendered":"https:\/\/www.em.com.br\/emfoco\/?p=202599"},"modified":"2026-05-01T07:19:27","modified_gmt":"2026-05-01T10:19:27","slug":"o-whatsapp-deixara-de-funcionar-em-alguns-dispositivos-android-a-partir-de-setembro-deste-ano","status":"publish","type":"post","link":"https:\/\/www.em.com.br\/emfoco\/2026\/05\/01\/o-whatsapp-deixara-de-funcionar-em-alguns-dispositivos-android-a-partir-de-setembro-deste-ano\/","title":{"rendered":"O WhatsApp deixar\u00e1 de funcionar em alguns dispositivos Android a partir de setembro deste ano"},"content":{"rendered":"\n<p>Se o seu celular j\u00e1 tem alguns bons anos de estrada, \u00e9 hora de prestar aten\u00e7\u00e3o. O <strong>WhatsApp<\/strong> confirmou que vai deixar de funcionar em aparelhos com vers\u00f5es antigas do <strong>Android<\/strong> a partir de setembro deste ano, e a mudan\u00e7a pode pegar muita gente de surpresa.<\/p>\n\n\n\n<h2 class=\"wp-block-heading\">O prazo est\u00e1 marcado: 8 de setembro muda tudo<\/h2>\n\n\n\n<p>A <strong>Meta<\/strong>, empresa respons\u00e1vel pelo WhatsApp, anunciou que a partir de <strong>8 de setembro de 2026<\/strong> o aplicativo de mensagens ser\u00e1 compat\u00edvel apenas com dispositivos que rodam o Android 6.0 ou vers\u00f5es superiores. Isso significa que celulares com Android 5.0 e 5.1 perder\u00e3o o acesso completo ao mensageiro.<\/p>\n\n\n\n<p>Na pr\u00e1tica, estamos falando de <strong>smartphones lan\u00e7ados antes de 2015<\/strong>, que j\u00e1 n\u00e3o recebem atualiza\u00e7\u00f5es de seguran\u00e7a h\u00e1 bastante tempo. O WhatsApp j\u00e1 come\u00e7ou a enviar notifica\u00e7\u00f5es dentro do pr\u00f3prio aplicativo para alertar os usu\u00e1rios afetados sobre o encerramento do suporte.<\/p>\n\n\n\n<figure class=\"wp-block-image size-large\"><img loading=\"lazy\" decoding=\"async\" width=\"1024\" height=\"576\" src=\"https:\/\/www.em.com.br\/emfoco\/wp-content\/uploads\/2026\/05\/O-WhatsApp-deixara-de-funcionar-em-alguns-dispositivos-Android-a-partir-de-setembro-deste-ano-1024x576.jpg\" alt=\"O WhatsApp deixar\u00e1 de funcionar em alguns dispositivos Android a partir de setembro deste ano\" class=\"wp-image-202604\" srcset=\"https:\/\/www.em.com.br\/emfoco\/wp-content\/uploads\/2026\/05\/O-WhatsApp-deixara-de-funcionar-em-alguns-dispositivos-Android-a-partir-de-setembro-deste-ano-1024x576.jpg 1024w, https:\/\/www.em.com.br\/emfoco\/wp-content\/uploads\/2026\/05\/O-WhatsApp-deixara-de-funcionar-em-alguns-dispositivos-Android-a-partir-de-setembro-deste-ano-300x169.jpg 300w, https:\/\/www.em.com.br\/emfoco\/wp-content\/uploads\/2026\/05\/O-WhatsApp-deixara-de-funcionar-em-alguns-dispositivos-Android-a-partir-de-setembro-deste-ano-768x432.jpg 768w, https:\/\/www.em.com.br\/emfoco\/wp-content\/uploads\/2026\/05\/O-WhatsApp-deixara-de-funcionar-em-alguns-dispositivos-Android-a-partir-de-setembro-deste-ano-750x422.jpg 750w, https:\/\/www.em.com.br\/emfoco\/wp-content\/uploads\/2026\/05\/O-WhatsApp-deixara-de-funcionar-em-alguns-dispositivos-Android-a-partir-de-setembro-deste-ano-1140x641.jpg 1140w, https:\/\/www.em.com.br\/emfoco\/wp-content\/uploads\/2026\/05\/O-WhatsApp-deixara-de-funcionar-em-alguns-dispositivos-Android-a-partir-de-setembro-deste-ano.jpg 1280w\" sizes=\"auto, (max-width: 1024px) 100vw, 1024px\" \/><figcaption class=\"wp-element-caption\">WhatsApp para de funcionar em celulares antigos.<\/figcaption><\/figure>\n\n\n\n<h2 class=\"wp-block-heading\">Quem ser\u00e1 afetado no Brasil?<\/h2>\n\n\n\n<p>No Brasil, ainda existe uma parcela significativa da popula\u00e7\u00e3o que utiliza <strong>celulares antigos<\/strong>, seja por quest\u00f5es financeiras ou simplesmente por n\u00e3o ver necessidade de trocar um aparelho que &#8220;ainda funciona&#8221;. O problema \u00e9 que, sem o suporte do WhatsApp, esses telefones perdem a principal ferramenta de comunica\u00e7\u00e3o do pa\u00eds.<\/p>\n\n\n\n<p>Vale lembrar que tanto o <strong>WhatsApp tradicional<\/strong> quanto o <strong>WhatsApp Business<\/strong> ser\u00e3o impactados, j\u00e1 que ambos compartilham a mesma base tecnol\u00f3gica. Pequenos empreendedores que usam o app para vendas e atendimento tamb\u00e9m precisam ficar atentos. J\u00e1 os usu\u00e1rios de <strong>iPhone<\/strong> podem ficar tranquilos, pois n\u00e3o h\u00e1 mudan\u00e7as previstas para o sistema iOS por enquanto.<\/p>\n\n\n\n<h2 class=\"wp-block-heading\">Como descobrir se o seu celular est\u00e1 na lista<\/h2>\n\n\n\n<p>Verificar a vers\u00e3o do Android instalada no seu aparelho \u00e9 simples e leva poucos minutos. Confira o passo a passo:<\/p>\n\n\n\n<ul class=\"wp-block-list\">\n<li>Abra o \u00edcone de <strong>&#8220;Configura\u00e7\u00f5es&#8221;<\/strong> do celular<\/li>\n\n\n\n<li>Toque em <strong>&#8220;Sobre o dispositivo&#8221;<\/strong> ou &#8220;Sobre o telefone&#8221;<\/li>\n\n\n\n<li>Em alguns modelos, clique em <strong>&#8220;Informa\u00e7\u00f5es do software&#8221;<\/strong> na sequ\u00eancia<\/li>\n\n\n\n<li>A vers\u00e3o do Android aparecer\u00e1 listada na tela. Se for <strong>6.0 ou superior<\/strong>, o WhatsApp continuar\u00e1 funcionando normalmente<\/li>\n\n\n\n<li>Se for <strong>5.0 ou 5.1<\/strong>, seu aparelho perder\u00e1 o acesso ao aplicativo ap\u00f3s 8 de setembro<\/li>\n<\/ul>\n\n\n\n<figure class=\"wp-block-image size-large\"><img loading=\"lazy\" decoding=\"async\" width=\"1024\" height=\"576\" src=\"https:\/\/www.em.com.br\/emfoco\/wp-content\/uploads\/2026\/05\/O-WhatsApp-deixara-de-funcionar-em-alguns-dispositivos-Android-a-partir-de-setembro-deste-ano-2-1024x576.jpg\" alt=\"O WhatsApp deixar\u00e1 de funcionar em alguns dispositivos Android a partir de setembro deste ano\" class=\"wp-image-202605\" srcset=\"https:\/\/www.em.com.br\/emfoco\/wp-content\/uploads\/2026\/05\/O-WhatsApp-deixara-de-funcionar-em-alguns-dispositivos-Android-a-partir-de-setembro-deste-ano-2-1024x576.jpg 1024w, https:\/\/www.em.com.br\/emfoco\/wp-content\/uploads\/2026\/05\/O-WhatsApp-deixara-de-funcionar-em-alguns-dispositivos-Android-a-partir-de-setembro-deste-ano-2-300x169.jpg 300w, https:\/\/www.em.com.br\/emfoco\/wp-content\/uploads\/2026\/05\/O-WhatsApp-deixara-de-funcionar-em-alguns-dispositivos-Android-a-partir-de-setembro-deste-ano-2-768x432.jpg 768w, https:\/\/www.em.com.br\/emfoco\/wp-content\/uploads\/2026\/05\/O-WhatsApp-deixara-de-funcionar-em-alguns-dispositivos-Android-a-partir-de-setembro-deste-ano-2-750x422.jpg 750w, https:\/\/www.em.com.br\/emfoco\/wp-content\/uploads\/2026\/05\/O-WhatsApp-deixara-de-funcionar-em-alguns-dispositivos-Android-a-partir-de-setembro-deste-ano-2-1140x641.jpg 1140w, https:\/\/www.em.com.br\/emfoco\/wp-content\/uploads\/2026\/05\/O-WhatsApp-deixara-de-funcionar-em-alguns-dispositivos-Android-a-partir-de-setembro-deste-ano-2.jpg 1280w\" sizes=\"auto, (max-width: 1024px) 100vw, 1024px\" \/><figcaption class=\"wp-element-caption\">Muitos usu\u00e1rios podem ser pegos de surpresa.<\/figcaption><\/figure>\n\n\n\n<h2 class=\"wp-block-heading\">Salve suas conversas antes que seja tarde<\/h2>\n\n\n\n<p>Se o seu aparelho ser\u00e1 afetado, a primeira provid\u00eancia \u00e9 <strong>fazer o backup das conversas<\/strong> pelo pr\u00f3prio WhatsApp. Basta acessar as configura\u00e7\u00f5es do aplicativo, ir at\u00e9 &#8220;Conversas&#8221; e selecionar &#8220;Backup de conversas&#8221;. O ideal \u00e9 salvar tudo diretamente no <strong>Google Drive<\/strong>, para que a restaura\u00e7\u00e3o seja autom\u00e1tica ao instalar o app em um novo celular.<\/p>\n\n\n\n<p>Depois de migrar para um dispositivo com <strong>Android 6.0 ou superior<\/strong>, \u00e9 s\u00f3 reinstalar o WhatsApp, verificar o n\u00famero e restaurar o backup. Todas as mensagens, fotos e arquivos ser\u00e3o recuperados. Quem preferir, tamb\u00e9m pode exportar o hist\u00f3rico de conversas para o armazenamento interno do celular e transferir manualmente.<\/p>\n\n\n\n<h2 class=\"wp-block-heading\">Por que a Meta continua cortando aparelhos antigos?<\/h2>\n\n\n\n<p>Essa decis\u00e3o segue uma tend\u00eancia comum no setor de <strong>tecnologia<\/strong>. Manter compatibilidade com sistemas operacionais muito antigos exige recursos de desenvolvimento consider\u00e1veis e limita a implementa\u00e7\u00e3o de novos recursos, como ferramentas de intelig\u00eancia artificial e protocolos avan\u00e7ados de <strong>criptografia<\/strong>. Grandes aplicativos como YouTube, Instagram e Facebook j\u00e1 adotaram medidas semelhantes, descontinuando o suporte para vers\u00f5es antigas do Android.<\/p>\n\n\n\n<p>A evolu\u00e7\u00e3o do <strong>WhatsApp<\/strong> n\u00e3o para, e garantir que o app rode em aparelhos atualizados \u00e9 uma forma de proteger os dados de bilh\u00f5es de usu\u00e1rios ao redor do mundo. A boa not\u00edcia \u00e9 que ainda h\u00e1 tempo para se preparar. Verifique a vers\u00e3o do seu <strong>Android<\/strong>, fa\u00e7a seu backup e, se necess\u00e1rio, comece a pesquisar um novo <strong>celular<\/strong> que acompanhe o ritmo das atualiza\u00e7\u00f5es.<\/p>\n\n\n\n<p>Gostou de saber dessa mudan\u00e7a? <strong>Compartilhe este artigo<\/strong> com amigos e familiares que ainda usam celulares antigos. Essa informa\u00e7\u00e3o pode evitar que algu\u00e9m fique sem WhatsApp de uma hora para outra!<\/p>\n","protected":false},"excerpt":{"rendered":"<p>Se o seu celular j\u00e1 tem alguns bons anos de estrada, \u00e9 hora de prestar aten\u00e7\u00e3o. O WhatsApp confirmou que vai deixar de funcionar em aparelhos com vers\u00f5es antigas do Android a partir de setembro deste ano, e a mudan\u00e7a pode pegar muita gente de surpresa. O prazo est\u00e1 marcado: 8 de setembro muda tudo [&hellip;]<\/p>\n","protected":false},"author":5,"featured_media":202603,"comment_status":"open","ping_status":"open","sticky":false,"template":"","format":"standard","meta":{"jnews-multi-image_gallery":[],"jnews_single_post":{"format":"standard"},"jnews_primary_category":[],"jnews_social_meta":[],"jnews_override_counter":[],"footnotes":""},"categories":[1,4204],"tags":[29135,29136,11231,2814],"class_list":["post-202599","post","type-post","status-publish","format-standard","has-post-thumbnail","hentry","category-noticias","category-tecnologia","tag-android-antigo","tag-atualizacao-whatsapp","tag-celulares-antigos","tag-whatsapp"],"yoast_head":"<!-- This site is optimized with the Yoast SEO plugin v23.8 - https:\/\/yoast.com\/wordpress\/plugins\/seo\/ -->\n<title>O WhatsApp deixar\u00e1 de funcionar em alguns dispositivos Android a partir de setembro deste ano - Estado de Minas - Em foco<\/title>\n<meta name=\"description\" content=\"Um aviso importante do WhatsApp come\u00e7a a circular e levanta aten\u00e7\u00e3o entre usu\u00e1rios que podem ser afetados sem perceber.\" \/>\n<meta name=\"robots\" content=\"index, follow, max-snippet:-1, max-image-preview:large, max-video-preview:-1\" \/>\n<link rel=\"canonical\" href=\"https:\/\/www.em.com.br\/emfoco\/2026\/05\/01\/o-whatsapp-deixara-de-funcionar-em-alguns-dispositivos-android-a-partir-de-setembro-deste-ano\/\" \/>\n<meta property=\"og:locale\" content=\"pt_BR\" \/>\n<meta property=\"og:type\" content=\"article\" \/>\n<meta property=\"og:title\" content=\"O WhatsApp deixar\u00e1 de funcionar em alguns dispositivos Android a partir de setembro deste ano - Estado de Minas - Em foco\" \/>\n<meta property=\"og:description\" content=\"Um aviso importante do WhatsApp come\u00e7a a circular e levanta aten\u00e7\u00e3o entre usu\u00e1rios que podem ser afetados sem perceber.\" \/>\n<meta property=\"og:url\" content=\"https:\/\/www.em.com.br\/emfoco\/2026\/05\/01\/o-whatsapp-deixara-de-funcionar-em-alguns-dispositivos-android-a-partir-de-setembro-deste-ano\/\" \/>\n<meta property=\"og:site_name\" content=\"Estado de Minas - Em foco\" \/>\n<meta property=\"article:published_time\" content=\"2026-05-01T13:48:00+00:00\" \/>\n<meta property=\"article:modified_time\" content=\"2026-05-01T10:19:27+00:00\" \/>\n<meta property=\"og:image\" content=\"https:\/\/www.em.com.br\/emfoco\/wp-content\/uploads\/2026\/05\/O-WhatsApp-deixara-de-funcionar-em-alguns-dispositivos-Android-a-partir-de-setembro-deste-ano-1.jpg\" \/>\n\t<meta property=\"og:image:width\" content=\"1280\" \/>\n\t<meta property=\"og:image:height\" content=\"720\" \/>\n\t<meta property=\"og:image:type\" content=\"image\/jpeg\" \/>\n<meta name=\"author\" content=\"N\u00fabia Rangel\" \/>\n<meta name=\"twitter:card\" content=\"summary_large_image\" \/>\n<meta name=\"twitter:label1\" content=\"Escrito por\" \/>\n\t<meta name=\"twitter:data1\" content=\"N\u00fabia Rangel\" \/>\n\t<meta name=\"twitter:label2\" content=\"Est. tempo de leitura\" \/>\n\t<meta name=\"twitter:data2\" content=\"5 minutos\" \/>\n<!-- \/ Yoast SEO plugin. -->","yoast_head_json":{"title":"O WhatsApp deixar\u00e1 de funcionar em alguns dispositivos Android a partir de setembro deste ano - Estado de Minas - Em foco","description":"Um aviso importante do WhatsApp come\u00e7a a circular e levanta aten\u00e7\u00e3o entre usu\u00e1rios que podem ser afetados sem perceber.","robots":{"index":"index","follow":"follow","max-snippet":"max-snippet:-1","max-image-preview":"max-image-preview:large","max-video-preview":"max-video-preview:-1"},"canonical":"https:\/\/www.em.com.br\/emfoco\/2026\/05\/01\/o-whatsapp-deixara-de-funcionar-em-alguns-dispositivos-android-a-partir-de-setembro-deste-ano\/","og_locale":"pt_BR","og_type":"article","og_title":"O WhatsApp deixar\u00e1 de funcionar em alguns dispositivos Android a partir de setembro deste ano - Estado de Minas - Em foco","og_description":"Um aviso importante do WhatsApp come\u00e7a a circular e levanta aten\u00e7\u00e3o entre usu\u00e1rios que podem ser afetados sem perceber.","og_url":"https:\/\/www.em.com.br\/emfoco\/2026\/05\/01\/o-whatsapp-deixara-de-funcionar-em-alguns-dispositivos-android-a-partir-de-setembro-deste-ano\/","og_site_name":"Estado de Minas - Em foco","article_published_time":"2026-05-01T13:48:00+00:00","article_modified_time":"2026-05-01T10:19:27+00:00","og_image":[{"width":1280,"height":720,"url":"https:\/\/www.em.com.br\/emfoco\/wp-content\/uploads\/2026\/05\/O-WhatsApp-deixara-de-funcionar-em-alguns-dispositivos-Android-a-partir-de-setembro-deste-ano-1.jpg","type":"image\/jpeg"}],"author":"N\u00fabia Rangel","twitter_card":"summary_large_image","twitter_misc":{"Escrito por":"N\u00fabia Rangel","Est. tempo de leitura":"5 minutos"},"schema":{"@context":"https:\/\/schema.org","@graph":[{"@type":"WebPage","@id":"https:\/\/www.em.com.br\/emfoco\/2026\/05\/01\/o-whatsapp-deixara-de-funcionar-em-alguns-dispositivos-android-a-partir-de-setembro-deste-ano\/","url":"https:\/\/www.em.com.br\/emfoco\/2026\/05\/01\/o-whatsapp-deixara-de-funcionar-em-alguns-dispositivos-android-a-partir-de-setembro-deste-ano\/","name":"O WhatsApp deixar\u00e1 de funcionar em alguns dispositivos Android a partir de setembro deste ano - Estado de Minas - Em foco","isPartOf":{"@id":"https:\/\/www.em.com.br\/emfoco\/#website"},"primaryImageOfPage":{"@id":"https:\/\/www.em.com.br\/emfoco\/2026\/05\/01\/o-whatsapp-deixara-de-funcionar-em-alguns-dispositivos-android-a-partir-de-setembro-deste-ano\/#primaryimage"},"image":{"@id":"https:\/\/www.em.com.br\/emfoco\/2026\/05\/01\/o-whatsapp-deixara-de-funcionar-em-alguns-dispositivos-android-a-partir-de-setembro-deste-ano\/#primaryimage"},"thumbnailUrl":"https:\/\/www.em.com.br\/emfoco\/wp-content\/uploads\/2026\/05\/O-WhatsApp-deixara-de-funcionar-em-alguns-dispositivos-Android-a-partir-de-setembro-deste-ano-1.jpg","datePublished":"2026-05-01T13:48:00+00:00","dateModified":"2026-05-01T10:19:27+00:00","author":{"@id":"https:\/\/www.em.com.br\/emfoco\/#\/schema\/person\/524437ef54f8a5d32591b143307f2e20"},"description":"Um aviso importante do WhatsApp come\u00e7a a circular e levanta aten\u00e7\u00e3o entre usu\u00e1rios que podem ser afetados sem perceber.","breadcrumb":{"@id":"https:\/\/www.em.com.br\/emfoco\/2026\/05\/01\/o-whatsapp-deixara-de-funcionar-em-alguns-dispositivos-android-a-partir-de-setembro-deste-ano\/#breadcrumb"},"inLanguage":"pt-BR","potentialAction":[{"@type":"ReadAction","target":["https:\/\/www.em.com.br\/emfoco\/2026\/05\/01\/o-whatsapp-deixara-de-funcionar-em-alguns-dispositivos-android-a-partir-de-setembro-deste-ano\/"]}]},{"@type":"ImageObject","inLanguage":"pt-BR","@id":"https:\/\/www.em.com.br\/emfoco\/2026\/05\/01\/o-whatsapp-deixara-de-funcionar-em-alguns-dispositivos-android-a-partir-de-setembro-deste-ano\/#primaryimage","url":"https:\/\/www.em.com.br\/emfoco\/wp-content\/uploads\/2026\/05\/O-WhatsApp-deixara-de-funcionar-em-alguns-dispositivos-Android-a-partir-de-setembro-deste-ano-1.jpg","contentUrl":"https:\/\/www.em.com.br\/emfoco\/wp-content\/uploads\/2026\/05\/O-WhatsApp-deixara-de-funcionar-em-alguns-dispositivos-Android-a-partir-de-setembro-deste-ano-1.jpg","width":1280,"height":720,"caption":"A mudan\u00e7a come\u00e7a em setembro e exige aten\u00e7\u00e3o."},{"@type":"BreadcrumbList","@id":"https:\/\/www.em.com.br\/emfoco\/2026\/05\/01\/o-whatsapp-deixara-de-funcionar-em-alguns-dispositivos-android-a-partir-de-setembro-deste-ano\/#breadcrumb","itemListElement":[{"@type":"ListItem","position":1,"name":"In\u00edcio","item":"https:\/\/www.em.com.br\/emfoco\/"},{"@type":"ListItem","position":2,"name":"O WhatsApp deixar\u00e1 de funcionar em alguns dispositivos Android a partir de setembro deste ano"}]},{"@type":"WebSite","@id":"https:\/\/www.em.com.br\/emfoco\/#website","url":"https:\/\/www.em.com.br\/emfoco\/","name":"Estado de Minas - Em foco","description":"Acompanhe as \u00faltimas not\u00edcias e fique bem informado sobre tudo o que acontece em Minas Gerais, Brasil e no mundo.","potentialAction":[{"@type":"SearchAction","target":{"@type":"EntryPoint","urlTemplate":"https:\/\/www.em.com.br\/emfoco\/?s={search_term_string}"},"query-input":{"@type":"PropertyValueSpecification","valueRequired":true,"valueName":"search_term_string"}}],"inLanguage":"pt-BR"},{"@type":"Person","@id":"https:\/\/www.em.com.br\/emfoco\/#\/schema\/person\/524437ef54f8a5d32591b143307f2e20","name":"N\u00fabia Rangel","image":{"@type":"ImageObject","inLanguage":"pt-BR","@id":"https:\/\/www.em.com.br\/emfoco\/#\/schema\/person\/image\/","url":"https:\/\/secure.gravatar.com\/avatar\/47cff2827a5ba23c37e8068c86817ea4?s=96&d=mm&r=g","contentUrl":"https:\/\/secure.gravatar.com\/avatar\/47cff2827a5ba23c37e8068c86817ea4?s=96&d=mm&r=g","caption":"N\u00fabia Rangel"},"sameAs":["https:\/\/www.em.com.br\/emfoco\/"],"url":"https:\/\/www.em.com.br\/emfoco\/author\/nubiamyth\/"}]}},"_links":{"self":[{"href":"https:\/\/www.em.com.br\/emfoco\/wp-json\/wp\/v2\/posts\/202599","targetHints":{"allow":["GET"]}}],"collection":[{"href":"https:\/\/www.em.com.br\/emfoco\/wp-json\/wp\/v2\/posts"}],"about":[{"href":"https:\/\/www.em.com.br\/emfoco\/wp-json\/wp\/v2\/types\/post"}],"author":[{"embeddable":true,"href":"https:\/\/www.em.com.br\/emfoco\/wp-json\/wp\/v2\/users\/5"}],"replies":[{"embeddable":true,"href":"https:\/\/www.em.com.br\/emfoco\/wp-json\/wp\/v2\/comments?post=202599"}],"version-history":[{"count":1,"href":"https:\/\/www.em.com.br\/emfoco\/wp-json\/wp\/v2\/posts\/202599\/revisions"}],"predecessor-version":[{"id":202607,"href":"https:\/\/www.em.com.br\/emfoco\/wp-json\/wp\/v2\/posts\/202599\/revisions\/202607"}],"wp:featuredmedia":[{"embeddable":true,"href":"https:\/\/www.em.com.br\/emfoco\/wp-json\/wp\/v2\/media\/202603"}],"wp:attachment":[{"href":"https:\/\/www.em.com.br\/emfoco\/wp-json\/wp\/v2\/media?parent=202599"}],"wp:term":[{"taxonomy":"category","embeddable":true,"href":"https:\/\/www.em.com.br\/emfoco\/wp-json\/wp\/v2\/categories?post=202599"},{"taxonomy":"post_tag","embeddable":true,"href":"https:\/\/www.em.com.br\/emfoco\/wp-json\/wp\/v2\/tags?post=202599"}],"curies":[{"name":"wp","href":"https:\/\/api.w.org\/{rel}","templated":true}]}}