{"id":202571,"date":"2026-05-01T07:28:00","date_gmt":"2026-05-01T10:28:00","guid":{"rendered":"https:\/\/www.em.com.br\/emfoco\/?p=202571"},"modified":"2026-05-01T07:00:34","modified_gmt":"2026-05-01T10:00:34","slug":"fim-de-1h-de-almoco-muda-rotina-de-trabalhadores-e-entender-a-regra-garante-seus-direitos","status":"publish","type":"post","link":"https:\/\/www.em.com.br\/emfoco\/2026\/05\/01\/fim-de-1h-de-almoco-muda-rotina-de-trabalhadores-e-entender-a-regra-garante-seus-direitos\/","title":{"rendered":"Fim de 1h de almo\u00e7o muda rotina de trabalhadores e entender a regra garante seus direitos"},"content":{"rendered":"\n<p>Aquela pausa no meio do dia parece simples, mas esconde mais regras do que a maioria das pessoas imagina. O <strong>intervalo de almo\u00e7o<\/strong> \u00e9 um direito trabalhista s\u00f3lido no Brasil, e entender como ele funciona pode fazer diferen\u00e7a direta no seu bolso e na sua sa\u00fade.<\/p>\n\n\n\n<h2 class=\"wp-block-heading\">A regra que a Reforma Trabalhista atualizou, mas n\u00e3o derrubou<\/h2>\n\n\n\n<p>O <strong>intervalo intrajornada<\/strong> est\u00e1 previsto no <a href=\"https:\/\/www.planalto.gov.br\/ccivil_03\/decreto-lei\/del5452compilado.htm\" target=\"_blank\" rel=\"noreferrer noopener\">artigo 71 da CLT<\/a>. A regra central permanece: quem trabalha mais de seis horas por dia tem direito a, no m\u00ednimo, uma hora de descanso, podendo chegar a duas horas. Quem cumpre entre quatro e seis horas garante ao menos 15 minutos de pausa.<\/p>\n\n\n\n<p>A <strong>Reforma Trabalhista de 2017<\/strong> n\u00e3o eliminou esse direito, mas alterou pontos importantes sobre como ele funciona na pr\u00e1tica, especialmente quando \u00e9 descumprido. Ignorar essas mudan\u00e7as pode gerar interpreta\u00e7\u00f5es equivocadas, tanto para trabalhadores quanto para gestores.<\/p>\n\n\n\n<figure class=\"wp-block-image size-large\"><img loading=\"lazy\" decoding=\"async\" width=\"1024\" height=\"576\" src=\"https:\/\/www.em.com.br\/emfoco\/wp-content\/uploads\/2026\/05\/Fim-de-1h-de-almoco-muda-rotina-de-trabalhadores-e-entender-a-nova-regra-garante-seus-direitos-1024x576.jpg\" alt=\"Fim de 1h de almo\u00e7o muda rotina de trabalhadores e entender a nova regra garante seus direitos\" class=\"wp-image-202595\" srcset=\"https:\/\/www.em.com.br\/emfoco\/wp-content\/uploads\/2026\/05\/Fim-de-1h-de-almoco-muda-rotina-de-trabalhadores-e-entender-a-nova-regra-garante-seus-direitos-1024x576.jpg 1024w, https:\/\/www.em.com.br\/emfoco\/wp-content\/uploads\/2026\/05\/Fim-de-1h-de-almoco-muda-rotina-de-trabalhadores-e-entender-a-nova-regra-garante-seus-direitos-300x169.jpg 300w, https:\/\/www.em.com.br\/emfoco\/wp-content\/uploads\/2026\/05\/Fim-de-1h-de-almoco-muda-rotina-de-trabalhadores-e-entender-a-nova-regra-garante-seus-direitos-768x432.jpg 768w, https:\/\/www.em.com.br\/emfoco\/wp-content\/uploads\/2026\/05\/Fim-de-1h-de-almoco-muda-rotina-de-trabalhadores-e-entender-a-nova-regra-garante-seus-direitos-750x422.jpg 750w, https:\/\/www.em.com.br\/emfoco\/wp-content\/uploads\/2026\/05\/Fim-de-1h-de-almoco-muda-rotina-de-trabalhadores-e-entender-a-nova-regra-garante-seus-direitos-1140x641.jpg 1140w, https:\/\/www.em.com.br\/emfoco\/wp-content\/uploads\/2026\/05\/Fim-de-1h-de-almoco-muda-rotina-de-trabalhadores-e-entender-a-nova-regra-garante-seus-direitos.jpg 1280w\" sizes=\"auto, (max-width: 1024px) 100vw, 1024px\" \/><figcaption class=\"wp-element-caption\">A pausa no trabalho pode impactar direto no bolso.<\/figcaption><\/figure>\n\n\n\n<h2 class=\"wp-block-heading\">Trabalhar durante o almo\u00e7o tem um custo, e ele \u00e9 calculado de forma diferente agora<\/h2>\n\n\n\n<p>Juridicamente, o <strong>intervalo de almo\u00e7o<\/strong> \u00e9 um per\u00edodo de afastamento completo das atividades. Nenhuma tarefa pode ser exigida, nenhum cliente pode ser atendido e nenhuma m\u00e9trica de produtividade pode ser cobrada enquanto o trabalhador est\u00e1 nessa pausa.<\/p>\n\n\n\n<p>Quando o intervalo n\u00e3o \u00e9 concedido ou \u00e9 concedido de forma parcial, a empresa deve pagar <strong>apenas o per\u00edodo efetivamente suprimido, acrescido de 50%<\/strong>. Esse pagamento tem natureza indenizat\u00f3ria, n\u00e3o salarial, o que significa que, em princ\u00edpio, n\u00e3o gera reflexos autom\u00e1ticos em f\u00e9rias, 13\u00ba sal\u00e1rio ou FGTS. Antes da reforma, a regra era mais onerosa para o empregador: a <strong>S\u00famula 437 do TST<\/strong> determinava o pagamento da hora inteira, mesmo que s\u00f3 parte tivesse sido suprimida. Essa l\u00f3gica n\u00e3o se aplica mais aos contratos celebrados ou adaptados ap\u00f3s 2017.<\/p>\n\n\n\n<h2 class=\"wp-block-heading\">A Reforma abriu uma janela de flexibiliza\u00e7\u00e3o, mas com travas bem definidas<\/h2>\n\n\n\n<p>Desde 2017, o <strong>intervalo intrajornada<\/strong> pode ser reduzido para at\u00e9 30 minutos. Mas essa flexibiliza\u00e7\u00e3o n\u00e3o \u00e9 autom\u00e1tica e n\u00e3o depende de um simples acordo verbal entre chefe e funcion\u00e1rio. Veja o que a lei exige:<\/p>\n\n\n\n<ul class=\"wp-block-list\">\n<li><strong>Acordo ou conven\u00e7\u00e3o coletiva:<\/strong> a redu\u00e7\u00e3o precisa ser negociada formalmente com o sindicato da categoria, nunca imposta de forma unilateral pela empresa.<\/li>\n\n\n\n<li><strong>Registro em documento:<\/strong> a negocia\u00e7\u00e3o deve constar em instrumento escrito e v\u00e1lido, acess\u00edvel ao trabalhador.<\/li>\n\n\n\n<li><strong>Limite m\u00ednimo de 30 minutos:<\/strong> a pausa n\u00e3o pode ser eliminada por completo, independentemente do que qualquer contrato individual diga.<\/li>\n\n\n\n<li><strong>Pagamento apenas do suprimido:<\/strong> se a redu\u00e7\u00e3o n\u00e3o tiver respaldo legal, o trabalhador recebe o per\u00edodo n\u00e3o concedido com acr\u00e9scimo de 50%, de natureza indenizat\u00f3ria.<\/li>\n\n\n\n<li><strong>Fiscaliza\u00e7\u00e3o poss\u00edvel:<\/strong> o descumprimento pode gerar autua\u00e7\u00f5es administrativas e a\u00e7\u00f5es trabalhistas.<\/li>\n<\/ul>\n\n\n\n<div style=\"background:#f8f9fa;border-radius:12px;padding:24px 28px;margin:0 auto 8px;max-width:640px;box-shadow:0 2px 12px rgba(59,130,246,0.10);font-family:'Inter',sans-serif;text-align:center;\">\r\n  <link href=\"https:\/\/fonts.googleapis.com\/css2?family=Inter:wght@400;600;700&#038;display=swap\" rel=\"stylesheet\">\r\n  <p style=\"font-size:13px;font-weight:700;color:#2563eb;letter-spacing:1.5px;text-transform:uppercase;margin:0 0 16px;\">Pontos-chave<\/p>\r\n  <div style=\"display:flex;flex-direction:column;gap:12px;\">\r\n    <div style=\"background:#fff;border-radius:8px;padding:14px 18px;box-shadow:0 1px 6px rgba(59,130,246,0.08);text-align:left;\">\r\n      <span style=\"font-size:14px;font-weight:700;color:#2563eb;display:block;margin-bottom:4px;\">Direito garantido<\/span>\r\n      <span style=\"font-size:14px;color:#334155;\">Jornadas acima de 6h t\u00eam direito a 1h de intervalo intrajornada, conforme o artigo 71 da CLT.<\/span>\r\n    <\/div>\r\n    <div style=\"background:#fff;border-radius:8px;padding:14px 18px;box-shadow:0 1px 6px rgba(59,130,246,0.08);text-align:left;\">\r\n      <span style=\"font-size:14px;font-weight:700;color:#2563eb;display:block;margin-bottom:4px;\">Pagamento indenizat\u00f3rio<\/span>\r\n      <span style=\"font-size:14px;color:#334155;\">Ap\u00f3s a Reforma de 2017, o descumprimento gera pagamento apenas do per\u00edodo suprimido com 50% de acr\u00e9scimo, sem reflexos autom\u00e1ticos em f\u00e9rias, 13\u00ba e FGTS.<\/span>\r\n    <\/div>\r\n    <div style=\"background:#fff;border-radius:8px;padding:14px 18px;box-shadow:0 1px 6px rgba(59,130,246,0.08);text-align:left;\">\r\n      <span style=\"font-size:14px;font-weight:700;color:#2563eb;display:block;margin-bottom:4px;\">Home office: depende do contrato<\/span>\r\n      <span style=\"font-size:14px;color:#334155;\">Teletrabalhadores com controle de jornada seguem as mesmas regras do presencial. Quem \u00e9 remunerado por produ\u00e7\u00e3o ou tarefa fica exclu\u00eddo do controle de jornada.<\/span>\r\n    <\/div>\r\n  <\/div>\r\n<\/div>\n\n\n\n<h2 class=\"wp-block-heading\">Quem trabalha de casa tem esse direito? Depende de um detalhe do contrato<\/h2>\n\n\n\n<p>O <strong>home office<\/strong> trouxe uma d\u00favida frequente: a pausa do almo\u00e7o ainda \u00e9 obrigat\u00f3ria quando se trabalha do pr\u00f3prio quarto ou da sala? A resposta depende do tipo de contrato. Para teletrabalhadores com controle de jornada, como sistemas de ponto digital, login em plataformas corporativas ou monitoramento de hor\u00e1rios, o artigo 71 da CLT se aplica normalmente, com as mesmas prote\u00e7\u00f5es do regime presencial.<\/p>\n\n\n\n<p>J\u00e1 os trabalhadores remotos remunerados por produ\u00e7\u00e3o ou tarefa ficam exclu\u00eddos do controle de jornada, conforme o inciso III do artigo 62 da CLT, regra refor\u00e7ada pela <a href=\"https:\/\/www.planalto.gov.br\/ccivil_03\/_ato2019-2022\/2022\/lei\/l14442.htm\" target=\"_blank\" rel=\"noreferrer noopener\">Lei 14.442\/2022<\/a>. Nesses casos, as regras de intervalo s\u00e3o flexibilizadas, mas o empregador ainda tem dever de cuidado com a sa\u00fade do trabalhador. Nos modelos h\u00edbridos, a pol\u00edtica de pausas deve ser a mesma tanto no escrit\u00f3rio quanto em casa.<\/p>\n\n\n\n<h2 class=\"wp-block-heading\">Pausa curta, consequ\u00eancias longas<\/h2>\n\n\n\n<p>Al\u00e9m do aspecto legal, h\u00e1 uma raz\u00e3o pr\u00e1tica e bem documentada para respeitar o <strong>intervalo intrajornada<\/strong>: pausas bem distribu\u00eddas ao longo do dia aumentam a concentra\u00e7\u00e3o, reduzem erros e diminuem os afastamentos por doen\u00e7a. Trabalhadores que almo\u00e7am de verdade, sem olhar para o computador, voltam mais produtivos e cometem menos falhas nas horas seguintes.<\/p>\n\n\n\n<p>Se voc\u00ea \u00e9 gestor ou atua em RH, vale revisar as pol\u00edticas de jornada da empresa, conferir a conven\u00e7\u00e3o coletiva da categoria e garantir que os registros de ponto reflitam os intervalos reais. Uma orienta\u00e7\u00e3o jur\u00eddica especializada pode evitar passivos trabalhistas consider\u00e1veis, especialmente considerando as mudan\u00e7as que a reforma trouxe e que ainda geram d\u00favidas no dia a dia das empresas.<\/p>\n\n\n\n<p>O <strong>intervalo de almo\u00e7o<\/strong> pode parecer detalhe na correria do dia a dia, mas \u00e9 um direito que conecta sa\u00fade, produtividade e seguran\u00e7a jur\u00eddica. Conhec\u00ea-lo bem, com as atualiza\u00e7\u00f5es corretas, \u00e9 o primeiro passo para garanti-lo, seja na empresa, seja na mesa da sua casa.<\/p>\n\n\n\n<p>Conhecia todas essas regras sobre o intervalo de almo\u00e7o? Compartilhe este conte\u00fado com quem trabalha em home office ou modelo h\u00edbrido e pode estar precisando dessas informa\u00e7\u00f5es.<\/p>\n","protected":false},"excerpt":{"rendered":"<p>Aquela pausa no meio do dia parece simples, mas esconde mais regras do que a maioria das pessoas imagina. O intervalo de almo\u00e7o \u00e9 um direito trabalhista s\u00f3lido no Brasil, e entender como ele funciona pode fazer diferen\u00e7a direta no seu bolso e na sua sa\u00fade. A regra que a Reforma Trabalhista atualizou, mas n\u00e3o [&hellip;]<\/p>\n","protected":false},"author":5,"featured_media":202594,"comment_status":"open","ping_status":"open","sticky":false,"template":"","format":"standard","meta":{"jnews-multi-image_gallery":[],"jnews_single_post":{"format":"standard"},"jnews_primary_category":[],"jnews_social_meta":[],"jnews_override_counter":[],"footnotes":""},"categories":[28,1],"tags":[2873,10008,1052,27226,27227,508],"class_list":["post-202571","post","type-post","status-publish","format-standard","has-post-thumbnail","hentry","category-economia","category-noticias","tag-almoco","tag-carteira-de-trabalho","tag-clt","tag-horario-de-almoco","tag-jornada","tag-trabalho"],"yoast_head":"<!-- This site is optimized with the Yoast SEO plugin v23.8 - https:\/\/yoast.com\/wordpress\/plugins\/seo\/ -->\n<title>Fim de 1h de almo\u00e7o muda rotina de trabalhadores e entender a regra garante seus direitos - Estado de Minas - Em foco<\/title>\n<meta name=\"description\" content=\"Intervalo de almo\u00e7o pode ser reduzido com acordo coletivo. Entenda as regras da CLT e evite problemas trabalhistas.\" \/>\n<meta name=\"robots\" content=\"index, follow, max-snippet:-1, max-image-preview:large, max-video-preview:-1\" \/>\n<link rel=\"canonical\" href=\"https:\/\/www.em.com.br\/emfoco\/2026\/05\/01\/fim-de-1h-de-almoco-muda-rotina-de-trabalhadores-e-entender-a-regra-garante-seus-direitos\/\" \/>\n<meta property=\"og:locale\" content=\"pt_BR\" \/>\n<meta property=\"og:type\" content=\"article\" \/>\n<meta property=\"og:title\" content=\"Fim de 1h de almo\u00e7o muda rotina de trabalhadores e entender a regra garante seus direitos - Estado de Minas - Em foco\" \/>\n<meta property=\"og:description\" content=\"Intervalo de almo\u00e7o pode ser reduzido com acordo coletivo. Entenda as regras da CLT e evite problemas trabalhistas.\" \/>\n<meta property=\"og:url\" content=\"https:\/\/www.em.com.br\/emfoco\/2026\/05\/01\/fim-de-1h-de-almoco-muda-rotina-de-trabalhadores-e-entender-a-regra-garante-seus-direitos\/\" \/>\n<meta property=\"og:site_name\" content=\"Estado de Minas - Em foco\" \/>\n<meta property=\"article:published_time\" content=\"2026-05-01T10:28:00+00:00\" \/>\n<meta property=\"article:modified_time\" content=\"2026-05-01T10:00:34+00:00\" \/>\n<meta property=\"og:image\" content=\"https:\/\/www.em.com.br\/emfoco\/wp-content\/uploads\/2026\/05\/Fim-de-1h-de-almoco-muda-rotina-de-trabalhadores-e-entender-a-nova-regra-garante-seus-direitos-1.jpg\" \/>\n\t<meta property=\"og:image:width\" content=\"1280\" \/>\n\t<meta property=\"og:image:height\" content=\"720\" \/>\n\t<meta property=\"og:image:type\" content=\"image\/jpeg\" \/>\n<meta name=\"author\" content=\"N\u00fabia Rangel\" \/>\n<meta name=\"twitter:card\" content=\"summary_large_image\" \/>\n<meta name=\"twitter:label1\" content=\"Escrito por\" \/>\n\t<meta name=\"twitter:data1\" content=\"N\u00fabia Rangel\" \/>\n\t<meta name=\"twitter:label2\" content=\"Est. tempo de leitura\" \/>\n\t<meta name=\"twitter:data2\" content=\"6 minutos\" \/>\n<!-- \/ Yoast SEO plugin. -->","yoast_head_json":{"title":"Fim de 1h de almo\u00e7o muda rotina de trabalhadores e entender a regra garante seus direitos - Estado de Minas - Em foco","description":"Intervalo de almo\u00e7o pode ser reduzido com acordo coletivo. Entenda as regras da CLT e evite problemas trabalhistas.","robots":{"index":"index","follow":"follow","max-snippet":"max-snippet:-1","max-image-preview":"max-image-preview:large","max-video-preview":"max-video-preview:-1"},"canonical":"https:\/\/www.em.com.br\/emfoco\/2026\/05\/01\/fim-de-1h-de-almoco-muda-rotina-de-trabalhadores-e-entender-a-regra-garante-seus-direitos\/","og_locale":"pt_BR","og_type":"article","og_title":"Fim de 1h de almo\u00e7o muda rotina de trabalhadores e entender a regra garante seus direitos - Estado de Minas - Em foco","og_description":"Intervalo de almo\u00e7o pode ser reduzido com acordo coletivo. Entenda as regras da CLT e evite problemas trabalhistas.","og_url":"https:\/\/www.em.com.br\/emfoco\/2026\/05\/01\/fim-de-1h-de-almoco-muda-rotina-de-trabalhadores-e-entender-a-regra-garante-seus-direitos\/","og_site_name":"Estado de Minas - Em foco","article_published_time":"2026-05-01T10:28:00+00:00","article_modified_time":"2026-05-01T10:00:34+00:00","og_image":[{"width":1280,"height":720,"url":"https:\/\/www.em.com.br\/emfoco\/wp-content\/uploads\/2026\/05\/Fim-de-1h-de-almoco-muda-rotina-de-trabalhadores-e-entender-a-nova-regra-garante-seus-direitos-1.jpg","type":"image\/jpeg"}],"author":"N\u00fabia Rangel","twitter_card":"summary_large_image","twitter_misc":{"Escrito por":"N\u00fabia Rangel","Est. tempo de leitura":"6 minutos"},"schema":{"@context":"https:\/\/schema.org","@graph":[{"@type":"WebPage","@id":"https:\/\/www.em.com.br\/emfoco\/2026\/05\/01\/fim-de-1h-de-almoco-muda-rotina-de-trabalhadores-e-entender-a-regra-garante-seus-direitos\/","url":"https:\/\/www.em.com.br\/emfoco\/2026\/05\/01\/fim-de-1h-de-almoco-muda-rotina-de-trabalhadores-e-entender-a-regra-garante-seus-direitos\/","name":"Fim de 1h de almo\u00e7o muda rotina de trabalhadores e entender a regra garante seus direitos - Estado de Minas - Em foco","isPartOf":{"@id":"https:\/\/www.em.com.br\/emfoco\/#website"},"primaryImageOfPage":{"@id":"https:\/\/www.em.com.br\/emfoco\/2026\/05\/01\/fim-de-1h-de-almoco-muda-rotina-de-trabalhadores-e-entender-a-regra-garante-seus-direitos\/#primaryimage"},"image":{"@id":"https:\/\/www.em.com.br\/emfoco\/2026\/05\/01\/fim-de-1h-de-almoco-muda-rotina-de-trabalhadores-e-entender-a-regra-garante-seus-direitos\/#primaryimage"},"thumbnailUrl":"https:\/\/www.em.com.br\/emfoco\/wp-content\/uploads\/2026\/05\/Fim-de-1h-de-almoco-muda-rotina-de-trabalhadores-e-entender-a-nova-regra-garante-seus-direitos-1.jpg","datePublished":"2026-05-01T10:28:00+00:00","dateModified":"2026-05-01T10:00:34+00:00","author":{"@id":"https:\/\/www.em.com.br\/emfoco\/#\/schema\/person\/524437ef54f8a5d32591b143307f2e20"},"description":"Intervalo de almo\u00e7o pode ser reduzido com acordo coletivo. Entenda as regras da CLT e evite problemas trabalhistas.","breadcrumb":{"@id":"https:\/\/www.em.com.br\/emfoco\/2026\/05\/01\/fim-de-1h-de-almoco-muda-rotina-de-trabalhadores-e-entender-a-regra-garante-seus-direitos\/#breadcrumb"},"inLanguage":"pt-BR","potentialAction":[{"@type":"ReadAction","target":["https:\/\/www.em.com.br\/emfoco\/2026\/05\/01\/fim-de-1h-de-almoco-muda-rotina-de-trabalhadores-e-entender-a-regra-garante-seus-direitos\/"]}]},{"@type":"ImageObject","inLanguage":"pt-BR","@id":"https:\/\/www.em.com.br\/emfoco\/2026\/05\/01\/fim-de-1h-de-almoco-muda-rotina-de-trabalhadores-e-entender-a-regra-garante-seus-direitos\/#primaryimage","url":"https:\/\/www.em.com.br\/emfoco\/wp-content\/uploads\/2026\/05\/Fim-de-1h-de-almoco-muda-rotina-de-trabalhadores-e-entender-a-nova-regra-garante-seus-direitos-1.jpg","contentUrl":"https:\/\/www.em.com.br\/emfoco\/wp-content\/uploads\/2026\/05\/Fim-de-1h-de-almoco-muda-rotina-de-trabalhadores-e-entender-a-nova-regra-garante-seus-direitos-1.jpg","width":1280,"height":720,"caption":"Intervalo de almo\u00e7o segue regras que muita gente ignora."},{"@type":"BreadcrumbList","@id":"https:\/\/www.em.com.br\/emfoco\/2026\/05\/01\/fim-de-1h-de-almoco-muda-rotina-de-trabalhadores-e-entender-a-regra-garante-seus-direitos\/#breadcrumb","itemListElement":[{"@type":"ListItem","position":1,"name":"In\u00edcio","item":"https:\/\/www.em.com.br\/emfoco\/"},{"@type":"ListItem","position":2,"name":"Fim de 1h de almo\u00e7o muda rotina de trabalhadores e entender a regra garante seus direitos"}]},{"@type":"WebSite","@id":"https:\/\/www.em.com.br\/emfoco\/#website","url":"https:\/\/www.em.com.br\/emfoco\/","name":"Estado de Minas - Em foco","description":"Acompanhe as \u00faltimas not\u00edcias e fique bem informado sobre tudo o que acontece em Minas Gerais, Brasil e no mundo.","potentialAction":[{"@type":"SearchAction","target":{"@type":"EntryPoint","urlTemplate":"https:\/\/www.em.com.br\/emfoco\/?s={search_term_string}"},"query-input":{"@type":"PropertyValueSpecification","valueRequired":true,"valueName":"search_term_string"}}],"inLanguage":"pt-BR"},{"@type":"Person","@id":"https:\/\/www.em.com.br\/emfoco\/#\/schema\/person\/524437ef54f8a5d32591b143307f2e20","name":"N\u00fabia Rangel","image":{"@type":"ImageObject","inLanguage":"pt-BR","@id":"https:\/\/www.em.com.br\/emfoco\/#\/schema\/person\/image\/","url":"https:\/\/secure.gravatar.com\/avatar\/47cff2827a5ba23c37e8068c86817ea4?s=96&d=mm&r=g","contentUrl":"https:\/\/secure.gravatar.com\/avatar\/47cff2827a5ba23c37e8068c86817ea4?s=96&d=mm&r=g","caption":"N\u00fabia Rangel"},"sameAs":["https:\/\/www.em.com.br\/emfoco\/"],"url":"https:\/\/www.em.com.br\/emfoco\/author\/nubiamyth\/"}]}},"_links":{"self":[{"href":"https:\/\/www.em.com.br\/emfoco\/wp-json\/wp\/v2\/posts\/202571","targetHints":{"allow":["GET"]}}],"collection":[{"href":"https:\/\/www.em.com.br\/emfoco\/wp-json\/wp\/v2\/posts"}],"about":[{"href":"https:\/\/www.em.com.br\/emfoco\/wp-json\/wp\/v2\/types\/post"}],"author":[{"embeddable":true,"href":"https:\/\/www.em.com.br\/emfoco\/wp-json\/wp\/v2\/users\/5"}],"replies":[{"embeddable":true,"href":"https:\/\/www.em.com.br\/emfoco\/wp-json\/wp\/v2\/comments?post=202571"}],"version-history":[{"count":2,"href":"https:\/\/www.em.com.br\/emfoco\/wp-json\/wp\/v2\/posts\/202571\/revisions"}],"predecessor-version":[{"id":202598,"href":"https:\/\/www.em.com.br\/emfoco\/wp-json\/wp\/v2\/posts\/202571\/revisions\/202598"}],"wp:featuredmedia":[{"embeddable":true,"href":"https:\/\/www.em.com.br\/emfoco\/wp-json\/wp\/v2\/media\/202594"}],"wp:attachment":[{"href":"https:\/\/www.em.com.br\/emfoco\/wp-json\/wp\/v2\/media?parent=202571"}],"wp:term":[{"taxonomy":"category","embeddable":true,"href":"https:\/\/www.em.com.br\/emfoco\/wp-json\/wp\/v2\/categories?post=202571"},{"taxonomy":"post_tag","embeddable":true,"href":"https:\/\/www.em.com.br\/emfoco\/wp-json\/wp\/v2\/tags?post=202571"}],"curies":[{"name":"wp","href":"https:\/\/api.w.org\/{rel}","templated":true}]}}