{"id":202565,"date":"2026-05-01T06:48:00","date_gmt":"2026-05-01T09:48:00","guid":{"rendered":"https:\/\/www.em.com.br\/emfoco\/?p=202565"},"modified":"2026-05-01T05:31:52","modified_gmt":"2026-05-01T08:31:52","slug":"idosos-acima-de-60-anos-devem-emitir-outro-documento-obrigatorio-alem-do-rg","status":"publish","type":"post","link":"https:\/\/www.em.com.br\/emfoco\/2026\/05\/01\/idosos-acima-de-60-anos-devem-emitir-outro-documento-obrigatorio-alem-do-rg\/","title":{"rendered":"Idosos acima de 60 anos devem emitir outro documento obrigat\u00f3rio al\u00e9m do RG"},"content":{"rendered":"\n<p>Muita gente chega at\u00e9 uma vaga reservada para idoso, a encontra vazia e estaciona sem pensar duas vezes, s\u00f3 porque tem mais de 60 anos. O problema \u00e9 que, sem a <strong>credencial de estacionamento para idoso<\/strong>, o uso da vaga n\u00e3o \u00e9 regular e pode gerar multa, mesmo que a inten\u00e7\u00e3o seja totalmente leg\u00edtima.<\/p>\n\n\n\n<h2 class=\"wp-block-heading\">A vaga \u00e9 reservada, mas o direito precisa de documento<\/h2>\n\n\n\n<p>A <a href=\"https:\/\/www.gov.br\/transportes\/pt-br\/assuntos\/transito\/conteudo-contran\/resolucoes\/Resolucao9652022.pdf\" target=\"_blank\" rel=\"noreferrer noopener\">R<\/a><a href=\"https:\/\/www.gov.br\/infraestrutura\/pt-br\/assuntos\/transito\/conteudo-contran\/resolucoes\/resolucao9652022.pdf\" target=\"_blank\" rel=\"noopener noreferrer\">esolu\u00e7\u00e3o Contran n\u00ba 965\/2022<\/a> deixa claro que a <strong>credencial de estacionamento para idoso<\/strong> \u00e9 o documento oficial que comprova o direito de usar as vagas exclusivas. N\u00e3o basta apresentar a carteira de identidade ou qualquer outro documento comum que comprove a idade.<\/p>\n\n\n\n<p>O <a href=\"https:\/\/www.planalto.gov.br\/ccivil_03\/leis\/2003\/l10.741.htm\" target=\"_blank\" rel=\"noopener noreferrer\">Estatuto do Idoso, Lei n\u00ba 10.741\/2003<\/a>, garante a prioridade de acesso e a mobilidade da pessoa idosa, mas \u00e9 a credencial que transforma esse direito em algo reconhecido pela fiscaliza\u00e7\u00e3o no tr\u00e2nsito do dia a dia.<\/p>\n\n\n\n<figure class=\"wp-block-image size-large\"><img loading=\"lazy\" decoding=\"async\" width=\"1024\" height=\"576\" src=\"https:\/\/www.em.com.br\/emfoco\/wp-content\/uploads\/2026\/05\/Idosos-acima-de-60-anos-devem-emitir-outro-documento-obrigatorio-alem-do-RG-1-1024x576.jpg\" alt=\"Idosos acima de 60 anos devem emitir outro documento obrigat\u00f3rio al\u00e9m do RG\" class=\"wp-image-202568\" srcset=\"https:\/\/www.em.com.br\/emfoco\/wp-content\/uploads\/2026\/05\/Idosos-acima-de-60-anos-devem-emitir-outro-documento-obrigatorio-alem-do-RG-1-1024x576.jpg 1024w, https:\/\/www.em.com.br\/emfoco\/wp-content\/uploads\/2026\/05\/Idosos-acima-de-60-anos-devem-emitir-outro-documento-obrigatorio-alem-do-RG-1-300x169.jpg 300w, https:\/\/www.em.com.br\/emfoco\/wp-content\/uploads\/2026\/05\/Idosos-acima-de-60-anos-devem-emitir-outro-documento-obrigatorio-alem-do-RG-1-768x432.jpg 768w, https:\/\/www.em.com.br\/emfoco\/wp-content\/uploads\/2026\/05\/Idosos-acima-de-60-anos-devem-emitir-outro-documento-obrigatorio-alem-do-RG-1-750x422.jpg 750w, https:\/\/www.em.com.br\/emfoco\/wp-content\/uploads\/2026\/05\/Idosos-acima-de-60-anos-devem-emitir-outro-documento-obrigatorio-alem-do-RG-1-1140x641.jpg 1140w, https:\/\/www.em.com.br\/emfoco\/wp-content\/uploads\/2026\/05\/Idosos-acima-de-60-anos-devem-emitir-outro-documento-obrigatorio-alem-do-RG-1.jpg 1280w\" sizes=\"auto, (max-width: 1024px) 100vw, 1024px\" \/><figcaption class=\"wp-element-caption\">Ter 60 anos n\u00e3o basta na fiscaliza\u00e7\u00e3o.<\/figcaption><\/figure>\n\n\n\n<h2 class=\"wp-block-heading\">Pelo celular, em poucos minutos, mas nem sempre para todo mundo<\/h2>\n\n\n\n<p>A emiss\u00e3o digital simplificou bastante a vida de quem mora em cidades que j\u00e1 aderiram ao sistema. Pelo aplicativo <strong>Carteira Digital de Tr\u00e2nsito (CDT)<\/strong>, o idoso acessa o servi\u00e7o com a conta Gov.br e gera a credencial rapidamente, sem enfrentar fila. O servi\u00e7o, por\u00e9m, est\u00e1 dispon\u00edvel em cerca de 102 \u00f3rg\u00e3os de tr\u00e2nsito de 17 estados, o que significa que nem todo munic\u00edpio oferece a op\u00e7\u00e3o digital.<\/p>\n\n\n\n<p>Quem mora em uma cidade que ainda n\u00e3o aderiu ao sistema precisa buscar a emiss\u00e3o presencialmente no \u00f3rg\u00e3o municipal de tr\u00e2nsito. Antes de ir ao aplicativo, vale confirmar se o seu munic\u00edpio j\u00e1 est\u00e1 na lista. Quem n\u00e3o possui CNH tamb\u00e9m tem direito \u00e0 credencial, mas geralmente passa pelo atendimento presencial de qualquer forma.<\/p>\n\n\n\n<h2 class=\"wp-block-heading\">O detalhe que mudou tudo: validade vital\u00edcia desde 2024<\/h2>\n\n\n\n<p>Uma das novidades mais importantes veio com a <a href=\"https:\/\/www.gov.br\/transportes\/pt-br\/assuntos\/transito\/conteudo-contran\/resolucoes\/Resolucao10122024.pdf\" target=\"_blank\" rel=\"noreferrer noopener\">Resolu\u00e7\u00e3o Contran n\u00ba 1012\/2024<\/a>: a credencial de estacionamento para idoso passou a ser <strong>vital\u00edcia<\/strong>. Antes, era necess\u00e1rio renovar o documento periodicamente, o que gerava confus\u00e3o e burocracia desnecess\u00e1ria.<\/p>\n\n\n\n<p>Al\u00e9m da validade permanente, vale conhecer as regras de uso para n\u00e3o cair em armadilhas na hora de estacionar. Alguns pontos passam despercebidos e fazem toda a diferen\u00e7a na pr\u00e1tica:<\/p>\n\n\n\n<ul class=\"wp-block-list\">\n<li>A credencial \u00e9 obrigat\u00f3ria para usar a vaga exclusiva, mesmo que a pessoa tenha mais de 60 anos comprovados.<\/li>\n\n\n\n<li>O idoso precisa estar no ve\u00edculo, seja como condutor ou como passageiro, para que o uso seja v\u00e1lido.<\/li>\n\n\n\n<li>A vers\u00e3o digital tem validade nacional e pode ser consultada pelos sistemas oficiais de tr\u00e2nsito.<\/li>\n\n\n\n<li>Quem n\u00e3o tem CNH pode obter a credencial, mas geralmente deve procurar o \u00f3rg\u00e3o municipal de tr\u00e2nsito.<\/li>\n\n\n\n<li>A credencial pode ser apresentada no formato f\u00edsico ou digital com igual validade perante a fiscaliza\u00e7\u00e3o.<\/li>\n<\/ul>\n\n\n\n<div style=\"background:#f8f9fa;border-radius:12px;padding:24px 28px;margin:24px 0;box-shadow:0 2px 12px rgba(59,130,246,0.10);font-family:'Inter',sans-serif;max-width:640px;margin-left:auto;margin-right:auto;\">\r\n  <p style=\"text-align:center;font-weight:700;font-size:1.05rem;color:#1e293b;margin:0 0 16px 0;letter-spacing:0.01em;\">Pontos-chave<\/p>\r\n  <div style=\"display:flex;flex-direction:column;gap:12px;\">\r\n    <div style=\"background:#fff;border-radius:8px;padding:12px 16px;box-shadow:0 1px 4px rgba(59,130,246,0.08);\">\r\n      <p style=\"margin:0;font-size:1.3rem;text-align:center;\">\ud83e\udeaa<\/p>\r\n      <p style=\"margin:4px 0 0 0;font-weight:700;color:#1e293b;font-size:0.97rem;text-align:center;\">Documento espec\u00edfico<\/p>\r\n      <p style=\"margin:4px 0 0 0;color:#334155;font-size:0.95rem;text-align:center;\">A vaga de idoso exige credencial pr\u00f3pria, n\u00e3o apenas idade comprovada por documento comum.<\/p>\r\n    <\/div>\r\n    <div style=\"background:#fff;border-radius:8px;padding:12px 16px;box-shadow:0 1px 4px rgba(59,130,246,0.08);\">\r\n      <p style=\"margin:0;font-size:1.3rem;text-align:center;\">\ud83d\udcf1<\/p>\r\n      <p style=\"margin:4px 0 0 0;font-weight:700;color:#1e293b;font-size:0.97rem;text-align:center;\">Emiss\u00e3o facilitada<\/p>\r\n      <p style=\"margin:4px 0 0 0;color:#334155;font-size:0.95rem;text-align:center;\">O processo pode ser feito online pelo aplicativo CDT nos munic\u00edpios participantes, ou presencialmente no \u00f3rg\u00e3o local de tr\u00e2nsito.<\/p>\r\n    <\/div>\r\n    <div style=\"background:#fff;border-radius:8px;padding:12px 16px;box-shadow:0 1px 4px rgba(59,130,246,0.08);\">\r\n      <p style=\"margin:0;font-size:1.3rem;text-align:center;\">\u26a0\ufe0f<\/p>\r\n      <p style=\"margin:4px 0 0 0;font-weight:700;color:#1e293b;font-size:0.97rem;text-align:center;\">Uso indevido gera puni\u00e7\u00e3o<\/p>\r\n      <p style=\"margin:4px 0 0 0;color:#334155;font-size:0.95rem;text-align:center;\">Estacionar sem credencial ou sem o idoso presente pode resultar em multa e remo\u00e7\u00e3o do ve\u00edculo.<\/p>\r\n    <\/div>\r\n  <\/div>\r\n<\/div>\n\n\n\n<h2 class=\"wp-block-heading\">Quando a falta de um documento simples vira um problem\u00e3o<\/h2>\n\n\n\n<p>O <a href=\"https:\/\/www.planalto.gov.br\/ccivil_03\/leis\/l9503compilado.htm\" target=\"_blank\" rel=\"noopener noreferrer\">C\u00f3digo de Tr\u00e2nsito Brasileiro<\/a>, no art. 181, inciso XX, classifica como <strong>infra\u00e7\u00e3o grave<\/strong> o estacionamento em vaga de idoso sem a credencial v\u00e1lida. A puni\u00e7\u00e3o prevista \u00e9 multa de R$ 195,23 e <strong>5 pontos na CNH<\/strong>, al\u00e9m da possibilidade de remo\u00e7\u00e3o do ve\u00edculo.<\/p>\n\n\n\n<p>A vaga reservada n\u00e3o \u00e9 um privil\u00e9gio, \u00e9 um recurso de mobilidade urbana pensado para reduzir esfor\u00e7o e dar mais seguran\u00e7a \u00e0 pessoa idosa no tr\u00e2nsito. Usar sem a credencial tamb\u00e9m prejudica quem realmente depende daquele espa\u00e7o.<\/p>\n\n\n\n<figure class=\"wp-block-image size-large\"><img loading=\"lazy\" decoding=\"async\" width=\"1024\" height=\"576\" src=\"https:\/\/www.em.com.br\/emfoco\/wp-content\/uploads\/2026\/05\/Idosos-acima-de-60-anos-devem-emitir-outro-documento-obrigatorio-alem-do-RG-2-1024x576.jpg\" alt=\"Idosos acima de 60 anos devem emitir outro documento obrigat\u00f3rio al\u00e9m do RG\" class=\"wp-image-202567\" srcset=\"https:\/\/www.em.com.br\/emfoco\/wp-content\/uploads\/2026\/05\/Idosos-acima-de-60-anos-devem-emitir-outro-documento-obrigatorio-alem-do-RG-2-1024x576.jpg 1024w, https:\/\/www.em.com.br\/emfoco\/wp-content\/uploads\/2026\/05\/Idosos-acima-de-60-anos-devem-emitir-outro-documento-obrigatorio-alem-do-RG-2-300x169.jpg 300w, https:\/\/www.em.com.br\/emfoco\/wp-content\/uploads\/2026\/05\/Idosos-acima-de-60-anos-devem-emitir-outro-documento-obrigatorio-alem-do-RG-2-768x432.jpg 768w, https:\/\/www.em.com.br\/emfoco\/wp-content\/uploads\/2026\/05\/Idosos-acima-de-60-anos-devem-emitir-outro-documento-obrigatorio-alem-do-RG-2-750x422.jpg 750w, https:\/\/www.em.com.br\/emfoco\/wp-content\/uploads\/2026\/05\/Idosos-acima-de-60-anos-devem-emitir-outro-documento-obrigatorio-alem-do-RG-2-1140x641.jpg 1140w, https:\/\/www.em.com.br\/emfoco\/wp-content\/uploads\/2026\/05\/Idosos-acima-de-60-anos-devem-emitir-outro-documento-obrigatorio-alem-do-RG-2.jpg 1280w\" sizes=\"auto, (max-width: 1024px) 100vw, 1024px\" \/><figcaption class=\"wp-element-caption\">Vaga de idoso exige credencial pr\u00f3pria.<\/figcaption><\/figure>\n\n\n\n<h2 class=\"wp-block-heading\">Cada cidade tem suas particularidades, e vale se informar<\/h2>\n\n\n\n<p>Como a ades\u00e3o ao sistema digital ainda n\u00e3o \u00e9 universal, o caminho para emitir a <strong>credencial de estacionamento para idoso<\/strong> pode variar bastante dependendo de onde voc\u00ea mora. Uma consulta r\u00e1pida \u00e0 prefeitura ou ao \u00f3rg\u00e3o local de tr\u00e2nsito evita idas e vindas desnecess\u00e1rias e garante que o processo seja feito pelo canal certo.<\/p>\n\n\n\n<p>No fim das contas, a credencial de estacionamento para idoso \u00e9 um documento simples, de emiss\u00e3o gratuita, e regularizar a situa\u00e7\u00e3o antes de precisar da vaga \u00e9 o caminho mais tranquilo para aproveitar um direito que a lei j\u00e1 garante.<\/p>\n\n\n\n<p>Achou essa informa\u00e7\u00e3o \u00fatil? Compartilhe com familiares e amigos, porque muita gente ainda n\u00e3o sabe que a vaga reservada exige uma credencial pr\u00f3pria e acaba arriscando uma multa sem perceber.<\/p>\n","protected":false},"excerpt":{"rendered":"<p>Muita gente chega at\u00e9 uma vaga reservada para idoso, a encontra vazia e estaciona sem pensar duas vezes, s\u00f3 porque tem mais de 60 anos. O problema \u00e9 que, sem a credencial de estacionamento para idoso, o uso da vaga n\u00e3o \u00e9 regular e pode gerar multa, mesmo que a inten\u00e7\u00e3o seja totalmente leg\u00edtima. A [&hellip;]<\/p>\n","protected":false},"author":5,"featured_media":202569,"comment_status":"open","ping_status":"open","sticky":false,"template":"","format":"standard","meta":{"jnews-multi-image_gallery":[],"jnews_single_post":{"format":"standard"},"jnews_primary_category":[],"jnews_social_meta":[],"jnews_override_counter":[],"footnotes":""},"categories":[1],"tags":[15392,490],"class_list":["post-202565","post","type-post","status-publish","format-standard","has-post-thumbnail","hentry","category-noticias","tag-beneficio-2","tag-idoso"],"yoast_head":"<!-- This site is optimized with the Yoast SEO plugin v23.8 - https:\/\/yoast.com\/wordpress\/plugins\/seo\/ -->\n<title>Idosos acima de 60 anos devem emitir outro documento obrigat\u00f3rio al\u00e9m do RG - Estado de Minas - Em foco<\/title>\n<meta name=\"description\" content=\"Muita gente ainda n\u00e3o sabe, mas a credencial de estacionamento para idoso \u00e9 exigida mesmo para quem j\u00e1 tem 60 anos ou mais.\" \/>\n<meta name=\"robots\" content=\"index, follow, max-snippet:-1, max-image-preview:large, max-video-preview:-1\" \/>\n<link rel=\"canonical\" href=\"https:\/\/www.em.com.br\/emfoco\/2026\/05\/01\/idosos-acima-de-60-anos-devem-emitir-outro-documento-obrigatorio-alem-do-rg\/\" \/>\n<meta property=\"og:locale\" content=\"pt_BR\" \/>\n<meta property=\"og:type\" content=\"article\" \/>\n<meta property=\"og:title\" content=\"Idosos acima de 60 anos devem emitir outro documento obrigat\u00f3rio al\u00e9m do RG - Estado de Minas - Em foco\" \/>\n<meta property=\"og:description\" content=\"Muita gente ainda n\u00e3o sabe, mas a credencial de estacionamento para idoso \u00e9 exigida mesmo para quem j\u00e1 tem 60 anos ou mais.\" \/>\n<meta property=\"og:url\" content=\"https:\/\/www.em.com.br\/emfoco\/2026\/05\/01\/idosos-acima-de-60-anos-devem-emitir-outro-documento-obrigatorio-alem-do-rg\/\" \/>\n<meta property=\"og:site_name\" content=\"Estado de Minas - Em foco\" \/>\n<meta property=\"article:published_time\" content=\"2026-05-01T09:48:00+00:00\" \/>\n<meta property=\"article:modified_time\" content=\"2026-05-01T08:31:52+00:00\" \/>\n<meta property=\"og:image\" content=\"https:\/\/www.em.com.br\/emfoco\/wp-content\/uploads\/2026\/05\/Idosos-acima-de-60-anos-devem-emitir-outro-documento-obrigatorio-alem-do-RG.jpg\" \/>\n\t<meta property=\"og:image:width\" content=\"1280\" \/>\n\t<meta property=\"og:image:height\" content=\"720\" \/>\n\t<meta property=\"og:image:type\" content=\"image\/jpeg\" \/>\n<meta name=\"author\" content=\"N\u00fabia Rangel\" \/>\n<meta name=\"twitter:card\" content=\"summary_large_image\" \/>\n<meta name=\"twitter:label1\" content=\"Escrito por\" \/>\n\t<meta name=\"twitter:data1\" content=\"N\u00fabia Rangel\" \/>\n\t<meta name=\"twitter:label2\" content=\"Est. tempo de leitura\" \/>\n\t<meta name=\"twitter:data2\" content=\"5 minutos\" \/>\n<!-- \/ Yoast SEO plugin. -->","yoast_head_json":{"title":"Idosos acima de 60 anos devem emitir outro documento obrigat\u00f3rio al\u00e9m do RG - Estado de Minas - Em foco","description":"Muita gente ainda n\u00e3o sabe, mas a credencial de estacionamento para idoso \u00e9 exigida mesmo para quem j\u00e1 tem 60 anos ou mais.","robots":{"index":"index","follow":"follow","max-snippet":"max-snippet:-1","max-image-preview":"max-image-preview:large","max-video-preview":"max-video-preview:-1"},"canonical":"https:\/\/www.em.com.br\/emfoco\/2026\/05\/01\/idosos-acima-de-60-anos-devem-emitir-outro-documento-obrigatorio-alem-do-rg\/","og_locale":"pt_BR","og_type":"article","og_title":"Idosos acima de 60 anos devem emitir outro documento obrigat\u00f3rio al\u00e9m do RG - Estado de Minas - Em foco","og_description":"Muita gente ainda n\u00e3o sabe, mas a credencial de estacionamento para idoso \u00e9 exigida mesmo para quem j\u00e1 tem 60 anos ou mais.","og_url":"https:\/\/www.em.com.br\/emfoco\/2026\/05\/01\/idosos-acima-de-60-anos-devem-emitir-outro-documento-obrigatorio-alem-do-rg\/","og_site_name":"Estado de Minas - Em foco","article_published_time":"2026-05-01T09:48:00+00:00","article_modified_time":"2026-05-01T08:31:52+00:00","og_image":[{"width":1280,"height":720,"url":"https:\/\/www.em.com.br\/emfoco\/wp-content\/uploads\/2026\/05\/Idosos-acima-de-60-anos-devem-emitir-outro-documento-obrigatorio-alem-do-RG.jpg","type":"image\/jpeg"}],"author":"N\u00fabia Rangel","twitter_card":"summary_large_image","twitter_misc":{"Escrito por":"N\u00fabia Rangel","Est. tempo de leitura":"5 minutos"},"schema":{"@context":"https:\/\/schema.org","@graph":[{"@type":"WebPage","@id":"https:\/\/www.em.com.br\/emfoco\/2026\/05\/01\/idosos-acima-de-60-anos-devem-emitir-outro-documento-obrigatorio-alem-do-rg\/","url":"https:\/\/www.em.com.br\/emfoco\/2026\/05\/01\/idosos-acima-de-60-anos-devem-emitir-outro-documento-obrigatorio-alem-do-rg\/","name":"Idosos acima de 60 anos devem emitir outro documento obrigat\u00f3rio al\u00e9m do RG - Estado de Minas - Em foco","isPartOf":{"@id":"https:\/\/www.em.com.br\/emfoco\/#website"},"primaryImageOfPage":{"@id":"https:\/\/www.em.com.br\/emfoco\/2026\/05\/01\/idosos-acima-de-60-anos-devem-emitir-outro-documento-obrigatorio-alem-do-rg\/#primaryimage"},"image":{"@id":"https:\/\/www.em.com.br\/emfoco\/2026\/05\/01\/idosos-acima-de-60-anos-devem-emitir-outro-documento-obrigatorio-alem-do-rg\/#primaryimage"},"thumbnailUrl":"https:\/\/www.em.com.br\/emfoco\/wp-content\/uploads\/2026\/05\/Idosos-acima-de-60-anos-devem-emitir-outro-documento-obrigatorio-alem-do-RG.jpg","datePublished":"2026-05-01T09:48:00+00:00","dateModified":"2026-05-01T08:31:52+00:00","author":{"@id":"https:\/\/www.em.com.br\/emfoco\/#\/schema\/person\/524437ef54f8a5d32591b143307f2e20"},"description":"Muita gente ainda n\u00e3o sabe, mas a credencial de estacionamento para idoso \u00e9 exigida mesmo para quem j\u00e1 tem 60 anos ou mais.","breadcrumb":{"@id":"https:\/\/www.em.com.br\/emfoco\/2026\/05\/01\/idosos-acima-de-60-anos-devem-emitir-outro-documento-obrigatorio-alem-do-rg\/#breadcrumb"},"inLanguage":"pt-BR","potentialAction":[{"@type":"ReadAction","target":["https:\/\/www.em.com.br\/emfoco\/2026\/05\/01\/idosos-acima-de-60-anos-devem-emitir-outro-documento-obrigatorio-alem-do-rg\/"]}]},{"@type":"ImageObject","inLanguage":"pt-BR","@id":"https:\/\/www.em.com.br\/emfoco\/2026\/05\/01\/idosos-acima-de-60-anos-devem-emitir-outro-documento-obrigatorio-alem-do-rg\/#primaryimage","url":"https:\/\/www.em.com.br\/emfoco\/wp-content\/uploads\/2026\/05\/Idosos-acima-de-60-anos-devem-emitir-outro-documento-obrigatorio-alem-do-RG.jpg","contentUrl":"https:\/\/www.em.com.br\/emfoco\/wp-content\/uploads\/2026\/05\/Idosos-acima-de-60-anos-devem-emitir-outro-documento-obrigatorio-alem-do-RG.jpg","width":1280,"height":720,"caption":"O documento pode ser f\u00edsico ou digital."},{"@type":"BreadcrumbList","@id":"https:\/\/www.em.com.br\/emfoco\/2026\/05\/01\/idosos-acima-de-60-anos-devem-emitir-outro-documento-obrigatorio-alem-do-rg\/#breadcrumb","itemListElement":[{"@type":"ListItem","position":1,"name":"In\u00edcio","item":"https:\/\/www.em.com.br\/emfoco\/"},{"@type":"ListItem","position":2,"name":"Idosos acima de 60 anos devem emitir outro documento obrigat\u00f3rio al\u00e9m do RG"}]},{"@type":"WebSite","@id":"https:\/\/www.em.com.br\/emfoco\/#website","url":"https:\/\/www.em.com.br\/emfoco\/","name":"Estado de Minas - Em foco","description":"Acompanhe as \u00faltimas not\u00edcias e fique bem informado sobre tudo o que acontece em Minas Gerais, Brasil e no mundo.","potentialAction":[{"@type":"SearchAction","target":{"@type":"EntryPoint","urlTemplate":"https:\/\/www.em.com.br\/emfoco\/?s={search_term_string}"},"query-input":{"@type":"PropertyValueSpecification","valueRequired":true,"valueName":"search_term_string"}}],"inLanguage":"pt-BR"},{"@type":"Person","@id":"https:\/\/www.em.com.br\/emfoco\/#\/schema\/person\/524437ef54f8a5d32591b143307f2e20","name":"N\u00fabia Rangel","image":{"@type":"ImageObject","inLanguage":"pt-BR","@id":"https:\/\/www.em.com.br\/emfoco\/#\/schema\/person\/image\/","url":"https:\/\/secure.gravatar.com\/avatar\/47cff2827a5ba23c37e8068c86817ea4?s=96&d=mm&r=g","contentUrl":"https:\/\/secure.gravatar.com\/avatar\/47cff2827a5ba23c37e8068c86817ea4?s=96&d=mm&r=g","caption":"N\u00fabia Rangel"},"sameAs":["https:\/\/www.em.com.br\/emfoco\/"],"url":"https:\/\/www.em.com.br\/emfoco\/author\/nubiamyth\/"}]}},"_links":{"self":[{"href":"https:\/\/www.em.com.br\/emfoco\/wp-json\/wp\/v2\/posts\/202565","targetHints":{"allow":["GET"]}}],"collection":[{"href":"https:\/\/www.em.com.br\/emfoco\/wp-json\/wp\/v2\/posts"}],"about":[{"href":"https:\/\/www.em.com.br\/emfoco\/wp-json\/wp\/v2\/types\/post"}],"author":[{"embeddable":true,"href":"https:\/\/www.em.com.br\/emfoco\/wp-json\/wp\/v2\/users\/5"}],"replies":[{"embeddable":true,"href":"https:\/\/www.em.com.br\/emfoco\/wp-json\/wp\/v2\/comments?post=202565"}],"version-history":[{"count":2,"href":"https:\/\/www.em.com.br\/emfoco\/wp-json\/wp\/v2\/posts\/202565\/revisions"}],"predecessor-version":[{"id":202570,"href":"https:\/\/www.em.com.br\/emfoco\/wp-json\/wp\/v2\/posts\/202565\/revisions\/202570"}],"wp:featuredmedia":[{"embeddable":true,"href":"https:\/\/www.em.com.br\/emfoco\/wp-json\/wp\/v2\/media\/202569"}],"wp:attachment":[{"href":"https:\/\/www.em.com.br\/emfoco\/wp-json\/wp\/v2\/media?parent=202565"}],"wp:term":[{"taxonomy":"category","embeddable":true,"href":"https:\/\/www.em.com.br\/emfoco\/wp-json\/wp\/v2\/categories?post=202565"},{"taxonomy":"post_tag","embeddable":true,"href":"https:\/\/www.em.com.br\/emfoco\/wp-json\/wp\/v2\/tags?post=202565"}],"curies":[{"name":"wp","href":"https:\/\/api.w.org\/{rel}","templated":true}]}}