{"id":202557,"date":"2026-05-01T05:48:00","date_gmt":"2026-05-01T08:48:00","guid":{"rendered":"https:\/\/www.em.com.br\/emfoco\/?p=202557"},"modified":"2026-05-01T05:13:00","modified_gmt":"2026-05-01T08:13:00","slug":"supermercados-como-assai-carrefour-e-atacadao-passam-a-seguir-novas-regras-neste-ano","status":"publish","type":"post","link":"https:\/\/www.em.com.br\/emfoco\/2026\/05\/01\/supermercados-como-assai-carrefour-e-atacadao-passam-a-seguir-novas-regras-neste-ano\/","title":{"rendered":"Supermercados como Assa\u00ed, Carrefour e Atacad\u00e3o passam a seguir novas regras neste ano"},"content":{"rendered":"\n<p>Quem frequenta o <strong>Assa\u00ed<\/strong>, o <strong>Atacad\u00e3o<\/strong> ou o <strong>Carrefour<\/strong> para fazer as compras do m\u00eas vai notar uma diferen\u00e7a pr\u00e1tica em 2026: as regras que j\u00e1 existem h\u00e1 anos sobre exibi\u00e7\u00e3o de pre\u00e7os passam a ser fiscalizadas com muito mais rigor. O resultado direto disso aparece nas prateleiras, nas etiquetas e na hora de pagar.<\/p>\n\n\n\n<h2 class=\"wp-block-heading\">Regras antigas, aplica\u00e7\u00e3o renovada<\/h2>\n\n\n\n<p>A <a href=\"https:\/\/www.planalto.gov.br\/ccivil_03\/_ato2004-2006\/2004\/lei\/l10.962.htm\" target=\"_blank\" rel=\"noreferrer noopener\">Lei n\u00ba 10.962\/2004<\/a> e o <a href=\"https:\/\/www.planalto.gov.br\/ccivil_03\/_ato2004-2006\/2006\/decreto\/d5903.htm\" target=\"_blank\" rel=\"noopener noreferrer\">Decreto n\u00ba 5.903\/2006<\/a> j\u00e1 estabeleciam obriga\u00e7\u00f5es claras sobre como os pre\u00e7os devem ser informados ao consumidor. O que muda agora \u00e9 a aplica\u00e7\u00e3o: diante do aumento de reclama\u00e7\u00f5es nos \u00f3rg\u00e3os de defesa do consumidor, a fiscaliza\u00e7\u00e3o deixa de depender apenas de iniciativas estaduais e passa a ser mais uniforme em todo o pa\u00eds.<\/p>\n\n\n\n<p>Para as grandes redes de <strong>atacarejo<\/strong> e hipermercados, isso significa que falhas que antes passavam despercebidas, ou eram resolvidas s\u00f3 depois de muita reclama\u00e7\u00e3o, agora t\u00eam consequ\u00eancias mais r\u00e1pidas. A reincid\u00eancia pode gerar multas autom\u00e1ticas e at\u00e9 restri\u00e7\u00f5es a campanhas promocionais.<\/p>\n\n\n\n<figure class=\"wp-block-image size-large\"><img loading=\"lazy\" decoding=\"async\" width=\"1024\" height=\"576\" src=\"https:\/\/www.em.com.br\/emfoco\/wp-content\/uploads\/2026\/05\/Supermercados-como-Assai-Carrefour-e-Atacadao-passam-a-seguir-novas-regras-neste-ano-1-1024x576.jpg\" alt=\"Supermercados como Assa\u00ed, Carrefour e Atacad\u00e3o passam a seguir novas regras neste ano\" class=\"wp-image-202560\" srcset=\"https:\/\/www.em.com.br\/emfoco\/wp-content\/uploads\/2026\/05\/Supermercados-como-Assai-Carrefour-e-Atacadao-passam-a-seguir-novas-regras-neste-ano-1-1024x576.jpg 1024w, https:\/\/www.em.com.br\/emfoco\/wp-content\/uploads\/2026\/05\/Supermercados-como-Assai-Carrefour-e-Atacadao-passam-a-seguir-novas-regras-neste-ano-1-300x169.jpg 300w, https:\/\/www.em.com.br\/emfoco\/wp-content\/uploads\/2026\/05\/Supermercados-como-Assai-Carrefour-e-Atacadao-passam-a-seguir-novas-regras-neste-ano-1-768x432.jpg 768w, https:\/\/www.em.com.br\/emfoco\/wp-content\/uploads\/2026\/05\/Supermercados-como-Assai-Carrefour-e-Atacadao-passam-a-seguir-novas-regras-neste-ano-1-750x422.jpg 750w, https:\/\/www.em.com.br\/emfoco\/wp-content\/uploads\/2026\/05\/Supermercados-como-Assai-Carrefour-e-Atacadao-passam-a-seguir-novas-regras-neste-ano-1-1140x641.jpg 1140w, https:\/\/www.em.com.br\/emfoco\/wp-content\/uploads\/2026\/05\/Supermercados-como-Assai-Carrefour-e-Atacadao-passam-a-seguir-novas-regras-neste-ano-1.jpg 1280w\" sizes=\"auto, (max-width: 1024px) 100vw, 1024px\" \/><figcaption class=\"wp-element-caption\">Diferen\u00e7a entre g\u00f4ndola e caixa ganha nova aten\u00e7\u00e3o.<\/figcaption><\/figure>\n\n\n\n<h2 class=\"wp-block-heading\">Afinal, o que muda no seu carrinho?<\/h2>\n\n\n\n<p>A exig\u00eancia mais direta \u00e9 sobre diverg\u00eancia de pre\u00e7os: <strong>quando o valor exibido na g\u00f4ndola for diferente do cobrado no caixa, prevalece o pre\u00e7o da oferta informada ao cliente<\/strong>, que \u00e9 o crit\u00e9rio legal estabelecido pelo <a href=\"https:\/\/www.planalto.gov.br\/ccivil_03\/leis\/l8078compilado.htm\" target=\"_blank\" rel=\"noopener noreferrer\">C\u00f3digo de Defesa do Consumidor<\/a>. Com a fiscaliza\u00e7\u00e3o mais rigorosa, as redes t\u00eam muito mais incentivo para manter os sistemas atualizados e evitar esse tipo de erro.<\/p>\n\n\n\n<p>Outras obriga\u00e7\u00f5es j\u00e1 previstas em lei ganham peso na pr\u00e1tica. Veja os principais pontos que passam a ser exigidos com mais consist\u00eancia:<\/p>\n\n\n\n<ul class=\"wp-block-list\">\n<li><strong>Pre\u00e7o por medida obrigat\u00f3rio:<\/strong> quilo, litro, metro ou unidade devem aparecer em todas as etiquetas, inclusive em produtos de marca pr\u00f3pria.<\/li>\n\n\n\n<li><strong>Limites por CPF vis\u00edveis:<\/strong> quando uma promo\u00e7\u00e3o tiver restri\u00e7\u00e3o de quantidade por comprador, essa informa\u00e7\u00e3o precisa estar ao lado do pre\u00e7o, em fonte leg\u00edvel.<\/li>\n\n\n\n<li><strong>Faixas de pre\u00e7o no atacarejo:<\/strong> redes como o Assa\u00ed precisam indicar claramente a quantidade m\u00ednima para o valor reduzido de atacado.<\/li>\n\n\n\n<li><strong>Destaque para produtos pr\u00f3ximos ao vencimento:<\/strong> avisos espec\u00edficos devem ser exibidos para que o consumidor decida com mais consci\u00eancia.<\/li>\n<\/ul>\n\n\n\n<div style=\"background:#f8f9fa;border-radius:12px;padding:24px 28px;margin:28px auto;box-shadow:0 2px 12px rgba(59,130,246,0.10);font-family:'Inter',sans-serif;max-width:640px;\">\r\n  <p style=\"text-align:center;font-weight:700;font-size:1rem;color:#1e293b;margin-bottom:16px;letter-spacing:0.01em;\">\ud83d\udd11 Pontos-chave<\/p>\r\n  <div style=\"display:flex;flex-direction:column;gap:12px;\">\r\n    <div style=\"background:#fff;border-radius:8px;padding:14px 18px;box-shadow:0 1px 6px rgba(59,130,246,0.08);color:#1e293b;font-size:0.97rem;\"><strong>Fiscaliza\u00e7\u00e3o nacional unificada<\/strong> reduz diferen\u00e7as de aplica\u00e7\u00e3o entre estados e fecha brechas que antes favoreciam as redes.<\/div>\r\n    <div style=\"background:#fff;border-radius:8px;padding:14px 18px;box-shadow:0 1px 6px rgba(59,130,246,0.08);color:#1e293b;font-size:0.97rem;\"><strong>Atacad\u00e3o investe em tecnologia<\/strong> para integrar g\u00f4ndola, sistemas internos e registro final da compra, reduzindo erros de cobran\u00e7a.<\/div>\r\n    <div style=\"background:#fff;border-radius:8px;padding:14px 18px;box-shadow:0 1px 6px rgba(59,130,246,0.08);color:#1e293b;font-size:0.97rem;\"><strong>Conflitos resolvidos na loja:<\/strong> com protocolos mais claros, a tend\u00eancia \u00e9 que menos situa\u00e7\u00f5es precisem chegar ao Procon ou \u00e0 Justi\u00e7a.<\/div>\r\n  <\/div>\r\n<\/div>\n\n\n\n<h2 class=\"wp-block-heading\">O detalhe que faz diferen\u00e7a no or\u00e7amento da fam\u00edlia<\/h2>\n\n\n\n<p>Para quem depende do <strong>atacarejo<\/strong> para fechar o or\u00e7amento mensal, a exig\u00eancia do pre\u00e7o por quilo ou litro \u00e9 uma das mudan\u00e7as mais concretas no dia a dia. Com ela, fica mais f\u00e1cil comparar uma embalagem de 1 kg com uma de 500 g sem precisar fazer conta de cabe\u00e7a na frente da prateleira, o que ajuda especialmente quando os pre\u00e7os variam semana a semana.<\/p>\n\n\n\n<p>Guardar o cupom fiscal e fotografar promo\u00e7\u00f5es relevantes tamb\u00e9m passa a ser um h\u00e1bito \u00fatil. Com a fiscaliza\u00e7\u00e3o mais rigorosa, as redes s\u00e3o pressionadas a resolver diverg\u00eancias dentro da pr\u00f3pria loja, o que significa que uma reclama\u00e7\u00e3o bem documentada tem muito mais peso para ser atendida na hora.<\/p>\n\n\n\n<figure class=\"wp-block-image size-large\"><img loading=\"lazy\" decoding=\"async\" width=\"1024\" height=\"576\" src=\"https:\/\/www.em.com.br\/emfoco\/wp-content\/uploads\/2026\/05\/Supermercados-como-Assai-Carrefour-e-Atacadao-passam-a-seguir-novas-regras-neste-ano-2-1024x576.jpg\" alt=\"Supermercados como Assa\u00ed, Carrefour e Atacad\u00e3o passam a seguir novas regras neste ano\" class=\"wp-image-202559\" srcset=\"https:\/\/www.em.com.br\/emfoco\/wp-content\/uploads\/2026\/05\/Supermercados-como-Assai-Carrefour-e-Atacadao-passam-a-seguir-novas-regras-neste-ano-2-1024x576.jpg 1024w, https:\/\/www.em.com.br\/emfoco\/wp-content\/uploads\/2026\/05\/Supermercados-como-Assai-Carrefour-e-Atacadao-passam-a-seguir-novas-regras-neste-ano-2-300x169.jpg 300w, https:\/\/www.em.com.br\/emfoco\/wp-content\/uploads\/2026\/05\/Supermercados-como-Assai-Carrefour-e-Atacadao-passam-a-seguir-novas-regras-neste-ano-2-768x432.jpg 768w, https:\/\/www.em.com.br\/emfoco\/wp-content\/uploads\/2026\/05\/Supermercados-como-Assai-Carrefour-e-Atacadao-passam-a-seguir-novas-regras-neste-ano-2-750x422.jpg 750w, https:\/\/www.em.com.br\/emfoco\/wp-content\/uploads\/2026\/05\/Supermercados-como-Assai-Carrefour-e-Atacadao-passam-a-seguir-novas-regras-neste-ano-2-1140x641.jpg 1140w, https:\/\/www.em.com.br\/emfoco\/wp-content\/uploads\/2026\/05\/Supermercados-como-Assai-Carrefour-e-Atacadao-passam-a-seguir-novas-regras-neste-ano-2.jpg 1280w\" sizes=\"auto, (max-width: 1024px) 100vw, 1024px\" \/><figcaption class=\"wp-element-caption\">Etiquetas passam a exigir mais clareza nas informa\u00e7\u00f5es.<\/figcaption><\/figure>\n\n\n\n<h2 class=\"wp-block-heading\">Como usar tudo isso a seu favor j\u00e1 na pr\u00f3xima ida ao mercado<\/h2>\n\n\n\n<p>Voc\u00ea n\u00e3o precisa esperar o fim do m\u00eas para sentir o efeito dessas mudan\u00e7as. Conferir a etiqueta antes de colocar o produto no carrinho, checar o cupom ainda dentro da loja e exigir a corre\u00e7\u00e3o imediata em caso de diverg\u00eancia s\u00e3o atitudes que j\u00e1 valem agora. Se o problema n\u00e3o for resolvido no momento, o <a href=\"https:\/\/www.gov.br\/mj\/pt-br\/assuntos\/seus-direitos\/consumidor\/defesadoconsumidor\" target=\"_blank\" rel=\"noreferrer noopener\">Procon<\/a> continua sendo o canal mais eficiente para registrar a reclama\u00e7\u00e3o enquanto os detalhes est\u00e3o frescos.<\/p>\n\n\n\n<p>As regras sempre existiram, mas agora t\u00eam dentes de verdade. Conhec\u00ea-las \u00e9 a melhor forma de fazer com que funcionem a seu favor nas compras do m\u00eas.<\/p>\n\n\n\n<p>Se essa informa\u00e7\u00e3o pode ajudar algu\u00e9m que voc\u00ea conhece a economizar ou a evitar cobran\u00e7as erradas, vale compartilhar. Uma boa dica de consumo pode fazer diferen\u00e7a no or\u00e7amento de muita gente.<\/p>\n","protected":false},"excerpt":{"rendered":"<p>Quem frequenta o Assa\u00ed, o Atacad\u00e3o ou o Carrefour para fazer as compras do m\u00eas vai notar uma diferen\u00e7a pr\u00e1tica em 2026: as regras que j\u00e1 existem h\u00e1 anos sobre exibi\u00e7\u00e3o de pre\u00e7os passam a ser fiscalizadas com muito mais rigor. O resultado direto disso aparece nas prateleiras, nas etiquetas e na hora de pagar. [&hellip;]<\/p>\n","protected":false},"author":5,"featured_media":202561,"comment_status":"open","ping_status":"open","sticky":false,"template":"","format":"standard","meta":{"jnews-multi-image_gallery":[],"jnews_single_post":{"format":"standard"},"jnews_primary_category":[],"jnews_social_meta":[],"jnews_override_counter":[],"footnotes":""},"categories":[1],"tags":[19082,29122,29124,29123],"class_list":["post-202557","post","type-post","status-publish","format-standard","has-post-thumbnail","hentry","category-noticias","tag-codigo-de-defesa-do-consumidor","tag-fiscalizacao-de-precos","tag-preco-na-gondola","tag-preco-no-caixa"],"yoast_head":"<!-- This site is optimized with the Yoast SEO plugin v23.8 - https:\/\/yoast.com\/wordpress\/plugins\/seo\/ -->\n<title>Supermercados como Assa\u00ed, Carrefour e Atacad\u00e3o passam a seguir novas regras neste ano - Estado de Minas - Em foco<\/title>\n<meta name=\"description\" content=\"Compras do m\u00eas podem ter surpresas diferentes com regras mais r\u00edgidas e mudan\u00e7as que come\u00e7am nas prateleiras.\" \/>\n<meta name=\"robots\" content=\"index, follow, max-snippet:-1, max-image-preview:large, max-video-preview:-1\" \/>\n<link rel=\"canonical\" href=\"https:\/\/www.em.com.br\/emfoco\/2026\/05\/01\/supermercados-como-assai-carrefour-e-atacadao-passam-a-seguir-novas-regras-neste-ano\/\" \/>\n<meta property=\"og:locale\" content=\"pt_BR\" \/>\n<meta property=\"og:type\" content=\"article\" \/>\n<meta property=\"og:title\" content=\"Supermercados como Assa\u00ed, Carrefour e Atacad\u00e3o passam a seguir novas regras neste ano - Estado de Minas - Em foco\" \/>\n<meta property=\"og:description\" content=\"Compras do m\u00eas podem ter surpresas diferentes com regras mais r\u00edgidas e mudan\u00e7as que come\u00e7am nas prateleiras.\" \/>\n<meta property=\"og:url\" content=\"https:\/\/www.em.com.br\/emfoco\/2026\/05\/01\/supermercados-como-assai-carrefour-e-atacadao-passam-a-seguir-novas-regras-neste-ano\/\" \/>\n<meta property=\"og:site_name\" content=\"Estado de Minas - Em foco\" \/>\n<meta property=\"article:published_time\" content=\"2026-05-01T08:48:00+00:00\" \/>\n<meta property=\"article:modified_time\" content=\"2026-05-01T08:13:00+00:00\" \/>\n<meta property=\"og:image\" content=\"https:\/\/www.em.com.br\/emfoco\/wp-content\/uploads\/2026\/05\/Supermercados-como-Assai-Carrefour-e-Atacadao-passam-a-seguir-novas-regras-neste-ano.jpg\" \/>\n\t<meta property=\"og:image:width\" content=\"1280\" \/>\n\t<meta property=\"og:image:height\" content=\"720\" \/>\n\t<meta property=\"og:image:type\" content=\"image\/jpeg\" \/>\n<meta name=\"author\" content=\"N\u00fabia Rangel\" \/>\n<meta name=\"twitter:card\" content=\"summary_large_image\" \/>\n<meta name=\"twitter:label1\" content=\"Escrito por\" \/>\n\t<meta name=\"twitter:data1\" content=\"N\u00fabia Rangel\" \/>\n\t<meta name=\"twitter:label2\" content=\"Est. tempo de leitura\" \/>\n\t<meta name=\"twitter:data2\" content=\"5 minutos\" \/>\n<!-- \/ Yoast SEO plugin. -->","yoast_head_json":{"title":"Supermercados como Assa\u00ed, Carrefour e Atacad\u00e3o passam a seguir novas regras neste ano - Estado de Minas - Em foco","description":"Compras do m\u00eas podem ter surpresas diferentes com regras mais r\u00edgidas e mudan\u00e7as que come\u00e7am nas prateleiras.","robots":{"index":"index","follow":"follow","max-snippet":"max-snippet:-1","max-image-preview":"max-image-preview:large","max-video-preview":"max-video-preview:-1"},"canonical":"https:\/\/www.em.com.br\/emfoco\/2026\/05\/01\/supermercados-como-assai-carrefour-e-atacadao-passam-a-seguir-novas-regras-neste-ano\/","og_locale":"pt_BR","og_type":"article","og_title":"Supermercados como Assa\u00ed, Carrefour e Atacad\u00e3o passam a seguir novas regras neste ano - Estado de Minas - Em foco","og_description":"Compras do m\u00eas podem ter surpresas diferentes com regras mais r\u00edgidas e mudan\u00e7as que come\u00e7am nas prateleiras.","og_url":"https:\/\/www.em.com.br\/emfoco\/2026\/05\/01\/supermercados-como-assai-carrefour-e-atacadao-passam-a-seguir-novas-regras-neste-ano\/","og_site_name":"Estado de Minas - Em foco","article_published_time":"2026-05-01T08:48:00+00:00","article_modified_time":"2026-05-01T08:13:00+00:00","og_image":[{"width":1280,"height":720,"url":"https:\/\/www.em.com.br\/emfoco\/wp-content\/uploads\/2026\/05\/Supermercados-como-Assai-Carrefour-e-Atacadao-passam-a-seguir-novas-regras-neste-ano.jpg","type":"image\/jpeg"}],"author":"N\u00fabia Rangel","twitter_card":"summary_large_image","twitter_misc":{"Escrito por":"N\u00fabia Rangel","Est. tempo de leitura":"5 minutos"},"schema":{"@context":"https:\/\/schema.org","@graph":[{"@type":"WebPage","@id":"https:\/\/www.em.com.br\/emfoco\/2026\/05\/01\/supermercados-como-assai-carrefour-e-atacadao-passam-a-seguir-novas-regras-neste-ano\/","url":"https:\/\/www.em.com.br\/emfoco\/2026\/05\/01\/supermercados-como-assai-carrefour-e-atacadao-passam-a-seguir-novas-regras-neste-ano\/","name":"Supermercados como Assa\u00ed, Carrefour e Atacad\u00e3o passam a seguir novas regras neste ano - Estado de Minas - Em foco","isPartOf":{"@id":"https:\/\/www.em.com.br\/emfoco\/#website"},"primaryImageOfPage":{"@id":"https:\/\/www.em.com.br\/emfoco\/2026\/05\/01\/supermercados-como-assai-carrefour-e-atacadao-passam-a-seguir-novas-regras-neste-ano\/#primaryimage"},"image":{"@id":"https:\/\/www.em.com.br\/emfoco\/2026\/05\/01\/supermercados-como-assai-carrefour-e-atacadao-passam-a-seguir-novas-regras-neste-ano\/#primaryimage"},"thumbnailUrl":"https:\/\/www.em.com.br\/emfoco\/wp-content\/uploads\/2026\/05\/Supermercados-como-Assai-Carrefour-e-Atacadao-passam-a-seguir-novas-regras-neste-ano.jpg","datePublished":"2026-05-01T08:48:00+00:00","dateModified":"2026-05-01T08:13:00+00:00","author":{"@id":"https:\/\/www.em.com.br\/emfoco\/#\/schema\/person\/524437ef54f8a5d32591b143307f2e20"},"description":"Compras do m\u00eas podem ter surpresas diferentes com regras mais r\u00edgidas e mudan\u00e7as que come\u00e7am nas prateleiras.","breadcrumb":{"@id":"https:\/\/www.em.com.br\/emfoco\/2026\/05\/01\/supermercados-como-assai-carrefour-e-atacadao-passam-a-seguir-novas-regras-neste-ano\/#breadcrumb"},"inLanguage":"pt-BR","potentialAction":[{"@type":"ReadAction","target":["https:\/\/www.em.com.br\/emfoco\/2026\/05\/01\/supermercados-como-assai-carrefour-e-atacadao-passam-a-seguir-novas-regras-neste-ano\/"]}]},{"@type":"ImageObject","inLanguage":"pt-BR","@id":"https:\/\/www.em.com.br\/emfoco\/2026\/05\/01\/supermercados-como-assai-carrefour-e-atacadao-passam-a-seguir-novas-regras-neste-ano\/#primaryimage","url":"https:\/\/www.em.com.br\/emfoco\/wp-content\/uploads\/2026\/05\/Supermercados-como-Assai-Carrefour-e-Atacadao-passam-a-seguir-novas-regras-neste-ano.jpg","contentUrl":"https:\/\/www.em.com.br\/emfoco\/wp-content\/uploads\/2026\/05\/Supermercados-como-Assai-Carrefour-e-Atacadao-passam-a-seguir-novas-regras-neste-ano.jpg","width":1280,"height":720,"caption":"Fiscaliza\u00e7\u00e3o de pre\u00e7os fica mais r\u00edgida nos mercados."},{"@type":"BreadcrumbList","@id":"https:\/\/www.em.com.br\/emfoco\/2026\/05\/01\/supermercados-como-assai-carrefour-e-atacadao-passam-a-seguir-novas-regras-neste-ano\/#breadcrumb","itemListElement":[{"@type":"ListItem","position":1,"name":"In\u00edcio","item":"https:\/\/www.em.com.br\/emfoco\/"},{"@type":"ListItem","position":2,"name":"Supermercados como Assa\u00ed, Carrefour e Atacad\u00e3o passam a seguir novas regras neste ano"}]},{"@type":"WebSite","@id":"https:\/\/www.em.com.br\/emfoco\/#website","url":"https:\/\/www.em.com.br\/emfoco\/","name":"Estado de Minas - Em foco","description":"Acompanhe as \u00faltimas not\u00edcias e fique bem informado sobre tudo o que acontece em Minas Gerais, Brasil e no mundo.","potentialAction":[{"@type":"SearchAction","target":{"@type":"EntryPoint","urlTemplate":"https:\/\/www.em.com.br\/emfoco\/?s={search_term_string}"},"query-input":{"@type":"PropertyValueSpecification","valueRequired":true,"valueName":"search_term_string"}}],"inLanguage":"pt-BR"},{"@type":"Person","@id":"https:\/\/www.em.com.br\/emfoco\/#\/schema\/person\/524437ef54f8a5d32591b143307f2e20","name":"N\u00fabia Rangel","image":{"@type":"ImageObject","inLanguage":"pt-BR","@id":"https:\/\/www.em.com.br\/emfoco\/#\/schema\/person\/image\/","url":"https:\/\/secure.gravatar.com\/avatar\/47cff2827a5ba23c37e8068c86817ea4?s=96&d=mm&r=g","contentUrl":"https:\/\/secure.gravatar.com\/avatar\/47cff2827a5ba23c37e8068c86817ea4?s=96&d=mm&r=g","caption":"N\u00fabia Rangel"},"sameAs":["https:\/\/www.em.com.br\/emfoco\/"],"url":"https:\/\/www.em.com.br\/emfoco\/author\/nubiamyth\/"}]}},"_links":{"self":[{"href":"https:\/\/www.em.com.br\/emfoco\/wp-json\/wp\/v2\/posts\/202557","targetHints":{"allow":["GET"]}}],"collection":[{"href":"https:\/\/www.em.com.br\/emfoco\/wp-json\/wp\/v2\/posts"}],"about":[{"href":"https:\/\/www.em.com.br\/emfoco\/wp-json\/wp\/v2\/types\/post"}],"author":[{"embeddable":true,"href":"https:\/\/www.em.com.br\/emfoco\/wp-json\/wp\/v2\/users\/5"}],"replies":[{"embeddable":true,"href":"https:\/\/www.em.com.br\/emfoco\/wp-json\/wp\/v2\/comments?post=202557"}],"version-history":[{"count":2,"href":"https:\/\/www.em.com.br\/emfoco\/wp-json\/wp\/v2\/posts\/202557\/revisions"}],"predecessor-version":[{"id":202564,"href":"https:\/\/www.em.com.br\/emfoco\/wp-json\/wp\/v2\/posts\/202557\/revisions\/202564"}],"wp:featuredmedia":[{"embeddable":true,"href":"https:\/\/www.em.com.br\/emfoco\/wp-json\/wp\/v2\/media\/202561"}],"wp:attachment":[{"href":"https:\/\/www.em.com.br\/emfoco\/wp-json\/wp\/v2\/media?parent=202557"}],"wp:term":[{"taxonomy":"category","embeddable":true,"href":"https:\/\/www.em.com.br\/emfoco\/wp-json\/wp\/v2\/categories?post=202557"},{"taxonomy":"post_tag","embeddable":true,"href":"https:\/\/www.em.com.br\/emfoco\/wp-json\/wp\/v2\/tags?post=202557"}],"curies":[{"name":"wp","href":"https:\/\/api.w.org\/{rel}","templated":true}]}}