{"id":202542,"date":"2026-05-01T18:05:00","date_gmt":"2026-05-01T21:05:00","guid":{"rendered":"https:\/\/www.em.com.br\/emfoco\/?p=202542"},"modified":"2026-05-01T17:51:25","modified_gmt":"2026-05-01T20:51:25","slug":"o-vilarejo-nordestino-reconhecido-internacionalmente-as-margens-do-sao-francisco-que-tem-o-por-do-sol-mais-bonito-do-nordeste","status":"publish","type":"post","link":"https:\/\/www.em.com.br\/emfoco\/2026\/05\/01\/o-vilarejo-nordestino-reconhecido-internacionalmente-as-margens-do-sao-francisco-que-tem-o-por-do-sol-mais-bonito-do-nordeste\/","title":{"rendered":"O vilarejo nordestino reconhecido internacionalmente \u00e0s margens do S\u00e3o Francisco que tem o p\u00f4r do sol mais bonito do Nordeste"},"content":{"rendered":"\n<p>O cheiro de peixe assado e o som das embarca\u00e7\u00f5es ancoradas recebem quem chega a <strong>Penedo<\/strong>, no sul de <strong>Alagoas<\/strong>. Erguido sobre um rochedo \u00e0s margens do <strong>Rio S\u00e3o Francisco<\/strong>, o vilarejo entrou na Rede de Cidades Criativas da UNESCO em 2023 e tem um dos pores do sol mais buscados do Nordeste.<\/p>\n\n\n\n<h2 class=\"wp-block-heading\">Por que Penedo guarda tanta hist\u00f3ria em t\u00e3o pouco espa\u00e7o?<\/h2>\n\n\n\n<p>A explica\u00e7\u00e3o est\u00e1 na geografia. A cidade controlava o acesso fluvial ao interior do continente no per\u00edodo colonial, posi\u00e7\u00e3o t\u00e3o valiosa que portugueses, holandeses e franciscanos disputaram suas margens. O nome vem do latim e significa pedra grande, em refer\u00eancia ao rochedo onde nasceu o povoado.<\/p>\n\n\n\n<p>Fundado entre 1560 e 1613, o n\u00facleo se tornou entreposto comercial estrat\u00e9gico do Brasil colonial. As tropas de <strong>Maur\u00edcio de Nassau<\/strong> chegaram em 1637 e mantiveram dom\u00ednio sobre a navega\u00e7\u00e3o fluvial por oito anos. Esse tra\u00e7o europeu plural moldou a arquitetura h\u00edbrida que se v\u00ea hoje nas ruas de paralelep\u00edpedo.<\/p>\n\n\n\n<p>O <a href=\"http:\/\/portal.iphan.gov.br\/pagina\/detalhes\/110\/\" target=\"_blank\" rel=\"noreferrer noopener\"><strong>Instituto do Patrim\u00f4nio Hist\u00f3rico e Art\u00edstico Nacional (IPHAN)<\/strong><\/a> tombou o conjunto hist\u00f3rico e paisag\u00edstico de Penedo em 1996. A cidade re\u00fane os mais importantes bens da arquitetura religiosa do Nordeste e edifica\u00e7\u00f5es da arquitetura civil moderna no mesmo per\u00edmetro.<\/p>\n\n\n<div class=\"wp-block-image\">\n<figure class=\"aligncenter size-large\"><img loading=\"lazy\" decoding=\"async\" width=\"1024\" height=\"576\" src=\"https:\/\/www.em.com.br\/emfoco\/wp-content\/uploads\/2026\/03\/ngz-Centro_Historico_Penedo-AL_Brasil-32265-1024x576.webp\" alt=\"A Atenas Alagoana \u00e9 um vilarejo nordestino \u00e0s margens do S\u00e3o Francisco que tem o p\u00f4r do sol mais bonito do Nordeste\" class=\"wp-image-185016\" srcset=\"https:\/\/www.em.com.br\/emfoco\/wp-content\/uploads\/2026\/03\/ngz-Centro_Historico_Penedo-AL_Brasil-32265-1024x576.webp 1024w, https:\/\/www.em.com.br\/emfoco\/wp-content\/uploads\/2026\/03\/ngz-Centro_Historico_Penedo-AL_Brasil-32265-300x169.webp 300w, https:\/\/www.em.com.br\/emfoco\/wp-content\/uploads\/2026\/03\/ngz-Centro_Historico_Penedo-AL_Brasil-32265-768x432.webp 768w, https:\/\/www.em.com.br\/emfoco\/wp-content\/uploads\/2026\/03\/ngz-Centro_Historico_Penedo-AL_Brasil-32265-750x422.webp 750w, https:\/\/www.em.com.br\/emfoco\/wp-content\/uploads\/2026\/03\/ngz-Centro_Historico_Penedo-AL_Brasil-32265-1140x641.webp 1140w, https:\/\/www.em.com.br\/emfoco\/wp-content\/uploads\/2026\/03\/ngz-Centro_Historico_Penedo-AL_Brasil-32265.webp 1280w\" sizes=\"auto, (max-width: 1024px) 100vw, 1024px\" \/><figcaption class=\"wp-element-caption\">O vilarejo de Penedo se ergue sobre um rochedo \u00e0s margens do Rio S\u00e3o Francisco \/\/ Cr\u00e9ditos: Wikipedia \/ Wikimedia Commons<\/figcaption><\/figure><\/div>\n\n\n<h2 class=\"wp-block-heading\">O selo da UNESCO que mudou a rota tur\u00edstica do S\u00e3o Francisco<\/h2>\n\n\n\n<p>Em outubro de 2023, a UNESCO incluiu Penedo na <strong>Rede de Cidades Criativas<\/strong> na categoria Cinema. A informa\u00e7\u00e3o est\u00e1 confirmada pelo <a href=\"https:\/\/alagoas.al.gov.br\/noticia\/unesco-reconhece-penedo-como-cidade-do-cinema\" target=\"_blank\" rel=\"noreferrer noopener\"><strong>Governo do Estado de Alagoas<\/strong><\/a>, que cita o reconhecimento pelo compromisso da cidade em transformar cultura e criatividade em estrat\u00e9gia de desenvolvimento.<\/p>\n\n\n\n<p>Penedo \u00e9 a \u00fanica cidade alagoana na rede global e divide com <strong>Santos<\/strong> e <strong>S\u00e3o Paulo<\/strong> o t\u00edtulo de Cidade Criativa do Cinema entre os munic\u00edpios brasileiros. O selo se ancora no Circuito Penedo de Cinema, festival que existe h\u00e1 mais de uma d\u00e9cada, e impulsionou a reabertura do <strong>Cine Penedo<\/strong> em 2023, segundo a <a href=\"https:\/\/penedo.al.gov.br\/2023\/11\/14\/reinauguracao-do-cine-penedo-fortalece-economia-na-cidade-criativa-da-unesco\/\" target=\"_blank\" rel=\"noreferrer noopener\"><strong>Prefeitura de Penedo<\/strong><\/a>.<\/p>\n\n\n\n<p>Antes de virar Cidade Criativa, a cidade j\u00e1 carregava o apelido de <strong>Atenas Alagoana<\/strong>, herdado do s\u00e9culo 19 pela voca\u00e7\u00e3o intelectual e art\u00edstica. Hoje o t\u00edtulo funciona como \u00edm\u00e3 para produtores audiovisuais que enxergam nas ruas barrocas um cen\u00e1rio pronto.<\/p>\n\n\n\n<p><strong>Leia tamb\u00e9m: <a href=\"https:\/\/www.em.com.br\/emfoco\/2026\/04\/28\/a-praia-selvagem-da-capital-acessivel-so-por-trilha-ou-barco-com-lagoa-mar-azul-e-zero-predio-a-vista-no-coracao-da-capital\/\" target=\"_blank\" rel=\"noreferrer noopener\">A praia selvagem da capital: acess\u00edvel s\u00f3 por trilha ou barco, com lagoa, mar azul e zero pr\u00e9dio \u00e0 vista no cora\u00e7\u00e3o da capital<\/a><\/strong><\/p>\n\n\n\n<h2 class=\"wp-block-heading\">O que fazer em Penedo al\u00e9m de assistir ao p\u00f4r do sol<\/h2>\n\n\n\n<p>O centro hist\u00f3rico concentra a maioria das atra\u00e7\u00f5es em poucas quadras, todas a poucos passos da orla. Os pontos mais procurados pelos visitantes:<\/p>\n\n\n\n<ul class=\"wp-block-list has-medium-font-size\">\n<li><strong>Igreja de Nossa Senhora da Corrente<\/strong>: barroco e rococ\u00f3 iniciados em 1764, com altar-mor folheado a ouro e azulejaria portuguesa policromada.<\/li>\n\n\n\n<li><strong>Convento Franciscano de Santa Maria dos Anjos<\/strong>: idealizado no s\u00e9culo 17, restaurado pelo IPHAN com investimento de cerca de R$ 10 milh\u00f5es.<\/li>\n\n\n\n<li><strong>Museu do Pa\u00e7o Imperial<\/strong>: casar\u00e3o que hospedou <strong>Dom Pedro II<\/strong> em 1859, com porcelanas, mobili\u00e1rio imperial e arte sacra.<\/li>\n\n\n\n<li><strong>Catedral Diocesana de Nossa Senhora do Ros\u00e1rio<\/strong>: constru\u00e7\u00e3o iniciada em 1690, com vitrais coloridos na fachada erguida em 1815.<\/li>\n\n\n\n<li><strong>Theatro Sete de Setembro<\/strong>: inaugurado em 1884, primeiro teatro de Alagoas, com programa\u00e7\u00e3o cultural ativa.<\/li>\n\n\n\n<li><strong>Cine Penedo<\/strong>: reaberto em 2023 com programa\u00e7\u00e3o comercial e gratuita, s\u00edmbolo do t\u00edtulo da UNESCO.<\/li>\n\n\n\n<li><strong>Forte da Rocheira<\/strong>: vista panor\u00e2mica do S\u00e3o Francisco e marca da ocupa\u00e7\u00e3o holandesa.<\/li>\n\n\n\n<li><strong>Passeio de barco at\u00e9 a Foz<\/strong>: trajeto de cerca de 13 km a partir de <strong>Pia\u00e7abu\u00e7u<\/strong>, a 28 km do centro, at\u00e9 o encontro do rio com o oceano.<\/li>\n<\/ul>\n\n\n\n<h2 class=\"wp-block-heading\">Sabor do S\u00e3o Francisco na mesa do penedense<\/h2>\n\n\n\n<p>A culin\u00e1ria de Penedo \u00e9 ribeirinha por ess\u00eancia, com peixe de \u00e1gua doce dividindo espa\u00e7o com receitas trazidas pelo a\u00e7\u00facar e pelo coco. Veja os pratos que aparecem com frequ\u00eancia nos card\u00e1pios locais:<\/p>\n\n\n\n<ul class=\"wp-block-list has-medium-font-size\">\n<li><strong>Pitu na moranga<\/strong>: crust\u00e1ceo do Velho Chico servido dentro da ab\u00f3bora, prato s\u00edmbolo do baixo S\u00e3o Francisco.<\/li>\n\n\n\n<li><strong>Surubim assado<\/strong>: peixe nobre do rio, geralmente preparado com leite de coco e ervas.<\/li>\n\n\n\n<li><strong>Moqueca de pescada amarela<\/strong>: varia\u00e7\u00e3o nordestina com dend\u00ea e pimenta, comum nos restaurantes da orla.<\/li>\n\n\n\n<li><strong>Doce de buriti<\/strong>: aproveitamento da fruta t\u00edpica das matas ciliares do S\u00e3o Francisco.<\/li>\n\n\n\n<li><strong>Cocada caseira<\/strong>: presen\u00e7a certa nas feiras, heran\u00e7a da economia coqueira da regi\u00e3o.<\/li>\n<\/ul>\n\n\n\n<p>Quem quer conhecer a cidade mais bonita \u00e0s margens do <strong>Rio S\u00e3o Francisco<\/strong>, vai curtir esse v\u00eddeo do canal <strong>Boa Sorte Viajante<\/strong>, onde <strong>Matheus Boa Sorte<\/strong> mostra o destino:<\/p>\n\n\n\n<figure class=\"wp-block-embed is-type-video is-provider-youtube wp-block-embed-youtube wp-embed-aspect-16-9 wp-has-aspect-ratio\"><div class=\"wp-block-embed__wrapper\">\n<div class=\"jeg_video_container jeg_video_content\"><iframe loading=\"lazy\" title=\"A cidade mais bonita das margens do RIO S\u00c3O FRANCISCO?\" width=\"500\" height=\"281\" src=\"https:\/\/www.youtube.com\/embed\/tWzASNNM39Y?start=1&#038;feature=oembed\" frameborder=\"0\" allow=\"accelerometer; autoplay; clipboard-write; encrypted-media; gyroscope; picture-in-picture; web-share\" referrerpolicy=\"strict-origin-when-cross-origin\" allowfullscreen><\/iframe><\/div>\n<\/div><\/figure>\n\n\n\n<h2 class=\"wp-block-heading\">Quando o clima favorece cada passeio em Penedo?<\/h2>\n\n\n\n<p>O calor \u00e9 constante no sul de Alagoas, com temperatura m\u00e9dia anual em torno de 25\u00b0C, segundo dados do <strong>Departamento de Ci\u00eancias Atmosf\u00e9ricas da Universidade Federal de Campina Grande (UFCG)<\/strong>. A m\u00e9dia pluviom\u00e9trica anual \u00e9 de 1.292 mm, com chuvas concentradas no inverno. Veja como cada esta\u00e7\u00e3o se comporta na cidade:<\/p>\n\n\n\n<style>\n    .ant-grid { \n        \/* CORES DO ESTADO DE MINAS *\/\n        --cor-primaria: #1a2a57;\n        --cor-secundaria: #1a2a57;\n        --cor-txt-secundaria: #ffffff; \n\n        display: grid; grid-template-columns: repeat(auto-fit, minmax(190px, 1fr)); gap: 15px; justify-content: center; padding: 10px;\n    }\n    \n    .ant-card { \n        border: 5px solid var(--cor-primaria); border-top: 5px solid var(--cor-secundaria); \n        border-radius: 4px; \/* CANTOS RETOS *\/\n        background-color: var(--cor-primaria); background-clip: padding-box; \n        display: flex; flex-direction: column; overflow: hidden; cursor: pointer; \n        box-shadow: 0 6px 12px rgba(0,0,0, 0.2); \n        transition: transform 0.2s ease, box-shadow 0.2s ease; \n        -webkit-tap-highlight-color: transparent; user-select: none; transform: translateZ(0);\n        animation: wmFadeIn 0.6s cubic-bezier(0.2, 0.8, 0.2, 1) backwards;\n    }\n    .ant-card:nth-child(1) { animation-delay: 0.1s; } .ant-card:nth-child(2) { animation-delay: 0.2s; }\n    .ant-card:nth-child(3) { animation-delay: 0.3s; } .ant-card:nth-child(4) { animation-delay: 0.4s; }\n\n    @keyframes wmFadeIn { from { opacity: 0; transform: translateY(30px); } to { opacity: 1; transform: translateY(0); } }\n\n    .ant-card:hover { transform: translateY(-5px); box-shadow: 0 15px 30px rgba(0,0,0, 0.3); }\n    .ant-card:active { transform: translateY(-1px) scale(0.97); box-shadow: 0 3px 6px rgba(0,0,0, 0.2); transition: transform 0.05s ease, box-shadow 0.05s ease; }\n    \n    .ant-header { background: #f0f8f9; padding: 15px 10px; text-align: center; display: flex; flex-direction: column; align-items: center; justify-content: center; }\n    .ant-body { background: #ffffff; padding: 15px; display: flex; flex-direction: column; flex-grow: 1; align-items: center; }\n    \n    .ant-card-destaque { box-shadow: 0 8px 16px rgba(0,0,0, 0.25); }\n    .ant-card-destaque:hover { box-shadow: 0 18px 36px rgba(0,0,0, 0.35); }\n    .ant-card-destaque .ant-header { background: var(--cor-secundaria); }\n    .ant-card-destaque .ant-header .ant-titulo { color: var(--cor-txt-secundaria) !important; } \n    \n    .pill-ant { display: flex; white-space: normal; max-width: 100%; box-sizing: border-box; justify-content: center; align-items: center; text-align: center; background: #e0f4f6; color: var(--cor-primaria); font-size: 11px; font-weight: 900 !important; letter-spacing: 0.5px; padding: 8px 16px; border-radius: 4px; text-transform: uppercase; line-height: 1.4; box-shadow: 0 4px 8px rgba(0,0,0, 0.15); margin-top: auto; transition: transform 0.2s ease; }\n    .ant-card-destaque .pill-ant { background: var(--cor-primaria); color: var(--cor-txt-secundaria); } \n    .ant-card:hover .pill-ant { transform: scale(1.06); }\n    .pill-ant span { font-weight: 900 !important; color: inherit; } \n    \n    .ant-emoji { font-size: 24px; line-height: 1; margin-bottom: 5px; }\n    .ant-titulo { color: var(--cor-primaria); font-size: 16px; text-transform: uppercase; margin-top: 5px; font-weight: bold; }\n    .ant-mes { font-size: 11px; font-weight: 800; color: var(--cor-primaria); text-transform: uppercase; margin-bottom: 5px; }\n    .ant-temp { font-size: 26px; font-weight: 900; color: var(--cor-primaria); margin-bottom: 10px; }\n    .ant-desc { font-size: 13px; color: #444; text-align: center; line-height: 1.5; margin-bottom: 15px; flex-grow: 1;}\n    .ant-desc strong { color: #111; }\n\n    @media (prefers-color-scheme: dark) {\n        .ant-card { border-color: #1b7a8c; background-color: #1b7a8c; box-shadow: 0 6px 12px rgba(0,0,0, 0.5); }\n        .ant-header { background: #1a1a1a; } .ant-body { background: #121212; }\n        .ant-card-destaque .ant-header { background: var(--cor-secundaria); }\n        .ant-card-destaque .ant-header .ant-titulo { color: var(--cor-txt-secundaria) !important; }\n        .ant-titulo { color: #5ce1f5; } .ant-mes { color: #8eeaf7; } .ant-temp { color: #5ce1f5; } .ant-desc { color: #cccccc; } .ant-desc strong { color: #ffffff; }\n        .pill-ant { background: #1a1a1a; color: #5ce1f5; box-shadow: 0 4px 8px rgba(0, 0, 0, 0.5); }\n        .ant-card-destaque .pill-ant { background: var(--cor-primaria); color: var(--cor-txt-secundaria); }\n    }\n\n    @media print {\n        .ant-card { border: 2px solid #ccc !important; background: transparent !important; box-shadow: none !important; break-inside: avoid; page-break-inside: avoid; }\n        .ant-header, .ant-body { background: transparent !important; }\n        .ant-titulo, .ant-mes, .ant-temp, .ant-desc, .pill-ant { color: #000 !important; text-shadow: none !important; }\n        .pill-ant { border: 1px solid #000; box-shadow: none !important; }\n        .ant-card-destaque { border: 3px solid #000 !important; }\n    }\n<\/style>\n\n<div class=\"google-auto-ads-ignore ant-grid\" style=\"box-sizing: border-box; width: 100%; max-width: 980px; margin: 30px auto; font-family: 'Segoe UI', Roboto, Helvetica, Arial, sans-serif;\">\n    \n    <!-- CARD 1: VER\u00c3O (DESTAQUE) -->\n    <div class=\"ant-card ant-card-destaque\">\n        <div class=\"ant-header\">\n            <div class=\"ant-emoji\">\u26f5<\/div>\n            <div class=\"ant-titulo\">Ver\u00e3o<\/div>\n        <\/div>\n        <div class=\"ant-body\">\n            <div class=\"ant-mes\">Dezembro a Fevereiro<\/div>\n            <div class=\"ant-temp\">23\u00b0C a 32\u00b0C<\/div>\n            <div class=\"ant-desc\">O calor \u00e9 forte e as chuvas s\u00e3o raras. A alta temporada ferve com o <strong>Passeio de barco e a Festa de Bom Jesus dos Navegantes<\/strong>.<\/div>\n            <div class=\"pill-ant\"><span>\u2b50 ALTA TEMPORADA<\/span><\/div>\n        <\/div>\n    <\/div>\n\n    <!-- CARD 2: OUTONO -->\n    <div class=\"ant-card\">\n        <div class=\"ant-header\">\n            <div class=\"ant-emoji\">\ud83c\udfdb\ufe0f<\/div>\n            <div class=\"ant-titulo\">Outono<\/div>\n        <\/div>\n        <div class=\"ant-body\">\n            <div class=\"ant-mes\">Mar\u00e7o a Maio<\/div>\n            <div class=\"ant-temp\">22\u00b0C a 31\u00b0C<\/div>\n            <div class=\"ant-desc\">As precipita\u00e7\u00f5es come\u00e7am a subir, mas o clima permite aproveitar bem o <strong>Centro hist\u00f3rico e os passeios pela foz<\/strong>.<\/div>\n            <div class=\"pill-ant\"><span>\ud83c\udf27\ufe0f CHUVA M\u00c9DIA<\/span><\/div>\n        <\/div>\n    <\/div>\n\n    <!-- CARD 3: INVERNO -->\n    <div class=\"ant-card\">\n        <div class=\"ant-header\">\n            <div class=\"ant-emoji\">\u26ea<\/div>\n            <div class=\"ant-titulo\">Inverno<\/div>\n        <\/div>\n        <div class=\"ant-body\">\n            <div class=\"ant-mes\">Junho a Agosto<\/div>\n            <div class=\"ant-temp\">20\u00b0C a 28\u00b0C<\/div>\n            <div class=\"ant-desc\">As temperaturas seguem agrad\u00e1veis, mas as chuvas atingem seu pico anual. Refugie-se nas <strong>Visitas a museus e igrejas<\/strong>.<\/div>\n            <div class=\"pill-ant\"><span>\u2614 CHUVA ALTA<\/span><\/div>\n        <\/div>\n    <\/div>\n\n    <!-- CARD 4: PRIMAVERA -->\n    <div class=\"ant-card\">\n        <div class=\"ant-header\">\n            <div class=\"ant-emoji\">\ud83c\udf34<\/div>\n            <div class=\"ant-titulo\">Primavera<\/div>\n        <\/div>\n        <div class=\"ant-body\">\n            <div class=\"ant-mes\">Setembro a Novembro<\/div>\n            <div class=\"ant-temp\">22\u00b0C a 31\u00b0C<\/div>\n            <div class=\"ant-desc\">As chuvas d\u00e3o tr\u00e9gua e os dias ensolarados voltam a brilhar. \u00c9poca excelente para <strong>Trilhas em Pia\u00e7abu\u00e7u e Len\u00e7\u00f3is Alagoanos<\/strong>.<\/div>\n            <div class=\"pill-ant\"><span>\u2600\ufe0f CHUVA BAIXA<\/span><\/div>\n        <\/div>\n    <\/div>\n\n<\/div>\n\n\n\n<p><em>Temperaturas aproximadas com base no <a href=\"https:\/\/www.climatempo.com.br\/previsao-do-tempo\/cidade\/827\/penedo-al\" target=\"_blank\" rel=\"noreferrer noopener\"><strong>Climatempo<\/strong><\/a>. Condi\u00e7\u00f5es podem variar.<\/em><\/p>\n\n\n\n<h2 class=\"wp-block-heading\">Como chegar \u00e0 Atenas Alagoana<\/h2>\n\n\n\n<p>De <strong>Macei\u00f3<\/strong>, s\u00e3o cerca de 160 km at\u00e9 Penedo, com tempo m\u00e9dio de 2h30 pelas <strong>AL-110<\/strong> e <strong>AL-105<\/strong>, atravessando o sul do estado. Quem vem de <strong>Aracaju<\/strong> percorre 120 km pela <strong>BR-101<\/strong> seguida da <strong>SE-335<\/strong>, com travessia de balsa pelo rio at\u00e9 <strong>Ne\u00f3polis<\/strong>, no <strong>Sergipe<\/strong>. O aeroporto mais pr\u00f3ximo \u00e9 o <strong>Aeroporto Zumbi dos Palmares<\/strong>, em Macei\u00f3, com voos di\u00e1rios das principais capitais do pa\u00eds.<\/p>\n\n\n\n<h2 class=\"wp-block-heading\">Conhe\u00e7a a cidade que inspirou D. Pedro II<\/h2>\n\n\n\n<p>Penedo combina patrim\u00f4nio colonial, gastronomia ribeirinha e t\u00edtulo de cidade criativa de uma forma rara no Nordeste. As ruas de paralelep\u00edpedo, o casario colorido e o entardecer sobre o Velho Chico explicam por que a UNESCO escolheu esse peda\u00e7o de Alagoas para representar o Brasil no audiovisual.<\/p>\n\n\n\n<p>Voc\u00ea precisa visitar Penedo, sentir o vento do S\u00e3o Francisco e ver o p\u00f4r do sol pintar de laranja as torres barrocas, como faz desde quando os holandeses olhavam por essas mesmas janelas.<\/p>\n","protected":false},"excerpt":{"rendered":"<p>O cheiro de peixe assado e o som das embarca\u00e7\u00f5es ancoradas recebem quem chega a Penedo, no sul de Alagoas. Erguido sobre um rochedo \u00e0s margens do Rio S\u00e3o Francisco, o vilarejo entrou na Rede de Cidades Criativas da UNESCO em 2023 e tem um dos pores do sol mais buscados do Nordeste. Por que [&hellip;]<\/p>\n","protected":false},"author":6,"featured_media":202992,"comment_status":"open","ping_status":"open","sticky":false,"template":"","format":"standard","meta":{"jnews-multi-image_gallery":[],"jnews_single_post":{"format":"standard"},"jnews_primary_category":[],"jnews_social_meta":[],"jnews_override_counter":[],"footnotes":""},"categories":[26],"tags":[680,183,17151],"class_list":["post-202542","post","type-post","status-publish","format-standard","has-post-thumbnail","hentry","category-cidades","tag-alagoas","tag-cidades","tag-penedo"],"yoast_head":"<!-- This site is optimized with the Yoast SEO plugin v23.8 - https:\/\/yoast.com\/wordpress\/plugins\/seo\/ -->\n<title>O vilarejo nordestino reconhecido internacionalmente \u00e0s margens do S\u00e3o Francisco que tem o p\u00f4r do sol mais bonito do Nordeste - Estado de Minas - Em foco<\/title>\n<meta name=\"description\" content=\"\u00c0s margens do S\u00e3o Francisco, este vilarejo internacional tem o p\u00f4r do sol mais bonito do Nordeste. Confira os detalhes desse lugar \u00fanico.\" \/>\n<meta name=\"robots\" content=\"index, follow, max-snippet:-1, max-image-preview:large, max-video-preview:-1\" \/>\n<link rel=\"canonical\" href=\"https:\/\/www.em.com.br\/emfoco\/2026\/05\/01\/o-vilarejo-nordestino-reconhecido-internacionalmente-as-margens-do-sao-francisco-que-tem-o-por-do-sol-mais-bonito-do-nordeste\/\" \/>\n<meta property=\"og:locale\" content=\"pt_BR\" \/>\n<meta property=\"og:type\" content=\"article\" \/>\n<meta property=\"og:title\" content=\"O vilarejo nordestino reconhecido internacionalmente \u00e0s margens do S\u00e3o Francisco que tem o p\u00f4r do sol mais bonito do Nordeste - Estado de Minas - Em foco\" \/>\n<meta property=\"og:description\" content=\"\u00c0s margens do S\u00e3o Francisco, este vilarejo internacional tem o p\u00f4r do sol mais bonito do Nordeste. Confira os detalhes desse lugar \u00fanico.\" \/>\n<meta property=\"og:url\" content=\"https:\/\/www.em.com.br\/emfoco\/2026\/05\/01\/o-vilarejo-nordestino-reconhecido-internacionalmente-as-margens-do-sao-francisco-que-tem-o-por-do-sol-mais-bonito-do-nordeste\/\" \/>\n<meta property=\"og:site_name\" content=\"Estado de Minas - Em foco\" \/>\n<meta property=\"article:published_time\" content=\"2026-05-01T21:05:00+00:00\" \/>\n<meta property=\"article:modified_time\" content=\"2026-05-01T20:51:25+00:00\" \/>\n<meta property=\"og:image\" content=\"https:\/\/www.em.com.br\/emfoco\/wp-content\/uploads\/2026\/05\/Penedo_heritage_scene_sunset_river_202605011750.jpg\" \/>\n\t<meta property=\"og:image:width\" content=\"1280\" \/>\n\t<meta property=\"og:image:height\" content=\"720\" \/>\n\t<meta property=\"og:image:type\" content=\"image\/jpeg\" \/>\n<meta name=\"author\" content=\"Vitor Bruno\" \/>\n<meta name=\"twitter:card\" content=\"summary_large_image\" \/>\n<meta name=\"twitter:label1\" content=\"Escrito por\" \/>\n\t<meta name=\"twitter:data1\" content=\"Vitor Bruno\" \/>\n\t<meta name=\"twitter:label2\" content=\"Est. tempo de leitura\" \/>\n\t<meta name=\"twitter:data2\" content=\"7 minutos\" \/>\n<!-- \/ Yoast SEO plugin. -->","yoast_head_json":{"title":"O vilarejo nordestino reconhecido internacionalmente \u00e0s margens do S\u00e3o Francisco que tem o p\u00f4r do sol mais bonito do Nordeste - Estado de Minas - Em foco","description":"\u00c0s margens do S\u00e3o Francisco, este vilarejo internacional tem o p\u00f4r do sol mais bonito do Nordeste. Confira os detalhes desse lugar \u00fanico.","robots":{"index":"index","follow":"follow","max-snippet":"max-snippet:-1","max-image-preview":"max-image-preview:large","max-video-preview":"max-video-preview:-1"},"canonical":"https:\/\/www.em.com.br\/emfoco\/2026\/05\/01\/o-vilarejo-nordestino-reconhecido-internacionalmente-as-margens-do-sao-francisco-que-tem-o-por-do-sol-mais-bonito-do-nordeste\/","og_locale":"pt_BR","og_type":"article","og_title":"O vilarejo nordestino reconhecido internacionalmente \u00e0s margens do S\u00e3o Francisco que tem o p\u00f4r do sol mais bonito do Nordeste - Estado de Minas - Em foco","og_description":"\u00c0s margens do S\u00e3o Francisco, este vilarejo internacional tem o p\u00f4r do sol mais bonito do Nordeste. Confira os detalhes desse lugar \u00fanico.","og_url":"https:\/\/www.em.com.br\/emfoco\/2026\/05\/01\/o-vilarejo-nordestino-reconhecido-internacionalmente-as-margens-do-sao-francisco-que-tem-o-por-do-sol-mais-bonito-do-nordeste\/","og_site_name":"Estado de Minas - Em foco","article_published_time":"2026-05-01T21:05:00+00:00","article_modified_time":"2026-05-01T20:51:25+00:00","og_image":[{"width":1280,"height":720,"url":"https:\/\/www.em.com.br\/emfoco\/wp-content\/uploads\/2026\/05\/Penedo_heritage_scene_sunset_river_202605011750.jpg","type":"image\/jpeg"}],"author":"Vitor Bruno","twitter_card":"summary_large_image","twitter_misc":{"Escrito por":"Vitor Bruno","Est. tempo de leitura":"7 minutos"},"schema":{"@context":"https:\/\/schema.org","@graph":[{"@type":"WebPage","@id":"https:\/\/www.em.com.br\/emfoco\/2026\/05\/01\/o-vilarejo-nordestino-reconhecido-internacionalmente-as-margens-do-sao-francisco-que-tem-o-por-do-sol-mais-bonito-do-nordeste\/","url":"https:\/\/www.em.com.br\/emfoco\/2026\/05\/01\/o-vilarejo-nordestino-reconhecido-internacionalmente-as-margens-do-sao-francisco-que-tem-o-por-do-sol-mais-bonito-do-nordeste\/","name":"O vilarejo nordestino reconhecido internacionalmente \u00e0s margens do S\u00e3o Francisco que tem o p\u00f4r do sol mais bonito do Nordeste - Estado de Minas - Em foco","isPartOf":{"@id":"https:\/\/www.em.com.br\/emfoco\/#website"},"primaryImageOfPage":{"@id":"https:\/\/www.em.com.br\/emfoco\/2026\/05\/01\/o-vilarejo-nordestino-reconhecido-internacionalmente-as-margens-do-sao-francisco-que-tem-o-por-do-sol-mais-bonito-do-nordeste\/#primaryimage"},"image":{"@id":"https:\/\/www.em.com.br\/emfoco\/2026\/05\/01\/o-vilarejo-nordestino-reconhecido-internacionalmente-as-margens-do-sao-francisco-que-tem-o-por-do-sol-mais-bonito-do-nordeste\/#primaryimage"},"thumbnailUrl":"https:\/\/www.em.com.br\/emfoco\/wp-content\/uploads\/2026\/05\/Penedo_heritage_scene_sunset_river_202605011750.jpg","datePublished":"2026-05-01T21:05:00+00:00","dateModified":"2026-05-01T20:51:25+00:00","author":{"@id":"https:\/\/www.em.com.br\/emfoco\/#\/schema\/person\/364ac1852fafd00f1be20f0b8b237569"},"description":"\u00c0s margens do S\u00e3o Francisco, este vilarejo internacional tem o p\u00f4r do sol mais bonito do Nordeste. Confira os detalhes desse lugar \u00fanico.","breadcrumb":{"@id":"https:\/\/www.em.com.br\/emfoco\/2026\/05\/01\/o-vilarejo-nordestino-reconhecido-internacionalmente-as-margens-do-sao-francisco-que-tem-o-por-do-sol-mais-bonito-do-nordeste\/#breadcrumb"},"inLanguage":"pt-BR","potentialAction":[{"@type":"ReadAction","target":["https:\/\/www.em.com.br\/emfoco\/2026\/05\/01\/o-vilarejo-nordestino-reconhecido-internacionalmente-as-margens-do-sao-francisco-que-tem-o-por-do-sol-mais-bonito-do-nordeste\/"]}]},{"@type":"ImageObject","inLanguage":"pt-BR","@id":"https:\/\/www.em.com.br\/emfoco\/2026\/05\/01\/o-vilarejo-nordestino-reconhecido-internacionalmente-as-margens-do-sao-francisco-que-tem-o-por-do-sol-mais-bonito-do-nordeste\/#primaryimage","url":"https:\/\/www.em.com.br\/emfoco\/wp-content\/uploads\/2026\/05\/Penedo_heritage_scene_sunset_river_202605011750.jpg","contentUrl":"https:\/\/www.em.com.br\/emfoco\/wp-content\/uploads\/2026\/05\/Penedo_heritage_scene_sunset_river_202605011750.jpg","width":1280,"height":720,"caption":"O vilarejo nordestino reconhecido internacionalmente \u00e0s margens do S\u00e3o Francisco que tem o p\u00f4r do sol mais bonito do Nordeste \/\/ IMAGEM ILUSTRATIVA"},{"@type":"BreadcrumbList","@id":"https:\/\/www.em.com.br\/emfoco\/2026\/05\/01\/o-vilarejo-nordestino-reconhecido-internacionalmente-as-margens-do-sao-francisco-que-tem-o-por-do-sol-mais-bonito-do-nordeste\/#breadcrumb","itemListElement":[{"@type":"ListItem","position":1,"name":"In\u00edcio","item":"https:\/\/www.em.com.br\/emfoco\/"},{"@type":"ListItem","position":2,"name":"O vilarejo nordestino reconhecido internacionalmente \u00e0s margens do S\u00e3o Francisco que tem o p\u00f4r do sol mais bonito do Nordeste"}]},{"@type":"WebSite","@id":"https:\/\/www.em.com.br\/emfoco\/#website","url":"https:\/\/www.em.com.br\/emfoco\/","name":"Estado de Minas - Em foco","description":"Acompanhe as \u00faltimas not\u00edcias e fique bem informado sobre tudo o que acontece em Minas Gerais, Brasil e no mundo.","potentialAction":[{"@type":"SearchAction","target":{"@type":"EntryPoint","urlTemplate":"https:\/\/www.em.com.br\/emfoco\/?s={search_term_string}"},"query-input":{"@type":"PropertyValueSpecification","valueRequired":true,"valueName":"search_term_string"}}],"inLanguage":"pt-BR"},{"@type":"Person","@id":"https:\/\/www.em.com.br\/emfoco\/#\/schema\/person\/364ac1852fafd00f1be20f0b8b237569","name":"Vitor Bruno","image":{"@type":"ImageObject","inLanguage":"pt-BR","@id":"https:\/\/www.em.com.br\/emfoco\/#\/schema\/person\/image\/","url":"https:\/\/secure.gravatar.com\/avatar\/b719e5cdede09f942064960883b5524d?s=96&d=mm&r=g","contentUrl":"https:\/\/secure.gravatar.com\/avatar\/b719e5cdede09f942064960883b5524d?s=96&d=mm&r=g","caption":"Vitor Bruno"},"sameAs":["https:\/\/www.em.com.br\/emfoco\/"],"url":"https:\/\/www.em.com.br\/emfoco\/author\/vitormyth\/"}]}},"_links":{"self":[{"href":"https:\/\/www.em.com.br\/emfoco\/wp-json\/wp\/v2\/posts\/202542","targetHints":{"allow":["GET"]}}],"collection":[{"href":"https:\/\/www.em.com.br\/emfoco\/wp-json\/wp\/v2\/posts"}],"about":[{"href":"https:\/\/www.em.com.br\/emfoco\/wp-json\/wp\/v2\/types\/post"}],"author":[{"embeddable":true,"href":"https:\/\/www.em.com.br\/emfoco\/wp-json\/wp\/v2\/users\/6"}],"replies":[{"embeddable":true,"href":"https:\/\/www.em.com.br\/emfoco\/wp-json\/wp\/v2\/comments?post=202542"}],"version-history":[{"count":3,"href":"https:\/\/www.em.com.br\/emfoco\/wp-json\/wp\/v2\/posts\/202542\/revisions"}],"predecessor-version":[{"id":202993,"href":"https:\/\/www.em.com.br\/emfoco\/wp-json\/wp\/v2\/posts\/202542\/revisions\/202993"}],"wp:featuredmedia":[{"embeddable":true,"href":"https:\/\/www.em.com.br\/emfoco\/wp-json\/wp\/v2\/media\/202992"}],"wp:attachment":[{"href":"https:\/\/www.em.com.br\/emfoco\/wp-json\/wp\/v2\/media?parent=202542"}],"wp:term":[{"taxonomy":"category","embeddable":true,"href":"https:\/\/www.em.com.br\/emfoco\/wp-json\/wp\/v2\/categories?post=202542"},{"taxonomy":"post_tag","embeddable":true,"href":"https:\/\/www.em.com.br\/emfoco\/wp-json\/wp\/v2\/tags?post=202542"}],"curies":[{"name":"wp","href":"https:\/\/api.w.org\/{rel}","templated":true}]}}