{"id":202540,"date":"2026-05-01T15:05:00","date_gmt":"2026-05-01T18:05:00","guid":{"rendered":"https:\/\/www.em.com.br\/emfoco\/?p=202540"},"modified":"2026-05-01T16:38:37","modified_gmt":"2026-05-01T19:38:37","slug":"13-igrejas-e-400-kg-de-ouro-a-cidade-a-2-horas-de-bh-que-foi-o-primeiro-patrimonio-reconhecido-internacionalmente-no-brasil","status":"publish","type":"post","link":"https:\/\/www.em.com.br\/emfoco\/2026\/05\/01\/13-igrejas-e-400-kg-de-ouro-a-cidade-a-2-horas-de-bh-que-foi-o-primeiro-patrimonio-reconhecido-internacionalmente-no-brasil\/","title":{"rendered":"13 igrejas e 400 kg de ouro: a cidade a 2 horas de BH que foi o primeiro patrim\u00f4nio reconhecido internacionalmente no Brasil"},"content":{"rendered":"\n<p>Quem sobe as ladeiras de pedra de <strong>Ouro Preto<\/strong> caminha sobre o cap\u00edtulo mais denso da hist\u00f3ria colonial brasileira. A antiga <strong>Vila Rica<\/strong>, encravada na serra mineira a cerca de 96 km de <strong>Belo Horizonte<\/strong>, guarda 13 igrejas barrocas, o ber\u00e7o da <strong>Inconfid\u00eancia Mineira<\/strong> e um casario que continua quase id\u00eantico ao do s\u00e9culo XVIII.<\/p>\n\n\n\n<h2 class=\"wp-block-heading\">Por que Ouro Preto foi a primeira cidade brasileira a virar patrim\u00f4nio mundial?<\/h2>\n\n\n\n<p>O t\u00edtulo veio em 5 de setembro de 1980, quando a <strong>Organiza\u00e7\u00e3o das Na\u00e7\u00f5es Unidas para a Educa\u00e7\u00e3o a Ci\u00eancia e a Cultura (UNESCO)<\/strong> inscreveu a cidade na Lista do Patrim\u00f4nio Mundial. Foi o primeiro bem cultural brasileiro a entrar nessa rela\u00e7\u00e3o, segundo o <a href=\"http:\/\/portal.iphan.gov.br\/pagina\/detalhes\/30\" target=\"_blank\" rel=\"noreferrer noopener\"><strong>Instituto do Patrim\u00f4nio Hist\u00f3rico e Art\u00edstico Nacional (IPHAN)<\/strong><\/a>.<\/p>\n\n\n\n<p>O reconhecimento internacional refor\u00e7ou a import\u00e2ncia do conjunto urbano, declarado Monumento Nacional em 1933 e tombado em 1938. Em <a href=\"https:\/\/www.gov.br\/iphan\/pt-br\/assuntos\/noticias\/ouro-preto-mg-celebra-45-anos-como-patrimonio-mundial-da-humanidade\" target=\"_blank\" rel=\"noreferrer noopener\"><strong>2025, a cidade completou 45 anos com o t\u00edtulo<\/strong><\/a>, marcado por mais de 40 a\u00e7\u00f5es do Novo PAC voltadas \u00e0 preserva\u00e7\u00e3o do patrim\u00f4nio mineiro.<\/p>\n\n\n<div class=\"wp-block-image\">\n<figure class=\"aligncenter size-large\"><img loading=\"lazy\" decoding=\"async\" width=\"1024\" height=\"576\" src=\"https:\/\/www.em.com.br\/emfoco\/wp-content\/uploads\/2025\/12\/Ouro-Preto_1738111564621-1024x576.jpg\" alt=\"Essa cidade nas montanhas de Minas Gerais encanta logo na primeira visita\" class=\"wp-image-145844\" srcset=\"https:\/\/www.em.com.br\/emfoco\/wp-content\/uploads\/2025\/12\/Ouro-Preto_1738111564621-1024x576.jpg 1024w, https:\/\/www.em.com.br\/emfoco\/wp-content\/uploads\/2025\/12\/Ouro-Preto_1738111564621-300x169.jpg 300w, https:\/\/www.em.com.br\/emfoco\/wp-content\/uploads\/2025\/12\/Ouro-Preto_1738111564621-768x432.jpg 768w, https:\/\/www.em.com.br\/emfoco\/wp-content\/uploads\/2025\/12\/Ouro-Preto_1738111564621-750x422.jpg 750w, https:\/\/www.em.com.br\/emfoco\/wp-content\/uploads\/2025\/12\/Ouro-Preto_1738111564621-1140x641.jpg 1140w, https:\/\/www.em.com.br\/emfoco\/wp-content\/uploads\/2025\/12\/Ouro-Preto_1738111564621.jpg 1280w\" sizes=\"auto, (max-width: 1024px) 100vw, 1024px\" \/><figcaption class=\"wp-element-caption\">Ouro Preto preserva a hist\u00f3ria do Brasil em cada detalhe \/\/ Cr\u00e9ditos: depositphotos.com \/ mytrade1<\/figcaption><\/figure><\/div>\n\n\n<h2 class=\"wp-block-heading\">O ouro nas paredes e o g\u00eanio do Aleijadinho<\/h2>\n\n\n\n<p>A <strong>Igreja Matriz de Nossa Senhora do Pilar<\/strong> guarda mais de 400 kg de ouro em sua ornamenta\u00e7\u00e3o interna, segundo a <a href=\"https:\/\/www.ouropreto.mg.gov.br\/turismo\/acidade\" target=\"_blank\" rel=\"noreferrer noopener\"><strong>Prefeitura de Ouro Preto<\/strong><\/a>, sendo considerada uma das duas igrejas mais ricas em ouro do Brasil. O brilho da talha dourada divide o cen\u00e1rio com o casario branco e azul que cobre os morros.<\/p>\n\n\n\n<p>O escultor <strong>Ant\u00f4nio Francisco Lisboa<\/strong>, o <strong>Aleijadinho<\/strong>, deixou aqui sua maior concentra\u00e7\u00e3o de obras. A <strong>Igreja de S\u00e3o Francisco de Assis<\/strong>, projetada por ele em 1766, foi escolhida em 2009 como uma das Sete Maravilhas de Origem Portuguesa no Mundo, com pinturas do <strong>Mestre Ata\u00edde<\/strong> no teto da nave.<\/p>\n\n\n<div class=\"wp-block-image\">\n<figure class=\"aligncenter size-large\"><img loading=\"lazy\" decoding=\"async\" width=\"1024\" height=\"576\" src=\"https:\/\/www.em.com.br\/emfoco\/wp-content\/uploads\/2025\/12\/Ouro-Preto_1748868545140-1024x576.jpg\" alt=\"Essa cidade nas montanhas de Minas Gerais encanta logo na primeira visita\" class=\"wp-image-145845\" srcset=\"https:\/\/www.em.com.br\/emfoco\/wp-content\/uploads\/2025\/12\/Ouro-Preto_1748868545140-1024x576.jpg 1024w, https:\/\/www.em.com.br\/emfoco\/wp-content\/uploads\/2025\/12\/Ouro-Preto_1748868545140-300x169.jpg 300w, https:\/\/www.em.com.br\/emfoco\/wp-content\/uploads\/2025\/12\/Ouro-Preto_1748868545140-768x432.jpg 768w, https:\/\/www.em.com.br\/emfoco\/wp-content\/uploads\/2025\/12\/Ouro-Preto_1748868545140-750x422.jpg 750w, https:\/\/www.em.com.br\/emfoco\/wp-content\/uploads\/2025\/12\/Ouro-Preto_1748868545140-1140x641.jpg 1140w, https:\/\/www.em.com.br\/emfoco\/wp-content\/uploads\/2025\/12\/Ouro-Preto_1748868545140.jpg 1280w\" sizes=\"auto, (max-width: 1024px) 100vw, 1024px\" \/><figcaption class=\"wp-element-caption\">Ouro Preto encanta com igrejas barrocas e ruas de pedra \/\/ Cr\u00e9ditos: depositphotos.com \/ Curioso_Travel_Photography \/\/ Cr\u00e9ditos: depositphotos.com \/ fredpinheiro.hotmail.com.br<\/figcaption><\/figure><\/div>\n\n\n<h2 class=\"wp-block-heading\">Vale a pena viver em Ouro Preto entre estudantes e ladeiras coloniais?<\/h2>\n\n\n\n<p>A cidade tem 74.821 habitantes, segundo o <strong>Censo 2022 do Instituto Brasileiro de Geografia e Estat\u00edstica (IBGE)<\/strong>, e abriga a <strong>Universidade Federal de Ouro Preto (UFOP)<\/strong>, herdeira da <strong>Escola de Minas<\/strong> fundada em 1876. Essa mistura de hist\u00f3ria e juventude define o ritmo das ruas.<\/p>\n\n\n\n<p>As rep\u00fablicas estudantis s\u00e3o o principal tra\u00e7o dessa identidade. Segundo a <a href=\"https:\/\/seja.ufop.br\/vida-universitaria\/moradia-estudantil\" target=\"_blank\" rel=\"noreferrer noopener\"><strong>UFOP<\/strong><\/a>, s\u00e3o 59 rep\u00fablicas federais cedidas pela Universidade no centro hist\u00f3rico, que abrigam 794 residentes em casas autogeridas. O modelo, \u00fanico no <strong>Brasil<\/strong>, \u00e9 considerado uma heran\u00e7a das tradi\u00e7\u00f5es da <strong>Universidade de Coimbra<\/strong>, em <strong>Portugal<\/strong>, e est\u00e1 em estudo pelo IPHAN para virar patrim\u00f4nio imaterial.<\/p>\n\n\n\n<p><strong>Leia tamb\u00e9m: <a href=\"https:\/\/www.em.com.br\/emfoco\/2026\/04\/28\/a-praia-selvagem-da-capital-acessivel-so-por-trilha-ou-barco-com-lagoa-mar-azul-e-zero-predio-a-vista-no-coracao-da-capital\/\" target=\"_blank\" rel=\"noreferrer noopener\">A praia selvagem da capital: acess\u00edvel s\u00f3 por trilha ou barco, com lagoa, mar azul e zero pr\u00e9dio \u00e0 vista no cora\u00e7\u00e3o da capital<\/a><\/strong><\/p>\n\n\n\n<h2 class=\"wp-block-heading\">O que fazer em Ouro Preto al\u00e9m das igrejas?<\/h2>\n\n\n\n<p>O centro hist\u00f3rico cabe em uma caminhada de meio dia, mas vale dois ou tr\u00eas dias para entrar nas igrejas, museus e minas:<\/p>\n\n\n\n<ul class=\"wp-block-list has-medium-font-size\">\n<li><strong>Igreja de S\u00e3o Francisco de Assis<\/strong>: obra-prima de Aleijadinho com teto pintado pelo Mestre Ata\u00edde, eleita uma das Sete Maravilhas de Origem Portuguesa no Mundo.<\/li>\n\n\n\n<li><strong>Bas\u00edlica Matriz de Nossa Senhora do Pilar<\/strong>: 400 kg de ouro em talhas e altares, com Museu de Arte Sacra anexo.<\/li>\n\n\n\n<li><strong>Museu da Inconfid\u00eancia<\/strong>: instalado na antiga Casa de C\u00e2mara e Cadeia, na <strong>Pra\u00e7a Tiradentes<\/strong>, re\u00fane acervo dos inconfidentes e obras de Aleijadinho.<\/li>\n\n\n\n<li><strong>Mina Chico Rei<\/strong>: galeria escavada por escravizados no s\u00e9culo XVIII, aberta a visita\u00e7\u00e3o guiada.<\/li>\n\n\n\n<li><strong>Igreja de Nossa Senhora do Carmo<\/strong>: projetada pelo pai de Aleijadinho e finalizada pelo filho, com detalhes do rococ\u00f3 mineiro.<\/li>\n\n\n\n<li><strong>Casa dos Contos<\/strong>: antigo casar\u00e3o do contratador de ouro, hoje espa\u00e7o cultural com pe\u00e7as do per\u00edodo colonial.<\/li>\n<\/ul>\n\n\n\n<p>A culin\u00e1ria mineira de fog\u00e3o a lenha ainda \u00e9 o melhor sotaque da cidade:<\/p>\n\n\n\n<ul class=\"wp-block-list has-medium-font-size\">\n<li><strong>Frango com quiabo e angu<\/strong>: prato-s\u00edmbolo das mesas de Ouro Preto, servido com couve refogada e arroz branco.<\/li>\n\n\n\n<li><strong>Tutu \u00e0 mineira<\/strong>: feij\u00e3o com farinha de mandioca acompanhado de lombo, lingui\u00e7a e ovo.<\/li>\n\n\n\n<li><strong>Feij\u00e3o tropeiro<\/strong>: feij\u00e3o com farinha, bacon, ovo e couve, heran\u00e7a das tropas que cruzavam a serra no Ciclo do Ouro.<\/li>\n\n\n\n<li><strong>Doce de leite com queijo da Canastra<\/strong>: a vers\u00e3o mineira do Romeu e Julieta, vendida em lojinhas de beira de ladeira.<\/li>\n<\/ul>\n\n\n\n<p>Quem quer dicas e roteiro para conhecer&nbsp;<strong>Ouro Preto<\/strong>&nbsp;(<strong>MG<\/strong>), vai curtir esse v\u00eddeo do canal&nbsp;<strong>Por onde andei, com Fernanda G\u00f6tz<\/strong>, onde&nbsp;<strong>Fernanda G\u00f6tz<\/strong>&nbsp;mostra os principais pontos tur\u00edsticos da cidade:<\/p>\n\n\n\n<figure class=\"wp-block-embed is-type-video is-provider-youtube wp-block-embed-youtube wp-embed-aspect-16-9 wp-has-aspect-ratio\"><div class=\"wp-block-embed__wrapper\">\n<div class=\"jeg_video_container jeg_video_content\"><iframe loading=\"lazy\" title=\"OURO PRETO MG | Dicas e roteiro pra conhecer os principais pontos tur\u00edsticos de Ouro Preto\" width=\"500\" height=\"281\" src=\"https:\/\/www.youtube.com\/embed\/dkQBYEsnpaA?feature=oembed\" frameborder=\"0\" allow=\"accelerometer; autoplay; clipboard-write; encrypted-media; gyroscope; picture-in-picture; web-share\" referrerpolicy=\"strict-origin-when-cross-origin\" allowfullscreen><\/iframe><\/div>\n<\/div><\/figure>\n\n\n\n<h2 class=\"wp-block-heading\">Qual a melhor \u00e9poca para visitar Ouro Preto sem encarar chuva?<\/h2>\n\n\n\n<p>O per\u00edodo seco entre maio e setembro \u00e9 o ideal: ladeiras firmes, c\u00e9u aberto e festivais culturais. O ver\u00e3o \u00e9 chuvoso e deixa as pedras escorregadias, mas concentra o famoso Carnaval das rep\u00fablicas:<\/p>\n\n\n\n<style>\n    .ant-grid { \n        \/* CORES DO ESTADO DE MINAS *\/\n        --cor-primaria: #1a2a57;\n        --cor-secundaria: #1a2a57;\n        --cor-txt-secundaria: #ffffff; \n\n        display: grid; grid-template-columns: repeat(auto-fit, minmax(190px, 1fr)); gap: 15px; justify-content: center; padding: 10px;\n    }\n    \n    .ant-card { \n        border: 5px solid var(--cor-primaria); border-top: 5px solid var(--cor-secundaria); \n        border-radius: 4px; \/* CANTOS RETOS *\/\n        background-color: var(--cor-primaria); background-clip: padding-box; \n        display: flex; flex-direction: column; overflow: hidden; cursor: pointer; \n        box-shadow: 0 6px 12px rgba(0,0,0, 0.2); \n        transition: transform 0.2s ease, box-shadow 0.2s ease; \n        -webkit-tap-highlight-color: transparent; user-select: none; transform: translateZ(0);\n        animation: wmFadeIn 0.6s cubic-bezier(0.2, 0.8, 0.2, 1) backwards;\n    }\n    .ant-card:nth-child(1) { animation-delay: 0.1s; } .ant-card:nth-child(2) { animation-delay: 0.2s; }\n    .ant-card:nth-child(3) { animation-delay: 0.3s; } .ant-card:nth-child(4) { animation-delay: 0.4s; }\n\n    @keyframes wmFadeIn { from { opacity: 0; transform: translateY(30px); } to { opacity: 1; transform: translateY(0); } }\n\n    .ant-card:hover { transform: translateY(-5px); box-shadow: 0 15px 30px rgba(0,0,0, 0.3); }\n    .ant-card:active { transform: translateY(-1px) scale(0.97); box-shadow: 0 3px 6px rgba(0,0,0, 0.2); transition: transform 0.05s ease, box-shadow 0.05s ease; }\n    \n    .ant-header { background: #f0f8f9; padding: 15px 10px; text-align: center; display: flex; flex-direction: column; align-items: center; justify-content: center; }\n    .ant-body { background: #ffffff; padding: 15px; display: flex; flex-direction: column; flex-grow: 1; align-items: center; }\n    \n    .ant-card-destaque { box-shadow: 0 8px 16px rgba(0,0,0, 0.25); }\n    .ant-card-destaque:hover { box-shadow: 0 18px 36px rgba(0,0,0, 0.35); }\n    .ant-card-destaque .ant-header { background: var(--cor-secundaria); }\n    .ant-card-destaque .ant-header .ant-titulo { color: var(--cor-txt-secundaria) !important; } \n    \n    .pill-ant { display: flex; white-space: normal; max-width: 100%; box-sizing: border-box; justify-content: center; align-items: center; text-align: center; background: #e0f4f6; color: var(--cor-primaria); font-size: 11px; font-weight: 900 !important; letter-spacing: 0.5px; padding: 8px 16px; border-radius: 4px; text-transform: uppercase; line-height: 1.4; box-shadow: 0 4px 8px rgba(0,0,0, 0.15); margin-top: auto; transition: transform 0.2s ease; }\n    .ant-card-destaque .pill-ant { background: var(--cor-primaria); color: var(--cor-txt-secundaria); } \n    .ant-card:hover .pill-ant { transform: scale(1.06); }\n    .pill-ant span { font-weight: 900 !important; color: inherit; } \n    \n    .ant-emoji { font-size: 24px; line-height: 1; margin-bottom: 5px; }\n    .ant-titulo { color: var(--cor-primaria); font-size: 16px; text-transform: uppercase; margin-top: 5px; font-weight: bold; }\n    .ant-mes { font-size: 11px; font-weight: 800; color: var(--cor-primaria); text-transform: uppercase; margin-bottom: 5px; }\n    .ant-temp { font-size: 26px; font-weight: 900; color: var(--cor-primaria); margin-bottom: 10px; }\n    .ant-desc { font-size: 13px; color: #444; text-align: center; line-height: 1.5; margin-bottom: 15px; flex-grow: 1;}\n    .ant-desc strong { color: #111; }\n\n    @media (prefers-color-scheme: dark) {\n        .ant-card { border-color: #1b7a8c; background-color: #1b7a8c; box-shadow: 0 6px 12px rgba(0,0,0, 0.5); }\n        .ant-header { background: #1a1a1a; } .ant-body { background: #121212; }\n        .ant-card-destaque .ant-header { background: var(--cor-secundaria); }\n        .ant-card-destaque .ant-header .ant-titulo { color: var(--cor-txt-secundaria) !important; }\n        .ant-titulo { color: #5ce1f5; } .ant-mes { color: #8eeaf7; } .ant-temp { color: #5ce1f5; } .ant-desc { color: #cccccc; } .ant-desc strong { color: #ffffff; }\n        .pill-ant { background: #1a1a1a; color: #5ce1f5; box-shadow: 0 4px 8px rgba(0, 0, 0, 0.5); }\n        .ant-card-destaque .pill-ant { background: var(--cor-primaria); color: var(--cor-txt-secundaria); }\n    }\n\n    @media print {\n        .ant-card { border: 2px solid #ccc !important; background: transparent !important; box-shadow: none !important; break-inside: avoid; page-break-inside: avoid; }\n        .ant-header, .ant-body { background: transparent !important; }\n        .ant-titulo, .ant-mes, .ant-temp, .ant-desc, .pill-ant { color: #000 !important; text-shadow: none !important; }\n        .pill-ant { border: 1px solid #000; box-shadow: none !important; }\n        .ant-card-destaque { border: 3px solid #000 !important; }\n    }\n<\/style>\n\n<div class=\"google-auto-ads-ignore ant-grid\" style=\"box-sizing: border-box; width: 100%; max-width: 980px; margin: 30px auto; font-family: 'Segoe UI', Roboto, Helvetica, Arial, sans-serif;\">\n    \n    <!-- CARD 1: VER\u00c3O -->\n    <div class=\"ant-card\">\n        <div class=\"ant-header\">\n            <div class=\"ant-emoji\">\ud83c\udf8a<\/div>\n            <div class=\"ant-titulo\">Ver\u00e3o<\/div>\n        <\/div>\n        <div class=\"ant-body\">\n            <div class=\"ant-mes\">Dezembro a Fevereiro<\/div>\n            <div class=\"ant-temp\">16\u00b0C a 28\u00b0C<\/div>\n            <div class=\"ant-desc\">As chuvas deixam as hist\u00f3ricas pedras escorregadias, mas a cidade ferve com o famoso <strong>Carnaval nas rep\u00fablicas e blocos de rua<\/strong>.<\/div>\n            <div class=\"pill-ant\"><span>\u2614 CHUVA ALTA<\/span><\/div>\n        <\/div>\n    <\/div>\n\n    <!-- CARD 2: OUTONO -->\n    <div class=\"ant-card\">\n        <div class=\"ant-header\">\n            <div class=\"ant-emoji\">\u26ea<\/div>\n            <div class=\"ant-titulo\">Outono<\/div>\n        <\/div>\n        <div class=\"ant-body\">\n            <div class=\"ant-mes\">Mar\u00e7o a Maio<\/div>\n            <div class=\"ant-temp\">14\u00b0C a 25\u00b0C<\/div>\n            <div class=\"ant-desc\">O volume de \u00e1gua come\u00e7a a dar tr\u00e9gua e a calmaria retorna. Momento ideal para a <strong>Visita \u00e0s igrejas e museus com calma<\/strong>.<\/div>\n            <div class=\"pill-ant\"><span>\ud83c\udf27\ufe0f CHUVA M\u00c9DIA<\/span><\/div>\n        <\/div>\n    <\/div>\n\n    <!-- CARD 3: INVERNO (DESTAQUE) -->\n    <div class=\"ant-card ant-card-destaque\">\n        <div class=\"ant-header\">\n            <div class=\"ant-emoji\">\ud83e\udde3<\/div>\n            <div class=\"ant-titulo\">Inverno<\/div>\n        <\/div>\n        <div class=\"ant-body\">\n            <div class=\"ant-mes\">Junho a Agosto<\/div>\n            <div class=\"ant-temp\">10\u00b0C a 23\u00b0C<\/div>\n            <div class=\"ant-desc\">A melhor \u00e9poca! Ladeiras firmes, c\u00e9u limpo e clima aconchegante. Aproveite o <strong>Festival de Inverno e trilhas no entorno<\/strong>.<\/div>\n            <div class=\"pill-ant\"><span>\u2b50 MELHOR \u00c9POCA<\/span><\/div>\n        <\/div>\n    <\/div>\n\n    <!-- CARD 4: PRIMAVERA -->\n    <div class=\"ant-card\">\n        <div class=\"ant-header\">\n            <div class=\"ant-emoji\">\ud83e\udd7e<\/div>\n            <div class=\"ant-titulo\">Primavera<\/div>\n        <\/div>\n        <div class=\"ant-body\">\n            <div class=\"ant-mes\">Setembro a Novembro<\/div>\n            <div class=\"ant-temp\">13\u00b0C a 26\u00b0C<\/div>\n            <div class=\"ant-desc\">As temperaturas sobem de forma agrad\u00e1vel com o retorno gradual das chuvas. Cen\u00e1rio excelente para <strong>Caminhadas pelo centro hist\u00f3rico<\/strong>.<\/div>\n            <div class=\"pill-ant\"><span>\ud83c\udf27\ufe0f CHUVA M\u00c9DIA<\/span><\/div>\n        <\/div>\n    <\/div>\n\n<\/div>\n\n\n\n<p><em>Temperaturas aproximadas com base no <a href=\"https:\/\/www.climatempo.com.br\/previsao-do-tempo\/cidade\/170\/ouropreto-mg\" target=\"_blank\" rel=\"noreferrer noopener\"><strong>Climatempo<\/strong><\/a>. Condi\u00e7\u00f5es podem variar.<\/em><\/p>\n\n\n\n<h2 class=\"wp-block-heading\">Como chegar a Ouro Preto saindo de BH e do Rio?<\/h2>\n\n\n\n<p>De Belo Horizonte, o trajeto cobre cerca de 96 km, percorridos em torno de 2 horas pela <strong>BR-356<\/strong> (a Rodovia dos Inconfidentes). A estrada \u00e9 serrana, com curvas e neblina em dias \u00famidos, o que pede aten\u00e7\u00e3o redobrada. De carro, \u00e9 a forma mais pr\u00e1tica para circular pelas ladeiras e pelo entorno hist\u00f3rico.<\/p>\n\n\n\n<p>Quem sai do <strong>Rio de Janeiro<\/strong> percorre cerca de 460 km pela BR-040 e BR-356, com 6 a 7 horas de viagem. De <strong>S\u00e3o Paulo<\/strong>, s\u00e3o aproximadamente 600 km. Linhas regulares de \u00f4nibus operadas por <strong>P\u00e1ssaro Verde<\/strong> e <strong>\u00datil<\/strong> conectam diariamente Belo Horizonte e o Rio \u00e0 pequena rodovi\u00e1ria ouro-pretana, pr\u00f3xima ao centro.<\/p>\n\n\n\n<h2 class=\"wp-block-heading\">Conhe\u00e7a a cidade que guarda o ouro nas paredes<\/h2>\n\n\n\n<p>Ouro Preto re\u00fane em poucos quil\u00f4metros de ladeira o que outras cidades brasileiras dividem entre dezenas de roteiros: arte barroca, hist\u00f3ria da independ\u00eancia, gastronomia mineira de raiz e uma cultura estudantil que mant\u00e9m o casario vivo. Cada igreja conta um cap\u00edtulo diferente da forma\u00e7\u00e3o do <strong>Brasil<\/strong>.<\/p>\n\n\n\n<p>Voc\u00ea precisa subir as ladeiras da antiga Vila Rica pelo menos uma vez na vida e entender por que ela foi escolhida como o primeiro patrim\u00f4nio cultural do pa\u00eds pela UNESCO.<\/p>\n","protected":false},"excerpt":{"rendered":"<p>Quem sobe as ladeiras de pedra de Ouro Preto caminha sobre o cap\u00edtulo mais denso da hist\u00f3ria colonial brasileira. A antiga Vila Rica, encravada na serra mineira a cerca de 96 km de Belo Horizonte, guarda 13 igrejas barrocas, o ber\u00e7o da Inconfid\u00eancia Mineira e um casario que continua quase id\u00eantico ao do s\u00e9culo XVIII. [&hellip;]<\/p>\n","protected":false},"author":6,"featured_media":145843,"comment_status":"open","ping_status":"open","sticky":false,"template":"","format":"standard","meta":{"jnews-multi-image_gallery":[],"jnews_single_post":{"format":"standard"},"jnews_primary_category":[],"jnews_social_meta":[],"jnews_override_counter":[],"footnotes":""},"categories":[26],"tags":[183,207,419],"class_list":["post-202540","post","type-post","status-publish","format-standard","has-post-thumbnail","hentry","category-cidades","tag-cidades","tag-minas-gerais","tag-ouro-preto"],"yoast_head":"<!-- This site is optimized with the Yoast SEO plugin v23.8 - https:\/\/yoast.com\/wordpress\/plugins\/seo\/ -->\n<title>13 igrejas e 400 kg de ouro: a cidade a 2 horas de BH que foi o primeiro patrim\u00f4nio reconhecido internacionalmente no Brasil - Estado de Minas - Em foco<\/title>\n<meta name=\"description\" content=\"A 2 horas de BH, esta cidade abriga 13 igrejas e 400 kg de ouro. Saiba mais sobre o primeiro patrim\u00f4nio internacional do pa\u00eds.\" \/>\n<meta name=\"robots\" content=\"index, follow, max-snippet:-1, max-image-preview:large, max-video-preview:-1\" \/>\n<link rel=\"canonical\" href=\"https:\/\/www.em.com.br\/emfoco\/2026\/05\/01\/13-igrejas-e-400-kg-de-ouro-a-cidade-a-2-horas-de-bh-que-foi-o-primeiro-patrimonio-reconhecido-internacionalmente-no-brasil\/\" \/>\n<meta property=\"og:locale\" content=\"pt_BR\" \/>\n<meta property=\"og:type\" content=\"article\" \/>\n<meta property=\"og:title\" content=\"13 igrejas e 400 kg de ouro: a cidade a 2 horas de BH que foi o primeiro patrim\u00f4nio reconhecido internacionalmente no Brasil - Estado de Minas - Em foco\" \/>\n<meta property=\"og:description\" content=\"A 2 horas de BH, esta cidade abriga 13 igrejas e 400 kg de ouro. Saiba mais sobre o primeiro patrim\u00f4nio internacional do pa\u00eds.\" \/>\n<meta property=\"og:url\" content=\"https:\/\/www.em.com.br\/emfoco\/2026\/05\/01\/13-igrejas-e-400-kg-de-ouro-a-cidade-a-2-horas-de-bh-que-foi-o-primeiro-patrimonio-reconhecido-internacionalmente-no-brasil\/\" \/>\n<meta property=\"og:site_name\" content=\"Estado de Minas - Em foco\" \/>\n<meta property=\"article:published_time\" content=\"2026-05-01T18:05:00+00:00\" \/>\n<meta property=\"article:modified_time\" content=\"2026-05-01T19:38:37+00:00\" \/>\n<meta property=\"og:image\" content=\"https:\/\/www.em.com.br\/emfoco\/wp-content\/uploads\/2025\/12\/Ouro-Preto_1738111503729.jpg\" \/>\n\t<meta property=\"og:image:width\" content=\"1280\" \/>\n\t<meta property=\"og:image:height\" content=\"720\" \/>\n\t<meta property=\"og:image:type\" content=\"image\/jpeg\" \/>\n<meta name=\"author\" content=\"Vitor Bruno\" \/>\n<meta name=\"twitter:card\" content=\"summary_large_image\" \/>\n<meta name=\"twitter:label1\" content=\"Escrito por\" \/>\n\t<meta name=\"twitter:data1\" content=\"Vitor Bruno\" \/>\n\t<meta name=\"twitter:label2\" content=\"Est. tempo de leitura\" \/>\n\t<meta name=\"twitter:data2\" content=\"7 minutos\" \/>\n<!-- \/ Yoast SEO plugin. -->","yoast_head_json":{"title":"13 igrejas e 400 kg de ouro: a cidade a 2 horas de BH que foi o primeiro patrim\u00f4nio reconhecido internacionalmente no Brasil - Estado de Minas - Em foco","description":"A 2 horas de BH, esta cidade abriga 13 igrejas e 400 kg de ouro. Saiba mais sobre o primeiro patrim\u00f4nio internacional do pa\u00eds.","robots":{"index":"index","follow":"follow","max-snippet":"max-snippet:-1","max-image-preview":"max-image-preview:large","max-video-preview":"max-video-preview:-1"},"canonical":"https:\/\/www.em.com.br\/emfoco\/2026\/05\/01\/13-igrejas-e-400-kg-de-ouro-a-cidade-a-2-horas-de-bh-que-foi-o-primeiro-patrimonio-reconhecido-internacionalmente-no-brasil\/","og_locale":"pt_BR","og_type":"article","og_title":"13 igrejas e 400 kg de ouro: a cidade a 2 horas de BH que foi o primeiro patrim\u00f4nio reconhecido internacionalmente no Brasil - Estado de Minas - Em foco","og_description":"A 2 horas de BH, esta cidade abriga 13 igrejas e 400 kg de ouro. Saiba mais sobre o primeiro patrim\u00f4nio internacional do pa\u00eds.","og_url":"https:\/\/www.em.com.br\/emfoco\/2026\/05\/01\/13-igrejas-e-400-kg-de-ouro-a-cidade-a-2-horas-de-bh-que-foi-o-primeiro-patrimonio-reconhecido-internacionalmente-no-brasil\/","og_site_name":"Estado de Minas - Em foco","article_published_time":"2026-05-01T18:05:00+00:00","article_modified_time":"2026-05-01T19:38:37+00:00","og_image":[{"width":1280,"height":720,"url":"https:\/\/www.em.com.br\/emfoco\/wp-content\/uploads\/2025\/12\/Ouro-Preto_1738111503729.jpg","type":"image\/jpeg"}],"author":"Vitor Bruno","twitter_card":"summary_large_image","twitter_misc":{"Escrito por":"Vitor Bruno","Est. tempo de leitura":"7 minutos"},"schema":{"@context":"https:\/\/schema.org","@graph":[{"@type":"WebPage","@id":"https:\/\/www.em.com.br\/emfoco\/2026\/05\/01\/13-igrejas-e-400-kg-de-ouro-a-cidade-a-2-horas-de-bh-que-foi-o-primeiro-patrimonio-reconhecido-internacionalmente-no-brasil\/","url":"https:\/\/www.em.com.br\/emfoco\/2026\/05\/01\/13-igrejas-e-400-kg-de-ouro-a-cidade-a-2-horas-de-bh-que-foi-o-primeiro-patrimonio-reconhecido-internacionalmente-no-brasil\/","name":"13 igrejas e 400 kg de ouro: a cidade a 2 horas de BH que foi o primeiro patrim\u00f4nio reconhecido internacionalmente no Brasil - Estado de Minas - Em foco","isPartOf":{"@id":"https:\/\/www.em.com.br\/emfoco\/#website"},"primaryImageOfPage":{"@id":"https:\/\/www.em.com.br\/emfoco\/2026\/05\/01\/13-igrejas-e-400-kg-de-ouro-a-cidade-a-2-horas-de-bh-que-foi-o-primeiro-patrimonio-reconhecido-internacionalmente-no-brasil\/#primaryimage"},"image":{"@id":"https:\/\/www.em.com.br\/emfoco\/2026\/05\/01\/13-igrejas-e-400-kg-de-ouro-a-cidade-a-2-horas-de-bh-que-foi-o-primeiro-patrimonio-reconhecido-internacionalmente-no-brasil\/#primaryimage"},"thumbnailUrl":"https:\/\/www.em.com.br\/emfoco\/wp-content\/uploads\/2025\/12\/Ouro-Preto_1738111503729.jpg","datePublished":"2026-05-01T18:05:00+00:00","dateModified":"2026-05-01T19:38:37+00:00","author":{"@id":"https:\/\/www.em.com.br\/emfoco\/#\/schema\/person\/364ac1852fafd00f1be20f0b8b237569"},"description":"A 2 horas de BH, esta cidade abriga 13 igrejas e 400 kg de ouro. Saiba mais sobre o primeiro patrim\u00f4nio internacional do pa\u00eds.","breadcrumb":{"@id":"https:\/\/www.em.com.br\/emfoco\/2026\/05\/01\/13-igrejas-e-400-kg-de-ouro-a-cidade-a-2-horas-de-bh-que-foi-o-primeiro-patrimonio-reconhecido-internacionalmente-no-brasil\/#breadcrumb"},"inLanguage":"pt-BR","potentialAction":[{"@type":"ReadAction","target":["https:\/\/www.em.com.br\/emfoco\/2026\/05\/01\/13-igrejas-e-400-kg-de-ouro-a-cidade-a-2-horas-de-bh-que-foi-o-primeiro-patrimonio-reconhecido-internacionalmente-no-brasil\/"]}]},{"@type":"ImageObject","inLanguage":"pt-BR","@id":"https:\/\/www.em.com.br\/emfoco\/2026\/05\/01\/13-igrejas-e-400-kg-de-ouro-a-cidade-a-2-horas-de-bh-que-foi-o-primeiro-patrimonio-reconhecido-internacionalmente-no-brasil\/#primaryimage","url":"https:\/\/www.em.com.br\/emfoco\/wp-content\/uploads\/2025\/12\/Ouro-Preto_1738111503729.jpg","contentUrl":"https:\/\/www.em.com.br\/emfoco\/wp-content\/uploads\/2025\/12\/Ouro-Preto_1738111503729.jpg","width":1280,"height":720,"caption":"Ouro Preto \u00e9 Patrim\u00f4nio da Humanidade reconhecido pela UNESCO \/\/ Cr\u00e9ditos: depositphotos.com \/ Curioso_Travel_Photography"},{"@type":"BreadcrumbList","@id":"https:\/\/www.em.com.br\/emfoco\/2026\/05\/01\/13-igrejas-e-400-kg-de-ouro-a-cidade-a-2-horas-de-bh-que-foi-o-primeiro-patrimonio-reconhecido-internacionalmente-no-brasil\/#breadcrumb","itemListElement":[{"@type":"ListItem","position":1,"name":"In\u00edcio","item":"https:\/\/www.em.com.br\/emfoco\/"},{"@type":"ListItem","position":2,"name":"13 igrejas e 400 kg de ouro: a cidade a 2 horas de BH que foi o primeiro patrim\u00f4nio reconhecido internacionalmente no Brasil"}]},{"@type":"WebSite","@id":"https:\/\/www.em.com.br\/emfoco\/#website","url":"https:\/\/www.em.com.br\/emfoco\/","name":"Estado de Minas - Em foco","description":"Acompanhe as \u00faltimas not\u00edcias e fique bem informado sobre tudo o que acontece em Minas Gerais, Brasil e no mundo.","potentialAction":[{"@type":"SearchAction","target":{"@type":"EntryPoint","urlTemplate":"https:\/\/www.em.com.br\/emfoco\/?s={search_term_string}"},"query-input":{"@type":"PropertyValueSpecification","valueRequired":true,"valueName":"search_term_string"}}],"inLanguage":"pt-BR"},{"@type":"Person","@id":"https:\/\/www.em.com.br\/emfoco\/#\/schema\/person\/364ac1852fafd00f1be20f0b8b237569","name":"Vitor Bruno","image":{"@type":"ImageObject","inLanguage":"pt-BR","@id":"https:\/\/www.em.com.br\/emfoco\/#\/schema\/person\/image\/","url":"https:\/\/secure.gravatar.com\/avatar\/b719e5cdede09f942064960883b5524d?s=96&d=mm&r=g","contentUrl":"https:\/\/secure.gravatar.com\/avatar\/b719e5cdede09f942064960883b5524d?s=96&d=mm&r=g","caption":"Vitor Bruno"},"sameAs":["https:\/\/www.em.com.br\/emfoco\/"],"url":"https:\/\/www.em.com.br\/emfoco\/author\/vitormyth\/"}]}},"_links":{"self":[{"href":"https:\/\/www.em.com.br\/emfoco\/wp-json\/wp\/v2\/posts\/202540","targetHints":{"allow":["GET"]}}],"collection":[{"href":"https:\/\/www.em.com.br\/emfoco\/wp-json\/wp\/v2\/posts"}],"about":[{"href":"https:\/\/www.em.com.br\/emfoco\/wp-json\/wp\/v2\/types\/post"}],"author":[{"embeddable":true,"href":"https:\/\/www.em.com.br\/emfoco\/wp-json\/wp\/v2\/users\/6"}],"replies":[{"embeddable":true,"href":"https:\/\/www.em.com.br\/emfoco\/wp-json\/wp\/v2\/comments?post=202540"}],"version-history":[{"count":3,"href":"https:\/\/www.em.com.br\/emfoco\/wp-json\/wp\/v2\/posts\/202540\/revisions"}],"predecessor-version":[{"id":202876,"href":"https:\/\/www.em.com.br\/emfoco\/wp-json\/wp\/v2\/posts\/202540\/revisions\/202876"}],"wp:featuredmedia":[{"embeddable":true,"href":"https:\/\/www.em.com.br\/emfoco\/wp-json\/wp\/v2\/media\/145843"}],"wp:attachment":[{"href":"https:\/\/www.em.com.br\/emfoco\/wp-json\/wp\/v2\/media?parent=202540"}],"wp:term":[{"taxonomy":"category","embeddable":true,"href":"https:\/\/www.em.com.br\/emfoco\/wp-json\/wp\/v2\/categories?post=202540"},{"taxonomy":"post_tag","embeddable":true,"href":"https:\/\/www.em.com.br\/emfoco\/wp-json\/wp\/v2\/tags?post=202540"}],"curies":[{"name":"wp","href":"https:\/\/api.w.org\/{rel}","templated":true}]}}