{"id":202539,"date":"2026-05-01T11:25:00","date_gmt":"2026-05-01T14:25:00","guid":{"rendered":"https:\/\/www.em.com.br\/emfoco\/?p=202539"},"modified":"2026-05-01T11:18:09","modified_gmt":"2026-05-01T14:18:09","slug":"o-caribe-a-7-horas-de-bh-com-as-aguas-mais-transparentes-do-sudeste-onde-barcos-parecem-flutuar-no-ar-2","status":"publish","type":"post","link":"https:\/\/www.em.com.br\/emfoco\/2026\/05\/01\/o-caribe-a-7-horas-de-bh-com-as-aguas-mais-transparentes-do-sudeste-onde-barcos-parecem-flutuar-no-ar-2\/","title":{"rendered":"O Caribe a 7 horas de BH com as \u00e1guas mais transparentes do Sudeste onde barcos parecem flutuar no ar"},"content":{"rendered":"\n<p>O cheiro da maresia e o azul-turquesa que parece pintado a tinta recebem quem chega a <strong>Arraial do Cabo<\/strong>, no litoral do <strong>Rio de Janeiro<\/strong>. A cidade abriga a praia onde s\u00f3 250 visitantes podem ficar por vez, controlada pela Marinha, e tem visibilidade subaqu\u00e1tica que ultrapassa 15 metros em dias bons.<\/p>\n\n\n\n<h2 class=\"wp-block-heading\">Por que as \u00e1guas de Arraial do Cabo parecem o Caribe?<\/h2>\n\n\n\n<p>A explica\u00e7\u00e3o est\u00e1 na ressurg\u00eancia, fen\u00f4meno raro na costa brasileira. Os ventos de nordeste empurram a \u00e1gua quente da superf\u00edcie para o oceano aberto, e correntes geladas da Corrente das Malvinas sobem das profundezas carregando nutrientes, segundo o <a href=\"https:\/\/www.geoparquecostoeselagunas.com\/arraial-do-cabo\/\" target=\"_blank\" rel=\"noreferrer noopener\"><strong>Geoparque Cost\u00f5es e Lagunas<\/strong><\/a>.<\/p>\n\n\n\n<p>Esse ciclo natural deixa a \u00e1gua com transpar\u00eancia extrema e mant\u00e9m a temperatura entre 14\u00b0C e 24\u00b0C, bem abaixo da m\u00e9dia do litoral fluminense. \u00c9 tamb\u00e9m o que rendeu \u00e0 cidade o apelido de <strong>Capital do Mergulho do Brasil<\/strong>, conforme reconhece o <a href=\"https:\/\/www.funbio.org.br\/unica-reserva-extrativista-marinha-federal-do-estado-ganha-sede-apos-quase-30-anos\/\" target=\"_blank\" rel=\"noreferrer noopener\"><strong>Fundo Brasileiro para a Biodiversidade (FUNBIO)<\/strong><\/a>.<\/p>\n\n\n\n<p>Em 1997, a regi\u00e3o virou a primeira <strong>Reserva Extrativista Marinha (Resex)<\/strong> federal do <strong>Brasil<\/strong>. Gerida pelo <a href=\"https:\/\/www.gov.br\/icmbio\/pt-br\/assuntos\/biodiversidade\/unidade-de-conservacao\/unidades-de-biomas\/marinho\/lista-de-ucs\/resex-marinha-do-arraial-do-cabo\" target=\"_blank\" rel=\"noreferrer noopener\"><strong>Instituto Chico Mendes de Conserva\u00e7\u00e3o da Biodiversidade (ICMBio)<\/strong><\/a>, a unidade protege mais de 51 mil hectares de mar, dunas e cost\u00f5es rochosos.<\/p>\n\n\n<div class=\"wp-block-image\">\n<figure class=\"aligncenter size-large\"><img loading=\"lazy\" decoding=\"async\" width=\"1024\" height=\"576\" src=\"https:\/\/www.em.com.br\/emfoco\/wp-content\/uploads\/2026\/01\/Arraial-do-Cabo_1747238044535-1024x576.jpg\" alt=\"Essa vila de pescadores tem \u00e1guas t\u00e3o cristalinas que ganhou o apelido de Caribe Brasileiro\" class=\"wp-image-152884\" srcset=\"https:\/\/www.em.com.br\/emfoco\/wp-content\/uploads\/2026\/01\/Arraial-do-Cabo_1747238044535-1024x576.jpg 1024w, https:\/\/www.em.com.br\/emfoco\/wp-content\/uploads\/2026\/01\/Arraial-do-Cabo_1747238044535-300x169.jpg 300w, https:\/\/www.em.com.br\/emfoco\/wp-content\/uploads\/2026\/01\/Arraial-do-Cabo_1747238044535-768x432.jpg 768w, https:\/\/www.em.com.br\/emfoco\/wp-content\/uploads\/2026\/01\/Arraial-do-Cabo_1747238044535-750x422.jpg 750w, https:\/\/www.em.com.br\/emfoco\/wp-content\/uploads\/2026\/01\/Arraial-do-Cabo_1747238044535-1140x641.jpg 1140w, https:\/\/www.em.com.br\/emfoco\/wp-content\/uploads\/2026\/01\/Arraial-do-Cabo_1747238044535.jpg 1280w\" sizes=\"auto, (max-width: 1024px) 100vw, 1024px\" \/><figcaption class=\"wp-element-caption\">Arraial do Cabo, no Rio de Janeiro, encanta mergulhadores com suas \u00e1guas cristalinas \/\/ Cr\u00e9ditos: depositphotos.com \/ Cristian_Lourenco<\/figcaption><\/figure><\/div>\n\n\n<h2 class=\"wp-block-heading\">A praia que a Marinha decide quem pode pisar<\/h2>\n\n\n\n<p>A <strong>Praia do Farol<\/strong> fica numa ilha em frente ao continente e s\u00f3 pode ser acessada por embarca\u00e7\u00f5es autorizadas pela <strong>Marinha do Brasil<\/strong>. N\u00e3o vale caiaque, jet-ski nem lancha particular: o desembarque \u00e9 controlado e s\u00f3 passeios credenciados saem da Marina dos Pescadores, na Praia dos Anjos.<\/p>\n\n\n\n<p>A regra \u00e9 dura por um motivo. O limite \u00e9 de cerca de 250 visitantes simult\u00e2neos no local, com tempo m\u00e9dio de perman\u00eancia de 40 minutos por barco, segundo guias de turismo da regi\u00e3o. A medida garante que a faixa de areia branca e a vegeta\u00e7\u00e3o de restinga sigam preservadas.<\/p>\n\n\n\n<p>A ilha guarda o farol mais antigo em funcionamento do pa\u00eds, em opera\u00e7\u00e3o desde o s\u00e9culo 19, e ainda \u00e9 considerada patrim\u00f4nio da Marinha. A transpar\u00eancia da \u00e1gua \u00e9 tanta que os barcos atracados parecem flutuar no ar, sem sombra no fundo.<\/p>\n\n\n<div class=\"wp-block-image\">\n<figure class=\"aligncenter size-large\"><img loading=\"lazy\" decoding=\"async\" width=\"1024\" height=\"576\" src=\"https:\/\/www.em.com.br\/emfoco\/wp-content\/uploads\/2026\/01\/Arraial-do-Cabo_1732485521142-1024x576.jpg\" alt=\"\" class=\"wp-image-152883\" srcset=\"https:\/\/www.em.com.br\/emfoco\/wp-content\/uploads\/2026\/01\/Arraial-do-Cabo_1732485521142-1024x576.jpg 1024w, https:\/\/www.em.com.br\/emfoco\/wp-content\/uploads\/2026\/01\/Arraial-do-Cabo_1732485521142-300x169.jpg 300w, https:\/\/www.em.com.br\/emfoco\/wp-content\/uploads\/2026\/01\/Arraial-do-Cabo_1732485521142-768x432.jpg 768w, https:\/\/www.em.com.br\/emfoco\/wp-content\/uploads\/2026\/01\/Arraial-do-Cabo_1732485521142-750x422.jpg 750w, https:\/\/www.em.com.br\/emfoco\/wp-content\/uploads\/2026\/01\/Arraial-do-Cabo_1732485521142-1140x641.jpg 1140w, https:\/\/www.em.com.br\/emfoco\/wp-content\/uploads\/2026\/01\/Arraial-do-Cabo_1732485521142.jpg 1280w\" sizes=\"auto, (max-width: 1024px) 100vw, 1024px\" \/><figcaption class=\"wp-element-caption\">Arraial do Cabo, Rio de Janeiro, atrai turistas do mundo com suas \u00e1guas transparentes \/\/ Cr\u00e9ditos: depositphotos.com \/ Cristian_Lourenco<\/figcaption><\/figure><\/div>\n\n\n<p><strong>Leia tamb\u00e9m: <a href=\"https:\/\/www.em.com.br\/emfoco\/2026\/04\/28\/a-praia-selvagem-da-capital-acessivel-so-por-trilha-ou-barco-com-lagoa-mar-azul-e-zero-predio-a-vista-no-coracao-da-capital\/\" target=\"_blank\" rel=\"noreferrer noopener\">A praia selvagem da capital: acess\u00edvel s\u00f3 por trilha ou barco, com lagoa, mar azul e zero pr\u00e9dio \u00e0 vista no cora\u00e7\u00e3o da capital<\/a><\/strong><\/p>\n\n\n\n<h2 class=\"wp-block-heading\">O que fazer em Arraial do Cabo al\u00e9m da Praia do Farol<\/h2>\n\n\n\n<p>O passeio cl\u00e1ssico de escuna costuma incluir v\u00e1rias paradas no mesmo dia, com mergulhos r\u00e1pidos em pontos de \u00e1guas calmas. Confira as atra\u00e7\u00f5es mais procuradas pelos visitantes:<\/p>\n\n\n\n<ul class=\"wp-block-list has-medium-font-size\">\n<li><strong>Praia do Farol<\/strong>: monitorada pela Marinha, com areia branqu\u00edssima e mar azul-turquesa. Acesso s\u00f3 por barcos autorizados.<\/li>\n\n\n\n<li><strong>Gruta Azul<\/strong>: caverna marinha com cerca de 15 metros de profundidade onde a luz do sol cria reflexos azul-intensos dentro da rocha.<\/li>\n\n\n\n<li><strong>Prainhas do Pontal do Atalaia<\/strong>: acesso por escadaria de mais de 250 degraus, com \u00e1guas rasas e azul-cristal.<\/li>\n\n\n\n<li><strong>Praia do Forno<\/strong>: enseada de mar calmo, com restaurante flutuante e \u00f3timas condi\u00e7\u00f5es para snorkel.<\/li>\n\n\n\n<li><strong>Pedra do Gorila<\/strong> e <strong>Fenda de Nossa Senhora<\/strong>: forma\u00e7\u00f5es rochosas vistas do barco no caminho da Ilha do Farol.<\/li>\n\n\n\n<li><strong>Igreja de Nossa Senhora dos Rem\u00e9dios<\/strong>: erguida em 1506, considerada uma das mais antigas do Brasil, na Praia dos Anjos.<\/li>\n<\/ul>\n\n\n\n<h2 class=\"wp-block-heading\">Mergulho em Arraial do Cabo \u00e9 experi\u00eancia para todos<\/h2>\n\n\n\n<p>Com mais de 30 pontos catalogados e profundidades que v\u00e3o de 5 a 40 metros, a cidade atende do batismo ao mergulho t\u00e9cnico. Tartarugas, cavalos-marinhos, moreias, arraias e cardumes coloridos s\u00e3o encontros frequentes nas sa\u00eddas di\u00e1rias.<\/p>\n\n\n\n<p>A vida marinha aqui \u00e9 exuberante por causa da ressurg\u00eancia, e os naufr\u00e1gios viraram atra\u00e7\u00e3o \u00e0 parte. Veja os pontos mais conhecidos:<\/p>\n\n\n\n<ul class=\"wp-block-list has-medium-font-size\">\n<li><strong>Naufr\u00e1gio Thetis<\/strong>: navio ingl\u00eas que afundou em 1830 no Saco dos Ingleses, a profundidades entre 12 e 40 metros.<\/li>\n\n\n\n<li><strong>Fragata Dona Paula<\/strong>: encalhada em 1827, descansa pr\u00f3xima \u00e0 Ilha dos Franceses, indicada para mergulhadores avan\u00e7ados.<\/li>\n\n\n\n<li><strong>Saco do Cherne<\/strong>: enseada em forma de ferradura com at\u00e9 10 metros, ideal para iniciantes.<\/li>\n\n\n\n<li><strong>Saco do Anequim<\/strong> e <strong>Ponta Leste<\/strong>: pontos abrigados na Ilha do Farol, com tartarugas e fauna abundante.<\/li>\n\n\n\n<li><strong>Gruta da Camarinha<\/strong>: gruta submersa no mar de fora, exige experi\u00eancia e boas condi\u00e7\u00f5es.<\/li>\n<\/ul>\n\n\n\n<p>Quer saber o que fazer em&nbsp;<strong>Arraial do Cabo<\/strong>&nbsp;(<strong>RJ<\/strong>)? Vai curtir esse v\u00eddeo que mostra os passeios e pre\u00e7os do destino:<\/p>\n\n\n\n<figure class=\"wp-block-embed is-type-video is-provider-youtube wp-block-embed-youtube wp-embed-aspect-16-9 wp-has-aspect-ratio\"><div class=\"wp-block-embed__wrapper\">\n<div class=\"jeg_video_container jeg_video_content\"><iframe loading=\"lazy\" title=\"O que fazer em ARRAIAL DO CABO | com pre\u00e7os!\" width=\"500\" height=\"281\" src=\"https:\/\/www.youtube.com\/embed\/L4z37dqAnxg?feature=oembed\" frameborder=\"0\" allow=\"accelerometer; autoplay; clipboard-write; encrypted-media; gyroscope; picture-in-picture; web-share\" referrerpolicy=\"strict-origin-when-cross-origin\" allowfullscreen><\/iframe><\/div>\n<\/div><\/figure>\n\n\n\n<h2 class=\"wp-block-heading\">Quando o clima favorece cada tipo de passeio em Arraial do Cabo<\/h2>\n\n\n\n<p>O ver\u00e3o \u00e9 o mais movimentado, com sol forte e mar quente, mas a melhor visibilidade subaqu\u00e1tica costuma aparecer entre abril e outubro, quando a ressurg\u00eancia se intensifica. Veja como cada esta\u00e7\u00e3o se comporta no Caribe fluminense:<\/p>\n\n\n\n<style>\n    .ant-grid { \n        \/* CORES DO ESTADO DE MINAS *\/\n        --cor-primaria: #1a2a57;\n        --cor-secundaria: #1a2a57;\n        --cor-txt-secundaria: #ffffff; \n\n        display: grid; grid-template-columns: repeat(auto-fit, minmax(190px, 1fr)); gap: 15px; justify-content: center; padding: 10px;\n    }\n    \n    .ant-card { \n        border: 5px solid var(--cor-primaria); border-top: 5px solid var(--cor-secundaria); \n        border-radius: 4px; \/* CANTOS RETOS *\/\n        background-color: var(--cor-primaria); background-clip: padding-box; \n        display: flex; flex-direction: column; overflow: hidden; cursor: pointer; \n        box-shadow: 0 6px 12px rgba(0,0,0, 0.2); \n        transition: transform 0.2s ease, box-shadow 0.2s ease; \n        -webkit-tap-highlight-color: transparent; user-select: none; transform: translateZ(0);\n        animation: wmFadeIn 0.6s cubic-bezier(0.2, 0.8, 0.2, 1) backwards;\n    }\n    .ant-card:nth-child(1) { animation-delay: 0.1s; } .ant-card:nth-child(2) { animation-delay: 0.2s; }\n    .ant-card:nth-child(3) { animation-delay: 0.3s; } .ant-card:nth-child(4) { animation-delay: 0.4s; }\n\n    @keyframes wmFadeIn { from { opacity: 0; transform: translateY(30px); } to { opacity: 1; transform: translateY(0); } }\n\n    .ant-card:hover { transform: translateY(-5px); box-shadow: 0 15px 30px rgba(0,0,0, 0.3); }\n    .ant-card:active { transform: translateY(-1px) scale(0.97); box-shadow: 0 3px 6px rgba(0,0,0, 0.2); transition: transform 0.05s ease, box-shadow 0.05s ease; }\n    \n    .ant-header { background: #f0f8f9; padding: 15px 10px; text-align: center; display: flex; flex-direction: column; align-items: center; justify-content: center; }\n    .ant-body { background: #ffffff; padding: 15px; display: flex; flex-direction: column; flex-grow: 1; align-items: center; }\n    \n    .ant-card-destaque { box-shadow: 0 8px 16px rgba(0,0,0, 0.25); }\n    .ant-card-destaque:hover { box-shadow: 0 18px 36px rgba(0,0,0, 0.35); }\n    .ant-card-destaque .ant-header { background: var(--cor-secundaria); }\n    .ant-card-destaque .ant-header .ant-titulo { color: var(--cor-txt-secundaria) !important; } \n    \n    .pill-ant { display: flex; white-space: normal; max-width: 100%; box-sizing: border-box; justify-content: center; align-items: center; text-align: center; background: #e0f4f6; color: var(--cor-primaria); font-size: 11px; font-weight: 900 !important; letter-spacing: 0.5px; padding: 8px 16px; border-radius: 4px; text-transform: uppercase; line-height: 1.4; box-shadow: 0 4px 8px rgba(0,0,0, 0.15); margin-top: auto; transition: transform 0.2s ease; }\n    .ant-card-destaque .pill-ant { background: var(--cor-primaria); color: var(--cor-txt-secundaria); } \n    .ant-card:hover .pill-ant { transform: scale(1.06); }\n    .pill-ant span { font-weight: 900 !important; color: inherit; } \n    \n    .ant-emoji { font-size: 24px; line-height: 1; margin-bottom: 5px; }\n    .ant-titulo { color: var(--cor-primaria); font-size: 16px; text-transform: uppercase; margin-top: 5px; font-weight: bold; }\n    .ant-mes { font-size: 11px; font-weight: 800; color: var(--cor-primaria); text-transform: uppercase; margin-bottom: 5px; }\n    .ant-temp { font-size: 26px; font-weight: 900; color: var(--cor-primaria); margin-bottom: 10px; }\n    .ant-desc { font-size: 13px; color: #444; text-align: center; line-height: 1.5; margin-bottom: 15px; flex-grow: 1;}\n    .ant-desc strong { color: #111; }\n\n    @media (prefers-color-scheme: dark) {\n        .ant-card { border-color: #1b7a8c; background-color: #1b7a8c; box-shadow: 0 6px 12px rgba(0,0,0, 0.5); }\n        .ant-header { background: #1a1a1a; } .ant-body { background: #121212; }\n        .ant-card-destaque .ant-header { background: var(--cor-secundaria); }\n        .ant-card-destaque .ant-header .ant-titulo { color: var(--cor-txt-secundaria) !important; }\n        .ant-titulo { color: #5ce1f5; } .ant-mes { color: #8eeaf7; } .ant-temp { color: #5ce1f5; } .ant-desc { color: #cccccc; } .ant-desc strong { color: #ffffff; }\n        .pill-ant { background: #1a1a1a; color: #5ce1f5; box-shadow: 0 4px 8px rgba(0, 0, 0, 0.5); }\n        .ant-card-destaque .pill-ant { background: var(--cor-primaria); color: var(--cor-txt-secundaria); }\n    }\n\n    @media print {\n        .ant-card { border: 2px solid #ccc !important; background: transparent !important; box-shadow: none !important; break-inside: avoid; page-break-inside: avoid; }\n        .ant-header, .ant-body { background: transparent !important; }\n        .ant-titulo, .ant-mes, .ant-temp, .ant-desc, .pill-ant { color: #000 !important; text-shadow: none !important; }\n        .pill-ant { border: 1px solid #000; box-shadow: none !important; }\n        .ant-card-destaque { border: 3px solid #000 !important; }\n    }\n<\/style>\n\n<div class=\"google-auto-ads-ignore ant-grid\" style=\"box-sizing: border-box; width: 100%; max-width: 980px; margin: 30px auto; font-family: 'Segoe UI', Roboto, Helvetica, Arial, sans-serif;\">\n    \n    <!-- CARD 1: VER\u00c3O -->\n    <div class=\"ant-card\">\n        <div class=\"ant-header\">\n            <div class=\"ant-emoji\">\u2600\ufe0f<\/div>\n            <div class=\"ant-titulo\">Ver\u00e3o<\/div>\n        <\/div>\n        <div class=\"ant-body\">\n            <div class=\"ant-mes\">Dezembro a Fevereiro<\/div>\n            <div class=\"ant-temp\">23\u00b0C a 32\u00b0C<\/div>\n            <div class=\"ant-desc\">A cidade atinge o \u00e1pice do movimento, com sol forte e mar quente. Aproveite muito as <strong>Praias e passeios de barco<\/strong>.<\/div>\n            <div class=\"pill-ant\"><span>\u2b50 ALTA TEMPORADA<\/span><\/div>\n        <\/div>\n    <\/div>\n\n    <!-- CARD 2: OUTONO (DESTAQUE) -->\n    <div class=\"ant-card ant-card-destaque\">\n        <div class=\"ant-header\">\n            <div class=\"ant-emoji\">\ud83e\udd3f<\/div>\n            <div class=\"ant-titulo\">Outono<\/div>\n        <\/div>\n        <div class=\"ant-body\">\n            <div class=\"ant-mes\">Mar\u00e7o a Maio<\/div>\n            <div class=\"ant-temp\">21\u00b0C a 29\u00b0C<\/div>\n            <div class=\"ant-desc\">A ressurg\u00eancia se intensifica, tornando a \u00e1gua super cristalina. \u00c9 a \u00e9poca de ouro para o <strong>Mergulho com visibilidade alta<\/strong>.<\/div>\n            <div class=\"pill-ant\"><span>\u2b50 MELHOR \u00c9POCA<\/span><\/div>\n        <\/div>\n    <\/div>\n\n    <!-- CARD 3: INVERNO -->\n    <div class=\"ant-card\">\n        <div class=\"ant-header\">\n            <div class=\"ant-emoji\">\ud83d\udc33<\/div>\n            <div class=\"ant-titulo\">Inverno<\/div>\n        <\/div>\n        <div class=\"ant-body\">\n            <div class=\"ant-mes\">Junho a Agosto<\/div>\n            <div class=\"ant-temp\">17\u00b0C a 25\u00b0C<\/div>\n            <div class=\"ant-desc\">O tempo fica mais seco e o mar traz novos visitantes ilustres. Per\u00edodo espetacular para <strong>Observa\u00e7\u00e3o de baleias e pesca<\/strong>.<\/div>\n            <div class=\"pill-ant\"><span>\u2600\ufe0f CHUVA BAIXA<\/span><\/div>\n        <\/div>\n    <\/div>\n\n    <!-- CARD 4: PRIMAVERA -->\n    <div class=\"ant-card\">\n        <div class=\"ant-header\">\n            <div class=\"ant-emoji\">\ud83e\udd7e<\/div>\n            <div class=\"ant-titulo\">Primavera<\/div>\n        <\/div>\n        <div class=\"ant-body\">\n            <div class=\"ant-mes\">Setembro a Novembro<\/div>\n            <div class=\"ant-temp\">19\u00b0C a 28\u00b0C<\/div>\n            <div class=\"ant-desc\">O calor come\u00e7a a retomar seu posto antes do ver\u00e3o lotar a regi\u00e3o. Condi\u00e7\u00f5es incr\u00edveis para <strong>Trilhas, dunas e snorkel<\/strong>.<\/div>\n            <div class=\"pill-ant\"><span>\ud83c\udf27\ufe0f CHUVA M\u00c9DIA<\/span><\/div>\n        <\/div>\n    <\/div>\n\n<\/div>\n\n\n\n<p><em>Temperaturas aproximadas com base no <a href=\"https:\/\/www.climatempo.com.br\/previsao-do-tempo\/cidade\/770\/arraialdocabo-rj\" target=\"_blank\" rel=\"noreferrer noopener\"><strong>Climatempo<\/strong><\/a>. Condi\u00e7\u00f5es podem variar.<\/em><\/p>\n\n\n\n<h2 class=\"wp-block-heading\">Como chegar a Arraial do Cabo saindo de Belo Horizonte<\/h2>\n\n\n\n<p>De <strong>Belo Horizonte<\/strong> s\u00e3o cerca de 480 km at\u00e9 a cidade, com tempo m\u00e9dio de 7 horas pela <strong>BR-040<\/strong> e <strong>BR-101<\/strong>, passando por <strong>Juiz de Fora<\/strong> e seguindo pela <strong>Regi\u00e3o dos Lagos<\/strong>. Linhas regulares de \u00f4nibus fazem o trajeto direto entre BH e Arraial, normalmente com sa\u00edda noturna. Quem prefere voar pode chegar pelo <strong>Aeroporto do Gale\u00e3o<\/strong> ou pelo <strong>Aeroporto de Cabo Frio<\/strong> e seguir 30 km de carro at\u00e9 o destino.<\/p>\n\n\n\n<h2 class=\"wp-block-heading\">Mergulhe nesse pedacinho do Caribe brasileiro<\/h2>\n\n\n\n<p>Arraial do Cabo combina ci\u00eancia, hist\u00f3ria e mar transparente como poucos endere\u00e7os do pa\u00eds. A ressurg\u00eancia \u00e9 raridade na costa atl\u00e2ntica, e o controle ambiental rigoroso garante que a paisagem siga intocada para quem chega de longe.<\/p>\n\n\n\n<p>Voc\u00ea precisa visitar Arraial do Cabo, encarar o frio das \u00e1guas e entender por que tantos mineiros enfrentam sete horas de estrada para ver a transpar\u00eancia que faz os barcos parecerem flutuar no ar.<\/p>\n","protected":false},"excerpt":{"rendered":"<p>O cheiro da maresia e o azul-turquesa que parece pintado a tinta recebem quem chega a Arraial do Cabo, no litoral do Rio de Janeiro. A cidade abriga a praia onde s\u00f3 250 visitantes podem ficar por vez, controlada pela Marinha, e tem visibilidade subaqu\u00e1tica que ultrapassa 15 metros em dias bons. Por que as [&hellip;]<\/p>\n","protected":false},"author":6,"featured_media":137712,"comment_status":"open","ping_status":"open","sticky":false,"template":"","format":"standard","meta":{"jnews-multi-image_gallery":[],"jnews_single_post":{"format":"standard"},"jnews_primary_category":[],"jnews_social_meta":[],"jnews_override_counter":[],"footnotes":""},"categories":[26],"tags":[8083,183,151],"class_list":["post-202539","post","type-post","status-publish","format-standard","has-post-thumbnail","hentry","category-cidades","tag-arraial-do-cabo","tag-cidades","tag-rio-de-janeiro"],"yoast_head":"<!-- This site is optimized with the Yoast SEO plugin v23.8 - https:\/\/yoast.com\/wordpress\/plugins\/seo\/ -->\n<title>O Caribe a 7 horas de BH com as \u00e1guas mais transparentes do Sudeste onde barcos parecem flutuar no ar - Estado de Minas - Em foco<\/title>\n<meta name=\"description\" content=\"A 7 horas de BH, o Caribe do Sudeste tem \u00e1guas t\u00e3o transparentes que os barcos parecem flutuar no ar. Saiba tudo sobre este destino \u00fanico.\" \/>\n<meta name=\"robots\" content=\"index, follow, max-snippet:-1, max-image-preview:large, max-video-preview:-1\" \/>\n<link rel=\"canonical\" href=\"https:\/\/www.em.com.br\/emfoco\/2026\/05\/01\/o-caribe-a-7-horas-de-bh-com-as-aguas-mais-transparentes-do-sudeste-onde-barcos-parecem-flutuar-no-ar-2\/\" \/>\n<meta property=\"og:locale\" content=\"pt_BR\" \/>\n<meta property=\"og:type\" content=\"article\" \/>\n<meta property=\"og:title\" content=\"O Caribe a 7 horas de BH com as \u00e1guas mais transparentes do Sudeste onde barcos parecem flutuar no ar - Estado de Minas - Em foco\" \/>\n<meta property=\"og:description\" content=\"A 7 horas de BH, o Caribe do Sudeste tem \u00e1guas t\u00e3o transparentes que os barcos parecem flutuar no ar. Saiba tudo sobre este destino \u00fanico.\" \/>\n<meta property=\"og:url\" content=\"https:\/\/www.em.com.br\/emfoco\/2026\/05\/01\/o-caribe-a-7-horas-de-bh-com-as-aguas-mais-transparentes-do-sudeste-onde-barcos-parecem-flutuar-no-ar-2\/\" \/>\n<meta property=\"og:site_name\" content=\"Estado de Minas - Em foco\" \/>\n<meta property=\"article:published_time\" content=\"2026-05-01T14:25:00+00:00\" \/>\n<meta property=\"article:modified_time\" content=\"2026-05-01T14:18:09+00:00\" \/>\n<meta property=\"og:image\" content=\"https:\/\/www.em.com.br\/emfoco\/wp-content\/uploads\/2025\/12\/image-23.png\" \/>\n\t<meta property=\"og:image:width\" content=\"1280\" \/>\n\t<meta property=\"og:image:height\" content=\"720\" \/>\n\t<meta property=\"og:image:type\" content=\"image\/png\" \/>\n<meta name=\"author\" content=\"Vitor Bruno\" \/>\n<meta name=\"twitter:card\" content=\"summary_large_image\" \/>\n<meta name=\"twitter:label1\" content=\"Escrito por\" \/>\n\t<meta name=\"twitter:data1\" content=\"Vitor Bruno\" \/>\n\t<meta name=\"twitter:label2\" content=\"Est. tempo de leitura\" \/>\n\t<meta name=\"twitter:data2\" content=\"7 minutos\" \/>\n<!-- \/ Yoast SEO plugin. -->","yoast_head_json":{"title":"O Caribe a 7 horas de BH com as \u00e1guas mais transparentes do Sudeste onde barcos parecem flutuar no ar - Estado de Minas - Em foco","description":"A 7 horas de BH, o Caribe do Sudeste tem \u00e1guas t\u00e3o transparentes que os barcos parecem flutuar no ar. Saiba tudo sobre este destino \u00fanico.","robots":{"index":"index","follow":"follow","max-snippet":"max-snippet:-1","max-image-preview":"max-image-preview:large","max-video-preview":"max-video-preview:-1"},"canonical":"https:\/\/www.em.com.br\/emfoco\/2026\/05\/01\/o-caribe-a-7-horas-de-bh-com-as-aguas-mais-transparentes-do-sudeste-onde-barcos-parecem-flutuar-no-ar-2\/","og_locale":"pt_BR","og_type":"article","og_title":"O Caribe a 7 horas de BH com as \u00e1guas mais transparentes do Sudeste onde barcos parecem flutuar no ar - Estado de Minas - Em foco","og_description":"A 7 horas de BH, o Caribe do Sudeste tem \u00e1guas t\u00e3o transparentes que os barcos parecem flutuar no ar. Saiba tudo sobre este destino \u00fanico.","og_url":"https:\/\/www.em.com.br\/emfoco\/2026\/05\/01\/o-caribe-a-7-horas-de-bh-com-as-aguas-mais-transparentes-do-sudeste-onde-barcos-parecem-flutuar-no-ar-2\/","og_site_name":"Estado de Minas - Em foco","article_published_time":"2026-05-01T14:25:00+00:00","article_modified_time":"2026-05-01T14:18:09+00:00","og_image":[{"width":1280,"height":720,"url":"https:\/\/www.em.com.br\/emfoco\/wp-content\/uploads\/2025\/12\/image-23.png","type":"image\/png"}],"author":"Vitor Bruno","twitter_card":"summary_large_image","twitter_misc":{"Escrito por":"Vitor Bruno","Est. tempo de leitura":"7 minutos"},"schema":{"@context":"https:\/\/schema.org","@graph":[{"@type":"WebPage","@id":"https:\/\/www.em.com.br\/emfoco\/2026\/05\/01\/o-caribe-a-7-horas-de-bh-com-as-aguas-mais-transparentes-do-sudeste-onde-barcos-parecem-flutuar-no-ar-2\/","url":"https:\/\/www.em.com.br\/emfoco\/2026\/05\/01\/o-caribe-a-7-horas-de-bh-com-as-aguas-mais-transparentes-do-sudeste-onde-barcos-parecem-flutuar-no-ar-2\/","name":"O Caribe a 7 horas de BH com as \u00e1guas mais transparentes do Sudeste onde barcos parecem flutuar no ar - Estado de Minas - Em foco","isPartOf":{"@id":"https:\/\/www.em.com.br\/emfoco\/#website"},"primaryImageOfPage":{"@id":"https:\/\/www.em.com.br\/emfoco\/2026\/05\/01\/o-caribe-a-7-horas-de-bh-com-as-aguas-mais-transparentes-do-sudeste-onde-barcos-parecem-flutuar-no-ar-2\/#primaryimage"},"image":{"@id":"https:\/\/www.em.com.br\/emfoco\/2026\/05\/01\/o-caribe-a-7-horas-de-bh-com-as-aguas-mais-transparentes-do-sudeste-onde-barcos-parecem-flutuar-no-ar-2\/#primaryimage"},"thumbnailUrl":"https:\/\/www.em.com.br\/emfoco\/wp-content\/uploads\/2025\/12\/image-23.png","datePublished":"2026-05-01T14:25:00+00:00","dateModified":"2026-05-01T14:18:09+00:00","author":{"@id":"https:\/\/www.em.com.br\/emfoco\/#\/schema\/person\/364ac1852fafd00f1be20f0b8b237569"},"description":"A 7 horas de BH, o Caribe do Sudeste tem \u00e1guas t\u00e3o transparentes que os barcos parecem flutuar no ar. Saiba tudo sobre este destino \u00fanico.","breadcrumb":{"@id":"https:\/\/www.em.com.br\/emfoco\/2026\/05\/01\/o-caribe-a-7-horas-de-bh-com-as-aguas-mais-transparentes-do-sudeste-onde-barcos-parecem-flutuar-no-ar-2\/#breadcrumb"},"inLanguage":"pt-BR","potentialAction":[{"@type":"ReadAction","target":["https:\/\/www.em.com.br\/emfoco\/2026\/05\/01\/o-caribe-a-7-horas-de-bh-com-as-aguas-mais-transparentes-do-sudeste-onde-barcos-parecem-flutuar-no-ar-2\/"]}]},{"@type":"ImageObject","inLanguage":"pt-BR","@id":"https:\/\/www.em.com.br\/emfoco\/2026\/05\/01\/o-caribe-a-7-horas-de-bh-com-as-aguas-mais-transparentes-do-sudeste-onde-barcos-parecem-flutuar-no-ar-2\/#primaryimage","url":"https:\/\/www.em.com.br\/emfoco\/wp-content\/uploads\/2025\/12\/image-23.png","contentUrl":"https:\/\/www.em.com.br\/emfoco\/wp-content\/uploads\/2025\/12\/image-23.png","width":1280,"height":720,"caption":"Arraial do Cabo conquista qualquer visitante logo na chegada com o azul turquesa inconfund\u00edvel que lhe rendeu o apelido de \"Caribe Brasileiro\" (imagem ilustrativa)"},{"@type":"BreadcrumbList","@id":"https:\/\/www.em.com.br\/emfoco\/2026\/05\/01\/o-caribe-a-7-horas-de-bh-com-as-aguas-mais-transparentes-do-sudeste-onde-barcos-parecem-flutuar-no-ar-2\/#breadcrumb","itemListElement":[{"@type":"ListItem","position":1,"name":"In\u00edcio","item":"https:\/\/www.em.com.br\/emfoco\/"},{"@type":"ListItem","position":2,"name":"O Caribe a 7 horas de BH com as \u00e1guas mais transparentes do Sudeste onde barcos parecem flutuar no ar"}]},{"@type":"WebSite","@id":"https:\/\/www.em.com.br\/emfoco\/#website","url":"https:\/\/www.em.com.br\/emfoco\/","name":"Estado de Minas - Em foco","description":"Acompanhe as \u00faltimas not\u00edcias e fique bem informado sobre tudo o que acontece em Minas Gerais, Brasil e no mundo.","potentialAction":[{"@type":"SearchAction","target":{"@type":"EntryPoint","urlTemplate":"https:\/\/www.em.com.br\/emfoco\/?s={search_term_string}"},"query-input":{"@type":"PropertyValueSpecification","valueRequired":true,"valueName":"search_term_string"}}],"inLanguage":"pt-BR"},{"@type":"Person","@id":"https:\/\/www.em.com.br\/emfoco\/#\/schema\/person\/364ac1852fafd00f1be20f0b8b237569","name":"Vitor Bruno","image":{"@type":"ImageObject","inLanguage":"pt-BR","@id":"https:\/\/www.em.com.br\/emfoco\/#\/schema\/person\/image\/","url":"https:\/\/secure.gravatar.com\/avatar\/b719e5cdede09f942064960883b5524d?s=96&d=mm&r=g","contentUrl":"https:\/\/secure.gravatar.com\/avatar\/b719e5cdede09f942064960883b5524d?s=96&d=mm&r=g","caption":"Vitor Bruno"},"sameAs":["https:\/\/www.em.com.br\/emfoco\/"],"url":"https:\/\/www.em.com.br\/emfoco\/author\/vitormyth\/"}]}},"_links":{"self":[{"href":"https:\/\/www.em.com.br\/emfoco\/wp-json\/wp\/v2\/posts\/202539","targetHints":{"allow":["GET"]}}],"collection":[{"href":"https:\/\/www.em.com.br\/emfoco\/wp-json\/wp\/v2\/posts"}],"about":[{"href":"https:\/\/www.em.com.br\/emfoco\/wp-json\/wp\/v2\/types\/post"}],"author":[{"embeddable":true,"href":"https:\/\/www.em.com.br\/emfoco\/wp-json\/wp\/v2\/users\/6"}],"replies":[{"embeddable":true,"href":"https:\/\/www.em.com.br\/emfoco\/wp-json\/wp\/v2\/comments?post=202539"}],"version-history":[{"count":3,"href":"https:\/\/www.em.com.br\/emfoco\/wp-json\/wp\/v2\/posts\/202539\/revisions"}],"predecessor-version":[{"id":202675,"href":"https:\/\/www.em.com.br\/emfoco\/wp-json\/wp\/v2\/posts\/202539\/revisions\/202675"}],"wp:featuredmedia":[{"embeddable":true,"href":"https:\/\/www.em.com.br\/emfoco\/wp-json\/wp\/v2\/media\/137712"}],"wp:attachment":[{"href":"https:\/\/www.em.com.br\/emfoco\/wp-json\/wp\/v2\/media?parent=202539"}],"wp:term":[{"taxonomy":"category","embeddable":true,"href":"https:\/\/www.em.com.br\/emfoco\/wp-json\/wp\/v2\/categories?post=202539"},{"taxonomy":"post_tag","embeddable":true,"href":"https:\/\/www.em.com.br\/emfoco\/wp-json\/wp\/v2\/tags?post=202539"}],"curies":[{"name":"wp","href":"https:\/\/api.w.org\/{rel}","templated":true}]}}