{"id":202536,"date":"2026-05-01T20:14:44","date_gmt":"2026-05-01T23:14:44","guid":{"rendered":"https:\/\/www.em.com.br\/emfoco\/?p=202536"},"modified":"2026-05-01T20:14:49","modified_gmt":"2026-05-01T23:14:49","slug":"a-cidade-mais-alta-do-brasil-que-virou-refugio-de-quem-busca-qualidade-de-vida-e-clima-europeu","status":"publish","type":"post","link":"https:\/\/www.em.com.br\/emfoco\/2026\/05\/01\/a-cidade-mais-alta-do-brasil-que-virou-refugio-de-quem-busca-qualidade-de-vida-e-clima-europeu\/","title":{"rendered":"A cidade mais alta do Brasil que virou ref\u00fagio de quem busca qualidade de vida e clima europeu"},"content":{"rendered":"\n<p>O cheiro de pinh\u00e3o e o sil\u00eancio das arauc\u00e1rias recebem quem chega a <strong>Campos do Jord\u00e3o<\/strong>, na <strong>Serra da Mantiqueira<\/strong>. A 1.628 metros de altitude, o munic\u00edpio paulista \u00e9 a sede mais alta do <strong>Brasil<\/strong> e abriga o maior festival de m\u00fasica cl\u00e1ssica da <strong>Am\u00e9rica Latina<\/strong>.<\/p>\n\n\n\n<h2 class=\"wp-block-heading\">Por que essa cidade paulista virou a Su\u00ed\u00e7a Brasileira?<\/h2>\n\n\n\n<p>A explica\u00e7\u00e3o est\u00e1 na altitude e no microclima temperado. Campos do Jord\u00e3o registra geadas com frequ\u00eancia e m\u00ednimas pr\u00f3ximas de zero no inverno, condi\u00e7\u00f5es raras no Sudeste tropical. A combina\u00e7\u00e3o atraiu, nos anos 1950, m\u00e9dicos que recomendavam a regi\u00e3o para o tratamento de doen\u00e7as pulmonares.<\/p>\n\n\n\n<p>O ar de montanha e a vegeta\u00e7\u00e3o preservada moldaram a identidade arquitet\u00f4nica que se v\u00ea hoje no <strong>Capivari<\/strong>, bairro tur\u00edstico onde dominam casas de madeira escura, telhados inclinados e fachadas inspiradas em vilas alpinas. O apelido de Su\u00ed\u00e7a Brasileira pegou e continua sendo o cart\u00e3o de visita do munic\u00edpio.<\/p>\n\n\n\n<p>O munic\u00edpio re\u00fane fragmentos importantes de <strong>Mata Atl\u00e2ntica<\/strong> de altitude, com arauc\u00e1rias centen\u00e1rias que ditaram o crescimento urbano. As normas ambientais para constru\u00e7\u00e3o s\u00e3o r\u00edgidas, justamente para preservar essa paisagem que diferencia a cidade dentro de <strong>S\u00e3o Paulo<\/strong>.<\/p>\n\n\n<div class=\"wp-block-image\">\n<figure class=\"aligncenter size-large\"><img loading=\"lazy\" decoding=\"async\" width=\"1024\" height=\"576\" src=\"https:\/\/www.em.com.br\/emfoco\/wp-content\/uploads\/2025\/12\/Campos-do-Jordao_1732485695656-1024x576.jpg\" alt=\"\" class=\"wp-image-138702\" srcset=\"https:\/\/www.em.com.br\/emfoco\/wp-content\/uploads\/2025\/12\/Campos-do-Jordao_1732485695656-1024x576.jpg 1024w, https:\/\/www.em.com.br\/emfoco\/wp-content\/uploads\/2025\/12\/Campos-do-Jordao_1732485695656-300x169.jpg 300w, https:\/\/www.em.com.br\/emfoco\/wp-content\/uploads\/2025\/12\/Campos-do-Jordao_1732485695656-768x432.jpg 768w, https:\/\/www.em.com.br\/emfoco\/wp-content\/uploads\/2025\/12\/Campos-do-Jordao_1732485695656-750x422.jpg 750w, https:\/\/www.em.com.br\/emfoco\/wp-content\/uploads\/2025\/12\/Campos-do-Jordao_1732485695656-1140x641.jpg 1140w, https:\/\/www.em.com.br\/emfoco\/wp-content\/uploads\/2025\/12\/Campos-do-Jordao_1732485695656.jpg 1280w\" sizes=\"auto, (max-width: 1024px) 100vw, 1024px\" \/><figcaption class=\"wp-element-caption\">Morar em Campos do Jord\u00e3o oferece clima de montanha e alta qualidade de vida \/\/ Cr\u00e9ditos: depositphotos.com \/ murilomazzo<\/figcaption><\/figure><\/div>\n\n\n<h2 class=\"wp-block-heading\">O festival de m\u00fasica cl\u00e1ssica que coloca a cidade no mapa mundial<\/h2>\n\n\n\n<p>O <strong>Festival de Inverno de Campos do Jord\u00e3o<\/strong> \u00e9 considerado o maior evento de m\u00fasica cl\u00e1ssica da Am\u00e9rica Latina, segundo a <a href=\"https:\/\/camposdojordao.sp.gov.br\/noticias\/?i=2648&amp;c=7\" target=\"_blank\" rel=\"noreferrer noopener\"><strong>Prefeitura de Campos do Jord\u00e3o<\/strong><\/a>. A 55\u00aa edi\u00e7\u00e3o, em 2025, levou 84 apresenta\u00e7\u00f5es gratuitas a quatro palcos da serra, com 141 bolsistas circulando pela cidade.<\/p>\n\n\n\n<p>O palco principal \u00e9 o <a href=\"https:\/\/www.cultura.sp.gov.br\/sec_cultura\/Equipamentos\/Teatros_e_Auditorios\/AUDITORIO_CLAUDIO_SANTORO\" target=\"_blank\" rel=\"noreferrer noopener\"><strong>Audit\u00f3rio Cl\u00e1udio Santoro<\/strong><\/a>, no <strong>Alto da Boa Vista<\/strong>, com capacidade para 814 pessoas na plateia e 48 nos camarotes. O espa\u00e7o \u00e9 ligado ao Museu Fel\u00edcia Leirner e tem grandes paredes de vidro voltadas para as montanhas, projeto que valoriza a luz natural durante os concertos.<\/p>\n\n\n\n<p>Al\u00e9m do festival de julho, a cidade desenvolveu um calend\u00e1rio pr\u00f3prio com a <strong>P\u00e1scoa Encantada<\/strong>, o <strong>Inverno de Bandeira em Punho<\/strong> e a temporada de fim de ano, que mant\u00eam o fluxo tur\u00edstico distribu\u00eddo ao longo do ano. Em 2026, o Governo de S\u00e3o Paulo oficializou a cria\u00e7\u00e3o do <strong>Distrito Tur\u00edstico Alto da Mantiqueira<\/strong>, refor\u00e7ando o posicionamento regional.<\/p>\n\n\n\n<p><strong>Leia tamb\u00e9m: <a href=\"https:\/\/www.em.com.br\/emfoco\/2026\/04\/28\/a-praia-selvagem-da-capital-acessivel-so-por-trilha-ou-barco-com-lagoa-mar-azul-e-zero-predio-a-vista-no-coracao-da-capital\/\" target=\"_blank\" rel=\"noreferrer noopener\">A praia selvagem da capital: acess\u00edvel s\u00f3 por trilha ou barco, com lagoa, mar azul e zero pr\u00e9dio \u00e0 vista no cora\u00e7\u00e3o da capital<\/a><\/strong><\/p>\n\n\n\n<h2 class=\"wp-block-heading\">O que fazer em Campos do Jord\u00e3o al\u00e9m de tomar fondue<\/h2>\n\n\n\n<p>O roteiro cl\u00e1ssico mistura natureza, cultura e gastronomia em dist\u00e2ncias curtas, todas dentro do per\u00edmetro urbano ou em poucos minutos de carro. Confira as atra\u00e7\u00f5es mais procuradas pelos visitantes:<\/p>\n\n\n\n<ul class=\"wp-block-list has-medium-font-size\">\n<li><strong>Vila Capivari<\/strong>: principal centro tur\u00edstico, com lago artificial, caf\u00e9s e arquitetura inspirada em vilas alpinas.<\/li>\n\n\n\n<li><strong>Parque Estadual Horto Florestal<\/strong>: 8 mil hectares de Mata Atl\u00e2ntica de altitude, com trilhas entre arauc\u00e1rias centen\u00e1rias.<\/li>\n\n\n\n<li><strong>Museu Fel\u00edcia Leirner<\/strong>: esculturas ao ar livre da artista polonesa, espalhadas por 35 mil m\u00b2 na encosta da serra.<\/li>\n\n\n\n<li><strong>Parque Amantikir<\/strong>: jardim bot\u00e2nico com 60 mil m\u00b2 e mais de 30 microambientes inspirados em paisagens de diferentes pa\u00edses.<\/li>\n\n\n\n<li><strong>Pico do Itapeva<\/strong>: mirante a 1.950 metros com vista do <strong>Vale do Para\u00edba<\/strong> e da pr\u00f3pria cidade ao fundo.<\/li>\n\n\n\n<li><strong>Estrada de Ferro Campos do Jord\u00e3o<\/strong>: trens tur\u00edsticos panor\u00e2micos que cruzam a Mantiqueira em trajetos pelas montanhas.<\/li>\n\n\n\n<li><strong>Telef\u00e9rico do Capivari<\/strong>: travessia a\u00e9rea entre o centro tur\u00edstico e o <strong>Morro do Elefante<\/strong>, com vista de 360 graus.<\/li>\n<\/ul>\n\n\n\n<h2 class=\"wp-block-heading\">Sabor de montanha que aquece a serra<\/h2>\n\n\n\n<p>A gastronomia local nasceu da economia rural da Mantiqueira e ganhou camada europeia com o turismo. Veja os ingredientes e pratos que aparecem com frequ\u00eancia nos restaurantes da cidade:<\/p>\n\n\n\n<ul class=\"wp-block-list has-medium-font-size\">\n<li><strong>Pinh\u00e3o<\/strong>: semente da arauc\u00e1ria presente em sopas, risotos e at\u00e9 cervejas artesanais locais durante o inverno.<\/li>\n\n\n\n<li><strong>Truta<\/strong>: criada em pisciculturas da serra, servida grelhada, \u00e0 belle meuni\u00e8re ou defumada.<\/li>\n\n\n\n<li><strong>Fondue<\/strong>: queijo, carne ou chocolate, virou prato s\u00edmbolo das noites frias do Capivari.<\/li>\n\n\n\n<li><strong>Chocolate artesanal<\/strong>: tradi\u00e7\u00e3o que abastece dezenas de chocolaterias com receitas de inspira\u00e7\u00e3o su\u00ed\u00e7a e belga.<\/li>\n\n\n\n<li><strong>Cerveja artesanal<\/strong>: a regi\u00e3o concentra cervejarias premiadas que aproveitam a \u00e1gua de altitude e o clima frio para fermenta\u00e7\u00e3o lenta.<\/li>\n<\/ul>\n\n\n\n<p>Quem planeja visitar <strong>Campos do Jord\u00e3o<\/strong> em <strong>2026<\/strong>, vai curtir esse v\u00eddeo do canal <strong>Traz o Passaporte<\/strong>, onde o apresentador mostra o que fazer, onde se hospedar, restaurantes e um roteiro completo com pre\u00e7os:<\/p>\n\n\n\n<figure class=\"wp-block-embed is-type-video is-provider-youtube wp-block-embed-youtube wp-embed-aspect-16-9 wp-has-aspect-ratio\"><div class=\"wp-block-embed__wrapper\">\n<div class=\"jeg_video_container jeg_video_content\"><iframe loading=\"lazy\" title=\"Campos do Jord\u00e3o 2026 O que fazer, onde se hospedar, restaurantes, roteiro completo, tudo com pre\u00e7os\" width=\"500\" height=\"281\" src=\"https:\/\/www.youtube.com\/embed\/Y1QxHX3JgrM?feature=oembed\" frameborder=\"0\" allow=\"accelerometer; autoplay; clipboard-write; encrypted-media; gyroscope; picture-in-picture; web-share\" referrerpolicy=\"strict-origin-when-cross-origin\" allowfullscreen><\/iframe><\/div>\n<\/div><\/figure>\n\n\n\n<h2 class=\"wp-block-heading\">Quando o clima favorece cada passeio em Campos do Jord\u00e3o?<\/h2>\n\n\n\n<p>O inverno seco \u00e9 a alta temporada, com m\u00ednimas frequentes pr\u00f3ximas de zero e c\u00e9u aberto, ideal para festivais e fondues. No ver\u00e3o, chuvas concentradas, mas manh\u00e3s claras. Veja como cada esta\u00e7\u00e3o se comporta na cidade:<\/p>\n\n\n\n<style>\n    .ant-grid { \n        \/* CORES DO ESTADO DE MINAS *\/\n        --cor-primaria: #1a2a57;\n        --cor-secundaria: #1a2a57;\n        --cor-txt-secundaria: #ffffff; \n\n        display: grid; grid-template-columns: repeat(auto-fit, minmax(190px, 1fr)); gap: 15px; justify-content: center; padding: 10px;\n    }\n    \n    .ant-card { \n        border: 5px solid var(--cor-primaria); border-top: 5px solid var(--cor-secundaria); \n        border-radius: 4px; \/* CANTOS RETOS *\/\n        background-color: var(--cor-primaria); background-clip: padding-box; \n        display: flex; flex-direction: column; overflow: hidden; cursor: pointer; \n        box-shadow: 0 6px 12px rgba(0,0,0, 0.2); \n        transition: transform 0.2s ease, box-shadow 0.2s ease; \n        -webkit-tap-highlight-color: transparent; user-select: none; transform: translateZ(0);\n        animation: wmFadeIn 0.6s cubic-bezier(0.2, 0.8, 0.2, 1) backwards;\n    }\n    .ant-card:nth-child(1) { animation-delay: 0.1s; } .ant-card:nth-child(2) { animation-delay: 0.2s; }\n    .ant-card:nth-child(3) { animation-delay: 0.3s; } .ant-card:nth-child(4) { animation-delay: 0.4s; }\n\n    @keyframes wmFadeIn { from { opacity: 0; transform: translateY(30px); } to { opacity: 1; transform: translateY(0); } }\n\n    .ant-card:hover { transform: translateY(-5px); box-shadow: 0 15px 30px rgba(0,0,0, 0.3); }\n    .ant-card:active { transform: translateY(-1px) scale(0.97); box-shadow: 0 3px 6px rgba(0,0,0, 0.2); transition: transform 0.05s ease, box-shadow 0.05s ease; }\n    \n    .ant-header { background: #f0f8f9; padding: 15px 10px; text-align: center; display: flex; flex-direction: column; align-items: center; justify-content: center; }\n    .ant-body { background: #ffffff; padding: 15px; display: flex; flex-direction: column; flex-grow: 1; align-items: center; }\n    \n    .ant-card-destaque { box-shadow: 0 8px 16px rgba(0,0,0, 0.25); }\n    .ant-card-destaque:hover { box-shadow: 0 18px 36px rgba(0,0,0, 0.35); }\n    .ant-card-destaque .ant-header { background: var(--cor-secundaria); }\n    .ant-card-destaque .ant-header .ant-titulo { color: var(--cor-txt-secundaria) !important; } \n    \n    .pill-ant { display: flex; white-space: normal; max-width: 100%; box-sizing: border-box; justify-content: center; align-items: center; text-align: center; background: #e0f4f6; color: var(--cor-primaria); font-size: 11px; font-weight: 900 !important; letter-spacing: 0.5px; padding: 8px 16px; border-radius: 4px; text-transform: uppercase; line-height: 1.4; box-shadow: 0 4px 8px rgba(0,0,0, 0.15); margin-top: auto; transition: transform 0.2s ease; }\n    .ant-card-destaque .pill-ant { background: var(--cor-primaria); color: var(--cor-txt-secundaria); } \n    .ant-card:hover .pill-ant { transform: scale(1.06); }\n    .pill-ant span { font-weight: 900 !important; color: inherit; } \n    \n    .ant-emoji { font-size: 24px; line-height: 1; margin-bottom: 5px; }\n    .ant-titulo { color: var(--cor-primaria); font-size: 16px; text-transform: uppercase; margin-top: 5px; font-weight: bold; }\n    .ant-mes { font-size: 11px; font-weight: 800; color: var(--cor-primaria); text-transform: uppercase; margin-bottom: 5px; }\n    .ant-temp { font-size: 26px; font-weight: 900; color: var(--cor-primaria); margin-bottom: 10px; }\n    .ant-desc { font-size: 13px; color: #444; text-align: center; line-height: 1.5; margin-bottom: 15px; flex-grow: 1;}\n    .ant-desc strong { color: #111; }\n\n    @media (prefers-color-scheme: dark) {\n        .ant-card { border-color: #1b7a8c; background-color: #1b7a8c; box-shadow: 0 6px 12px rgba(0,0,0, 0.5); }\n        .ant-header { background: #1a1a1a; } .ant-body { background: #121212; }\n        .ant-card-destaque .ant-header { background: var(--cor-secundaria); }\n        .ant-card-destaque .ant-header .ant-titulo { color: var(--cor-txt-secundaria) !important; }\n        .ant-titulo { color: #5ce1f5; } .ant-mes { color: #8eeaf7; } .ant-temp { color: #5ce1f5; } .ant-desc { color: #cccccc; } .ant-desc strong { color: #ffffff; }\n        .pill-ant { background: #1a1a1a; color: #5ce1f5; box-shadow: 0 4px 8px rgba(0, 0, 0, 0.5); }\n        .ant-card-destaque .pill-ant { background: var(--cor-primaria); color: var(--cor-txt-secundaria); }\n    }\n\n    @media print {\n        .ant-card { border: 2px solid #ccc !important; background: transparent !important; box-shadow: none !important; break-inside: avoid; page-break-inside: avoid; }\n        .ant-header, .ant-body { background: transparent !important; }\n        .ant-titulo, .ant-mes, .ant-temp, .ant-desc, .pill-ant { color: #000 !important; text-shadow: none !important; }\n        .pill-ant { border: 1px solid #000; box-shadow: none !important; }\n        .ant-card-destaque { border: 3px solid #000 !important; }\n    }\n<\/style>\n\n<div class=\"google-auto-ads-ignore ant-grid\" style=\"box-sizing: border-box; width: 100%; max-width: 980px; margin: 30px auto; font-family: 'Segoe UI', Roboto, Helvetica, Arial, sans-serif;\">\n    \n    <!-- CARD 1: VER\u00c3O -->\n    <div class=\"ant-card\">\n        <div class=\"ant-header\">\n            <div class=\"ant-emoji\">\ud83c\udfde\ufe0f<\/div>\n            <div class=\"ant-titulo\">Ver\u00e3o<\/div>\n        <\/div>\n        <div class=\"ant-body\">\n            <div class=\"ant-mes\">Dezembro a Fevereiro<\/div>\n            <div class=\"ant-temp\">14\u00b0C a 25\u00b0C<\/div>\n            <div class=\"ant-desc\">As chuvas s\u00e3o concentradas, mas as manh\u00e3s costumam abrir. A dica \u00e9 focar em <strong>Trilhas pela manh\u00e3 e parques<\/strong>.<\/div>\n            <div class=\"pill-ant\"><span>\u2614 CHUVA ALTA<\/span><\/div>\n        <\/div>\n    <\/div>\n\n    <!-- CARD 2: OUTONO -->\n    <div class=\"ant-card\">\n        <div class=\"ant-header\">\n            <div class=\"ant-emoji\">\ud83c\udf77<\/div>\n            <div class=\"ant-titulo\">Outono<\/div>\n        <\/div>\n        <div class=\"ant-body\">\n            <div class=\"ant-mes\">Mar\u00e7o a Maio<\/div>\n            <div class=\"ant-temp\">10\u00b0C a 23\u00b0C<\/div>\n            <div class=\"ant-desc\">O clima ganha ares europeus e o frio come\u00e7a a dar as caras. \u00c9poca excelente para conhecer <strong>Caf\u00e9s, vin\u00edcolas e mirantes<\/strong>.<\/div>\n            <div class=\"pill-ant\"><span>\ud83c\udf27\ufe0f CHUVA M\u00c9DIA<\/span><\/div>\n        <\/div>\n    <\/div>\n\n    <!-- CARD 3: INVERNO (DESTAQUE) -->\n    <div class=\"ant-card ant-card-destaque\">\n        <div class=\"ant-header\">\n            <div class=\"ant-emoji\">\u26c4<\/div>\n            <div class=\"ant-titulo\">Inverno<\/div>\n        <\/div>\n        <div class=\"ant-body\">\n            <div class=\"ant-mes\">Junho a Agosto<\/div>\n            <div class=\"ant-temp\">4\u00b0C a 20\u00b0C<\/div>\n            <div class=\"ant-desc\">A \u00e9poca de ouro da cidade! O frio seco traz c\u00e9u aberto, ideal para curtir o <strong>Festival de Inverno e os cl\u00e1ssicos fondues<\/strong>.<\/div>\n            <div class=\"pill-ant\"><span>\u2b50 ALTA TEMPORADA<\/span><\/div>\n        <\/div>\n    <\/div>\n\n    <!-- CARD 4: PRIMAVERA -->\n    <div class=\"ant-card\">\n        <div class=\"ant-header\">\n            <div class=\"ant-emoji\">\ud83c\udf38<\/div>\n            <div class=\"ant-titulo\">Primavera<\/div>\n        <\/div>\n        <div class=\"ant-body\">\n            <div class=\"ant-mes\">Setembro a Novembro<\/div>\n            <div class=\"ant-temp\">10\u00b0C a 23\u00b0C<\/div>\n            <div class=\"ant-desc\">O frio intenso vai embora, dando lugar a uma cidade ainda mais charmosa. Aproveite os <strong>Jardins floridos e o telef\u00e9rico<\/strong>.<\/div>\n            <div class=\"pill-ant\"><span>\ud83c\udf27\ufe0f CHUVA M\u00c9DIA<\/span><\/div>\n        <\/div>\n    <\/div>\n\n<\/div>\n\n\n\n<p><em>Temperaturas aproximadas com base no <a href=\"https:\/\/www.climatempo.com.br\/previsao-do-tempo\/cidade\/420\/camposdojordao-sp\" target=\"_blank\" rel=\"noreferrer noopener\"><strong>Climatempo<\/strong><\/a>. Condi\u00e7\u00f5es podem variar.<\/em><\/p>\n\n\n\n<h2 class=\"wp-block-heading\">Como chegar \u00e0 cidade mais alta do Brasil<\/h2>\n\n\n\n<p>De <strong>S\u00e3o Paulo<\/strong>, s\u00e3o cerca de 173 km at\u00e9 Campos do Jord\u00e3o pela <strong>Rodovia Ayrton Senna<\/strong>, <strong>SP-070<\/strong> e <strong>Rodovia Floriano Rodrigues Pinheiro (SP-123)<\/strong>, com tempo m\u00e9dio de 2h30. Quem vem do sul de <strong>Minas Gerais<\/strong> chega pela <strong>Fern\u00e3o Dias (BR-381)<\/strong> via <strong>Pouso Alegre<\/strong>. O aeroporto regional mais pr\u00f3ximo \u00e9 o de <strong>S\u00e3o Jos\u00e9 dos Campos<\/strong>, a 83 km, e a maioria dos turistas internacionais aterrissa em <strong>Guarulhos<\/strong> antes de seguir por estrada.<\/p>\n\n\n\n<h2 class=\"wp-block-heading\">Suba a serra e descubra o Brasil em outra altitude<\/h2>\n\n\n\n<p>Campos do Jord\u00e3o combina altitude recorde, agenda cultural de calibre internacional e infraestrutura raras no interior do pa\u00eds. As arauc\u00e1rias, o frio seco e as ruas de chal\u00e9 explicam por que a cidade lidera o ranking de qualidade de vida entre os destinos serranos.<\/p>\n\n\n\n<p>Voc\u00ea precisa subir a Mantiqueira e descobrir Campos do Jord\u00e3o, a cidade onde o Brasil ganha sotaque alpino e o ar parece de outro continente.<\/p>\n","protected":false},"excerpt":{"rendered":"<p>O cheiro de pinh\u00e3o e o sil\u00eancio das arauc\u00e1rias recebem quem chega a Campos do Jord\u00e3o, na Serra da Mantiqueira. A 1.628 metros de altitude, o munic\u00edpio paulista \u00e9 a sede mais alta do Brasil e abriga o maior festival de m\u00fasica cl\u00e1ssica da Am\u00e9rica Latina. Por que essa cidade paulista virou a Su\u00ed\u00e7a Brasileira? [&hellip;]<\/p>\n","protected":false},"author":6,"featured_media":203109,"comment_status":"open","ping_status":"open","sticky":false,"template":"","format":"standard","meta":{"jnews-multi-image_gallery":[],"jnews_single_post":{"format":"standard"},"jnews_primary_category":[],"jnews_social_meta":[],"jnews_override_counter":[],"footnotes":""},"categories":[26],"tags":[1206,183],"class_list":["post-202536","post","type-post","status-publish","format-standard","has-post-thumbnail","hentry","category-cidades","tag-campos-do-jordao","tag-cidades"],"yoast_head":"<!-- This site is optimized with the Yoast SEO plugin v23.8 - https:\/\/yoast.com\/wordpress\/plugins\/seo\/ -->\n<title>A cidade mais alta do Brasil que virou ref\u00fagio de quem busca qualidade de vida e clima europeu - Estado de Minas - Em foco<\/title>\n<meta name=\"description\" content=\"Qualidade de vida e clima europeu: saiba tudo sobre a cidade mais alta do Brasil que conquista quem procura um novo estilo de vida. Confira.\" \/>\n<meta name=\"robots\" content=\"index, follow, max-snippet:-1, max-image-preview:large, max-video-preview:-1\" \/>\n<link rel=\"canonical\" href=\"https:\/\/www.em.com.br\/emfoco\/2026\/05\/01\/a-cidade-mais-alta-do-brasil-que-virou-refugio-de-quem-busca-qualidade-de-vida-e-clima-europeu\/\" \/>\n<meta property=\"og:locale\" content=\"pt_BR\" \/>\n<meta property=\"og:type\" content=\"article\" \/>\n<meta property=\"og:title\" content=\"A cidade mais alta do Brasil que virou ref\u00fagio de quem busca qualidade de vida e clima europeu - Estado de Minas - Em foco\" \/>\n<meta property=\"og:description\" content=\"Qualidade de vida e clima europeu: saiba tudo sobre a cidade mais alta do Brasil que conquista quem procura um novo estilo de vida. Confira.\" \/>\n<meta property=\"og:url\" content=\"https:\/\/www.em.com.br\/emfoco\/2026\/05\/01\/a-cidade-mais-alta-do-brasil-que-virou-refugio-de-quem-busca-qualidade-de-vida-e-clima-europeu\/\" \/>\n<meta property=\"og:site_name\" content=\"Estado de Minas - Em foco\" \/>\n<meta property=\"article:published_time\" content=\"2026-05-01T23:14:44+00:00\" \/>\n<meta property=\"article:modified_time\" content=\"2026-05-01T23:14:49+00:00\" \/>\n<meta property=\"og:image\" content=\"https:\/\/www.em.com.br\/emfoco\/wp-content\/uploads\/2026\/05\/Mountain_resort_town_scene_Brazil_202605012014-scaled.jpg\" \/>\n\t<meta property=\"og:image:width\" content=\"2560\" \/>\n\t<meta property=\"og:image:height\" content=\"1440\" \/>\n\t<meta property=\"og:image:type\" content=\"image\/jpeg\" \/>\n<meta name=\"author\" content=\"Vitor Bruno\" \/>\n<meta name=\"twitter:card\" content=\"summary_large_image\" \/>\n<meta name=\"twitter:label1\" content=\"Escrito por\" \/>\n\t<meta name=\"twitter:data1\" content=\"Vitor Bruno\" \/>\n\t<meta name=\"twitter:label2\" content=\"Est. tempo de leitura\" \/>\n\t<meta name=\"twitter:data2\" content=\"7 minutos\" \/>\n<!-- \/ Yoast SEO plugin. -->","yoast_head_json":{"title":"A cidade mais alta do Brasil que virou ref\u00fagio de quem busca qualidade de vida e clima europeu - Estado de Minas - Em foco","description":"Qualidade de vida e clima europeu: saiba tudo sobre a cidade mais alta do Brasil que conquista quem procura um novo estilo de vida. Confira.","robots":{"index":"index","follow":"follow","max-snippet":"max-snippet:-1","max-image-preview":"max-image-preview:large","max-video-preview":"max-video-preview:-1"},"canonical":"https:\/\/www.em.com.br\/emfoco\/2026\/05\/01\/a-cidade-mais-alta-do-brasil-que-virou-refugio-de-quem-busca-qualidade-de-vida-e-clima-europeu\/","og_locale":"pt_BR","og_type":"article","og_title":"A cidade mais alta do Brasil que virou ref\u00fagio de quem busca qualidade de vida e clima europeu - Estado de Minas - Em foco","og_description":"Qualidade de vida e clima europeu: saiba tudo sobre a cidade mais alta do Brasil que conquista quem procura um novo estilo de vida. Confira.","og_url":"https:\/\/www.em.com.br\/emfoco\/2026\/05\/01\/a-cidade-mais-alta-do-brasil-que-virou-refugio-de-quem-busca-qualidade-de-vida-e-clima-europeu\/","og_site_name":"Estado de Minas - Em foco","article_published_time":"2026-05-01T23:14:44+00:00","article_modified_time":"2026-05-01T23:14:49+00:00","og_image":[{"width":2560,"height":1440,"url":"https:\/\/www.em.com.br\/emfoco\/wp-content\/uploads\/2026\/05\/Mountain_resort_town_scene_Brazil_202605012014-scaled.jpg","type":"image\/jpeg"}],"author":"Vitor Bruno","twitter_card":"summary_large_image","twitter_misc":{"Escrito por":"Vitor Bruno","Est. tempo de leitura":"7 minutos"},"schema":{"@context":"https:\/\/schema.org","@graph":[{"@type":"WebPage","@id":"https:\/\/www.em.com.br\/emfoco\/2026\/05\/01\/a-cidade-mais-alta-do-brasil-que-virou-refugio-de-quem-busca-qualidade-de-vida-e-clima-europeu\/","url":"https:\/\/www.em.com.br\/emfoco\/2026\/05\/01\/a-cidade-mais-alta-do-brasil-que-virou-refugio-de-quem-busca-qualidade-de-vida-e-clima-europeu\/","name":"A cidade mais alta do Brasil que virou ref\u00fagio de quem busca qualidade de vida e clima europeu - Estado de Minas - Em foco","isPartOf":{"@id":"https:\/\/www.em.com.br\/emfoco\/#website"},"primaryImageOfPage":{"@id":"https:\/\/www.em.com.br\/emfoco\/2026\/05\/01\/a-cidade-mais-alta-do-brasil-que-virou-refugio-de-quem-busca-qualidade-de-vida-e-clima-europeu\/#primaryimage"},"image":{"@id":"https:\/\/www.em.com.br\/emfoco\/2026\/05\/01\/a-cidade-mais-alta-do-brasil-que-virou-refugio-de-quem-busca-qualidade-de-vida-e-clima-europeu\/#primaryimage"},"thumbnailUrl":"https:\/\/www.em.com.br\/emfoco\/wp-content\/uploads\/2026\/05\/Mountain_resort_town_scene_Brazil_202605012014-scaled.jpg","datePublished":"2026-05-01T23:14:44+00:00","dateModified":"2026-05-01T23:14:49+00:00","author":{"@id":"https:\/\/www.em.com.br\/emfoco\/#\/schema\/person\/364ac1852fafd00f1be20f0b8b237569"},"description":"Qualidade de vida e clima europeu: saiba tudo sobre a cidade mais alta do Brasil que conquista quem procura um novo estilo de vida. Confira.","breadcrumb":{"@id":"https:\/\/www.em.com.br\/emfoco\/2026\/05\/01\/a-cidade-mais-alta-do-brasil-que-virou-refugio-de-quem-busca-qualidade-de-vida-e-clima-europeu\/#breadcrumb"},"inLanguage":"pt-BR","potentialAction":[{"@type":"ReadAction","target":["https:\/\/www.em.com.br\/emfoco\/2026\/05\/01\/a-cidade-mais-alta-do-brasil-que-virou-refugio-de-quem-busca-qualidade-de-vida-e-clima-europeu\/"]}]},{"@type":"ImageObject","inLanguage":"pt-BR","@id":"https:\/\/www.em.com.br\/emfoco\/2026\/05\/01\/a-cidade-mais-alta-do-brasil-que-virou-refugio-de-quem-busca-qualidade-de-vida-e-clima-europeu\/#primaryimage","url":"https:\/\/www.em.com.br\/emfoco\/wp-content\/uploads\/2026\/05\/Mountain_resort_town_scene_Brazil_202605012014-scaled.jpg","contentUrl":"https:\/\/www.em.com.br\/emfoco\/wp-content\/uploads\/2026\/05\/Mountain_resort_town_scene_Brazil_202605012014-scaled.jpg","width":2560,"height":1440,"caption":"A cidade mais alta do Brasil que virou ref\u00fagio de quem busca qualidade de vida e clima europeu \/\/ IMAGEM ILUSTRATIVA"},{"@type":"BreadcrumbList","@id":"https:\/\/www.em.com.br\/emfoco\/2026\/05\/01\/a-cidade-mais-alta-do-brasil-que-virou-refugio-de-quem-busca-qualidade-de-vida-e-clima-europeu\/#breadcrumb","itemListElement":[{"@type":"ListItem","position":1,"name":"In\u00edcio","item":"https:\/\/www.em.com.br\/emfoco\/"},{"@type":"ListItem","position":2,"name":"A cidade mais alta do Brasil que virou ref\u00fagio de quem busca qualidade de vida e clima europeu"}]},{"@type":"WebSite","@id":"https:\/\/www.em.com.br\/emfoco\/#website","url":"https:\/\/www.em.com.br\/emfoco\/","name":"Estado de Minas - Em foco","description":"Acompanhe as \u00faltimas not\u00edcias e fique bem informado sobre tudo o que acontece em Minas Gerais, Brasil e no mundo.","potentialAction":[{"@type":"SearchAction","target":{"@type":"EntryPoint","urlTemplate":"https:\/\/www.em.com.br\/emfoco\/?s={search_term_string}"},"query-input":{"@type":"PropertyValueSpecification","valueRequired":true,"valueName":"search_term_string"}}],"inLanguage":"pt-BR"},{"@type":"Person","@id":"https:\/\/www.em.com.br\/emfoco\/#\/schema\/person\/364ac1852fafd00f1be20f0b8b237569","name":"Vitor Bruno","image":{"@type":"ImageObject","inLanguage":"pt-BR","@id":"https:\/\/www.em.com.br\/emfoco\/#\/schema\/person\/image\/","url":"https:\/\/secure.gravatar.com\/avatar\/b719e5cdede09f942064960883b5524d?s=96&d=mm&r=g","contentUrl":"https:\/\/secure.gravatar.com\/avatar\/b719e5cdede09f942064960883b5524d?s=96&d=mm&r=g","caption":"Vitor Bruno"},"sameAs":["https:\/\/www.em.com.br\/emfoco\/"],"url":"https:\/\/www.em.com.br\/emfoco\/author\/vitormyth\/"}]}},"_links":{"self":[{"href":"https:\/\/www.em.com.br\/emfoco\/wp-json\/wp\/v2\/posts\/202536","targetHints":{"allow":["GET"]}}],"collection":[{"href":"https:\/\/www.em.com.br\/emfoco\/wp-json\/wp\/v2\/posts"}],"about":[{"href":"https:\/\/www.em.com.br\/emfoco\/wp-json\/wp\/v2\/types\/post"}],"author":[{"embeddable":true,"href":"https:\/\/www.em.com.br\/emfoco\/wp-json\/wp\/v2\/users\/6"}],"replies":[{"embeddable":true,"href":"https:\/\/www.em.com.br\/emfoco\/wp-json\/wp\/v2\/comments?post=202536"}],"version-history":[{"count":3,"href":"https:\/\/www.em.com.br\/emfoco\/wp-json\/wp\/v2\/posts\/202536\/revisions"}],"predecessor-version":[{"id":203110,"href":"https:\/\/www.em.com.br\/emfoco\/wp-json\/wp\/v2\/posts\/202536\/revisions\/203110"}],"wp:featuredmedia":[{"embeddable":true,"href":"https:\/\/www.em.com.br\/emfoco\/wp-json\/wp\/v2\/media\/203109"}],"wp:attachment":[{"href":"https:\/\/www.em.com.br\/emfoco\/wp-json\/wp\/v2\/media?parent=202536"}],"wp:term":[{"taxonomy":"category","embeddable":true,"href":"https:\/\/www.em.com.br\/emfoco\/wp-json\/wp\/v2\/categories?post=202536"},{"taxonomy":"post_tag","embeddable":true,"href":"https:\/\/www.em.com.br\/emfoco\/wp-json\/wp\/v2\/tags?post=202536"}],"curies":[{"name":"wp","href":"https:\/\/api.w.org\/{rel}","templated":true}]}}