{"id":202534,"date":"2026-05-01T10:35:00","date_gmt":"2026-05-01T13:35:00","guid":{"rendered":"https:\/\/www.em.com.br\/emfoco\/?p=202534"},"modified":"2026-05-01T09:59:10","modified_gmt":"2026-05-01T12:59:10","slug":"um-verdadeiro-salto-no-tempo-proximo-de-bh-existe-um-vilarejo-de-mil-habitantes-a-1-300-metros-de-altitude-que-esta-conquistando-os-brasileiros","status":"publish","type":"post","link":"https:\/\/www.em.com.br\/emfoco\/2026\/05\/01\/um-verdadeiro-salto-no-tempo-proximo-de-bh-existe-um-vilarejo-de-mil-habitantes-a-1-300-metros-de-altitude-que-esta-conquistando-os-brasileiros\/","title":{"rendered":"\u201cUm verdadeiro salto no tempo\u201d: pr\u00f3ximo de BH existe um vilarejo de mil habitantes a 1.300 metros de altitude que est\u00e1 conquistando os brasileiros"},"content":{"rendered":"\n<p>A neblina cobre o largo da capela antes das sete da manh\u00e3 em <strong>Lavras Novas<\/strong>, distrito de <strong>Ouro Preto<\/strong> encravado na <strong>Serra do Espinha\u00e7o<\/strong>. O vilarejo a 1.300 metros de altitude re\u00fane 14 cachoeiras num raio de 6 km e quintuplica de tamanho nos feriados prolongados.<\/p>\n\n\n\n<h2 class=\"wp-block-heading\">Por que esse vilarejo virou o ref\u00fagio favorito dos mineiros?<\/h2>\n\n\n\n<p>Lavras Novas tem cerca de 1.500 moradores, mas recebe at\u00e9 5 mil visitantes nos fins de semana longos, segundo a <a href=\"https:\/\/www.ouropreto.mg.gov.br\/turismo\/distrito\/32\" target=\"_blank\" rel=\"noreferrer noopener\"><strong>Prefeitura de Ouro Preto<\/strong><\/a>. A explica\u00e7\u00e3o est\u00e1 na soma rara de altitude, sil\u00eancio e proximidade com a capital.<\/p>\n\n\n\n<p>O distrito s\u00f3 foi reconhecido oficialmente em 2005, apesar de existir desde o ciclo do ouro. Energia el\u00e9trica chegou apenas nos anos 70, e ainda hoje n\u00e3o h\u00e1 posto de gasolina, banco ou hospital no povoado. A infraestrutura mais pr\u00f3xima fica na sede de Ouro Preto, a 19 km.<\/p>\n\n\n\n<p>Esse atraso virou patrim\u00f4nio. As ruas de pedra mant\u00eam o tra\u00e7ado colonial, o casario tem portas e janelas tortas e cerca de dez fam\u00edlias ainda tran\u00e7am cestos de taquara, tradi\u00e7\u00e3o que atravessa gera\u00e7\u00f5es.<\/p>\n\n\n<div class=\"wp-block-image\">\n<figure class=\"aligncenter size-large\"><img loading=\"lazy\" decoding=\"async\" width=\"1024\" height=\"576\" src=\"https:\/\/www.em.com.br\/emfoco\/wp-content\/uploads\/2025\/12\/image-57-1024x576.png\" alt=\"\" class=\"wp-image-144127\" srcset=\"https:\/\/www.em.com.br\/emfoco\/wp-content\/uploads\/2025\/12\/image-57-1024x576.png 1024w, https:\/\/www.em.com.br\/emfoco\/wp-content\/uploads\/2025\/12\/image-57-300x169.png 300w, https:\/\/www.em.com.br\/emfoco\/wp-content\/uploads\/2025\/12\/image-57-768x432.png 768w, https:\/\/www.em.com.br\/emfoco\/wp-content\/uploads\/2025\/12\/image-57-750x422.png 750w, https:\/\/www.em.com.br\/emfoco\/wp-content\/uploads\/2025\/12\/image-57-1140x641.png 1140w, https:\/\/www.em.com.br\/emfoco\/wp-content\/uploads\/2025\/12\/image-57.png 1280w\" sizes=\"auto, (max-width: 1024px) 100vw, 1024px\" \/><figcaption class=\"wp-element-caption\">Conhe\u00e7a o charme de Lavras Novas, uma vila acolhedora cercada por montanhas, natureza e tradi\u00e7\u00f5es mineiras. \/\/ Cr\u00e9ditos: YouTube Drone Tour 4k (@DroneTour4K)<\/figcaption><\/figure><\/div>\n\n\n<h2 class=\"wp-block-heading\">O passado do ouro que ainda mora nas pedras do largo<\/h2>\n\n\n\n<p>O nome entrega a origem. As lavras de ouro foram abertas no fim do s\u00e9culo 18, mais tarde que as dos arraiais vizinhos como <strong>S\u00e3o Bartolomeu<\/strong> e <strong>Ant\u00f4nio Pereira<\/strong>, da\u00ed o apelido de \u201cnovas\u201d diante das mais antigas.<\/p>\n\n\n\n<p>Em 1762, moradores ergueram a <strong>Capela de Nossa Senhora dos Prazeres<\/strong>, em torno da qual nasceu o arruamento. A devo\u00e7\u00e3o \u00e9 considerada incomum em <strong>Minas Gerais<\/strong>, segundo registros da Secretaria Municipal de Turismo. A tradi\u00e7\u00e3o oral conta ainda que o povoado teria origem como quilombo, j\u00e1 que a maioria da popula\u00e7\u00e3o \u00e9 negra.<\/p>\n\n\n\n<p>O vilarejo integra o <a href=\"https:\/\/institutoestradareal.com.br\/roteiros-planilhados\/caminho-novo\/trecho\/ouro-preto-mg+lavras-novas-mg\/\" target=\"_blank\" rel=\"noreferrer noopener\"><strong>Caminho Novo da Estrada Real<\/strong><\/a>, com um trecho de trilha hist\u00f3rica que liga o distrito a Ouro Preto passando pelo <strong>Parque Estadual do Itacolomi<\/strong>.<\/p>\n\n\n\n<figure class=\"wp-block-image aligncenter size-large\"><img loading=\"lazy\" decoding=\"async\" width=\"1024\" height=\"576\" src=\"https:\/\/www.em.com.br\/emfoco\/wp-content\/uploads\/2025\/12\/image-58-1024x576.png\" alt=\"\" class=\"wp-image-144129\" srcset=\"https:\/\/www.em.com.br\/emfoco\/wp-content\/uploads\/2025\/12\/image-58-1024x576.png 1024w, https:\/\/www.em.com.br\/emfoco\/wp-content\/uploads\/2025\/12\/image-58-300x169.png 300w, https:\/\/www.em.com.br\/emfoco\/wp-content\/uploads\/2025\/12\/image-58-768x432.png 768w, https:\/\/www.em.com.br\/emfoco\/wp-content\/uploads\/2025\/12\/image-58-750x422.png 750w, https:\/\/www.em.com.br\/emfoco\/wp-content\/uploads\/2025\/12\/image-58-1140x641.png 1140w, https:\/\/www.em.com.br\/emfoco\/wp-content\/uploads\/2025\/12\/image-58.png 1280w\" sizes=\"auto, (max-width: 1024px) 100vw, 1024px\" \/><figcaption class=\"wp-element-caption\">Curta pousadas charmosas, bares com m\u00fasica ao vivo e trilhas surpreendentes em Lavras Novas, perfeita para descanso e divers\u00e3o. \/\/ Cr\u00e9ditos: YouTube Boa Sorte Viajante \u2014 Matheus Boa Sorte.\n<\/figcaption><\/figure>\n\n\n\n<p><strong>Leia tamb\u00e9m: <a href=\"https:\/\/www.em.com.br\/emfoco\/2026\/04\/28\/a-praia-selvagem-da-capital-acessivel-so-por-trilha-ou-barco-com-lagoa-mar-azul-e-zero-predio-a-vista-no-coracao-da-capital\/\" target=\"_blank\" rel=\"noreferrer noopener\">A praia selvagem da capital: acess\u00edvel s\u00f3 por trilha ou barco, com lagoa, mar azul e zero pr\u00e9dio \u00e0 vista no cora\u00e7\u00e3o da capital<\/a><\/strong><\/p>\n\n\n\n<h2 class=\"wp-block-heading\">O que fazer em Lavras Novas al\u00e9m de contemplar a serra<\/h2>\n\n\n\n<p>A oferta se divide entre cachoeiras, mirantes e gastronomia mineira de raiz. As principais atra\u00e7\u00f5es naturais ficam a poucos minutos do centro hist\u00f3rico.<\/p>\n\n\n\n<p>Confira os passeios mais procurados no distrito:<\/p>\n\n\n\n<ul class=\"wp-block-list has-medium-font-size\">\n<li><strong>Cachoeira Tr\u00eas Pingos<\/strong>: tr\u00eas quedas paralelas a 4,1 km do centro, com piscina rasa ideal para fam\u00edlias e trilha de cerca de 1 hora.<\/li>\n\n\n\n<li><strong>Cachoeira do Falc\u00e3o<\/strong>: escondida entre pared\u00f5es rochosos, recompensa quem encara a trilha mais longa com cen\u00e1rio de mata fechada.<\/li>\n\n\n\n<li><strong>Cachoeira dos Namorados<\/strong>: a 5,5 km da vila, com po\u00e7o de profundidade m\u00e9dia e mata preservada no entorno.<\/li>\n\n\n\n<li><strong>Cachoeira dos Pocinhos<\/strong>: a mais pr\u00f3xima do centro, a 2,2 km, com trilha de dificuldade moderada.<\/li>\n\n\n\n<li><strong>Represa do Cust\u00f3dio<\/strong>: dentro do <a href=\"https:\/\/www.ief.mg.gov.br\/w\/parque-estadual-do-itacolomi\" target=\"_blank\" rel=\"noreferrer noopener\">Parque Estadual do Itacolomi<\/a>, constru\u00edda na d\u00e9cada de 1940, com vista ampla da serra.<\/li>\n\n\n\n<li><strong>Mirante da Pedra<\/strong>: plataforma natural com vista do vilarejo inteiro, da igreja e dos campos em volta.<\/li>\n<\/ul>\n\n\n\n<p>A culin\u00e1ria mineira \u00e9 a outra metade da experi\u00eancia, com restaurantes que misturam tradi\u00e7\u00e3o e cozinha contempor\u00e2nea de altitude. Veja os pratos e endere\u00e7os que aparecem nos guias da regi\u00e3o:<\/p>\n\n\n\n<ul class=\"wp-block-list has-medium-font-size\">\n<li><strong>Feij\u00e3o tropeiro<\/strong>: prato s\u00edmbolo das antigas tropas que cruzavam a Estrada Real, servido em casas como o <strong>Pimenta Rosa<\/strong> e o <strong>Mineir\u00edssimo<\/strong>.<\/li>\n\n\n\n<li><strong>Frango com quiabo<\/strong>: cl\u00e1ssico do interior, presente nos card\u00e1pios do <strong>Lucille Cozinha Afetiva<\/strong> e da <strong>Taberna do Lobo<\/strong>.<\/li>\n\n\n\n<li><strong>Fondue<\/strong>: combina\u00e7\u00e3o perfeita com o frio da serra, especialidade da <strong>Casa do Fondue<\/strong>, na Pousada Palavras Novas.<\/li>\n\n\n\n<li><strong>Doce de leite mineiro<\/strong>: vendido em confeitarias como a <strong>Casa Amarela<\/strong> e a <strong>Cadiv\u00f3 Confeitaria<\/strong>.<\/li>\n\n\n\n<li><strong>Cervejas artesanais<\/strong>: produ\u00e7\u00e3o local que aquece os bares com m\u00fasica ao vivo nos fins de semana.<\/li>\n<\/ul>\n\n\n\n<p>Quem quer conhecer a vida pacata em <strong>Lavras Novas<\/strong>, <strong>Minas Gerais<\/strong>, vai curtir esse v\u00eddeo do canal <strong>Boa Sorte Viajante<\/strong>, onde <strong>Matheus Boa Sorte<\/strong> mostra este para\u00edso mineiro:<\/p>\n\n\n\n<figure class=\"wp-block-embed is-type-video is-provider-youtube wp-block-embed-youtube wp-embed-aspect-16-9 wp-has-aspect-ratio\"><div class=\"wp-block-embed__wrapper\">\n<div class=\"jeg_video_container jeg_video_content\"><iframe loading=\"lazy\" title=\"LAVRAS NOVAS\/MG: Conhe\u00e7a a vida pacata neste para\u00edso de Minas Gerais\" width=\"500\" height=\"281\" src=\"https:\/\/www.youtube.com\/embed\/S-74W7axPb0?feature=oembed\" frameborder=\"0\" allow=\"accelerometer; autoplay; clipboard-write; encrypted-media; gyroscope; picture-in-picture; web-share\" referrerpolicy=\"strict-origin-when-cross-origin\" allowfullscreen><\/iframe><\/div>\n<\/div><\/figure>\n\n\n\n<h2 class=\"wp-block-heading\">Quando o clima favorece cada passeio em Lavras Novas?<\/h2>\n\n\n\n<p>O inverno seco \u00e9 a alta temporada, quando o frio bate forte e atrai casais para lareiras e fondues. No ver\u00e3o, as chuvas engrossam as cachoeiras, mas as manh\u00e3s costumam abrir.<\/p>\n\n\n\n<p>A altitude garante temperatura m\u00e9dia anual em torno de 18\u00b0C, com noites frescas mesmo no auge do ver\u00e3o. Veja como cada esta\u00e7\u00e3o se comporta no vilarejo:<\/p>\n\n\n\n<style>\n    .ant-grid { \n        \/* CORES DO ESTADO DE MINAS *\/\n        --cor-primaria: #1a2a57;\n        --cor-secundaria: #1a2a57;\n        --cor-txt-secundaria: #ffffff; \n\n        display: grid; grid-template-columns: repeat(auto-fit, minmax(190px, 1fr)); gap: 15px; justify-content: center; padding: 10px;\n    }\n    \n    .ant-card { \n        border: 5px solid var(--cor-primaria); border-top: 5px solid var(--cor-secundaria); \n        border-radius: 4px; \/* CANTOS RETOS *\/\n        background-color: var(--cor-primaria); background-clip: padding-box; \n        display: flex; flex-direction: column; overflow: hidden; cursor: pointer; \n        box-shadow: 0 6px 12px rgba(0,0,0, 0.2); \n        transition: transform 0.2s ease, box-shadow 0.2s ease; \n        -webkit-tap-highlight-color: transparent; user-select: none; transform: translateZ(0);\n        animation: wmFadeIn 0.6s cubic-bezier(0.2, 0.8, 0.2, 1) backwards;\n    }\n    .ant-card:nth-child(1) { animation-delay: 0.1s; } .ant-card:nth-child(2) { animation-delay: 0.2s; }\n    .ant-card:nth-child(3) { animation-delay: 0.3s; } .ant-card:nth-child(4) { animation-delay: 0.4s; }\n\n    @keyframes wmFadeIn { from { opacity: 0; transform: translateY(30px); } to { opacity: 1; transform: translateY(0); } }\n\n    .ant-card:hover { transform: translateY(-5px); box-shadow: 0 15px 30px rgba(0,0,0, 0.3); }\n    .ant-card:active { transform: translateY(-1px) scale(0.97); box-shadow: 0 3px 6px rgba(0,0,0, 0.2); transition: transform 0.05s ease, box-shadow 0.05s ease; }\n    \n    .ant-header { background: #f0f8f9; padding: 15px 10px; text-align: center; display: flex; flex-direction: column; align-items: center; justify-content: center; }\n    .ant-body { background: #ffffff; padding: 15px; display: flex; flex-direction: column; flex-grow: 1; align-items: center; }\n    \n    .ant-card-destaque { box-shadow: 0 8px 16px rgba(0,0,0, 0.25); }\n    .ant-card-destaque:hover { box-shadow: 0 18px 36px rgba(0,0,0, 0.35); }\n    .ant-card-destaque .ant-header { background: var(--cor-secundaria); }\n    .ant-card-destaque .ant-header .ant-titulo { color: var(--cor-txt-secundaria) !important; } \n    \n    .pill-ant { display: flex; white-space: normal; max-width: 100%; box-sizing: border-box; justify-content: center; align-items: center; text-align: center; background: #e0f4f6; color: var(--cor-primaria); font-size: 11px; font-weight: 900 !important; letter-spacing: 0.5px; padding: 8px 16px; border-radius: 4px; text-transform: uppercase; line-height: 1.4; box-shadow: 0 4px 8px rgba(0,0,0, 0.15); margin-top: auto; transition: transform 0.2s ease; }\n    .ant-card-destaque .pill-ant { background: var(--cor-primaria); color: var(--cor-txt-secundaria); } \n    .ant-card:hover .pill-ant { transform: scale(1.06); }\n    .pill-ant span { font-weight: 900 !important; color: inherit; } \n    \n    .ant-emoji { font-size: 24px; line-height: 1; margin-bottom: 5px; }\n    .ant-titulo { color: var(--cor-primaria); font-size: 16px; text-transform: uppercase; margin-top: 5px; font-weight: bold; }\n    .ant-mes { font-size: 11px; font-weight: 800; color: var(--cor-primaria); text-transform: uppercase; margin-bottom: 5px; }\n    .ant-temp { font-size: 26px; font-weight: 900; color: var(--cor-primaria); margin-bottom: 10px; }\n    .ant-desc { font-size: 13px; color: #444; text-align: center; line-height: 1.5; margin-bottom: 15px; flex-grow: 1;}\n    .ant-desc strong { color: #111; }\n\n    @media (prefers-color-scheme: dark) {\n        .ant-card { border-color: #1b7a8c; background-color: #1b7a8c; box-shadow: 0 6px 12px rgba(0,0,0, 0.5); }\n        .ant-header { background: #1a1a1a; } .ant-body { background: #121212; }\n        .ant-card-destaque .ant-header { background: var(--cor-secundaria); }\n        .ant-card-destaque .ant-header .ant-titulo { color: var(--cor-txt-secundaria) !important; }\n        .ant-titulo { color: #5ce1f5; } .ant-mes { color: #8eeaf7; } .ant-temp { color: #5ce1f5; } .ant-desc { color: #cccccc; } .ant-desc strong { color: #ffffff; }\n        .pill-ant { background: #1a1a1a; color: #5ce1f5; box-shadow: 0 4px 8px rgba(0, 0, 0, 0.5); }\n        .ant-card-destaque .pill-ant { background: var(--cor-primaria); color: var(--cor-txt-secundaria); }\n    }\n\n    @media print {\n        .ant-card { border: 2px solid #ccc !important; background: transparent !important; box-shadow: none !important; break-inside: avoid; page-break-inside: avoid; }\n        .ant-header, .ant-body { background: transparent !important; }\n        .ant-titulo, .ant-mes, .ant-temp, .ant-desc, .pill-ant { color: #000 !important; text-shadow: none !important; }\n        .pill-ant { border: 1px solid #000; box-shadow: none !important; }\n        .ant-card-destaque { border: 3px solid #000 !important; }\n    }\n<\/style>\n\n<div class=\"google-auto-ads-ignore ant-grid\" style=\"box-sizing: border-box; width: 100%; max-width: 980px; margin: 30px auto; font-family: 'Segoe UI', Roboto, Helvetica, Arial, sans-serif;\">\n    \n    <!-- CARD 1: VER\u00c3O -->\n    <div class=\"ant-card\">\n        <div class=\"ant-header\">\n            <div class=\"ant-emoji\">\ud83c\udf0a<\/div>\n            <div class=\"ant-titulo\">Ver\u00e3o<\/div>\n        <\/div>\n        <div class=\"ant-body\">\n            <div class=\"ant-mes\">Dezembro a Fevereiro<\/div>\n            <div class=\"ant-temp\">16\u00b0C a 27\u00b0C<\/div>\n            <div class=\"ant-desc\">As chuvas engrossam as \u00e1guas, mas as manh\u00e3s costumam abrir. Excelente para curtir as <strong>Cachoeiras volumosas e trilhas<\/strong>.<\/div>\n            <div class=\"pill-ant\"><span>\u2614 CHUVA ALTA<\/span><\/div>\n        <\/div>\n    <\/div>\n\n    <!-- CARD 2: OUTONO -->\n    <div class=\"ant-card\">\n        <div class=\"ant-header\">\n            <div class=\"ant-emoji\">\ud83c\udf42<\/div>\n            <div class=\"ant-titulo\">Outono<\/div>\n        <\/div>\n        <div class=\"ant-body\">\n            <div class=\"ant-mes\">Mar\u00e7o a Maio<\/div>\n            <div class=\"ant-temp\">13\u00b0C a 24\u00b0C<\/div>\n            <div class=\"ant-desc\">As noites ficam cada vez mais frescas. O clima convida a ritmos desacelerados com <strong>Caminhadas e gastronomia local<\/strong>.<\/div>\n            <div class=\"pill-ant\"><span>\ud83c\udf27\ufe0f CHUVA M\u00c9DIA<\/span><\/div>\n        <\/div>\n    <\/div>\n\n    <!-- CARD 3: INVERNO (DESTAQUE) -->\n    <div class=\"ant-card ant-card-destaque\">\n        <div class=\"ant-header\">\n            <div class=\"ant-emoji\">\ud83c\udf77<\/div>\n            <div class=\"ant-titulo\">Inverno<\/div>\n        <\/div>\n        <div class=\"ant-body\">\n            <div class=\"ant-mes\">Junho a Agosto<\/div>\n            <div class=\"ant-temp\">8\u00b0C a 22\u00b0C<\/div>\n            <div class=\"ant-desc\">A Alta Temporada atrai muitos casais ao vilarejo! O frio bate forte e pede o roteiro cl\u00e1ssico de <strong>Lareira, fondue e c\u00e9u estrelado<\/strong>.<\/div>\n            <div class=\"pill-ant\"><span>\u2b50 ALTA TEMPORADA<\/span><\/div>\n        <\/div>\n    <\/div>\n\n    <!-- CARD 4: PRIMAVERA -->\n    <div class=\"ant-card\">\n        <div class=\"ant-header\">\n            <div class=\"ant-emoji\">\ud83e\udd7e<\/div>\n            <div class=\"ant-titulo\">Primavera<\/div>\n        <\/div>\n        <div class=\"ant-body\">\n            <div class=\"ant-mes\">Setembro a Novembro<\/div>\n            <div class=\"ant-temp\">14\u00b0C a 25\u00b0C<\/div>\n            <div class=\"ant-desc\">As temperaturas sobem aos poucos, mantendo uma m\u00e9dia muito agrad\u00e1vel para explorar as <strong>Trilhas secas e mirantes<\/strong>.<\/div>\n            <div class=\"pill-ant\"><span>\ud83c\udf27\ufe0f CHUVA M\u00c9DIA<\/span><\/div>\n        <\/div>\n    <\/div>\n\n<\/div>\n\n\n\n<p><em>Temperaturas aproximadas com base no <a href=\"https:\/\/www.climatempo.com.br\/previsao-do-tempo\/cidade\/3121\/lavrasnovas-mg\" target=\"_blank\" rel=\"noreferrer noopener\"><strong>Climatempo<\/strong><\/a>. Condi\u00e7\u00f5es podem variar.<\/em><\/p>\n\n\n\n<h2 class=\"wp-block-heading\">Como chegar ao vilarejo a 1.300 metros<\/h2>\n\n\n\n<p>Saindo de <strong>Belo Horizonte<\/strong>, o trajeto soma cerca de 120 km pela <strong>BR-356<\/strong> e <strong>MG-129<\/strong>, com os \u00faltimos quil\u00f4metros em estrada de terra. O percurso leva cerca de 1h30 de carro. A partir da sede de Ouro Preto, s\u00e3o apenas 19 km, cerca de 30 minutos pela mesma MG-129. \u00d4nibus do Cons\u00f3rcio Estrada Real fazem o trajeto entre a rodovi\u00e1ria de Ouro Preto e o distrito em dias \u00fateis. Vale abastecer e levar dinheiro antes de subir, j\u00e1 que o sinal de internet falha e n\u00e3o h\u00e1 caixa eletr\u00f4nico no povoado.<\/p>\n\n\n\n<h2 class=\"wp-block-heading\">Suba a serra e entenda esse ref\u00fagio mineiro<\/h2>\n\n\n\n<p>Lavras Novas guarda um peda\u00e7o raro do Brasil que respeita o tempo. A combina\u00e7\u00e3o de cachoeiras, ruas de pedra, gastronomia de altitude e sil\u00eancio explica por que o distrito virou destino fixo de quem foge da capital sem pressa de voltar.<\/p>\n\n\n\n<p>Voc\u00ea precisa subir a serra, sentir o frio da madrugada e descobrir por que mil pessoas escolheram viver a 1.300 metros entre montanhas e quedas d&#8217;\u00e1gua, a menos de duas horas de Belo Horizonte.<\/p>\n","protected":false},"excerpt":{"rendered":"<p>A neblina cobre o largo da capela antes das sete da manh\u00e3 em Lavras Novas, distrito de Ouro Preto encravado na Serra do Espinha\u00e7o. O vilarejo a 1.300 metros de altitude re\u00fane 14 cachoeiras num raio de 6 km e quintuplica de tamanho nos feriados prolongados. Por que esse vilarejo virou o ref\u00fagio favorito dos [&hellip;]<\/p>\n","protected":false},"author":6,"featured_media":202666,"comment_status":"open","ping_status":"open","sticky":false,"template":"","format":"standard","meta":{"jnews-multi-image_gallery":[],"jnews_single_post":{"format":"standard"},"jnews_primary_category":[],"jnews_social_meta":[],"jnews_override_counter":[],"footnotes":""},"categories":[26],"tags":[183,1104,207,419],"class_list":["post-202534","post","type-post","status-publish","format-standard","has-post-thumbnail","hentry","category-cidades","tag-cidades","tag-lavras-novas","tag-minas-gerais","tag-ouro-preto"],"yoast_head":"<!-- This site is optimized with the Yoast SEO plugin v23.8 - https:\/\/yoast.com\/wordpress\/plugins\/seo\/ -->\n<title>\u201cUm verdadeiro salto no tempo\u201d: pr\u00f3ximo de BH existe um vilarejo de mil habitantes a 1.300 metros de altitude que est\u00e1 conquistando os brasileiros - Estado de Minas - Em foco<\/title>\n<meta name=\"description\" content=\"Conhe\u00e7a o vilarejo com mil habitantes a 1.300 metros de altitude perto de BH que virou febre entre brasileiros. Um destino \u00fanico e especial.\" \/>\n<meta name=\"robots\" content=\"index, follow, max-snippet:-1, max-image-preview:large, max-video-preview:-1\" \/>\n<link rel=\"canonical\" href=\"https:\/\/www.em.com.br\/emfoco\/2026\/05\/01\/um-verdadeiro-salto-no-tempo-proximo-de-bh-existe-um-vilarejo-de-mil-habitantes-a-1-300-metros-de-altitude-que-esta-conquistando-os-brasileiros\/\" \/>\n<meta property=\"og:locale\" content=\"pt_BR\" \/>\n<meta property=\"og:type\" content=\"article\" \/>\n<meta property=\"og:title\" content=\"\u201cUm verdadeiro salto no tempo\u201d: pr\u00f3ximo de BH existe um vilarejo de mil habitantes a 1.300 metros de altitude que est\u00e1 conquistando os brasileiros - Estado de Minas - Em foco\" \/>\n<meta property=\"og:description\" content=\"Conhe\u00e7a o vilarejo com mil habitantes a 1.300 metros de altitude perto de BH que virou febre entre brasileiros. Um destino \u00fanico e especial.\" \/>\n<meta property=\"og:url\" content=\"https:\/\/www.em.com.br\/emfoco\/2026\/05\/01\/um-verdadeiro-salto-no-tempo-proximo-de-bh-existe-um-vilarejo-de-mil-habitantes-a-1-300-metros-de-altitude-que-esta-conquistando-os-brasileiros\/\" \/>\n<meta property=\"og:site_name\" content=\"Estado de Minas - Em foco\" \/>\n<meta property=\"article:published_time\" content=\"2026-05-01T13:35:00+00:00\" \/>\n<meta property=\"article:modified_time\" content=\"2026-05-01T12:59:10+00:00\" \/>\n<meta property=\"og:image\" content=\"https:\/\/www.em.com.br\/emfoco\/wp-content\/uploads\/2026\/05\/Mountain_village_fog_before_sunrise_202605010958-scaled.jpg\" \/>\n\t<meta property=\"og:image:width\" content=\"2560\" \/>\n\t<meta property=\"og:image:height\" content=\"1440\" \/>\n\t<meta property=\"og:image:type\" content=\"image\/jpeg\" \/>\n<meta name=\"author\" content=\"Vitor Bruno\" \/>\n<meta name=\"twitter:card\" content=\"summary_large_image\" \/>\n<meta name=\"twitter:label1\" content=\"Escrito por\" \/>\n\t<meta name=\"twitter:data1\" content=\"Vitor Bruno\" \/>\n\t<meta name=\"twitter:label2\" content=\"Est. tempo de leitura\" \/>\n\t<meta name=\"twitter:data2\" content=\"7 minutos\" \/>\n<!-- \/ Yoast SEO plugin. -->","yoast_head_json":{"title":"\u201cUm verdadeiro salto no tempo\u201d: pr\u00f3ximo de BH existe um vilarejo de mil habitantes a 1.300 metros de altitude que est\u00e1 conquistando os brasileiros - Estado de Minas - Em foco","description":"Conhe\u00e7a o vilarejo com mil habitantes a 1.300 metros de altitude perto de BH que virou febre entre brasileiros. Um destino \u00fanico e especial.","robots":{"index":"index","follow":"follow","max-snippet":"max-snippet:-1","max-image-preview":"max-image-preview:large","max-video-preview":"max-video-preview:-1"},"canonical":"https:\/\/www.em.com.br\/emfoco\/2026\/05\/01\/um-verdadeiro-salto-no-tempo-proximo-de-bh-existe-um-vilarejo-de-mil-habitantes-a-1-300-metros-de-altitude-que-esta-conquistando-os-brasileiros\/","og_locale":"pt_BR","og_type":"article","og_title":"\u201cUm verdadeiro salto no tempo\u201d: pr\u00f3ximo de BH existe um vilarejo de mil habitantes a 1.300 metros de altitude que est\u00e1 conquistando os brasileiros - Estado de Minas - Em foco","og_description":"Conhe\u00e7a o vilarejo com mil habitantes a 1.300 metros de altitude perto de BH que virou febre entre brasileiros. Um destino \u00fanico e especial.","og_url":"https:\/\/www.em.com.br\/emfoco\/2026\/05\/01\/um-verdadeiro-salto-no-tempo-proximo-de-bh-existe-um-vilarejo-de-mil-habitantes-a-1-300-metros-de-altitude-que-esta-conquistando-os-brasileiros\/","og_site_name":"Estado de Minas - Em foco","article_published_time":"2026-05-01T13:35:00+00:00","article_modified_time":"2026-05-01T12:59:10+00:00","og_image":[{"width":2560,"height":1440,"url":"https:\/\/www.em.com.br\/emfoco\/wp-content\/uploads\/2026\/05\/Mountain_village_fog_before_sunrise_202605010958-scaled.jpg","type":"image\/jpeg"}],"author":"Vitor Bruno","twitter_card":"summary_large_image","twitter_misc":{"Escrito por":"Vitor Bruno","Est. tempo de leitura":"7 minutos"},"schema":{"@context":"https:\/\/schema.org","@graph":[{"@type":"WebPage","@id":"https:\/\/www.em.com.br\/emfoco\/2026\/05\/01\/um-verdadeiro-salto-no-tempo-proximo-de-bh-existe-um-vilarejo-de-mil-habitantes-a-1-300-metros-de-altitude-que-esta-conquistando-os-brasileiros\/","url":"https:\/\/www.em.com.br\/emfoco\/2026\/05\/01\/um-verdadeiro-salto-no-tempo-proximo-de-bh-existe-um-vilarejo-de-mil-habitantes-a-1-300-metros-de-altitude-que-esta-conquistando-os-brasileiros\/","name":"\u201cUm verdadeiro salto no tempo\u201d: pr\u00f3ximo de BH existe um vilarejo de mil habitantes a 1.300 metros de altitude que est\u00e1 conquistando os brasileiros - Estado de Minas - Em foco","isPartOf":{"@id":"https:\/\/www.em.com.br\/emfoco\/#website"},"primaryImageOfPage":{"@id":"https:\/\/www.em.com.br\/emfoco\/2026\/05\/01\/um-verdadeiro-salto-no-tempo-proximo-de-bh-existe-um-vilarejo-de-mil-habitantes-a-1-300-metros-de-altitude-que-esta-conquistando-os-brasileiros\/#primaryimage"},"image":{"@id":"https:\/\/www.em.com.br\/emfoco\/2026\/05\/01\/um-verdadeiro-salto-no-tempo-proximo-de-bh-existe-um-vilarejo-de-mil-habitantes-a-1-300-metros-de-altitude-que-esta-conquistando-os-brasileiros\/#primaryimage"},"thumbnailUrl":"https:\/\/www.em.com.br\/emfoco\/wp-content\/uploads\/2026\/05\/Mountain_village_fog_before_sunrise_202605010958-scaled.jpg","datePublished":"2026-05-01T13:35:00+00:00","dateModified":"2026-05-01T12:59:10+00:00","author":{"@id":"https:\/\/www.em.com.br\/emfoco\/#\/schema\/person\/364ac1852fafd00f1be20f0b8b237569"},"description":"Conhe\u00e7a o vilarejo com mil habitantes a 1.300 metros de altitude perto de BH que virou febre entre brasileiros. Um destino \u00fanico e especial.","breadcrumb":{"@id":"https:\/\/www.em.com.br\/emfoco\/2026\/05\/01\/um-verdadeiro-salto-no-tempo-proximo-de-bh-existe-um-vilarejo-de-mil-habitantes-a-1-300-metros-de-altitude-que-esta-conquistando-os-brasileiros\/#breadcrumb"},"inLanguage":"pt-BR","potentialAction":[{"@type":"ReadAction","target":["https:\/\/www.em.com.br\/emfoco\/2026\/05\/01\/um-verdadeiro-salto-no-tempo-proximo-de-bh-existe-um-vilarejo-de-mil-habitantes-a-1-300-metros-de-altitude-que-esta-conquistando-os-brasileiros\/"]}]},{"@type":"ImageObject","inLanguage":"pt-BR","@id":"https:\/\/www.em.com.br\/emfoco\/2026\/05\/01\/um-verdadeiro-salto-no-tempo-proximo-de-bh-existe-um-vilarejo-de-mil-habitantes-a-1-300-metros-de-altitude-que-esta-conquistando-os-brasileiros\/#primaryimage","url":"https:\/\/www.em.com.br\/emfoco\/wp-content\/uploads\/2026\/05\/Mountain_village_fog_before_sunrise_202605010958-scaled.jpg","contentUrl":"https:\/\/www.em.com.br\/emfoco\/wp-content\/uploads\/2026\/05\/Mountain_village_fog_before_sunrise_202605010958-scaled.jpg","width":2560,"height":1440,"caption":"A neblina cobre o largo da capela antes das sete da manh\u00e3 em Lavras Novas, distrito de Ouro Preto encravado na Serra do Espinha\u00e7o \/\/ IMAGEM ILUSTRATIVA"},{"@type":"BreadcrumbList","@id":"https:\/\/www.em.com.br\/emfoco\/2026\/05\/01\/um-verdadeiro-salto-no-tempo-proximo-de-bh-existe-um-vilarejo-de-mil-habitantes-a-1-300-metros-de-altitude-que-esta-conquistando-os-brasileiros\/#breadcrumb","itemListElement":[{"@type":"ListItem","position":1,"name":"In\u00edcio","item":"https:\/\/www.em.com.br\/emfoco\/"},{"@type":"ListItem","position":2,"name":"\u201cUm verdadeiro salto no tempo\u201d: pr\u00f3ximo de BH existe um vilarejo de mil habitantes a 1.300 metros de altitude que est\u00e1 conquistando os brasileiros"}]},{"@type":"WebSite","@id":"https:\/\/www.em.com.br\/emfoco\/#website","url":"https:\/\/www.em.com.br\/emfoco\/","name":"Estado de Minas - Em foco","description":"Acompanhe as \u00faltimas not\u00edcias e fique bem informado sobre tudo o que acontece em Minas Gerais, Brasil e no mundo.","potentialAction":[{"@type":"SearchAction","target":{"@type":"EntryPoint","urlTemplate":"https:\/\/www.em.com.br\/emfoco\/?s={search_term_string}"},"query-input":{"@type":"PropertyValueSpecification","valueRequired":true,"valueName":"search_term_string"}}],"inLanguage":"pt-BR"},{"@type":"Person","@id":"https:\/\/www.em.com.br\/emfoco\/#\/schema\/person\/364ac1852fafd00f1be20f0b8b237569","name":"Vitor Bruno","image":{"@type":"ImageObject","inLanguage":"pt-BR","@id":"https:\/\/www.em.com.br\/emfoco\/#\/schema\/person\/image\/","url":"https:\/\/secure.gravatar.com\/avatar\/b719e5cdede09f942064960883b5524d?s=96&d=mm&r=g","contentUrl":"https:\/\/secure.gravatar.com\/avatar\/b719e5cdede09f942064960883b5524d?s=96&d=mm&r=g","caption":"Vitor Bruno"},"sameAs":["https:\/\/www.em.com.br\/emfoco\/"],"url":"https:\/\/www.em.com.br\/emfoco\/author\/vitormyth\/"}]}},"_links":{"self":[{"href":"https:\/\/www.em.com.br\/emfoco\/wp-json\/wp\/v2\/posts\/202534","targetHints":{"allow":["GET"]}}],"collection":[{"href":"https:\/\/www.em.com.br\/emfoco\/wp-json\/wp\/v2\/posts"}],"about":[{"href":"https:\/\/www.em.com.br\/emfoco\/wp-json\/wp\/v2\/types\/post"}],"author":[{"embeddable":true,"href":"https:\/\/www.em.com.br\/emfoco\/wp-json\/wp\/v2\/users\/6"}],"replies":[{"embeddable":true,"href":"https:\/\/www.em.com.br\/emfoco\/wp-json\/wp\/v2\/comments?post=202534"}],"version-history":[{"count":3,"href":"https:\/\/www.em.com.br\/emfoco\/wp-json\/wp\/v2\/posts\/202534\/revisions"}],"predecessor-version":[{"id":202669,"href":"https:\/\/www.em.com.br\/emfoco\/wp-json\/wp\/v2\/posts\/202534\/revisions\/202669"}],"wp:featuredmedia":[{"embeddable":true,"href":"https:\/\/www.em.com.br\/emfoco\/wp-json\/wp\/v2\/media\/202666"}],"wp:attachment":[{"href":"https:\/\/www.em.com.br\/emfoco\/wp-json\/wp\/v2\/media?parent=202534"}],"wp:term":[{"taxonomy":"category","embeddable":true,"href":"https:\/\/www.em.com.br\/emfoco\/wp-json\/wp\/v2\/categories?post=202534"},{"taxonomy":"post_tag","embeddable":true,"href":"https:\/\/www.em.com.br\/emfoco\/wp-json\/wp\/v2\/tags?post=202534"}],"curies":[{"name":"wp","href":"https:\/\/api.w.org\/{rel}","templated":true}]}}