{"id":202428,"date":"2026-05-01T11:00:00","date_gmt":"2026-05-01T14:00:00","guid":{"rendered":"https:\/\/www.em.com.br\/emfoco\/?p=202428"},"modified":"2026-04-30T23:11:22","modified_gmt":"2026-05-01T02:11:22","slug":"esses-cortes-de-cabelo-curtos-que-estao-sendo-sucesso-entre-as-mulheres-com-mais-de-50-anos","status":"publish","type":"post","link":"https:\/\/www.em.com.br\/emfoco\/2026\/05\/01\/esses-cortes-de-cabelo-curtos-que-estao-sendo-sucesso-entre-as-mulheres-com-mais-de-50-anos\/","title":{"rendered":"Esses cortes de cabelo curtos que est\u00e3o sendo sucesso entre as mulheres com mais de 50 anos"},"content":{"rendered":"\n<p>Chegar aos 50 anos \u00e9 um marco importante na jornada de muitas mulheres, quando o estilo pessoal j\u00e1 est\u00e1 bem definido e as escolhas de beleza passam a priorizar praticidade sem abrir m\u00e3o de sofistica\u00e7\u00e3o. O cabelo curto entra nesse cen\u00e1rio como uma alternativa moderna, f\u00e1cil de cuidar e que ajuda a destacar tra\u00e7os do rosto de forma sutil e elegante.<\/p>\n\n\n\n<h2 class=\"wp-block-heading\">Por que o cabelo curto combina com a fase dos 50 anos<\/h2>\n\n\n\n<p>Os cortes de cabelo curto feminino acima dos 50 anos v\u00eam ganhando espa\u00e7o por concentrarem praticidade e presen\u00e7a visual. Em geral, secam mais r\u00e1pido, exigem menos produto para finalizar e permitem um visual arrumado mesmo com pouco tempo dispon\u00edvel pela manh\u00e3.<\/p>\n\n\n\n<p>Outro ponto \u00e9 a imagem que o cabelo curto transmite, refor\u00e7ando uma apar\u00eancia organizada e atual em ambientes profissionais e momentos de lazer. Esses cortes ainda valorizam fios grisalhos, luzes suaves ou colora\u00e7\u00f5es marcantes, criando contraste interessante entre cor e formato do cabelo.<\/p>\n\n\n\n<figure class=\"wp-block-image\"><img decoding=\"async\" src=\"https:\/\/www.em.com.br\/emfoco\/wp-content\/uploads\/2025\/10\/unnamed-11-1024x576.jpg\" alt=\"\"\/><figcaption class=\"wp-element-caption\">O corte feminino que rejuvenesce e melhora a autoestima da mulher<\/figcaption><\/figure>\n\n\n\n<h2 class=\"wp-block-heading\">Quais cortes de cabelo curto mais valorizam o rosto<\/h2>\n\n\n\n<p>Na escolha de cortes de cabelo curto para mulheres de 50 anos, o formato do rosto continua sendo um dos principais pontos de an\u00e1lise. Cortes que enquadram a face de maneira equilibrada trazem sensa\u00e7\u00e3o de harmonia e destacam olhos, ma\u00e7\u00e3s do rosto ou linha do maxilar.<\/p>\n\n\n\n<p>Alguns formatos de rosto tendem a se beneficiar de ajustes espec\u00edficos no comprimento e no acabamento do corte, ajudando a alongar, suavizar ou equilibrar propor\u00e7\u00f5es naturais:<\/p>\n\n\n\n<ul class=\"wp-block-list\">\n<li><strong>Rostos arredondados:<\/strong>\u00a0favorecem-se de bobs um pouco abaixo do queixo, desfiados suaves e franjas laterais que alongam a silhueta.<\/li>\n\n\n\n<li><strong>Rostos ovais:<\/strong>\u00a0aceitam bem do pixie curto ao bob estruturado, incluindo vers\u00f5es em camadas.<\/li>\n\n\n\n<li><strong>Rostos quadrados:<\/strong>\u00a0ficam mais equilibrados com pontas levemente desfiadas, movimento pr\u00f3ximo ao queixo e camadas que suavizam o maxilar.<\/li>\n<\/ul>\n\n\n\n<h2 class=\"wp-block-heading\">Como escolher cortes de cabelo curto sem arrependimentos<\/h2>\n\n\n\n<p>Entender o comportamento natural dos fios costuma evitar frustra\u00e7\u00f5es ao apostar em um corte curto. Cabelos que armam com facilidade podem se beneficiar de camadas bem planejadas, enquanto fios lisos ganham movimento com pontas desconectadas ou franjas alongadas.<\/p>\n\n\n\n<p>Tamb\u00e9m \u00e9 importante considerar quanto de mudan\u00e7a voc\u00ea deseja e quanto tempo quer dedicar \u00e0 finaliza\u00e7\u00e3o di\u00e1ria. Uma conversa franca com o profissional, com fotos de refer\u00eancia e exemplos do que n\u00e3o agrada, ajuda a alinhar expectativas e transformar o corte curto em verdadeira express\u00e3o de estilo.<\/p>\n\n\n\n<figure class=\"wp-block-image\"><img decoding=\"async\" src=\"https:\/\/www.em.com.br\/emfoco\/wp-content\/uploads\/2025\/10\/unnamed-10-3-1024x576.jpg\" alt=\"\"\/><figcaption class=\"wp-element-caption\">O corte feminino que rejuvenesce e melhora a autoestima da mulher<\/figcaption><\/figure>\n\n\n\n<h2 class=\"wp-block-heading\">Quais estilos de cortes curtos est\u00e3o entre os mais pedidos hoje<\/h2>\n\n\n\n<p>Entre os cortes de cabelo curto para mulheres de 50 anos mais procurados atualmente, alguns modelos aparecem com frequ\u00eancia nos sal\u00f5es. O bob segue como cl\u00e1ssico vers\u00e1til, enquanto o pixie \u00e9 associado \u00e0 praticidade m\u00e1xima e ao visual moderno.<\/p>\n\n\n\n<p>O shaggy e o estilo gar\u00e7on em vers\u00f5es atualizadas tamb\u00e9m voltaram ao radar por criarem movimento e leveza. Esses cortes funcionam bem em fios lisos, ondulados, cacheados ou crespos, desde que respeitem o volume natural e a textura do cabelo.<\/p>\n\n\n\n<h2 class=\"wp-block-heading\">Quais cuidados ajudam a manter o corte curto bonito ap\u00f3s os 50<\/h2>\n\n\n\n<p>Depois de escolher o modelo, a manuten\u00e7\u00e3o garante que o corte continue com o mesmo efeito das primeiras semanas. Como o crescimento aparece r\u00e1pido em cabelos curtos, retoques entre quatro e oito semanas ajudam a preservar o desenho, o caimento e a franja no lugar certo.<\/p>\n\n\n\n<p>Agora \u00e9 o momento de agir: marque ainda hoje um hor\u00e1rio com um profissional de confian\u00e7a, leve refer\u00eancias e se permita experimentar um corte curto que traduza quem voc\u00ea \u00e9 agora. N\u00e3o adie essa mudan\u00e7a \u2014 um novo cabelo pode renovar sua autoestima, sua rotina e a forma como voc\u00ea se enxerga diante do espelho.<\/p>\n","protected":false},"excerpt":{"rendered":"<p>Chegar aos 50 anos \u00e9 um marco importante na jornada de muitas mulheres, quando o estilo pessoal j\u00e1 est\u00e1 bem definido e as escolhas de beleza passam a priorizar praticidade sem abrir m\u00e3o de sofistica\u00e7\u00e3o. O cabelo curto entra nesse cen\u00e1rio como uma alternativa moderna, f\u00e1cil de cuidar e que ajuda a destacar tra\u00e7os do [&hellip;]<\/p>\n","protected":false},"author":11,"featured_media":176473,"comment_status":"open","ping_status":"open","sticky":false,"template":"","format":"standard","meta":{"jnews-multi-image_gallery":[],"jnews_single_post":{"format":"standard"},"jnews_primary_category":[],"jnews_social_meta":[],"jnews_override_counter":[],"footnotes":""},"categories":[1],"tags":[],"class_list":["post-202428","post","type-post","status-publish","format-standard","has-post-thumbnail","hentry","category-noticias"],"yoast_head":"<!-- This site is optimized with the Yoast SEO plugin v23.8 - https:\/\/yoast.com\/wordpress\/plugins\/seo\/ -->\n<title>Esses cortes de cabelo curtos que est\u00e3o sendo sucesso entre as mulheres com mais de 50 anos - Estado de Minas - Em foco<\/title>\n<meta name=\"robots\" content=\"index, follow, max-snippet:-1, max-image-preview:large, max-video-preview:-1\" \/>\n<link rel=\"canonical\" href=\"https:\/\/www.em.com.br\/emfoco\/2026\/05\/01\/esses-cortes-de-cabelo-curtos-que-estao-sendo-sucesso-entre-as-mulheres-com-mais-de-50-anos\/\" \/>\n<meta property=\"og:locale\" content=\"pt_BR\" \/>\n<meta property=\"og:type\" content=\"article\" \/>\n<meta property=\"og:title\" content=\"Esses cortes de cabelo curtos que est\u00e3o sendo sucesso entre as mulheres com mais de 50 anos - Estado de Minas - Em foco\" \/>\n<meta property=\"og:description\" content=\"Chegar aos 50 anos \u00e9 um marco importante na jornada de muitas mulheres, quando o estilo pessoal j\u00e1 est\u00e1 bem definido e as escolhas de beleza passam a priorizar praticidade sem abrir m\u00e3o de sofistica\u00e7\u00e3o. O cabelo curto entra nesse cen\u00e1rio como uma alternativa moderna, f\u00e1cil de cuidar e que ajuda a destacar tra\u00e7os do [&hellip;]\" \/>\n<meta property=\"og:url\" content=\"https:\/\/www.em.com.br\/emfoco\/2026\/05\/01\/esses-cortes-de-cabelo-curtos-que-estao-sendo-sucesso-entre-as-mulheres-com-mais-de-50-anos\/\" \/>\n<meta property=\"og:site_name\" content=\"Estado de Minas - Em foco\" \/>\n<meta property=\"article:published_time\" content=\"2026-05-01T14:00:00+00:00\" \/>\n<meta property=\"article:modified_time\" content=\"2026-05-01T02:11:22+00:00\" \/>\n<meta property=\"og:image\" content=\"https:\/\/www.em.com.br\/emfoco\/wp-content\/uploads\/2026\/03\/Gemini_Generated_Image_x3pa3ox3pa3ox3pa-1.png\" \/>\n\t<meta property=\"og:image:width\" content=\"1280\" \/>\n\t<meta property=\"og:image:height\" content=\"720\" \/>\n\t<meta property=\"og:image:type\" content=\"image\/png\" \/>\n<meta name=\"author\" content=\"Andre\u0301 Rangel\u00a0\" \/>\n<meta name=\"twitter:card\" content=\"summary_large_image\" \/>\n<meta name=\"twitter:label1\" content=\"Escrito por\" \/>\n\t<meta name=\"twitter:data1\" content=\"Andre\u0301 Rangel\u00a0\" \/>\n\t<meta name=\"twitter:label2\" content=\"Est. tempo de leitura\" \/>\n\t<meta name=\"twitter:data2\" content=\"4 minutos\" \/>\n<!-- \/ Yoast SEO plugin. -->","yoast_head_json":{"title":"Esses cortes de cabelo curtos que est\u00e3o sendo sucesso entre as mulheres com mais de 50 anos - Estado de Minas - Em foco","robots":{"index":"index","follow":"follow","max-snippet":"max-snippet:-1","max-image-preview":"max-image-preview:large","max-video-preview":"max-video-preview:-1"},"canonical":"https:\/\/www.em.com.br\/emfoco\/2026\/05\/01\/esses-cortes-de-cabelo-curtos-que-estao-sendo-sucesso-entre-as-mulheres-com-mais-de-50-anos\/","og_locale":"pt_BR","og_type":"article","og_title":"Esses cortes de cabelo curtos que est\u00e3o sendo sucesso entre as mulheres com mais de 50 anos - Estado de Minas - Em foco","og_description":"Chegar aos 50 anos \u00e9 um marco importante na jornada de muitas mulheres, quando o estilo pessoal j\u00e1 est\u00e1 bem definido e as escolhas de beleza passam a priorizar praticidade sem abrir m\u00e3o de sofistica\u00e7\u00e3o. O cabelo curto entra nesse cen\u00e1rio como uma alternativa moderna, f\u00e1cil de cuidar e que ajuda a destacar tra\u00e7os do [&hellip;]","og_url":"https:\/\/www.em.com.br\/emfoco\/2026\/05\/01\/esses-cortes-de-cabelo-curtos-que-estao-sendo-sucesso-entre-as-mulheres-com-mais-de-50-anos\/","og_site_name":"Estado de Minas - Em foco","article_published_time":"2026-05-01T14:00:00+00:00","article_modified_time":"2026-05-01T02:11:22+00:00","og_image":[{"width":1280,"height":720,"url":"https:\/\/www.em.com.br\/emfoco\/wp-content\/uploads\/2026\/03\/Gemini_Generated_Image_x3pa3ox3pa3ox3pa-1.png","type":"image\/png"}],"author":"Andre\u0301 Rangel\u00a0","twitter_card":"summary_large_image","twitter_misc":{"Escrito por":"Andre\u0301 Rangel\u00a0","Est. tempo de leitura":"4 minutos"},"schema":{"@context":"https:\/\/schema.org","@graph":[{"@type":"WebPage","@id":"https:\/\/www.em.com.br\/emfoco\/2026\/05\/01\/esses-cortes-de-cabelo-curtos-que-estao-sendo-sucesso-entre-as-mulheres-com-mais-de-50-anos\/","url":"https:\/\/www.em.com.br\/emfoco\/2026\/05\/01\/esses-cortes-de-cabelo-curtos-que-estao-sendo-sucesso-entre-as-mulheres-com-mais-de-50-anos\/","name":"Esses cortes de cabelo curtos que est\u00e3o sendo sucesso entre as mulheres com mais de 50 anos - Estado de Minas - Em foco","isPartOf":{"@id":"https:\/\/www.em.com.br\/emfoco\/#website"},"primaryImageOfPage":{"@id":"https:\/\/www.em.com.br\/emfoco\/2026\/05\/01\/esses-cortes-de-cabelo-curtos-que-estao-sendo-sucesso-entre-as-mulheres-com-mais-de-50-anos\/#primaryimage"},"image":{"@id":"https:\/\/www.em.com.br\/emfoco\/2026\/05\/01\/esses-cortes-de-cabelo-curtos-que-estao-sendo-sucesso-entre-as-mulheres-com-mais-de-50-anos\/#primaryimage"},"thumbnailUrl":"https:\/\/www.em.com.br\/emfoco\/wp-content\/uploads\/2026\/03\/Gemini_Generated_Image_x3pa3ox3pa3ox3pa-1.png","datePublished":"2026-05-01T14:00:00+00:00","dateModified":"2026-05-01T02:11:22+00:00","author":{"@id":"https:\/\/www.em.com.br\/emfoco\/#\/schema\/person\/60eda09c1fedf0d6891f4cef4b60b8b8"},"breadcrumb":{"@id":"https:\/\/www.em.com.br\/emfoco\/2026\/05\/01\/esses-cortes-de-cabelo-curtos-que-estao-sendo-sucesso-entre-as-mulheres-com-mais-de-50-anos\/#breadcrumb"},"inLanguage":"pt-BR","potentialAction":[{"@type":"ReadAction","target":["https:\/\/www.em.com.br\/emfoco\/2026\/05\/01\/esses-cortes-de-cabelo-curtos-que-estao-sendo-sucesso-entre-as-mulheres-com-mais-de-50-anos\/"]}]},{"@type":"ImageObject","inLanguage":"pt-BR","@id":"https:\/\/www.em.com.br\/emfoco\/2026\/05\/01\/esses-cortes-de-cabelo-curtos-que-estao-sendo-sucesso-entre-as-mulheres-com-mais-de-50-anos\/#primaryimage","url":"https:\/\/www.em.com.br\/emfoco\/wp-content\/uploads\/2026\/03\/Gemini_Generated_Image_x3pa3ox3pa3ox3pa-1.png","contentUrl":"https:\/\/www.em.com.br\/emfoco\/wp-content\/uploads\/2026\/03\/Gemini_Generated_Image_x3pa3ox3pa3ox3pa-1.png","width":1280,"height":720,"caption":"Cortes de cabelo curtos"},{"@type":"BreadcrumbList","@id":"https:\/\/www.em.com.br\/emfoco\/2026\/05\/01\/esses-cortes-de-cabelo-curtos-que-estao-sendo-sucesso-entre-as-mulheres-com-mais-de-50-anos\/#breadcrumb","itemListElement":[{"@type":"ListItem","position":1,"name":"In\u00edcio","item":"https:\/\/www.em.com.br\/emfoco\/"},{"@type":"ListItem","position":2,"name":"Esses cortes de cabelo curtos que est\u00e3o sendo sucesso entre as mulheres com mais de 50 anos"}]},{"@type":"WebSite","@id":"https:\/\/www.em.com.br\/emfoco\/#website","url":"https:\/\/www.em.com.br\/emfoco\/","name":"Estado de Minas - Em foco","description":"Acompanhe as \u00faltimas not\u00edcias e fique bem informado sobre tudo o que acontece em Minas Gerais, Brasil e no mundo.","potentialAction":[{"@type":"SearchAction","target":{"@type":"EntryPoint","urlTemplate":"https:\/\/www.em.com.br\/emfoco\/?s={search_term_string}"},"query-input":{"@type":"PropertyValueSpecification","valueRequired":true,"valueName":"search_term_string"}}],"inLanguage":"pt-BR"},{"@type":"Person","@id":"https:\/\/www.em.com.br\/emfoco\/#\/schema\/person\/60eda09c1fedf0d6891f4cef4b60b8b8","name":"Andre\u0301 Rangel\u00a0","image":{"@type":"ImageObject","inLanguage":"pt-BR","@id":"https:\/\/www.em.com.br\/emfoco\/#\/schema\/person\/image\/","url":"https:\/\/secure.gravatar.com\/avatar\/6234dc814c77c8ef6d8bba622c787efc?s=96&d=mm&r=g","contentUrl":"https:\/\/secure.gravatar.com\/avatar\/6234dc814c77c8ef6d8bba622c787efc?s=96&d=mm&r=g","caption":"Andre\u0301 Rangel\u00a0"},"url":"https:\/\/www.em.com.br\/emfoco\/author\/luizmyth\/"}]}},"_links":{"self":[{"href":"https:\/\/www.em.com.br\/emfoco\/wp-json\/wp\/v2\/posts\/202428","targetHints":{"allow":["GET"]}}],"collection":[{"href":"https:\/\/www.em.com.br\/emfoco\/wp-json\/wp\/v2\/posts"}],"about":[{"href":"https:\/\/www.em.com.br\/emfoco\/wp-json\/wp\/v2\/types\/post"}],"author":[{"embeddable":true,"href":"https:\/\/www.em.com.br\/emfoco\/wp-json\/wp\/v2\/users\/11"}],"replies":[{"embeddable":true,"href":"https:\/\/www.em.com.br\/emfoco\/wp-json\/wp\/v2\/comments?post=202428"}],"version-history":[{"count":2,"href":"https:\/\/www.em.com.br\/emfoco\/wp-json\/wp\/v2\/posts\/202428\/revisions"}],"predecessor-version":[{"id":202431,"href":"https:\/\/www.em.com.br\/emfoco\/wp-json\/wp\/v2\/posts\/202428\/revisions\/202431"}],"wp:featuredmedia":[{"embeddable":true,"href":"https:\/\/www.em.com.br\/emfoco\/wp-json\/wp\/v2\/media\/176473"}],"wp:attachment":[{"href":"https:\/\/www.em.com.br\/emfoco\/wp-json\/wp\/v2\/media?parent=202428"}],"wp:term":[{"taxonomy":"category","embeddable":true,"href":"https:\/\/www.em.com.br\/emfoco\/wp-json\/wp\/v2\/categories?post=202428"},{"taxonomy":"post_tag","embeddable":true,"href":"https:\/\/www.em.com.br\/emfoco\/wp-json\/wp\/v2\/tags?post=202428"}],"curies":[{"name":"wp","href":"https:\/\/api.w.org\/{rel}","templated":true}]}}