{"id":202427,"date":"2026-05-01T08:30:00","date_gmt":"2026-05-01T11:30:00","guid":{"rendered":"https:\/\/www.em.com.br\/emfoco\/?p=202427"},"modified":"2026-04-30T23:11:31","modified_gmt":"2026-05-01T02:11:31","slug":"vizinha-constroi-uma-parede-entre-sua-garagem-e-o-deposito-sem-a-permissao-do-condominio-o-tribunal-ordenou-a-demolicao-apesar-de-ela-alegar-que-outros-vizinhos-realizaram-obras-semelhantes","status":"publish","type":"post","link":"https:\/\/www.em.com.br\/emfoco\/2026\/05\/01\/vizinha-constroi-uma-parede-entre-sua-garagem-e-o-deposito-sem-a-permissao-do-condominio-o-tribunal-ordenou-a-demolicao-apesar-de-ela-alegar-que-outros-vizinhos-realizaram-obras-semelhantes\/","title":{"rendered":"Vizinha constroi uma parede entre sua garagem e o dep\u00f3sito sem a permiss\u00e3o do condom\u00ednio: o tribunal ordenou a demoli\u00e7\u00e3o, apesar de ela alegar que outros vizinhos realizaram obras semelhantes"},"content":{"rendered":"\n<p>A conviv\u00eancia em condom\u00ednios costuma gerar conflitos quando um morador realiza obras em sua unidade e isso afeta a configura\u00e7\u00e3o do edif\u00edcio ou o uso das \u00e1reas comuns. A decis\u00e3o do <strong>Tribunal Provincial de M\u00e1laga<\/strong>, em 2 de julho de 2025, ilustra bem esse cen\u00e1rio ao refor\u00e7ar que, em comunidades condominiais, a liberdade individual para reformar encontra limites claros nas regras coletivas previamente estabelecidas.<\/p>\n\n\n\n<h2 class=\"wp-block-heading\">Por que o muro na vaga de garagem resultou em ordem de demoli\u00e7\u00e3o<\/h2>\n\n\n\n<p>No caso julgado em M\u00e1laga, uma moradora construiu um muro entre sua vaga de garagem e o dep\u00f3sito, sem pedir autoriza\u00e7\u00e3o pr\u00e9via \u00e0 associa\u00e7\u00e3o de propriet\u00e1rios. Em assembleia extraordin\u00e1ria de janeiro de 2020, a maioria dos cond\u00f4minos decidiu exigir a remo\u00e7\u00e3o da obra em uma semana, sob pena de medidas judiciais.<\/p>\n\n\n\n<p>O companheiro da propriet\u00e1ria, que a representava, reconheceu na reuni\u00e3o que n\u00e3o havia pedido autoriza\u00e7\u00e3o e chegou a concordar com a demoli\u00e7\u00e3o. Mesmo assim, a cond\u00f4mina ajuizou a\u00e7\u00e3o para anular a decis\u00e3o assemblear, mas o <strong>Tribunal de Primeira Inst\u00e2ncia n\u00ba 4 de Torremolinos<\/strong> rejeitou o pedido, tratando essa admiss\u00e3o como verdadeira confiss\u00e3o da irregularidade.<\/p>\n\n\n\n<figure class=\"wp-block-image\"><img decoding=\"async\" src=\"https:\/\/www.em.com.br\/emfoco\/wp-content\/uploads\/2025\/12\/Gemini_Generated_Image_q0c6r5q0c6r5q0c6-1-1024x576.png\" alt=\"\"\/><figcaption class=\"wp-element-caption\">Lei de Propriedade Horizontal foi aplicada<\/figcaption><\/figure>\n\n\n\n<h2 class=\"wp-block-heading\">Obras em condom\u00ednio podem exigir demoli\u00e7\u00e3o imediata<\/h2>\n\n\n\n<p>A d\u00favida sobre se uma&nbsp;<strong>obra em condom\u00ednio<\/strong>&nbsp;pode ser demolida surge quando a interven\u00e7\u00e3o \u00e9 feita sem aprova\u00e7\u00e3o. Tribunais espanh\u00f3is e brasileiros reconhecem a legitimidade da comunidade para exigir a restaura\u00e7\u00e3o ao estado anterior quando a constru\u00e7\u00e3o altera a configura\u00e7\u00e3o geral do pr\u00e9dio ou o uso de \u00e1reas comuns.<\/p>\n\n\n\n<p>Em muitos julgados, a ordem de demoli\u00e7\u00e3o se apoia na conven\u00e7\u00e3o condominial, na legisla\u00e7\u00e3o de propriedade horizontal e em delibera\u00e7\u00e3o assemblear. A admiss\u00e3o em ata de que a obra foi feita sem permiss\u00e3o, bem como a constata\u00e7\u00e3o de benef\u00edcio exclusivo a um cond\u00f4mino, costuma refor\u00e7ar a decis\u00e3o de remover a constru\u00e7\u00e3o irregular.<\/p>\n\n\n\n<h2 class=\"wp-block-heading\">Como a lei regula obras em condom\u00ednios no Brasil e na Espanha<\/h2>\n\n\n\n<p>Na Espanha, a&nbsp;<strong>Lei de Propriedade Horizontal<\/strong>&nbsp;pro\u00edbe o cond\u00f4mino de modificar elementos comuns ou a configura\u00e7\u00e3o externa do edif\u00edcio sem autoriza\u00e7\u00e3o da comunidade. Altera\u00e7\u00f5es que ampliam, na pr\u00e1tica, a \u00e1rea de uma unidade ou modificam a planta do pr\u00e9dio exigem aprova\u00e7\u00e3o expressa e, em certos casos, at\u00e9 unanimidade.<\/p>\n\n\n\n<p>No Brasil, a <strong><a href=\"https:\/\/www2.camara.leg.br\/legin\/fed\/lei\/1960-1969\/lei-4591-16-dezembro-1964-368909-publicacaooriginal-1-pl.html\" target=\"_blank\" rel=\"noreferrer noopener\">Lei n\u00ba 4.591\/1964<\/a> <\/strong>e o C\u00f3digo Civil adotam l\u00f3gica semelhante: \u00e9 vedado alterar fachada, estrutura ou partes comuns sem delibera\u00e7\u00e3o em assembleia, respeitando o qu\u00f3rum da conven\u00e7\u00e3o. Vagas de garagem, dep\u00f3sitos e \u00e1reas t\u00e9cnicas s\u00e3o exemplos de espa\u00e7os em que qualquer fechamento ou incorpora\u00e7\u00e3o requer an\u00e1lise coletiva, sob pena de a\u00e7\u00e3o judicial para remo\u00e7\u00e3o.<\/p>\n\n\n\n<h2 class=\"wp-block-heading\">Como evitar abuso de direito e conflitos em obras condominiais<\/h2>\n\n\n\n<p>Discuss\u00f5es sobre&nbsp;<strong>abuso de direito<\/strong>&nbsp;surgem quando o morador entende que o condom\u00ednio est\u00e1 usando seus poderes apenas para prejudicar. A legisla\u00e7\u00e3o espanhola e a jurisprud\u00eancia brasileira consideram abuso situa\u00e7\u00f5es com dano injustificado, inten\u00e7\u00e3o de causar preju\u00edzo ou exerc\u00edcio anormal de um direito previsto em lei.<\/p>\n\n\n\n<figure class=\"wp-block-image\"><img decoding=\"async\" src=\"https:\/\/www.em.com.br\/emfoco\/wp-content\/uploads\/2026\/03\/ChatGPT-Image-15-de-mar.-de-2026-11_57_14-1-1024x576.png\" alt=\"\"\/><figcaption class=\"wp-element-caption\">A lei est\u00e1 mudando como a Justi\u00e7a<\/figcaption><\/figure>\n\n\n\n<p>Para reduzir lit\u00edgios e dar transpar\u00eancia ao processo de reformas, \u00e9 \u00fatil que o condom\u00ednio estruture um fluxo padr\u00e3o, com etapas claras para todos. Entre as medidas pr\u00e1ticas mais usadas, destacam-se:<\/p>\n\n\n\n<ul class=\"wp-block-list\">\n<li>Consulta pr\u00e9via \u00e0 conven\u00e7\u00e3o e ao regulamento interno antes de planejar a obra.<\/li>\n\n\n\n<li>Elabora\u00e7\u00e3o de projeto b\u00e1sico, com planta ou croqui, para an\u00e1lise da administra\u00e7\u00e3o ou assembleia.<\/li>\n\n\n\n<li>Pedido formal de autoriza\u00e7\u00e3o, com registro da decis\u00e3o em ata.<\/li>\n\n\n\n<li>Obten\u00e7\u00e3o de laudo t\u00e9cnico quando houver poss\u00edvel impacto em estrutura, ventila\u00e7\u00e3o, seguran\u00e7a ou circula\u00e7\u00e3o.<\/li>\n\n\n\n<li>Guarda de todos os documentos e comunica\u00e7\u00f5es relacionadas \u00e0 autoriza\u00e7\u00e3o.<\/li>\n<\/ul>\n\n\n\n<h2 class=\"wp-block-heading\">Como manter a conviv\u00eancia em equil\u00edbrio diante de reformas em condom\u00ednio<\/h2>\n\n\n\n<p>Ao seguir procedimentos claros e respeitar conven\u00e7\u00f5es, regulamentos internos e leis nacionais de propriedade horizontal, o condom\u00ednio equilibra o direito de cada morador de adaptar sua unidade com o interesse coletivo em preservar seguran\u00e7a, harmonia e configura\u00e7\u00e3o do edif\u00edcio. Registros em ata, notifica\u00e7\u00f5es e decis\u00f5es coerentes entre casos semelhantes reduzem alega\u00e7\u00f5es de persegui\u00e7\u00e3o ou favorecimento.<\/p>\n\n\n\n<p>Se h\u00e1 uma obra irregular em discuss\u00e3o, n\u00e3o espere o conflito explodir ou virar processo judicial: busque orienta\u00e7\u00e3o jur\u00eddica especializada, convoque a administra\u00e7\u00e3o para dialogar e leve o tema \u00e0 assembleia com urg\u00eancia. Agir agora, com transpar\u00eancia e firmeza, \u00e9 decisivo para evitar preju\u00edzos maiores, demoli\u00e7\u00f5es for\u00e7adas e uma conviv\u00eancia marcada por ressentimentos duradouros.<\/p>\n","protected":false},"excerpt":{"rendered":"<p>A conviv\u00eancia em condom\u00ednios costuma gerar conflitos quando um morador realiza obras em sua unidade e isso afeta a configura\u00e7\u00e3o do edif\u00edcio ou o uso das \u00e1reas comuns. A decis\u00e3o do Tribunal Provincial de M\u00e1laga, em 2 de julho de 2025, ilustra bem esse cen\u00e1rio ao refor\u00e7ar que, em comunidades condominiais, a liberdade individual para [&hellip;]<\/p>\n","protected":false},"author":11,"featured_media":141235,"comment_status":"open","ping_status":"open","sticky":false,"template":"","format":"standard","meta":{"jnews-multi-image_gallery":[],"jnews_single_post":{"format":"standard"},"jnews_primary_category":[],"jnews_social_meta":[],"jnews_override_counter":[],"footnotes":""},"categories":[28],"tags":[17687,20746,2239,2712,14550,20745],"class_list":["post-202427","post","type-post","status-publish","format-standard","has-post-thumbnail","hentry","category-economia","tag-condominio","tag-demolicao","tag-espanha","tag-garagem","tag-obra","tag-reformas-em-condominios"],"yoast_head":"<!-- This site is optimized with the Yoast SEO plugin v23.8 - https:\/\/yoast.com\/wordpress\/plugins\/seo\/ -->\n<title>Vizinha constroi uma parede entre sua garagem e o dep\u00f3sito sem a permiss\u00e3o do condom\u00ednio: o tribunal ordenou a demoli\u00e7\u00e3o, apesar de ela alegar que outros vizinhos realizaram obras semelhantes - Estado de Minas - Em foco<\/title>\n<meta name=\"description\" content=\"Construir muro em vaga de garagem sem autoriza\u00e7\u00e3o levou \u00e0 ordem de demoli\u00e7\u00e3o na Espanha. Veja o que a Justi\u00e7a decidiu.\" \/>\n<meta name=\"robots\" content=\"index, follow, max-snippet:-1, max-image-preview:large, max-video-preview:-1\" \/>\n<link rel=\"canonical\" href=\"https:\/\/www.em.com.br\/emfoco\/2026\/05\/01\/vizinha-constroi-uma-parede-entre-sua-garagem-e-o-deposito-sem-a-permissao-do-condominio-o-tribunal-ordenou-a-demolicao-apesar-de-ela-alegar-que-outros-vizinhos-realizaram-obras-semelhantes\/\" \/>\n<meta property=\"og:locale\" content=\"pt_BR\" \/>\n<meta property=\"og:type\" content=\"article\" \/>\n<meta property=\"og:title\" content=\"Vizinha constroi uma parede entre sua garagem e o dep\u00f3sito sem a permiss\u00e3o do condom\u00ednio: o tribunal ordenou a demoli\u00e7\u00e3o, apesar de ela alegar que outros vizinhos realizaram obras semelhantes - Estado de Minas - Em foco\" \/>\n<meta property=\"og:description\" content=\"Construir muro em vaga de garagem sem autoriza\u00e7\u00e3o levou \u00e0 ordem de demoli\u00e7\u00e3o na Espanha. Veja o que a Justi\u00e7a decidiu.\" \/>\n<meta property=\"og:url\" content=\"https:\/\/www.em.com.br\/emfoco\/2026\/05\/01\/vizinha-constroi-uma-parede-entre-sua-garagem-e-o-deposito-sem-a-permissao-do-condominio-o-tribunal-ordenou-a-demolicao-apesar-de-ela-alegar-que-outros-vizinhos-realizaram-obras-semelhantes\/\" \/>\n<meta property=\"og:site_name\" content=\"Estado de Minas - Em foco\" \/>\n<meta property=\"article:published_time\" content=\"2026-05-01T11:30:00+00:00\" \/>\n<meta property=\"article:modified_time\" content=\"2026-05-01T02:11:31+00:00\" \/>\n<meta property=\"og:image\" content=\"https:\/\/www.em.com.br\/emfoco\/wp-content\/uploads\/2025\/12\/Gemini_Generated_Image_z4d4clz4d4clz4d4-1.png\" \/>\n\t<meta property=\"og:image:width\" content=\"1280\" \/>\n\t<meta property=\"og:image:height\" content=\"720\" \/>\n\t<meta property=\"og:image:type\" content=\"image\/png\" \/>\n<meta name=\"author\" content=\"Andre\u0301 Rangel\u00a0\" \/>\n<meta name=\"twitter:card\" content=\"summary_large_image\" \/>\n<meta name=\"twitter:label1\" content=\"Escrito por\" \/>\n\t<meta name=\"twitter:data1\" content=\"Andre\u0301 Rangel\u00a0\" \/>\n\t<meta name=\"twitter:label2\" content=\"Est. tempo de leitura\" \/>\n\t<meta name=\"twitter:data2\" content=\"5 minutos\" \/>\n<!-- \/ Yoast SEO plugin. -->","yoast_head_json":{"title":"Vizinha constroi uma parede entre sua garagem e o dep\u00f3sito sem a permiss\u00e3o do condom\u00ednio: o tribunal ordenou a demoli\u00e7\u00e3o, apesar de ela alegar que outros vizinhos realizaram obras semelhantes - Estado de Minas - Em foco","description":"Construir muro em vaga de garagem sem autoriza\u00e7\u00e3o levou \u00e0 ordem de demoli\u00e7\u00e3o na Espanha. Veja o que a Justi\u00e7a decidiu.","robots":{"index":"index","follow":"follow","max-snippet":"max-snippet:-1","max-image-preview":"max-image-preview:large","max-video-preview":"max-video-preview:-1"},"canonical":"https:\/\/www.em.com.br\/emfoco\/2026\/05\/01\/vizinha-constroi-uma-parede-entre-sua-garagem-e-o-deposito-sem-a-permissao-do-condominio-o-tribunal-ordenou-a-demolicao-apesar-de-ela-alegar-que-outros-vizinhos-realizaram-obras-semelhantes\/","og_locale":"pt_BR","og_type":"article","og_title":"Vizinha constroi uma parede entre sua garagem e o dep\u00f3sito sem a permiss\u00e3o do condom\u00ednio: o tribunal ordenou a demoli\u00e7\u00e3o, apesar de ela alegar que outros vizinhos realizaram obras semelhantes - Estado de Minas - Em foco","og_description":"Construir muro em vaga de garagem sem autoriza\u00e7\u00e3o levou \u00e0 ordem de demoli\u00e7\u00e3o na Espanha. Veja o que a Justi\u00e7a decidiu.","og_url":"https:\/\/www.em.com.br\/emfoco\/2026\/05\/01\/vizinha-constroi-uma-parede-entre-sua-garagem-e-o-deposito-sem-a-permissao-do-condominio-o-tribunal-ordenou-a-demolicao-apesar-de-ela-alegar-que-outros-vizinhos-realizaram-obras-semelhantes\/","og_site_name":"Estado de Minas - Em foco","article_published_time":"2026-05-01T11:30:00+00:00","article_modified_time":"2026-05-01T02:11:31+00:00","og_image":[{"width":1280,"height":720,"url":"https:\/\/www.em.com.br\/emfoco\/wp-content\/uploads\/2025\/12\/Gemini_Generated_Image_z4d4clz4d4clz4d4-1.png","type":"image\/png"}],"author":"Andre\u0301 Rangel\u00a0","twitter_card":"summary_large_image","twitter_misc":{"Escrito por":"Andre\u0301 Rangel\u00a0","Est. tempo de leitura":"5 minutos"},"schema":{"@context":"https:\/\/schema.org","@graph":[{"@type":"WebPage","@id":"https:\/\/www.em.com.br\/emfoco\/2026\/05\/01\/vizinha-constroi-uma-parede-entre-sua-garagem-e-o-deposito-sem-a-permissao-do-condominio-o-tribunal-ordenou-a-demolicao-apesar-de-ela-alegar-que-outros-vizinhos-realizaram-obras-semelhantes\/","url":"https:\/\/www.em.com.br\/emfoco\/2026\/05\/01\/vizinha-constroi-uma-parede-entre-sua-garagem-e-o-deposito-sem-a-permissao-do-condominio-o-tribunal-ordenou-a-demolicao-apesar-de-ela-alegar-que-outros-vizinhos-realizaram-obras-semelhantes\/","name":"Vizinha constroi uma parede entre sua garagem e o dep\u00f3sito sem a permiss\u00e3o do condom\u00ednio: o tribunal ordenou a demoli\u00e7\u00e3o, apesar de ela alegar que outros vizinhos realizaram obras semelhantes - Estado de Minas - Em foco","isPartOf":{"@id":"https:\/\/www.em.com.br\/emfoco\/#website"},"primaryImageOfPage":{"@id":"https:\/\/www.em.com.br\/emfoco\/2026\/05\/01\/vizinha-constroi-uma-parede-entre-sua-garagem-e-o-deposito-sem-a-permissao-do-condominio-o-tribunal-ordenou-a-demolicao-apesar-de-ela-alegar-que-outros-vizinhos-realizaram-obras-semelhantes\/#primaryimage"},"image":{"@id":"https:\/\/www.em.com.br\/emfoco\/2026\/05\/01\/vizinha-constroi-uma-parede-entre-sua-garagem-e-o-deposito-sem-a-permissao-do-condominio-o-tribunal-ordenou-a-demolicao-apesar-de-ela-alegar-que-outros-vizinhos-realizaram-obras-semelhantes\/#primaryimage"},"thumbnailUrl":"https:\/\/www.em.com.br\/emfoco\/wp-content\/uploads\/2025\/12\/Gemini_Generated_Image_z4d4clz4d4clz4d4-1.png","datePublished":"2026-05-01T11:30:00+00:00","dateModified":"2026-05-01T02:11:31+00:00","author":{"@id":"https:\/\/www.em.com.br\/emfoco\/#\/schema\/person\/60eda09c1fedf0d6891f4cef4b60b8b8"},"description":"Construir muro em vaga de garagem sem autoriza\u00e7\u00e3o levou \u00e0 ordem de demoli\u00e7\u00e3o na Espanha. Veja o que a Justi\u00e7a decidiu.","breadcrumb":{"@id":"https:\/\/www.em.com.br\/emfoco\/2026\/05\/01\/vizinha-constroi-uma-parede-entre-sua-garagem-e-o-deposito-sem-a-permissao-do-condominio-o-tribunal-ordenou-a-demolicao-apesar-de-ela-alegar-que-outros-vizinhos-realizaram-obras-semelhantes\/#breadcrumb"},"inLanguage":"pt-BR","potentialAction":[{"@type":"ReadAction","target":["https:\/\/www.em.com.br\/emfoco\/2026\/05\/01\/vizinha-constroi-uma-parede-entre-sua-garagem-e-o-deposito-sem-a-permissao-do-condominio-o-tribunal-ordenou-a-demolicao-apesar-de-ela-alegar-que-outros-vizinhos-realizaram-obras-semelhantes\/"]}]},{"@type":"ImageObject","inLanguage":"pt-BR","@id":"https:\/\/www.em.com.br\/emfoco\/2026\/05\/01\/vizinha-constroi-uma-parede-entre-sua-garagem-e-o-deposito-sem-a-permissao-do-condominio-o-tribunal-ordenou-a-demolicao-apesar-de-ela-alegar-que-outros-vizinhos-realizaram-obras-semelhantes\/#primaryimage","url":"https:\/\/www.em.com.br\/emfoco\/wp-content\/uploads\/2025\/12\/Gemini_Generated_Image_z4d4clz4d4clz4d4-1.png","contentUrl":"https:\/\/www.em.com.br\/emfoco\/wp-content\/uploads\/2025\/12\/Gemini_Generated_Image_z4d4clz4d4clz4d4-1.png","width":1280,"height":720,"caption":"Lei de Propriedade Horizontal foi aplicada"},{"@type":"BreadcrumbList","@id":"https:\/\/www.em.com.br\/emfoco\/2026\/05\/01\/vizinha-constroi-uma-parede-entre-sua-garagem-e-o-deposito-sem-a-permissao-do-condominio-o-tribunal-ordenou-a-demolicao-apesar-de-ela-alegar-que-outros-vizinhos-realizaram-obras-semelhantes\/#breadcrumb","itemListElement":[{"@type":"ListItem","position":1,"name":"In\u00edcio","item":"https:\/\/www.em.com.br\/emfoco\/"},{"@type":"ListItem","position":2,"name":"Vizinha constroi uma parede entre sua garagem e o dep\u00f3sito sem a permiss\u00e3o do condom\u00ednio: o tribunal ordenou a demoli\u00e7\u00e3o, apesar de ela alegar que outros vizinhos realizaram obras semelhantes"}]},{"@type":"WebSite","@id":"https:\/\/www.em.com.br\/emfoco\/#website","url":"https:\/\/www.em.com.br\/emfoco\/","name":"Estado de Minas - Em foco","description":"Acompanhe as \u00faltimas not\u00edcias e fique bem informado sobre tudo o que acontece em Minas Gerais, Brasil e no mundo.","potentialAction":[{"@type":"SearchAction","target":{"@type":"EntryPoint","urlTemplate":"https:\/\/www.em.com.br\/emfoco\/?s={search_term_string}"},"query-input":{"@type":"PropertyValueSpecification","valueRequired":true,"valueName":"search_term_string"}}],"inLanguage":"pt-BR"},{"@type":"Person","@id":"https:\/\/www.em.com.br\/emfoco\/#\/schema\/person\/60eda09c1fedf0d6891f4cef4b60b8b8","name":"Andre\u0301 Rangel\u00a0","image":{"@type":"ImageObject","inLanguage":"pt-BR","@id":"https:\/\/www.em.com.br\/emfoco\/#\/schema\/person\/image\/","url":"https:\/\/secure.gravatar.com\/avatar\/6234dc814c77c8ef6d8bba622c787efc?s=96&d=mm&r=g","contentUrl":"https:\/\/secure.gravatar.com\/avatar\/6234dc814c77c8ef6d8bba622c787efc?s=96&d=mm&r=g","caption":"Andre\u0301 Rangel\u00a0"},"url":"https:\/\/www.em.com.br\/emfoco\/author\/luizmyth\/"}]}},"_links":{"self":[{"href":"https:\/\/www.em.com.br\/emfoco\/wp-json\/wp\/v2\/posts\/202427","targetHints":{"allow":["GET"]}}],"collection":[{"href":"https:\/\/www.em.com.br\/emfoco\/wp-json\/wp\/v2\/posts"}],"about":[{"href":"https:\/\/www.em.com.br\/emfoco\/wp-json\/wp\/v2\/types\/post"}],"author":[{"embeddable":true,"href":"https:\/\/www.em.com.br\/emfoco\/wp-json\/wp\/v2\/users\/11"}],"replies":[{"embeddable":true,"href":"https:\/\/www.em.com.br\/emfoco\/wp-json\/wp\/v2\/comments?post=202427"}],"version-history":[{"count":1,"href":"https:\/\/www.em.com.br\/emfoco\/wp-json\/wp\/v2\/posts\/202427\/revisions"}],"predecessor-version":[{"id":202430,"href":"https:\/\/www.em.com.br\/emfoco\/wp-json\/wp\/v2\/posts\/202427\/revisions\/202430"}],"wp:featuredmedia":[{"embeddable":true,"href":"https:\/\/www.em.com.br\/emfoco\/wp-json\/wp\/v2\/media\/141235"}],"wp:attachment":[{"href":"https:\/\/www.em.com.br\/emfoco\/wp-json\/wp\/v2\/media?parent=202427"}],"wp:term":[{"taxonomy":"category","embeddable":true,"href":"https:\/\/www.em.com.br\/emfoco\/wp-json\/wp\/v2\/categories?post=202427"},{"taxonomy":"post_tag","embeddable":true,"href":"https:\/\/www.em.com.br\/emfoco\/wp-json\/wp\/v2\/tags?post=202427"}],"curies":[{"name":"wp","href":"https:\/\/api.w.org\/{rel}","templated":true}]}}