{"id":202400,"date":"2026-05-02T16:45:00","date_gmt":"2026-05-02T19:45:00","guid":{"rendered":"https:\/\/www.em.com.br\/emfoco\/?p=202400"},"modified":"2026-05-01T15:14:15","modified_gmt":"2026-05-01T18:14:15","slug":"os-hungaros-estao-substituindo-as-lampadas-por-led-com-essa-nova-tecnologia","status":"publish","type":"post","link":"https:\/\/www.em.com.br\/emfoco\/2026\/05\/02\/os-hungaros-estao-substituindo-as-lampadas-por-led-com-essa-nova-tecnologia\/","title":{"rendered":"Os h\u00fangaros est\u00e3o substituindo as l\u00e2mpadas por LED com essa nova tecnologia"},"content":{"rendered":"\n<p>Em 2026, muita gente ainda se pergunta se as l\u00e2mpadas LED v\u00e3o ser superadas rapidamente por novas tecnologias, mas a realidade \u00e9 que elas continuam dominando a maioria das casas gra\u00e7as \u00e0 economia de energia e \u00e0 longa durabilidade. Ao mesmo tempo, solu\u00e7\u00f5es mais avan\u00e7adas, como pain\u00e9is ultrafinos e superf\u00edcies luminosas, ganham espa\u00e7o por entregarem mais conforto visual, integra\u00e7\u00e3o com a decora\u00e7\u00e3o e liberdade para criar ambientes com ilumina\u00e7\u00e3o mais inteligente e personalizada.<\/p>\n\n\n\n<h2 class=\"wp-block-heading\">Ilumina\u00e7\u00e3o LED ainda domina os lares em 2026<\/h2>\n\n\n\n<p>A<a href=\"https:\/\/www.em.com.br\/emfoco\/2026\/01\/14\/economia-de-verdade-comeca-pela-lampada-como-o-led-pode-cortar-gastos-e-transformar-a-iluminacao-da-sua-casa\/\" target=\"_blank\" rel=\"noreferrer noopener\"> <strong>ilumina\u00e7\u00e3o LED<\/strong><\/a>\u00a0continua sendo a mais buscada por quem quer trocar as l\u00e2mpadas de casa, principalmente pela combina\u00e7\u00e3o de efici\u00eancia, pre\u00e7o acess\u00edvel e ampla oferta no mercado. O LED se consolidou como padr\u00e3o em reformas r\u00e1pidas e projetos completos, atendendo desde quem s\u00f3 quer economizar at\u00e9 quem busca solu\u00e7\u00f5es mais sofisticadas com automa\u00e7\u00e3o.<\/p>\n\n\n\n<p>Ao mesmo tempo, o termo&nbsp;<strong>OLED<\/strong>&nbsp;aparece cada vez mais em cat\u00e1logos de ilumina\u00e7\u00e3o decorativa e projetos de arquitetura, sinalizando uma transi\u00e7\u00e3o gradual rumo a op\u00e7\u00f5es mais discretas e confort\u00e1veis. Em muitos projetos, LED e OLED j\u00e1 convivem no mesmo ambiente, cada um cumprindo um papel diferente na composi\u00e7\u00e3o da luz.<\/p>\n\n\n\n<figure class=\"wp-block-image\"><img decoding=\"async\" src=\"https:\/\/www.em.com.br\/emfoco\/wp-content\/uploads\/2026\/03\/ChatGPT-Image-2-de-mar.-de-2026-13_42_26-1-1024x576.png\" alt=\"\"\/><figcaption class=\"wp-element-caption\">Aprenda a combinar ilumina\u00e7\u00e3o, tecnologia e sustentabilidade<\/figcaption><\/figure>\n\n\n\n<h2 class=\"wp-block-heading\">Quais s\u00e3o as diferen\u00e7as pr\u00e1ticas entre LED e OLED?<\/h2>\n\n\n\n<p>A principal diferen\u00e7a entre\u00a0<strong>luz LED<\/strong>\u00a0e<a href=\"https:\/\/www.pinterest.com\/toxmemorq\/oled\/\" target=\"_blank\" rel=\"noreferrer noopener\">\u00a0<strong>luz OLED<\/strong>\u00a0<\/a>est\u00e1 na forma como o brilho \u00e9 distribu\u00eddo no ambiente e percebido pelos olhos. O LED tradicional concentra a luz em pontos espec\u00edficos, enquanto o OLED usa superf\u00edcies emissoras, criando uma claridade mais uniforme, suave e menos agressiva para usos prolongados, como leitura ou descanso.<\/p>\n\n\n\n<p>Essas caracter\u00edsticas influenciam diretamente o design e a aplica\u00e7\u00e3o de cada tecnologia, abrindo espa\u00e7o para usos bastante distintos em um mesmo projeto de ilumina\u00e7\u00e3o.<\/p>\n\n\n\n<ul class=\"wp-block-list\">\n<li><strong>Formato da fonte de luz:<\/strong>\u00a0o LED costuma ser um ponto emissor; o OLED funciona como uma superf\u00edcie iluminada.<\/li>\n\n\n\n<li><strong>Espessura:<\/strong>\u00a0m\u00f3dulos LED exigem carca\u00e7a, dissipador e soquete; pain\u00e9is OLED podem ter poucos mil\u00edmetros.<\/li>\n\n\n\n<li><strong>Aplica\u00e7\u00e3o:<\/strong>\u00a0LEDs aparecem em spots, fitas e l\u00e2mpadas; OLEDs surgem como placas, pain\u00e9is e superf\u00edcies embutidas.<\/li>\n<\/ul>\n\n\n\n<iframe loading=\"lazy\" src=\"https:\/\/assets.pinterest.com\/ext\/embed.html?id=1076782592167052746\" height=\"618\" width=\"345\" frameborder=\"0\" scrolling=\"no\" ><\/iframe>\n\n\n\n<h2 class=\"wp-block-heading\">LED ainda \u00e9 a op\u00e7\u00e3o mais econ\u00f4mica para o dia a dia?<\/h2>\n\n\n\n<p>Quando o assunto \u00e9 consumo de energia, a&nbsp;<strong>l\u00e2mpada LED<\/strong>&nbsp;permanece em vantagem na maior parte dos cen\u00e1rios residenciais. Em termos de luminosidade por watt, o LED entrega mais luz com menos gasto, o que ajuda a manter a conta de eletricidade sob controle, especialmente em casas com muitos pontos de ilumina\u00e7\u00e3o ligados por longos per\u00edodos.<\/p>\n\n\n\n<p>Al\u00e9m da efici\u00eancia, a vida \u00fatil de um LED de boa qualidade pode chegar a dezenas de milhares de horas, reduzindo trocas e manuten\u00e7\u00e3o. J\u00e1 os pain\u00e9is OLED ainda tendem a ter custo mais alto e efici\u00eancia um pouco menor, sendo mais usados como complemento est\u00e9tico e de conforto do que como fonte principal de luz.<\/p>\n\n\n\n<h2 class=\"wp-block-heading\">Onde a ilumina\u00e7\u00e3o OLED gera mais conforto em casa?<\/h2>\n\n\n\n<p>A&nbsp;<strong>ilumina\u00e7\u00e3o OLED<\/strong>&nbsp;se destaca em projetos que priorizam bem-estar visual, design limpo e integra\u00e7\u00e3o com superf\u00edcies. Por serem finos e, em alguns casos, flex\u00edveis, os pain\u00e9is podem ser embutidos em paredes, m\u00f3veis e forros, quase invis\u00edveis quando desligados e muito agrad\u00e1veis quando acesos.<\/p>\n\n\n\n<iframe loading=\"lazy\" src=\"https:\/\/assets.pinterest.com\/ext\/embed.html?id=975733075527184400\" height=\"618\" width=\"345\" frameborder=\"0\" scrolling=\"no\" ><\/iframe>\n\n\n\n<p>Essas caracter\u00edsticas tornam o OLED uma escolha estrat\u00e9gica para criar atmosferas acolhedoras, ilumina\u00e7\u00e3o indireta e pontos de destaque em ambientes espec\u00edficos da casa.<\/p>\n\n\n\n<ul class=\"wp-block-list\">\n<li><strong>Quartos e su\u00edtes:<\/strong>\u00a0luz suave junto \u00e0 cabeceira, ideal para leitura sem ofuscar ou cansar os olhos.<\/li>\n\n\n\n<li><strong>Salas de estar:<\/strong>\u00a0pain\u00e9is em paredes ou m\u00f3veis, criando um fundo luminoso aconchegante.<\/li>\n\n\n\n<li><strong>Home office:<\/strong>\u00a0superf\u00edcies luminosas que reduzem sombras e reflexos em telas e mesas de trabalho.<\/li>\n\n\n\n<li><strong>Corredores e halls:<\/strong>\u00a0elementos embutidos que iluminam com discri\u00e7\u00e3o e aumentam a seguran\u00e7a \u00e0 noite.<\/li>\n<\/ul>\n\n\n\n<h2 class=\"wp-block-heading\">Como combinar LED e OLED para ter efici\u00eancia e bem-estar agora?<\/h2>\n\n\n\n<p>Em 2026, n\u00e3o existe o \u201cfim da era LED\u201d, mas sim um cen\u00e1rio em que LED e OLED se complementam para equilibrar economia e qualidade da luz. A abordagem mais inteligente \u00e9 usar LED como base de ilumina\u00e7\u00e3o geral e recorrer ao OLED em pontos estrat\u00e9gicos, criando camadas de luz que atendam tarefas, relaxamento e est\u00e9tica em diferentes momentos do dia.<\/p>\n\n\n\n<p>Se voc\u00ea est\u00e1 planejando atualizar a ilumina\u00e7\u00e3o da sua casa, n\u00e3o adie essa decis\u00e3o: comece definindo onde precisa de pot\u00eancia e onde precisa de conforto, mantendo&nbsp;<strong>l\u00e2mpadas LED<\/strong>&nbsp;em \u00e1reas funcionais e adicionando&nbsp;<strong>pain\u00e9is OLED<\/strong>&nbsp;em zonas de descanso e destaque. Dar esse passo agora pode transformar a rotina, reduzir o cansa\u00e7o visual e modernizar seus ambientes com impacto imediato \u2014 aproveite o momento para revisar seu projeto de luz antes da pr\u00f3xima conta de energia chegar.<\/p>\n","protected":false},"excerpt":{"rendered":"<p>Em 2026, muita gente ainda se pergunta se as l\u00e2mpadas LED v\u00e3o ser superadas rapidamente por novas tecnologias, mas a realidade \u00e9 que elas continuam dominando a maioria das casas gra\u00e7as \u00e0 economia de energia e \u00e0 longa durabilidade. Ao mesmo tempo, solu\u00e7\u00f5es mais avan\u00e7adas, como pain\u00e9is ultrafinos e superf\u00edcies luminosas, ganham espa\u00e7o por entregarem [&hellip;]<\/p>\n","protected":false},"author":11,"featured_media":202740,"comment_status":"open","ping_status":"open","sticky":false,"template":"","format":"standard","meta":{"jnews-multi-image_gallery":[],"jnews_single_post":{"format":"standard"},"jnews_primary_category":[],"jnews_social_meta":[],"jnews_override_counter":[],"footnotes":""},"categories":[8819,1],"tags":[8853,18862,11707,29116],"class_list":["post-202400","post","type-post","status-publish","format-standard","has-post-thumbnail","hentry","category-curiosidades","category-noticias","tag-iluminacao","tag-lampada","tag-led","tag-oled"],"yoast_head":"<!-- This site is optimized with the Yoast SEO plugin v23.8 - https:\/\/yoast.com\/wordpress\/plugins\/seo\/ -->\n<title>Os h\u00fangaros est\u00e3o substituindo as l\u00e2mpadas por LED com essa nova tecnologia - Estado de Minas - Em foco<\/title>\n<meta name=\"description\" content=\"LED ainda domina, mas OLED est\u00e1 ganhando espa\u00e7o na ilumina\u00e7\u00e3o. Entenda qual escolher para mais economia e conforto na sua casa.\" \/>\n<meta name=\"robots\" content=\"index, follow, max-snippet:-1, max-image-preview:large, max-video-preview:-1\" \/>\n<link rel=\"canonical\" href=\"https:\/\/www.em.com.br\/emfoco\/2026\/05\/02\/os-hungaros-estao-substituindo-as-lampadas-por-led-com-essa-nova-tecnologia\/\" \/>\n<meta property=\"og:locale\" content=\"pt_BR\" \/>\n<meta property=\"og:type\" content=\"article\" \/>\n<meta property=\"og:title\" content=\"Os h\u00fangaros est\u00e3o substituindo as l\u00e2mpadas por LED com essa nova tecnologia - Estado de Minas - Em foco\" \/>\n<meta property=\"og:description\" content=\"LED ainda domina, mas OLED est\u00e1 ganhando espa\u00e7o na ilumina\u00e7\u00e3o. Entenda qual escolher para mais economia e conforto na sua casa.\" \/>\n<meta property=\"og:url\" content=\"https:\/\/www.em.com.br\/emfoco\/2026\/05\/02\/os-hungaros-estao-substituindo-as-lampadas-por-led-com-essa-nova-tecnologia\/\" \/>\n<meta property=\"og:site_name\" content=\"Estado de Minas - Em foco\" \/>\n<meta property=\"article:published_time\" content=\"2026-05-02T19:45:00+00:00\" \/>\n<meta property=\"article:modified_time\" content=\"2026-05-01T18:14:15+00:00\" \/>\n<meta property=\"og:image\" content=\"https:\/\/www.em.com.br\/emfoco\/wp-content\/uploads\/2026\/05\/EmFoco_15-1.jpg\" \/>\n\t<meta property=\"og:image:width\" content=\"1280\" \/>\n\t<meta property=\"og:image:height\" content=\"720\" \/>\n\t<meta property=\"og:image:type\" content=\"image\/jpeg\" \/>\n<meta name=\"author\" content=\"Andre\u0301 Rangel\u00a0\" \/>\n<meta name=\"twitter:card\" content=\"summary_large_image\" \/>\n<meta name=\"twitter:label1\" content=\"Escrito por\" \/>\n\t<meta name=\"twitter:data1\" content=\"Andre\u0301 Rangel\u00a0\" \/>\n\t<meta name=\"twitter:label2\" content=\"Est. tempo de leitura\" \/>\n\t<meta name=\"twitter:data2\" content=\"5 minutos\" \/>\n<!-- \/ Yoast SEO plugin. -->","yoast_head_json":{"title":"Os h\u00fangaros est\u00e3o substituindo as l\u00e2mpadas por LED com essa nova tecnologia - Estado de Minas - Em foco","description":"LED ainda domina, mas OLED est\u00e1 ganhando espa\u00e7o na ilumina\u00e7\u00e3o. Entenda qual escolher para mais economia e conforto na sua casa.","robots":{"index":"index","follow":"follow","max-snippet":"max-snippet:-1","max-image-preview":"max-image-preview:large","max-video-preview":"max-video-preview:-1"},"canonical":"https:\/\/www.em.com.br\/emfoco\/2026\/05\/02\/os-hungaros-estao-substituindo-as-lampadas-por-led-com-essa-nova-tecnologia\/","og_locale":"pt_BR","og_type":"article","og_title":"Os h\u00fangaros est\u00e3o substituindo as l\u00e2mpadas por LED com essa nova tecnologia - Estado de Minas - Em foco","og_description":"LED ainda domina, mas OLED est\u00e1 ganhando espa\u00e7o na ilumina\u00e7\u00e3o. Entenda qual escolher para mais economia e conforto na sua casa.","og_url":"https:\/\/www.em.com.br\/emfoco\/2026\/05\/02\/os-hungaros-estao-substituindo-as-lampadas-por-led-com-essa-nova-tecnologia\/","og_site_name":"Estado de Minas - Em foco","article_published_time":"2026-05-02T19:45:00+00:00","article_modified_time":"2026-05-01T18:14:15+00:00","og_image":[{"width":1280,"height":720,"url":"https:\/\/www.em.com.br\/emfoco\/wp-content\/uploads\/2026\/05\/EmFoco_15-1.jpg","type":"image\/jpeg"}],"author":"Andre\u0301 Rangel\u00a0","twitter_card":"summary_large_image","twitter_misc":{"Escrito por":"Andre\u0301 Rangel\u00a0","Est. tempo de leitura":"5 minutos"},"schema":{"@context":"https:\/\/schema.org","@graph":[{"@type":"WebPage","@id":"https:\/\/www.em.com.br\/emfoco\/2026\/05\/02\/os-hungaros-estao-substituindo-as-lampadas-por-led-com-essa-nova-tecnologia\/","url":"https:\/\/www.em.com.br\/emfoco\/2026\/05\/02\/os-hungaros-estao-substituindo-as-lampadas-por-led-com-essa-nova-tecnologia\/","name":"Os h\u00fangaros est\u00e3o substituindo as l\u00e2mpadas por LED com essa nova tecnologia - Estado de Minas - Em foco","isPartOf":{"@id":"https:\/\/www.em.com.br\/emfoco\/#website"},"primaryImageOfPage":{"@id":"https:\/\/www.em.com.br\/emfoco\/2026\/05\/02\/os-hungaros-estao-substituindo-as-lampadas-por-led-com-essa-nova-tecnologia\/#primaryimage"},"image":{"@id":"https:\/\/www.em.com.br\/emfoco\/2026\/05\/02\/os-hungaros-estao-substituindo-as-lampadas-por-led-com-essa-nova-tecnologia\/#primaryimage"},"thumbnailUrl":"https:\/\/www.em.com.br\/emfoco\/wp-content\/uploads\/2026\/05\/EmFoco_15-1.jpg","datePublished":"2026-05-02T19:45:00+00:00","dateModified":"2026-05-01T18:14:15+00:00","author":{"@id":"https:\/\/www.em.com.br\/emfoco\/#\/schema\/person\/60eda09c1fedf0d6891f4cef4b60b8b8"},"description":"LED ainda domina, mas OLED est\u00e1 ganhando espa\u00e7o na ilumina\u00e7\u00e3o. Entenda qual escolher para mais economia e conforto na sua casa.","breadcrumb":{"@id":"https:\/\/www.em.com.br\/emfoco\/2026\/05\/02\/os-hungaros-estao-substituindo-as-lampadas-por-led-com-essa-nova-tecnologia\/#breadcrumb"},"inLanguage":"pt-BR","potentialAction":[{"@type":"ReadAction","target":["https:\/\/www.em.com.br\/emfoco\/2026\/05\/02\/os-hungaros-estao-substituindo-as-lampadas-por-led-com-essa-nova-tecnologia\/"]}]},{"@type":"ImageObject","inLanguage":"pt-BR","@id":"https:\/\/www.em.com.br\/emfoco\/2026\/05\/02\/os-hungaros-estao-substituindo-as-lampadas-por-led-com-essa-nova-tecnologia\/#primaryimage","url":"https:\/\/www.em.com.br\/emfoco\/wp-content\/uploads\/2026\/05\/EmFoco_15-1.jpg","contentUrl":"https:\/\/www.em.com.br\/emfoco\/wp-content\/uploads\/2026\/05\/EmFoco_15-1.jpg","width":1280,"height":720,"caption":"Tecnologias LED e OLED equilibram efici\u00eancia energ\u00e9tica e conforto visual nos ambientes"},{"@type":"BreadcrumbList","@id":"https:\/\/www.em.com.br\/emfoco\/2026\/05\/02\/os-hungaros-estao-substituindo-as-lampadas-por-led-com-essa-nova-tecnologia\/#breadcrumb","itemListElement":[{"@type":"ListItem","position":1,"name":"In\u00edcio","item":"https:\/\/www.em.com.br\/emfoco\/"},{"@type":"ListItem","position":2,"name":"Os h\u00fangaros est\u00e3o substituindo as l\u00e2mpadas por LED com essa nova tecnologia"}]},{"@type":"WebSite","@id":"https:\/\/www.em.com.br\/emfoco\/#website","url":"https:\/\/www.em.com.br\/emfoco\/","name":"Estado de Minas - Em foco","description":"Acompanhe as \u00faltimas not\u00edcias e fique bem informado sobre tudo o que acontece em Minas Gerais, Brasil e no mundo.","potentialAction":[{"@type":"SearchAction","target":{"@type":"EntryPoint","urlTemplate":"https:\/\/www.em.com.br\/emfoco\/?s={search_term_string}"},"query-input":{"@type":"PropertyValueSpecification","valueRequired":true,"valueName":"search_term_string"}}],"inLanguage":"pt-BR"},{"@type":"Person","@id":"https:\/\/www.em.com.br\/emfoco\/#\/schema\/person\/60eda09c1fedf0d6891f4cef4b60b8b8","name":"Andre\u0301 Rangel\u00a0","image":{"@type":"ImageObject","inLanguage":"pt-BR","@id":"https:\/\/www.em.com.br\/emfoco\/#\/schema\/person\/image\/","url":"https:\/\/secure.gravatar.com\/avatar\/6234dc814c77c8ef6d8bba622c787efc?s=96&d=mm&r=g","contentUrl":"https:\/\/secure.gravatar.com\/avatar\/6234dc814c77c8ef6d8bba622c787efc?s=96&d=mm&r=g","caption":"Andre\u0301 Rangel\u00a0"},"url":"https:\/\/www.em.com.br\/emfoco\/author\/luizmyth\/"}]}},"_links":{"self":[{"href":"https:\/\/www.em.com.br\/emfoco\/wp-json\/wp\/v2\/posts\/202400","targetHints":{"allow":["GET"]}}],"collection":[{"href":"https:\/\/www.em.com.br\/emfoco\/wp-json\/wp\/v2\/posts"}],"about":[{"href":"https:\/\/www.em.com.br\/emfoco\/wp-json\/wp\/v2\/types\/post"}],"author":[{"embeddable":true,"href":"https:\/\/www.em.com.br\/emfoco\/wp-json\/wp\/v2\/users\/11"}],"replies":[{"embeddable":true,"href":"https:\/\/www.em.com.br\/emfoco\/wp-json\/wp\/v2\/comments?post=202400"}],"version-history":[{"count":3,"href":"https:\/\/www.em.com.br\/emfoco\/wp-json\/wp\/v2\/posts\/202400\/revisions"}],"predecessor-version":[{"id":202407,"href":"https:\/\/www.em.com.br\/emfoco\/wp-json\/wp\/v2\/posts\/202400\/revisions\/202407"}],"wp:featuredmedia":[{"embeddable":true,"href":"https:\/\/www.em.com.br\/emfoco\/wp-json\/wp\/v2\/media\/202740"}],"wp:attachment":[{"href":"https:\/\/www.em.com.br\/emfoco\/wp-json\/wp\/v2\/media?parent=202400"}],"wp:term":[{"taxonomy":"category","embeddable":true,"href":"https:\/\/www.em.com.br\/emfoco\/wp-json\/wp\/v2\/categories?post=202400"},{"taxonomy":"post_tag","embeddable":true,"href":"https:\/\/www.em.com.br\/emfoco\/wp-json\/wp\/v2\/tags?post=202400"}],"curies":[{"name":"wp","href":"https:\/\/api.w.org\/{rel}","templated":true}]}}