{"id":202358,"date":"2026-05-01T12:20:00","date_gmt":"2026-05-01T15:20:00","guid":{"rendered":"https:\/\/www.em.com.br\/emfoco\/?p=202358"},"modified":"2026-05-01T07:08:07","modified_gmt":"2026-05-01T10:08:07","slug":"oficial-e-confirmado-pelas-autoridades-fechamento-das-escolas-em-maio-nao-havera-aulas-na-pre-escola-no-ensino-fundamental-ou-no-ensino-medio","status":"publish","type":"post","link":"https:\/\/www.em.com.br\/emfoco\/2026\/05\/01\/oficial-e-confirmado-pelas-autoridades-fechamento-das-escolas-em-maio-nao-havera-aulas-na-pre-escola-no-ensino-fundamental-ou-no-ensino-medio\/","title":{"rendered":"Oficial e confirmado pelas autoridades: fechamento das escolas em maio, n\u00e3o haver\u00e1 aulas na pr\u00e9-escola, no ensino fundamental ou no ensino m\u00e9dio"},"content":{"rendered":"\n<p>O calend\u00e1rio de maio de 2026 guarda uma surpresa para quem sabe olhar al\u00e9m do<strong> Dia do Trabalho<\/strong>: tr\u00eas datas exclusivamente locais transformam cidades como <strong>Arraial do Cabo, Po\u00e7os de Caldas e Caxias do Sul<\/strong> em destinos ideais para escapadas curtas. Com voos e estradas menos disputados do que nos feriad\u00f5es nacionais, esses intervalos municipais s\u00e3o o tipo de oportunidade que quem planejou com anteced\u00eancia vai aproveitar, e quem n\u00e3o planejou vai lamentar ter perdido.<\/p>\n\n\n\n<h2 class=\"wp-block-heading\">O que s\u00e3o os feriados municipais e por que eles importam para quem viaja?<\/h2>\n\n\n\n<p>Feriados municipais s\u00e3o datas decretadas por lei local, v\u00e1lidas apenas dentro dos limites do munic\u00edpio que as instituiu. Eles n\u00e3o aparecem no calend\u00e1rio nacional e costumam passar despercebidos por quem mora em outras cidades, o que cria uma vantagem real para o viajante: enquanto o destino para, os hot\u00e9is ficam com ocupa\u00e7\u00e3o menor do que nos feriados nacionais, os restaurantes ficam mais tranquilos e a experi\u00eancia de explorar a cidade ganha outra dimens\u00e3o.<\/p>\n\n\n\n<p>Em maio de 2026, ao menos dois blocos de datas se destacam no mapa tur\u00edstico do Brasil. O primeiro concentra celebra\u00e7\u00f5es no dia 13 de maio, quando munic\u00edpios como&nbsp;<strong>Arraial do Cabo<\/strong>&nbsp;(RJ) e&nbsp;<strong>Po\u00e7os de Caldas<\/strong>&nbsp;(MG) comemoram seus anivers\u00e1rios de emancipa\u00e7\u00e3o. O segundo cai em 26 de maio, uma ter\u00e7a-feira, quando&nbsp;<strong>Caxias do Sul<\/strong>&nbsp;(RS) celebra a Festa de&nbsp;<strong>Nossa Senhora de Caravaggio<\/strong>, feriado religioso municipal garantido por lei desde 1987.<\/p>\n\n\n\n<figure class=\"wp-block-image size-large\"><img loading=\"lazy\" decoding=\"async\" width=\"1024\" height=\"572\" src=\"https:\/\/www.em.com.br\/emfoco\/wp-content\/uploads\/2026\/04\/magnific_mapa-do-brasil-com-cidade_2902544978-1024x572.jpeg\" alt=\"\" class=\"wp-image-202586\" srcset=\"https:\/\/www.em.com.br\/emfoco\/wp-content\/uploads\/2026\/04\/magnific_mapa-do-brasil-com-cidade_2902544978-1024x572.jpeg 1024w, https:\/\/www.em.com.br\/emfoco\/wp-content\/uploads\/2026\/04\/magnific_mapa-do-brasil-com-cidade_2902544978-300x167.jpeg 300w, https:\/\/www.em.com.br\/emfoco\/wp-content\/uploads\/2026\/04\/magnific_mapa-do-brasil-com-cidade_2902544978-768x429.jpeg 768w, https:\/\/www.em.com.br\/emfoco\/wp-content\/uploads\/2026\/04\/magnific_mapa-do-brasil-com-cidade_2902544978-750x419.jpeg 750w, https:\/\/www.em.com.br\/emfoco\/wp-content\/uploads\/2026\/04\/magnific_mapa-do-brasil-com-cidade_2902544978-1140x636.jpeg 1140w, https:\/\/www.em.com.br\/emfoco\/wp-content\/uploads\/2026\/04\/magnific_mapa-do-brasil-com-cidade_2902544978.jpeg 1376w\" sizes=\"auto, (max-width: 1024px) 100vw, 1024px\" \/><figcaption class=\"wp-element-caption\">Maio de 2026 tem feriados locais em v\u00e1rias cidades e Arraial do Cabo entra na lista com festa de anivers\u00e1rio e praias cheias de vantagens<\/figcaption><\/figure>\n\n\n\n<h2 class=\"wp-block-heading\">Quais cidades brasileiras t\u00eam feriado local em maio de 2026?<\/h2>\n\n\n\n<p>O m\u00eas concentra mais datas do que a maioria das pessoas imagina. A tabela abaixo re\u00fane os munic\u00edpios confirmados, com suas respectivas motiva\u00e7\u00f5es e o dia da semana em que cada feriado cai, informa\u00e7\u00e3o decisiva para quem quer montar uma viagem sem usar dias de f\u00e9rias.<\/p>\n\n\n\n<figure class=\"wp-block-table\"><table class=\"has-fixed-layout\"><thead><tr><th>Munic\u00edpio<\/th><th>Data<\/th><th>Dia da semana<\/th><th>Motivo<\/th><\/tr><\/thead><tbody><tr><td>Arraial do Cabo (RJ)<\/td><td>13 de maio<\/td><td>Quarta-feira<\/td><td>Anivers\u00e1rio da cidade<\/td><\/tr><tr><td>Po\u00e7os de Caldas (MG)<\/td><td>13 de maio<\/td><td>Quarta-feira<\/td><td>Anivers\u00e1rio da cidade<\/td><\/tr><tr><td>Cristina (MG)<\/td><td>13 de maio<\/td><td>Quarta-feira<\/td><td>Anivers\u00e1rio da cidade<\/td><\/tr><tr><td>Sorriso (MT)<\/td><td>13 de maio<\/td><td>Quarta-feira<\/td><td>Anivers\u00e1rio da cidade<\/td><\/tr><tr><td>Jaboat\u00e3o dos Guararapes (PE)<\/td><td>4 de maio<\/td><td>Segunda-feira<\/td><td>Anivers\u00e1rio do munic\u00edpio<\/td><\/tr><tr><td>Caxias do Sul (RS)<\/td><td>26 de maio<\/td><td>Ter\u00e7a-feira<\/td><td>Nossa Senhora de Caravaggio<\/td><\/tr><\/tbody><\/table><\/figure>\n\n\n\n<h2 class=\"wp-block-heading\">Por que Arraial do Cabo \u00e9 o destino certo para o feriado de 13 de maio?<\/h2>\n\n\n\n<p><strong>Arraial do Cabo<\/strong>&nbsp;celebra, em 13 de maio, os 41 anos de emancipa\u00e7\u00e3o pol\u00edtica, e a cidade da&nbsp;<strong>Regi\u00e3o dos Lagos<\/strong>&nbsp;no Rio de Janeiro n\u00e3o deixa a data passar em sil\u00eancio. A prefeitura confirmou para 2026 uma programa\u00e7\u00e3o de shows com artistas nacionais entre os dias 14 e 17 de maio, com palco montado na&nbsp;<strong>Praia dos Anjos<\/strong>, ponto central das festividades de anivers\u00e1rio da cidade. Para al\u00e9m da festa, o destino oferece o que o colocou no mapa do turismo nacional: praias de \u00e1gua cristalina, mergulho em grutas submarinas e o visual que rendeu o apelido de &#8220;Caribe brasileiro&#8221;.<\/p>\n\n\n\n<p>Quem planeja a viagem ao redor do feriado municipal tem algumas vantagens pr\u00e1ticas a considerar. A Regi\u00e3o dos Lagos costuma lotar nos feriados nacionais de abril e junho, mas o anivers\u00e1rio de Arraial n\u00e3o atrai o mesmo fluxo de visitantes de fora, o que significa praias menos cheias e tarifas de hospedagem ainda equilibradas. Uma chegada na ter\u00e7a-feira, 12, j\u00e1 garante acompanhar o in\u00edcio das celebra\u00e7\u00f5es.<\/p>\n\n\n\n<ul class=\"wp-block-list\">\n<li>Passeio de escuna pelas grutas do Farol e pela Praia do Forno, com paradas para mergulho livre<\/li>\n\n\n\n<li>Visita \u00e0&nbsp;<strong>Praia dos Anjos<\/strong>, a mais hist\u00f3rica da cidade, de onde sa\u00edam as embarca\u00e7\u00f5es pesqueiras<\/li>\n\n\n\n<li>Trilha at\u00e9 a Prainhas do Pontal do Atalaia, com vista panor\u00e2mica das lagoas e do mar<\/li>\n\n\n\n<li>Explora\u00e7\u00e3o do centro hist\u00f3rico e da feira de artesanato local durante as comemora\u00e7\u00f5es de anivers\u00e1rio<\/li>\n<\/ul>\n\n\n\n<figure class=\"wp-block-image size-large\"><img loading=\"lazy\" decoding=\"async\" width=\"1024\" height=\"572\" src=\"https:\/\/www.em.com.br\/emfoco\/wp-content\/uploads\/2026\/05\/magnific_cidade-turistica-brasilei_2902539940-1024x572.jpeg\" alt=\"\" class=\"wp-image-202588\" srcset=\"https:\/\/www.em.com.br\/emfoco\/wp-content\/uploads\/2026\/05\/magnific_cidade-turistica-brasilei_2902539940-1024x572.jpeg 1024w, https:\/\/www.em.com.br\/emfoco\/wp-content\/uploads\/2026\/05\/magnific_cidade-turistica-brasilei_2902539940-300x167.jpeg 300w, https:\/\/www.em.com.br\/emfoco\/wp-content\/uploads\/2026\/05\/magnific_cidade-turistica-brasilei_2902539940-768x429.jpeg 768w, https:\/\/www.em.com.br\/emfoco\/wp-content\/uploads\/2026\/05\/magnific_cidade-turistica-brasilei_2902539940-750x419.jpeg 750w, https:\/\/www.em.com.br\/emfoco\/wp-content\/uploads\/2026\/05\/magnific_cidade-turistica-brasilei_2902539940-1140x636.jpeg 1140w, https:\/\/www.em.com.br\/emfoco\/wp-content\/uploads\/2026\/05\/magnific_cidade-turistica-brasilei_2902539940.jpeg 1376w\" sizes=\"auto, (max-width: 1024px) 100vw, 1024px\" \/><figcaption class=\"wp-element-caption\">Feriados municipais em maio de 2026 incluem cidades como Arraial do Cabo e Caxias do Sul e ajudam a planejar viagens sem gastar f\u00e9rias<\/figcaption><\/figure>\n\n\n\n<h2 class=\"wp-block-heading\">O que torna Po\u00e7os de Caldas um roteiro diferente para quem viaja em maio?<\/h2>\n\n\n\n<p><strong>Po\u00e7os de Caldas<\/strong>&nbsp;\u00e9 um dos destinos de turismo termal mais tradicionais do Brasil, e o feriado de 13 de maio, anivers\u00e1rio do munic\u00edpio, \u00e9 uma oportunidade para conhecer a cidade com ritmo mais lento do que o habitual nos fins de semana. Situada no Sul de Minas Gerais, dentro de uma das maiores caldeiras vulc\u00e2nicas do mundo, a cidade combina natureza, arquitetura hist\u00f3rica e bem-estar de forma que poucos destinos brasileiros conseguem.<\/p>\n\n\n\n<p>A viagem rende bem em tr\u00eas dias, tempo suficiente para percorrer os principais roteiros a p\u00e9 e aproveitar as termas. Algumas atra\u00e7\u00f5es se destacam no planejamento:<\/p>\n\n\n\n<ul class=\"wp-block-list\">\n<li>Banho terap\u00eautico nas&nbsp;<strong>Thermas Ant\u00f4nio Carlos<\/strong>, o balne\u00e1rio mais tradicional da cidade, com arquitetura neocl\u00e1ssica dos anos 1920<\/li>\n\n\n\n<li>Subida \u00e0&nbsp;<strong>Serra de S\u00e3o Domingos<\/strong>, onde est\u00e1 o Cristo Redentor local, com mais de 30 metros de altura e vista panor\u00e2mica da cidade<\/li>\n\n\n\n<li>Passeio pelo&nbsp;<strong>Parque Jos\u00e9 Affonso Junqueira<\/strong>, o cora\u00e7\u00e3o verde do centro hist\u00f3rico, com \u00e1rvores centen\u00e1rias e o Palace Casino restaurado<\/li>\n\n\n\n<li>Visita \u00e0&nbsp;<strong>Cachoeira V\u00e9u das Noivas<\/strong>&nbsp;e ao&nbsp;<strong>Recanto Japon\u00eas<\/strong>, a poucos quil\u00f4metros do centro<\/li>\n<\/ul>\n\n\n\n<h2 class=\"wp-block-heading\">Vale fazer uma viagem s\u00f3 para o feriado de Caravaggio em Caxias do Sul?<\/h2>\n\n\n\n<p>Vale, e os n\u00fameros de quem j\u00e1 foi confirmam. O feriado de&nbsp;<strong>Nossa Senhora de Caravaggio<\/strong>, em 26 de maio, \u00e9 o mais especial do calend\u00e1rio de&nbsp;<strong>Caxias do Sul<\/strong>: a cidade para, e milhares de moradores caminham em prociss\u00e3o at\u00e9 o Santu\u00e1rio de Caravaggio, localizado na cidade vizinha de&nbsp;<strong>Farroupilha<\/strong>, no cora\u00e7\u00e3o da Serra Ga\u00facha. A devo\u00e7\u00e3o tem ra\u00edzes profundas na hist\u00f3ria da imigra\u00e7\u00e3o italiana na regi\u00e3o, e assistir \u00e0 romaria \u00e9 uma experi\u00eancia cultural dif\u00edcil de encontrar em outro lugar do Brasil. O feriado caindo numa ter\u00e7a-feira em 2026 permite uma emenda generosa: quem folga na segunda-feira 25 garante quatro dias seguidos na Serra Ga\u00facha.<\/p>\n\n\n\n<p>A regi\u00e3o ao redor de Caxias do Sul concentra um dos roteiros enotur\u00edsticos mais densos do Sul do pa\u00eds, com adegas, cantinas e restaurantes que transformam qualquer visita numa imers\u00e3o gastron\u00f4mica. A combina\u00e7\u00e3o de f\u00e9, paisagem e mesa farta \u00e9 o que explica a fidelidade dos visitantes que voltam a cada ano para o feriado de Caravaggio.<\/p>\n\n\n\n<h2 class=\"wp-block-heading\">Pronto para reservar antes que os pre\u00e7os subam?<\/h2>\n\n\n\n<p>Feriados municipais t\u00eam prazo de validade para o planejamento: chegam e passam sem o alvoro\u00e7o das grandes datas nacionais, o que mant\u00e9m os pre\u00e7os razo\u00e1veis at\u00e9 pouco antes da viagem, mas a janela fecha r\u00e1pido quando os moradores locais come\u00e7am a reservar os mesmos hot\u00e9is. Escolha o destino que mais faz sentido para o seu perfil, verifique a programa\u00e7\u00e3o oficial da prefeitura local e monte o roteiro com calma. Essa \u00e9 a l\u00f3gica de quem transforma um feriado municipal num dos melhores passeios do ano.<\/p>\n","protected":false},"excerpt":{"rendered":"<p>O calend\u00e1rio de maio de 2026 guarda uma surpresa para quem sabe olhar al\u00e9m do Dia do Trabalho: tr\u00eas datas exclusivamente locais transformam cidades como Arraial do Cabo, Po\u00e7os de Caldas e Caxias do Sul em destinos ideais para escapadas curtas. Com voos e estradas menos disputados do que nos feriad\u00f5es nacionais, esses intervalos municipais [&hellip;]<\/p>\n","protected":false},"author":19,"featured_media":202590,"comment_status":"open","ping_status":"open","sticky":false,"template":"","format":"standard","meta":{"jnews-multi-image_gallery":[],"jnews_single_post":{"format":"standard"},"jnews_primary_category":[],"jnews_social_meta":[],"jnews_override_counter":[],"footnotes":""},"categories":[1],"tags":[3688,19764,29132,263],"class_list":["post-202358","post","type-post","status-publish","format-standard","has-post-thumbnail","hentry","category-noticias","tag-escolas","tag-escolas-fechadas","tag-fechamento-das-escolas","tag-feriado"],"yoast_head":"<!-- This site is optimized with the Yoast SEO plugin v23.8 - https:\/\/yoast.com\/wordpress\/plugins\/seo\/ -->\n<title>Oficial e confirmado pelas autoridades: fechamento das escolas em maio, n\u00e3o haver\u00e1 aulas na pr\u00e9-escola, no ensino fundamental ou no ensino m\u00e9dio - Estado de Minas - Em foco<\/title>\n<meta name=\"description\" content=\"Feriados municipais de maio de 2026 transformam Arraial do Cabo, Po\u00e7os de Caldas e Caxias do Sul em destinos ideais para escapadas curtas. Veja o calend\u00e1rio e os melhores roteiros.\" \/>\n<meta name=\"robots\" content=\"index, follow, max-snippet:-1, max-image-preview:large, max-video-preview:-1\" \/>\n<link rel=\"canonical\" href=\"https:\/\/www.em.com.br\/emfoco\/2026\/05\/01\/oficial-e-confirmado-pelas-autoridades-fechamento-das-escolas-em-maio-nao-havera-aulas-na-pre-escola-no-ensino-fundamental-ou-no-ensino-medio\/\" \/>\n<meta property=\"og:locale\" content=\"pt_BR\" \/>\n<meta property=\"og:type\" content=\"article\" \/>\n<meta property=\"og:title\" content=\"Oficial e confirmado pelas autoridades: fechamento das escolas em maio, n\u00e3o haver\u00e1 aulas na pr\u00e9-escola, no ensino fundamental ou no ensino m\u00e9dio - Estado de Minas - Em foco\" \/>\n<meta property=\"og:description\" content=\"Feriados municipais de maio de 2026 transformam Arraial do Cabo, Po\u00e7os de Caldas e Caxias do Sul em destinos ideais para escapadas curtas. Veja o calend\u00e1rio e os melhores roteiros.\" \/>\n<meta property=\"og:url\" content=\"https:\/\/www.em.com.br\/emfoco\/2026\/05\/01\/oficial-e-confirmado-pelas-autoridades-fechamento-das-escolas-em-maio-nao-havera-aulas-na-pre-escola-no-ensino-fundamental-ou-no-ensino-medio\/\" \/>\n<meta property=\"og:site_name\" content=\"Estado de Minas - Em foco\" \/>\n<meta property=\"article:published_time\" content=\"2026-05-01T15:20:00+00:00\" \/>\n<meta property=\"article:modified_time\" content=\"2026-05-01T10:08:07+00:00\" \/>\n<meta property=\"og:image\" content=\"https:\/\/www.em.com.br\/emfoco\/wp-content\/uploads\/2026\/05\/magnific_calendario-aberto-sobre-m_2902573384.jpeg\" \/>\n\t<meta property=\"og:image:width\" content=\"1376\" \/>\n\t<meta property=\"og:image:height\" content=\"768\" \/>\n\t<meta property=\"og:image:type\" content=\"image\/jpeg\" \/>\n<meta name=\"author\" content=\"Vanessa Tavares\" \/>\n<meta name=\"twitter:card\" content=\"summary_large_image\" \/>\n<meta name=\"twitter:label1\" content=\"Escrito por\" \/>\n\t<meta name=\"twitter:data1\" content=\"Vanessa Tavares\" \/>\n\t<meta name=\"twitter:label2\" content=\"Est. tempo de leitura\" \/>\n\t<meta name=\"twitter:data2\" content=\"7 minutos\" \/>\n<!-- \/ Yoast SEO plugin. -->","yoast_head_json":{"title":"Oficial e confirmado pelas autoridades: fechamento das escolas em maio, n\u00e3o haver\u00e1 aulas na pr\u00e9-escola, no ensino fundamental ou no ensino m\u00e9dio - Estado de Minas - Em foco","description":"Feriados municipais de maio de 2026 transformam Arraial do Cabo, Po\u00e7os de Caldas e Caxias do Sul em destinos ideais para escapadas curtas. Veja o calend\u00e1rio e os melhores roteiros.","robots":{"index":"index","follow":"follow","max-snippet":"max-snippet:-1","max-image-preview":"max-image-preview:large","max-video-preview":"max-video-preview:-1"},"canonical":"https:\/\/www.em.com.br\/emfoco\/2026\/05\/01\/oficial-e-confirmado-pelas-autoridades-fechamento-das-escolas-em-maio-nao-havera-aulas-na-pre-escola-no-ensino-fundamental-ou-no-ensino-medio\/","og_locale":"pt_BR","og_type":"article","og_title":"Oficial e confirmado pelas autoridades: fechamento das escolas em maio, n\u00e3o haver\u00e1 aulas na pr\u00e9-escola, no ensino fundamental ou no ensino m\u00e9dio - Estado de Minas - Em foco","og_description":"Feriados municipais de maio de 2026 transformam Arraial do Cabo, Po\u00e7os de Caldas e Caxias do Sul em destinos ideais para escapadas curtas. Veja o calend\u00e1rio e os melhores roteiros.","og_url":"https:\/\/www.em.com.br\/emfoco\/2026\/05\/01\/oficial-e-confirmado-pelas-autoridades-fechamento-das-escolas-em-maio-nao-havera-aulas-na-pre-escola-no-ensino-fundamental-ou-no-ensino-medio\/","og_site_name":"Estado de Minas - Em foco","article_published_time":"2026-05-01T15:20:00+00:00","article_modified_time":"2026-05-01T10:08:07+00:00","og_image":[{"width":1376,"height":768,"url":"https:\/\/www.em.com.br\/emfoco\/wp-content\/uploads\/2026\/05\/magnific_calendario-aberto-sobre-m_2902573384.jpeg","type":"image\/jpeg"}],"author":"Vanessa Tavares","twitter_card":"summary_large_image","twitter_misc":{"Escrito por":"Vanessa Tavares","Est. tempo de leitura":"7 minutos"},"schema":{"@context":"https:\/\/schema.org","@graph":[{"@type":"WebPage","@id":"https:\/\/www.em.com.br\/emfoco\/2026\/05\/01\/oficial-e-confirmado-pelas-autoridades-fechamento-das-escolas-em-maio-nao-havera-aulas-na-pre-escola-no-ensino-fundamental-ou-no-ensino-medio\/","url":"https:\/\/www.em.com.br\/emfoco\/2026\/05\/01\/oficial-e-confirmado-pelas-autoridades-fechamento-das-escolas-em-maio-nao-havera-aulas-na-pre-escola-no-ensino-fundamental-ou-no-ensino-medio\/","name":"Oficial e confirmado pelas autoridades: fechamento das escolas em maio, n\u00e3o haver\u00e1 aulas na pr\u00e9-escola, no ensino fundamental ou no ensino m\u00e9dio - Estado de Minas - Em foco","isPartOf":{"@id":"https:\/\/www.em.com.br\/emfoco\/#website"},"primaryImageOfPage":{"@id":"https:\/\/www.em.com.br\/emfoco\/2026\/05\/01\/oficial-e-confirmado-pelas-autoridades-fechamento-das-escolas-em-maio-nao-havera-aulas-na-pre-escola-no-ensino-fundamental-ou-no-ensino-medio\/#primaryimage"},"image":{"@id":"https:\/\/www.em.com.br\/emfoco\/2026\/05\/01\/oficial-e-confirmado-pelas-autoridades-fechamento-das-escolas-em-maio-nao-havera-aulas-na-pre-escola-no-ensino-fundamental-ou-no-ensino-medio\/#primaryimage"},"thumbnailUrl":"https:\/\/www.em.com.br\/emfoco\/wp-content\/uploads\/2026\/05\/magnific_calendario-aberto-sobre-m_2902573384.jpeg","datePublished":"2026-05-01T15:20:00+00:00","dateModified":"2026-05-01T10:08:07+00:00","author":{"@id":"https:\/\/www.em.com.br\/emfoco\/#\/schema\/person\/4a7a157aac450b98edc86f15a7434f0b"},"description":"Feriados municipais de maio de 2026 transformam Arraial do Cabo, Po\u00e7os de Caldas e Caxias do Sul em destinos ideais para escapadas curtas. Veja o calend\u00e1rio e os melhores roteiros.","breadcrumb":{"@id":"https:\/\/www.em.com.br\/emfoco\/2026\/05\/01\/oficial-e-confirmado-pelas-autoridades-fechamento-das-escolas-em-maio-nao-havera-aulas-na-pre-escola-no-ensino-fundamental-ou-no-ensino-medio\/#breadcrumb"},"inLanguage":"pt-BR","potentialAction":[{"@type":"ReadAction","target":["https:\/\/www.em.com.br\/emfoco\/2026\/05\/01\/oficial-e-confirmado-pelas-autoridades-fechamento-das-escolas-em-maio-nao-havera-aulas-na-pre-escola-no-ensino-fundamental-ou-no-ensino-medio\/"]}]},{"@type":"ImageObject","inLanguage":"pt-BR","@id":"https:\/\/www.em.com.br\/emfoco\/2026\/05\/01\/oficial-e-confirmado-pelas-autoridades-fechamento-das-escolas-em-maio-nao-havera-aulas-na-pre-escola-no-ensino-fundamental-ou-no-ensino-medio\/#primaryimage","url":"https:\/\/www.em.com.br\/emfoco\/wp-content\/uploads\/2026\/05\/magnific_calendario-aberto-sobre-m_2902573384.jpeg","contentUrl":"https:\/\/www.em.com.br\/emfoco\/wp-content\/uploads\/2026\/05\/magnific_calendario-aberto-sobre-m_2902573384.jpeg","width":1376,"height":768,"caption":"Feriados municipais em maio de 2026 incluem cidades como Arraial do Cabo e Caxias do Sul e ajudam a planejar viagens sem gastar f\u00e9rias"},{"@type":"BreadcrumbList","@id":"https:\/\/www.em.com.br\/emfoco\/2026\/05\/01\/oficial-e-confirmado-pelas-autoridades-fechamento-das-escolas-em-maio-nao-havera-aulas-na-pre-escola-no-ensino-fundamental-ou-no-ensino-medio\/#breadcrumb","itemListElement":[{"@type":"ListItem","position":1,"name":"In\u00edcio","item":"https:\/\/www.em.com.br\/emfoco\/"},{"@type":"ListItem","position":2,"name":"Oficial e confirmado pelas autoridades: fechamento das escolas em maio, n\u00e3o haver\u00e1 aulas na pr\u00e9-escola, no ensino fundamental ou no ensino m\u00e9dio"}]},{"@type":"WebSite","@id":"https:\/\/www.em.com.br\/emfoco\/#website","url":"https:\/\/www.em.com.br\/emfoco\/","name":"Estado de Minas - Em foco","description":"Acompanhe as \u00faltimas not\u00edcias e fique bem informado sobre tudo o que acontece em Minas Gerais, Brasil e no mundo.","potentialAction":[{"@type":"SearchAction","target":{"@type":"EntryPoint","urlTemplate":"https:\/\/www.em.com.br\/emfoco\/?s={search_term_string}"},"query-input":{"@type":"PropertyValueSpecification","valueRequired":true,"valueName":"search_term_string"}}],"inLanguage":"pt-BR"},{"@type":"Person","@id":"https:\/\/www.em.com.br\/emfoco\/#\/schema\/person\/4a7a157aac450b98edc86f15a7434f0b","name":"Vanessa Tavares","image":{"@type":"ImageObject","inLanguage":"pt-BR","@id":"https:\/\/www.em.com.br\/emfoco\/#\/schema\/person\/image\/","url":"https:\/\/secure.gravatar.com\/avatar\/088c9372da58da00f00f8e508f13d635?s=96&d=mm&r=g","contentUrl":"https:\/\/secure.gravatar.com\/avatar\/088c9372da58da00f00f8e508f13d635?s=96&d=mm&r=g","caption":"Vanessa Tavares"},"sameAs":["https:\/\/www.em.com.br\/emfoco"],"url":"https:\/\/www.em.com.br\/emfoco\/author\/vanessamyth\/"}]}},"_links":{"self":[{"href":"https:\/\/www.em.com.br\/emfoco\/wp-json\/wp\/v2\/posts\/202358","targetHints":{"allow":["GET"]}}],"collection":[{"href":"https:\/\/www.em.com.br\/emfoco\/wp-json\/wp\/v2\/posts"}],"about":[{"href":"https:\/\/www.em.com.br\/emfoco\/wp-json\/wp\/v2\/types\/post"}],"author":[{"embeddable":true,"href":"https:\/\/www.em.com.br\/emfoco\/wp-json\/wp\/v2\/users\/19"}],"replies":[{"embeddable":true,"href":"https:\/\/www.em.com.br\/emfoco\/wp-json\/wp\/v2\/comments?post=202358"}],"version-history":[{"count":3,"href":"https:\/\/www.em.com.br\/emfoco\/wp-json\/wp\/v2\/posts\/202358\/revisions"}],"predecessor-version":[{"id":202596,"href":"https:\/\/www.em.com.br\/emfoco\/wp-json\/wp\/v2\/posts\/202358\/revisions\/202596"}],"wp:featuredmedia":[{"embeddable":true,"href":"https:\/\/www.em.com.br\/emfoco\/wp-json\/wp\/v2\/media\/202590"}],"wp:attachment":[{"href":"https:\/\/www.em.com.br\/emfoco\/wp-json\/wp\/v2\/media?parent=202358"}],"wp:term":[{"taxonomy":"category","embeddable":true,"href":"https:\/\/www.em.com.br\/emfoco\/wp-json\/wp\/v2\/categories?post=202358"},{"taxonomy":"post_tag","embeddable":true,"href":"https:\/\/www.em.com.br\/emfoco\/wp-json\/wp\/v2\/tags?post=202358"}],"curies":[{"name":"wp","href":"https:\/\/api.w.org\/{rel}","templated":true}]}}