{"id":202347,"date":"2026-05-03T06:35:00","date_gmt":"2026-05-03T09:35:00","guid":{"rendered":"https:\/\/www.em.com.br\/emfoco\/?p=202347"},"modified":"2026-05-02T19:55:33","modified_gmt":"2026-05-02T22:55:33","slug":"meus-interesses-vem-em-primeiro-lugar-5-signos-dominados-pelo-narcisismo-voce-e-um-deles","status":"publish","type":"post","link":"https:\/\/www.em.com.br\/emfoco\/2026\/05\/03\/meus-interesses-vem-em-primeiro-lugar-5-signos-dominados-pelo-narcisismo-voce-e-um-deles\/","title":{"rendered":"&#8220;Meus interesses v\u00eam em primeiro lugar&#8221;: 5 signos dominados pelo narcisismo. Voc\u00ea \u00e9 um deles?"},"content":{"rendered":"\n<p>Algumas descri\u00e7\u00f5es astrol\u00f3gicas associam certos signos do zod\u00edaco a um suposto \u201cnarcisismo\u201d, entendido como foco intenso em si mesmo e nas pr\u00f3prias metas. Essa leitura n\u00e3o faz parte da psicologia cient\u00edfica, mas aparece em hor\u00f3scopos e textos de astrologia recreativa, que usam s\u00edmbolos para falar de comportamento humano e despertam curiosidade sobre quem colocaria seus interesses sempre em primeiro lugar.<\/p>\n\n\n\n<h2 class=\"wp-block-heading\">O que \u00e9 narcisismo na psicologia atual<\/h2>\n\n\n\n<p>No campo psicol\u00f3gico, o <a href=\"https:\/\/www.msdmanuals.com\/pt\/casa\/dist%C3%BArbios-de-sa%C3%BAde-mental\/transtornos-de-personalidade\/transtorno-de-personalidade-narcisista\" target=\"_blank\" rel=\"noreferrer noopener\">narcisismo <\/a>\u00e9 um padr\u00e3o em que a pr\u00f3pria imagem ocupa lugar central. Envolve um senso exagerado de autoimport\u00e2ncia, a cren\u00e7a de que as pr\u00f3prias necessidades v\u00eam antes das demais e a expectativa de reconhecimento constante, o que pode comprometer rela\u00e7\u00f5es afetivas, familiares e profissionais.<\/p>\n\n\n\n<p>Quando essas caracter\u00edsticas aparecem de forma intensa, est\u00e1vel e r\u00edgida, fala-se em transtorno de personalidade narcisista. Essa \u00e9 uma categoria cl\u00ednica avaliada por psic\u00f3logos e psiquiatras, levando em conta hist\u00f3rico de vida, sofrimento ps\u00edquico e impacto social, sem qualquer rela\u00e7\u00e3o com signo solar, ascendente ou outro fator astrol\u00f3gico.<\/p>\n\n\n\n<figure class=\"wp-block-image\"><img decoding=\"async\" src=\"https:\/\/www.em.com.br\/emfoco\/wp-content\/uploads\/2026\/02\/ChatGPT-Image-18-de-fev.-de-2026-10_32_17-1-1024x576.png\" alt=\"\"\/><figcaption class=\"wp-element-caption\">Esses signos colocam a si mesmos em primeiro lugar<\/figcaption><\/figure>\n\n\n\n<h2 class=\"wp-block-heading\">Como a astrologia fala em \u201csigno narcisista\u201d<\/h2>\n\n\n\n<p>O termo narcisismo aqui \u00e9 metaf\u00f3rico e descreve quem tende a priorizar a pr\u00f3pria vontade, mesmo criando ru\u00eddo emocional com outras pessoas.<\/p>\n\n\n\n<p>Essa leitura simb\u00f3lica frequentemente cita cinco <a href=\"https:\/\/www.em.com.br\/emfoco\/2026\/04\/30\/dinheiro-e-compromisso-3-signos-terao-uma-oportunidade-de-ouro-no-proximo-periodo\/\" target=\"_blank\" rel=\"noreferrer noopener\">signos <\/a>como mais ligados ao narcisismo: <strong>Le\u00e3o<\/strong>, <strong>\u00c1ries<\/strong>, <strong>Escorpi\u00e3o<\/strong>, <strong>G\u00eameos <\/strong>e <strong>Capric\u00f3rnio<\/strong>. A interpreta\u00e7\u00e3o se baseia em elementos (fogo, terra, ar, \u00e1gua) e modos de agir (cardinal, fixo, mut\u00e1vel), e n\u00e3o em exames ou testes psicol\u00f3gicos validados.<\/p>\n\n\n\n<h2 class=\"wp-block-heading\">Quais s\u00e3o os 5 signos mais associados ao foco em si<\/h2>\n\n\n\n<p>Entre conte\u00fados astrol\u00f3gicos recreativos, esses cinco signos aparecem com frequ\u00eancia quando o assunto s\u00e3o personalidades centradas em si, ambiciosas ou intensas nas pr\u00f3prias vontades. Aqui, narcisismo significa foco em si, necessidade de destaque e eventual pouca aten\u00e7\u00e3o aos sentimentos alheios em certas situa\u00e7\u00f5es.<\/p>\n\n\n\n<ul class=\"wp-block-list\">\n<li><strong>Le\u00e3o<\/strong><br>Associado ao fogo, costuma ser descrito como um signo que gosta de palco e reconhecimento. Le\u00e3o \u00e9 frequentemente retratado como:\n<ul class=\"wp-block-list\">\n<li>orientado para a pr\u00f3pria imagem e reputa\u00e7\u00e3o;<\/li>\n\n\n\n<li>apreciador de elogios e demonstra\u00e7\u00f5es p\u00fablicas de admira\u00e7\u00e3o;<\/li>\n\n\n\n<li>inclinado a buscar posi\u00e7\u00f5es de destaque em grupos.<\/li>\n<\/ul>\n<\/li>\n\n\n\n<li><strong>\u00c1ries<\/strong><br>Tamb\u00e9m de fogo, \u00e9 ligado \u00e0 iniciativa e \u00e0 competi\u00e7\u00e3o. Em leituras astrol\u00f3gicas, \u00c1ries seria:\n<ul class=\"wp-block-list\">\n<li>focado em agir r\u00e1pido, \u00e0s vezes sem considerar rea\u00e7\u00f5es alheias;<\/li>\n\n\n\n<li>motivado por desafios e por \u201cchegar na frente\u201d;<\/li>\n\n\n\n<li>teimoso em suas decis\u00f5es, priorizando o pr\u00f3prio impulso.<\/li>\n<\/ul>\n<\/li>\n\n\n\n<li><strong>Escorpi\u00e3o<\/strong><br>Signo de \u00e1gua associado \u00e0 intensidade emocional. Textos de astrologia o descrevem como:\n<ul class=\"wp-block-list\">\n<li>guardando as pr\u00f3prias emo\u00e7\u00f5es de forma estrat\u00e9gica;<\/li>\n\n\n\n<li>buscando controle em rela\u00e7\u00f5es afetivas e parcerias;<\/li>\n\n\n\n<li>agindo com reserva, o que pode ser visto como distanciamento afetivo.<\/li>\n<\/ul>\n<\/li>\n\n\n\n<li><strong>G\u00eameos<\/strong><br>Ligado ao ar, costuma ser caracterizado pela sociabilidade e pela comunica\u00e7\u00e3o. Em termos simb\u00f3licos, G\u00eameos seria:\n<ul class=\"wp-block-list\">\n<li>cuidadoso com a imagem social e com a maneira como \u00e9 percebido;<\/li>\n\n\n\n<li>adapt\u00e1vel, mudando o discurso conforme o ambiente;<\/li>\n\n\n\n<li>mais voltado para est\u00edmulos intelectuais do que para profundidade emocional.<\/li>\n<\/ul>\n<\/li>\n\n\n\n<li><strong>Capric\u00f3rnio<\/strong><br>Signo de terra, relacionado \u00e0 disciplina e \u00e0 ambi\u00e7\u00e3o. Leitores de hor\u00f3scopo costumam ver Capric\u00f3rnio como:\n<ul class=\"wp-block-list\">\n<li>focado em metas profissionais e status;<\/li>\n\n\n\n<li>disposto a priorizar resultados sobre demonstra\u00e7\u00f5es afetivas;<\/li>\n\n\n\n<li>muito pr\u00e1tico, \u00e0s vezes deixando emo\u00e7\u00f5es em segundo plano.<\/li>\n<\/ul>\n<\/li>\n<\/ul>\n\n\n\n<figure class=\"wp-block-image\"><img decoding=\"async\" src=\"https:\/\/www.em.com.br\/emfoco\/wp-content\/uploads\/2026\/03\/ChatGPT-Image-5-de-mar.-de-2026-22_19_01-1-1024x576.png\" alt=\"\"\/><figcaption class=\"wp-element-caption\">Esses signos colocam a si mesmos em primeiro lugar<\/figcaption><\/figure>\n\n\n\n<h2 class=\"wp-block-heading\">A astrologia pode substituir a psicologia ao falar de narcisismo<\/h2>\n\n\n\n<p>Especialistas em sa\u00fade mental apontam que tra\u00e7os de personalidade surgem de uma combina\u00e7\u00e3o de gen\u00e9tica, experi\u00eancias de vida, v\u00ednculos afetivos e contexto social. Um mapa astral n\u00e3o \u00e9 crit\u00e9rio diagn\u00f3stico, nem ferramenta de avalia\u00e7\u00e3o psicol\u00f3gica confi\u00e1vel, e n\u00e3o h\u00e1 pesquisa cient\u00edfica que ligue \u201csignos narcisistas\u201d ao transtorno de personalidade narcisista.<\/p>\n\n\n\n<p>Ainda assim, muitas pessoas usam a astrologia como recurso simb\u00f3lico para refletir sobre comportamentos, limites pessoais e padr\u00f5es de relacionamento. Identificar-se com descri\u00e7\u00f5es de Le\u00e3o, \u00c1ries, Escorpi\u00e3o, G\u00eameos ou Capric\u00f3rnio pode ser um ponto de partida para observar como se lida com poder, reconhecimento, empatia e responsabilidade afetiva.<\/p>\n\n\n\n<h2 class=\"wp-block-heading\">Como lidar com tra\u00e7os de amor-pr\u00f3prio exagerado<\/h2>\n\n\n\n<p>Quando algu\u00e9m se percebe muito centrado em si, seja por hor\u00f3scopos ou pela auto-observa\u00e7\u00e3o, h\u00e1 caminhos pr\u00e1ticos para ajustar essa din\u00e2mica. Pequenas mudan\u00e7as di\u00e1rias podem reduzir conflitos e fortalecer v\u00ednculos, sem exigir que a pessoa abra m\u00e3o de seus projetos e ambi\u00e7\u00f5es.<\/p>\n\n\n\n<p>Desenvolver empatia, abrir espa\u00e7o para feedback, equilibrar metas e v\u00ednculos e buscar orienta\u00e7\u00e3o profissional quando necess\u00e1rio s\u00e3o passos que n\u00e3o podem mais ser adiados. Se voc\u00ea j\u00e1 nota impactos reais nas suas rela\u00e7\u00f5es, procure ajuda psicol\u00f3gica o quanto antes e comece hoje a transformar esse amor-pr\u00f3prio em algo mais saud\u00e1vel, profundo e humano.<\/p>\n","protected":false},"excerpt":{"rendered":"<p>Algumas descri\u00e7\u00f5es astrol\u00f3gicas associam certos signos do zod\u00edaco a um suposto \u201cnarcisismo\u201d, entendido como foco intenso em si mesmo e nas pr\u00f3prias metas. Essa leitura n\u00e3o faz parte da psicologia cient\u00edfica, mas aparece em hor\u00f3scopos e textos de astrologia recreativa, que usam s\u00edmbolos para falar de comportamento humano e despertam curiosidade sobre quem colocaria seus [&hellip;]<\/p>\n","protected":false},"author":11,"featured_media":203701,"comment_status":"open","ping_status":"open","sticky":false,"template":"","format":"standard","meta":{"jnews-multi-image_gallery":[],"jnews_single_post":{"format":"standard"},"jnews_primary_category":[],"jnews_social_meta":[],"jnews_override_counter":[],"footnotes":""},"categories":[1,25],"tags":[297,10040,4552,168],"class_list":["post-202347","post","type-post","status-publish","format-standard","has-post-thumbnail","hentry","category-noticias","category-signos","tag-astrologia","tag-narcisismo","tag-personalidade","tag-signos"],"yoast_head":"<!-- This site is optimized with the Yoast SEO plugin v23.8 - https:\/\/yoast.com\/wordpress\/plugins\/seo\/ -->\n<title>&quot;Meus interesses v\u00eam em primeiro lugar&quot;: 5 signos dominados pelo narcisismo. Voc\u00ea \u00e9 um deles? - Estado de Minas - Em foco<\/title>\n<meta name=\"description\" content=\"Alguns signos s\u00e3o vistos como mais centrados em si na astrologia. Entenda como Le\u00e3o \u00c1ries e outros se destacam nesse comportamento.\" \/>\n<meta name=\"robots\" content=\"index, follow, max-snippet:-1, max-image-preview:large, max-video-preview:-1\" \/>\n<link rel=\"canonical\" href=\"https:\/\/www.em.com.br\/emfoco\/2026\/05\/03\/meus-interesses-vem-em-primeiro-lugar-5-signos-dominados-pelo-narcisismo-voce-e-um-deles\/\" \/>\n<meta property=\"og:locale\" content=\"pt_BR\" \/>\n<meta property=\"og:type\" content=\"article\" \/>\n<meta property=\"og:title\" content=\"&quot;Meus interesses v\u00eam em primeiro lugar&quot;: 5 signos dominados pelo narcisismo. Voc\u00ea \u00e9 um deles? - Estado de Minas - Em foco\" \/>\n<meta property=\"og:description\" content=\"Alguns signos s\u00e3o vistos como mais centrados em si na astrologia. Entenda como Le\u00e3o \u00c1ries e outros se destacam nesse comportamento.\" \/>\n<meta property=\"og:url\" content=\"https:\/\/www.em.com.br\/emfoco\/2026\/05\/03\/meus-interesses-vem-em-primeiro-lugar-5-signos-dominados-pelo-narcisismo-voce-e-um-deles\/\" \/>\n<meta property=\"og:site_name\" content=\"Estado de Minas - Em foco\" \/>\n<meta property=\"article:published_time\" content=\"2026-05-03T09:35:00+00:00\" \/>\n<meta property=\"article:modified_time\" content=\"2026-05-02T22:55:33+00:00\" \/>\n<meta property=\"og:image\" content=\"https:\/\/www.em.com.br\/emfoco\/wp-content\/uploads\/2026\/05\/EmFoco_125.jpg\" \/>\n\t<meta property=\"og:image:width\" content=\"1280\" \/>\n\t<meta property=\"og:image:height\" content=\"720\" \/>\n\t<meta property=\"og:image:type\" content=\"image\/jpeg\" \/>\n<meta name=\"author\" content=\"Andre\u0301 Rangel\u00a0\" \/>\n<meta name=\"twitter:card\" content=\"summary_large_image\" \/>\n<meta name=\"twitter:label1\" content=\"Escrito por\" \/>\n\t<meta name=\"twitter:data1\" content=\"Andre\u0301 Rangel\u00a0\" \/>\n\t<meta name=\"twitter:label2\" content=\"Est. tempo de leitura\" \/>\n\t<meta name=\"twitter:data2\" content=\"5 minutos\" \/>\n<!-- \/ Yoast SEO plugin. -->","yoast_head_json":{"title":"\"Meus interesses v\u00eam em primeiro lugar\": 5 signos dominados pelo narcisismo. Voc\u00ea \u00e9 um deles? - Estado de Minas - Em foco","description":"Alguns signos s\u00e3o vistos como mais centrados em si na astrologia. Entenda como Le\u00e3o \u00c1ries e outros se destacam nesse comportamento.","robots":{"index":"index","follow":"follow","max-snippet":"max-snippet:-1","max-image-preview":"max-image-preview:large","max-video-preview":"max-video-preview:-1"},"canonical":"https:\/\/www.em.com.br\/emfoco\/2026\/05\/03\/meus-interesses-vem-em-primeiro-lugar-5-signos-dominados-pelo-narcisismo-voce-e-um-deles\/","og_locale":"pt_BR","og_type":"article","og_title":"\"Meus interesses v\u00eam em primeiro lugar\": 5 signos dominados pelo narcisismo. Voc\u00ea \u00e9 um deles? - Estado de Minas - Em foco","og_description":"Alguns signos s\u00e3o vistos como mais centrados em si na astrologia. Entenda como Le\u00e3o \u00c1ries e outros se destacam nesse comportamento.","og_url":"https:\/\/www.em.com.br\/emfoco\/2026\/05\/03\/meus-interesses-vem-em-primeiro-lugar-5-signos-dominados-pelo-narcisismo-voce-e-um-deles\/","og_site_name":"Estado de Minas - Em foco","article_published_time":"2026-05-03T09:35:00+00:00","article_modified_time":"2026-05-02T22:55:33+00:00","og_image":[{"width":1280,"height":720,"url":"https:\/\/www.em.com.br\/emfoco\/wp-content\/uploads\/2026\/05\/EmFoco_125.jpg","type":"image\/jpeg"}],"author":"Andre\u0301 Rangel\u00a0","twitter_card":"summary_large_image","twitter_misc":{"Escrito por":"Andre\u0301 Rangel\u00a0","Est. tempo de leitura":"5 minutos"},"schema":{"@context":"https:\/\/schema.org","@graph":[{"@type":"WebPage","@id":"https:\/\/www.em.com.br\/emfoco\/2026\/05\/03\/meus-interesses-vem-em-primeiro-lugar-5-signos-dominados-pelo-narcisismo-voce-e-um-deles\/","url":"https:\/\/www.em.com.br\/emfoco\/2026\/05\/03\/meus-interesses-vem-em-primeiro-lugar-5-signos-dominados-pelo-narcisismo-voce-e-um-deles\/","name":"\"Meus interesses v\u00eam em primeiro lugar\": 5 signos dominados pelo narcisismo. Voc\u00ea \u00e9 um deles? - Estado de Minas - Em foco","isPartOf":{"@id":"https:\/\/www.em.com.br\/emfoco\/#website"},"primaryImageOfPage":{"@id":"https:\/\/www.em.com.br\/emfoco\/2026\/05\/03\/meus-interesses-vem-em-primeiro-lugar-5-signos-dominados-pelo-narcisismo-voce-e-um-deles\/#primaryimage"},"image":{"@id":"https:\/\/www.em.com.br\/emfoco\/2026\/05\/03\/meus-interesses-vem-em-primeiro-lugar-5-signos-dominados-pelo-narcisismo-voce-e-um-deles\/#primaryimage"},"thumbnailUrl":"https:\/\/www.em.com.br\/emfoco\/wp-content\/uploads\/2026\/05\/EmFoco_125.jpg","datePublished":"2026-05-03T09:35:00+00:00","dateModified":"2026-05-02T22:55:33+00:00","author":{"@id":"https:\/\/www.em.com.br\/emfoco\/#\/schema\/person\/60eda09c1fedf0d6891f4cef4b60b8b8"},"description":"Alguns signos s\u00e3o vistos como mais centrados em si na astrologia. Entenda como Le\u00e3o \u00c1ries e outros se destacam nesse comportamento.","breadcrumb":{"@id":"https:\/\/www.em.com.br\/emfoco\/2026\/05\/03\/meus-interesses-vem-em-primeiro-lugar-5-signos-dominados-pelo-narcisismo-voce-e-um-deles\/#breadcrumb"},"inLanguage":"pt-BR","potentialAction":[{"@type":"ReadAction","target":["https:\/\/www.em.com.br\/emfoco\/2026\/05\/03\/meus-interesses-vem-em-primeiro-lugar-5-signos-dominados-pelo-narcisismo-voce-e-um-deles\/"]}]},{"@type":"ImageObject","inLanguage":"pt-BR","@id":"https:\/\/www.em.com.br\/emfoco\/2026\/05\/03\/meus-interesses-vem-em-primeiro-lugar-5-signos-dominados-pelo-narcisismo-voce-e-um-deles\/#primaryimage","url":"https:\/\/www.em.com.br\/emfoco\/wp-content\/uploads\/2026\/05\/EmFoco_125.jpg","contentUrl":"https:\/\/www.em.com.br\/emfoco\/wp-content\/uploads\/2026\/05\/EmFoco_125.jpg","width":1280,"height":720,"caption":"Astrologia associa foco em si a signos sem base na psicologia cient\u00edfica."},{"@type":"BreadcrumbList","@id":"https:\/\/www.em.com.br\/emfoco\/2026\/05\/03\/meus-interesses-vem-em-primeiro-lugar-5-signos-dominados-pelo-narcisismo-voce-e-um-deles\/#breadcrumb","itemListElement":[{"@type":"ListItem","position":1,"name":"In\u00edcio","item":"https:\/\/www.em.com.br\/emfoco\/"},{"@type":"ListItem","position":2,"name":"&#8220;Meus interesses v\u00eam em primeiro lugar&#8221;: 5 signos dominados pelo narcisismo. Voc\u00ea \u00e9 um deles?"}]},{"@type":"WebSite","@id":"https:\/\/www.em.com.br\/emfoco\/#website","url":"https:\/\/www.em.com.br\/emfoco\/","name":"Estado de Minas - Em foco","description":"Acompanhe as \u00faltimas not\u00edcias e fique bem informado sobre tudo o que acontece em Minas Gerais, Brasil e no mundo.","potentialAction":[{"@type":"SearchAction","target":{"@type":"EntryPoint","urlTemplate":"https:\/\/www.em.com.br\/emfoco\/?s={search_term_string}"},"query-input":{"@type":"PropertyValueSpecification","valueRequired":true,"valueName":"search_term_string"}}],"inLanguage":"pt-BR"},{"@type":"Person","@id":"https:\/\/www.em.com.br\/emfoco\/#\/schema\/person\/60eda09c1fedf0d6891f4cef4b60b8b8","name":"Andre\u0301 Rangel\u00a0","image":{"@type":"ImageObject","inLanguage":"pt-BR","@id":"https:\/\/www.em.com.br\/emfoco\/#\/schema\/person\/image\/","url":"https:\/\/secure.gravatar.com\/avatar\/6234dc814c77c8ef6d8bba622c787efc?s=96&d=mm&r=g","contentUrl":"https:\/\/secure.gravatar.com\/avatar\/6234dc814c77c8ef6d8bba622c787efc?s=96&d=mm&r=g","caption":"Andre\u0301 Rangel\u00a0"},"url":"https:\/\/www.em.com.br\/emfoco\/author\/luizmyth\/"}]}},"_links":{"self":[{"href":"https:\/\/www.em.com.br\/emfoco\/wp-json\/wp\/v2\/posts\/202347","targetHints":{"allow":["GET"]}}],"collection":[{"href":"https:\/\/www.em.com.br\/emfoco\/wp-json\/wp\/v2\/posts"}],"about":[{"href":"https:\/\/www.em.com.br\/emfoco\/wp-json\/wp\/v2\/types\/post"}],"author":[{"embeddable":true,"href":"https:\/\/www.em.com.br\/emfoco\/wp-json\/wp\/v2\/users\/11"}],"replies":[{"embeddable":true,"href":"https:\/\/www.em.com.br\/emfoco\/wp-json\/wp\/v2\/comments?post=202347"}],"version-history":[{"count":5,"href":"https:\/\/www.em.com.br\/emfoco\/wp-json\/wp\/v2\/posts\/202347\/revisions"}],"predecessor-version":[{"id":202368,"href":"https:\/\/www.em.com.br\/emfoco\/wp-json\/wp\/v2\/posts\/202347\/revisions\/202368"}],"wp:featuredmedia":[{"embeddable":true,"href":"https:\/\/www.em.com.br\/emfoco\/wp-json\/wp\/v2\/media\/203701"}],"wp:attachment":[{"href":"https:\/\/www.em.com.br\/emfoco\/wp-json\/wp\/v2\/media?parent=202347"}],"wp:term":[{"taxonomy":"category","embeddable":true,"href":"https:\/\/www.em.com.br\/emfoco\/wp-json\/wp\/v2\/categories?post=202347"},{"taxonomy":"post_tag","embeddable":true,"href":"https:\/\/www.em.com.br\/emfoco\/wp-json\/wp\/v2\/tags?post=202347"}],"curies":[{"name":"wp","href":"https:\/\/api.w.org\/{rel}","templated":true}]}}