{"id":202346,"date":"2026-05-02T06:35:00","date_gmt":"2026-05-02T09:35:00","guid":{"rendered":"https:\/\/www.em.com.br\/emfoco\/?p=202346"},"modified":"2026-05-01T15:31:28","modified_gmt":"2026-05-01T18:31:28","slug":"eles-se-acham-o-centro-do-universo-3-signos-do-zodiaco-que-acreditam-ser-as-pessoas-mais-importantes-do-mundo","status":"publish","type":"post","link":"https:\/\/www.em.com.br\/emfoco\/2026\/05\/02\/eles-se-acham-o-centro-do-universo-3-signos-do-zodiaco-que-acreditam-ser-as-pessoas-mais-importantes-do-mundo\/","title":{"rendered":"&#8220;Eles se acham o centro do universo&#8221;: 3 signos do zod\u00edaco que acreditam ser as pessoas mais importantes do mundo"},"content":{"rendered":"\n<p>Algumas pessoas exalam tanta autoconfian\u00e7a que parecem realmente acreditar que tudo gira ao redor delas. Na astrologia, alguns signos do zod\u00edaco s\u00e3o associados a esse protagonismo, pela forma como se colocam nas rela\u00e7\u00f5es, ocupam espa\u00e7os sociais e profissionais e buscam reconhecimento como parte central de suas hist\u00f3rias.<\/p>\n\n\n\n<h2 class=\"wp-block-heading\">O que significa um signo se achar o centro do universo<\/h2>\n\n\n\n<p>Astrologicamente, isso se liga a <a href=\"https:\/\/www.em.com.br\/emfoco\/2026\/04\/30\/dinheiro-e-compromisso-3-signos-terao-uma-oportunidade-de-ouro-no-proximo-periodo\/\" target=\"_blank\" rel=\"noreferrer noopener\">signos <\/a>com energia de lideran\u00e7a, ambi\u00e7\u00e3o intensa ou grande necessidade de valida\u00e7\u00e3o. Esses perfis tendem a disputar espa\u00e7o de fala, sentir desconforto quando n\u00e3o recebem aten\u00e7\u00e3o, mas tamb\u00e9m se tornam refer\u00eancia justamente por se colocarem em evid\u00eancia.<\/p>\n\n\n\n<figure class=\"wp-block-image\"><img decoding=\"async\" src=\"https:\/\/www.em.com.br\/emfoco\/wp-content\/uploads\/2026\/02\/ChatGPT-Image-17-de-fev.-de-2026-12_51_31-1-1024x576.png\" alt=\"\"\/><figcaption class=\"wp-element-caption\">Os signos mais egoc\u00eantricos do zod\u00edaco<\/figcaption><\/figure>\n\n\n\n<h2 class=\"wp-block-heading\">Por que Le\u00e3o gosta tanto de brilhar<\/h2>\n\n\n\n<p>No imagin\u00e1rio popular, <strong>Le\u00e3o <\/strong>\u00e9 um dos primeiros lembrados quando se fala em protagonismo. Regido pelo Sol, s\u00edmbolo de luz e centralidade, esse signo est\u00e1 ligado \u00e0 necessidade de reconhecimento e \u00e0 forte consci\u00eancia da pr\u00f3pria identidade e imagem social.<\/p>\n\n\n\n<p>No dia a dia, leoninos costumam assumir o papel de destaque em grupos, liderar projetos e organizar encontros. Para eles, suas opini\u00f5es podem orientar decis\u00f5es coletivas, e sua presen\u00e7a \u00e9 vista como essencial em qualquer ambiente.<\/p>\n\n\n\n<ul class=\"wp-block-list\">\n<li><strong>Palavras-chave de Le\u00e3o<\/strong>: protagonismo, carisma, visibilidade, lideran\u00e7a social.<\/li>\n\n\n\n<li><strong>Formas de buscar centralidade<\/strong>: necessidade de aplauso, desejo de ser lembrado, busca por destaque.<\/li>\n<\/ul>\n\n\n\n<h2 class=\"wp-block-heading\">Por que \u00c1ries quer sempre estar em primeiro lugar<\/h2>\n\n\n\n<p><strong>\u00c1ries <\/strong>\u00e9 descrito como competitivo, impulsivo e orientado para a a\u00e7\u00e3o, o que o coloca facilmente no centro das situa\u00e7\u00f5es. Como primeiro signo do zod\u00edaco, carrega o impulso de iniciar ciclos e abrir caminhos, confiando muito na pr\u00f3pria decis\u00e3o.<\/p>\n\n\n\n<p>Na pr\u00e1tica, arianos se colocam \u00e0 frente de projetos sem esperar autoriza\u00e7\u00e3o, tomam decis\u00f5es r\u00e1pidas e priorizam seus objetivos. Essa urg\u00eancia em liderar pode soar como necessidade de controle, mas tamb\u00e9m os torna motores de movimento em muitos contextos.<\/p>\n\n\n\n<ol class=\"wp-block-list\">\n<li><strong>Tra\u00e7o central<\/strong>: desejo de iniciar e liderar situa\u00e7\u00f5es.<\/li>\n\n\n\n<li><strong>Comportamento comum<\/strong>: fala direta, decis\u00f5es r\u00e1pidas, foco em resultados imediatos.<\/li>\n\n\n\n<li><strong>Rela\u00e7\u00e3o com a ideia de centro<\/strong>: tend\u00eancia a colocar suas prioridades em primeiro plano.<\/li>\n<\/ol>\n\n\n\n<figure class=\"wp-block-image\"><img decoding=\"async\" src=\"https:\/\/www.em.com.br\/emfoco\/wp-content\/uploads\/2026\/01\/astrologia_1769728041719-1024x576.jpg\" alt=\"\"\/><figcaption class=\"wp-element-caption\">A influencia dos signos &#8211; Cr\u00e9ditos: depositphotos.com \/ mango-ck.rambler.ru<\/figcaption><\/figure>\n\n\n\n<h2 class=\"wp-block-heading\">Como Capric\u00f3rnio constr\u00f3i sua sensa\u00e7\u00e3o de import\u00e2ncia<\/h2>\n\n\n\n<p><strong>Capric\u00f3rnio <\/strong>demonstra sua centralidade de forma mais discreta, mas extremamente consistente. Em vez de buscar holofotes imediatos, constr\u00f3i sua import\u00e2ncia pelo trabalho, disciplina e conquista de <a href=\"https:\/\/br.pinterest.com\/franciellenunes575\/poses-autoridade-confian%C3%A7a-credibilidade\/\" target=\"_blank\" rel=\"noreferrer noopener\">posi\u00e7\u00f5es de autoridade e confian\u00e7a<\/a>.<\/p>\n\n\n\n<p>Para capricornianos, valor pessoal est\u00e1 ligado aos resultados e \u00e0 responsabilidade assumida. Assim, tendem a se ver como pilares de equipes ou fam\u00edlias, sustentando estruturas, gerindo recursos e ocupando fun\u00e7\u00f5es estrat\u00e9gicas ao longo do tempo.<\/p>\n\n\n\n<ul class=\"wp-block-list\">\n<li><strong>Foco principal<\/strong>: status profissional, estabilidade e poder real de decis\u00e3o.<\/li>\n\n\n\n<li><strong>Forma de protagonismo<\/strong>: controle organizacional, planejamento de longo prazo, gest\u00e3o cuidadosa de recursos.<\/li>\n<\/ul>\n\n\n\n<h2 class=\"wp-block-heading\">Como esses signos influenciam as rela\u00e7\u00f5es e o que fazer agora<\/h2>\n\n\n\n<p>Le\u00e3o, \u00c1ries e Capric\u00f3rnio compartilham um forte senso de protagonismo, mas em estilos diferentes: brilho e carisma, a\u00e7\u00e3o imediata e conquista silenciosa. Juntos, ajudam a entender din\u00e2micas de poder, disputas por aten\u00e7\u00e3o e diferentes formatos de lideran\u00e7a nas rela\u00e7\u00f5es pessoais e profissionais.<\/p>\n\n\n\n<p>Se voc\u00ea se identificou com algum desses signos, use essa centralidade como for\u00e7a para realizar, n\u00e3o para dominar. Observe seu mapa astral, reflita sobre como voc\u00ea ocupa espa\u00e7o e comece hoje mesmo a ajustar atitudes: sua pr\u00f3xima decis\u00e3o pode transformar suas rela\u00e7\u00f5es e este \u00e9 o momento de assumir esse poder com consci\u00eancia.<\/p>\n","protected":false},"excerpt":{"rendered":"<p>Algumas pessoas exalam tanta autoconfian\u00e7a que parecem realmente acreditar que tudo gira ao redor delas. Na astrologia, alguns signos do zod\u00edaco s\u00e3o associados a esse protagonismo, pela forma como se colocam nas rela\u00e7\u00f5es, ocupam espa\u00e7os sociais e profissionais e buscam reconhecimento como parte central de suas hist\u00f3rias. O que significa um signo se achar o [&hellip;]<\/p>\n","protected":false},"author":11,"featured_media":202779,"comment_status":"open","ping_status":"open","sticky":false,"template":"","format":"standard","meta":{"jnews-multi-image_gallery":[],"jnews_single_post":{"format":"standard"},"jnews_primary_category":[],"jnews_social_meta":[],"jnews_override_counter":[],"footnotes":""},"categories":[1,25],"tags":[297,4552,168],"class_list":["post-202346","post","type-post","status-publish","format-standard","has-post-thumbnail","hentry","category-noticias","category-signos","tag-astrologia","tag-personalidade","tag-signos"],"yoast_head":"<!-- This site is optimized with the Yoast SEO plugin v23.8 - https:\/\/yoast.com\/wordpress\/plugins\/seo\/ -->\n<title>&quot;Eles se acham o centro do universo&quot;: 3 signos do zod\u00edaco que acreditam ser as pessoas mais importantes do mundo - Estado de Minas - Em foco<\/title>\n<meta name=\"description\" content=\"Esses signos do zod\u00edaco t\u00eam forte senso de protagonismo e podem surpreender nas atitudes. Veja como isso impacta o dia a dia.\" \/>\n<meta name=\"robots\" content=\"index, follow, max-snippet:-1, max-image-preview:large, max-video-preview:-1\" \/>\n<link rel=\"canonical\" href=\"https:\/\/www.em.com.br\/emfoco\/2026\/05\/02\/eles-se-acham-o-centro-do-universo-3-signos-do-zodiaco-que-acreditam-ser-as-pessoas-mais-importantes-do-mundo\/\" \/>\n<meta property=\"og:locale\" content=\"pt_BR\" \/>\n<meta property=\"og:type\" content=\"article\" \/>\n<meta property=\"og:title\" content=\"&quot;Eles se acham o centro do universo&quot;: 3 signos do zod\u00edaco que acreditam ser as pessoas mais importantes do mundo - Estado de Minas - Em foco\" \/>\n<meta property=\"og:description\" content=\"Esses signos do zod\u00edaco t\u00eam forte senso de protagonismo e podem surpreender nas atitudes. Veja como isso impacta o dia a dia.\" \/>\n<meta property=\"og:url\" content=\"https:\/\/www.em.com.br\/emfoco\/2026\/05\/02\/eles-se-acham-o-centro-do-universo-3-signos-do-zodiaco-que-acreditam-ser-as-pessoas-mais-importantes-do-mundo\/\" \/>\n<meta property=\"og:site_name\" content=\"Estado de Minas - Em foco\" \/>\n<meta property=\"article:published_time\" content=\"2026-05-02T09:35:00+00:00\" \/>\n<meta property=\"article:modified_time\" content=\"2026-05-01T18:31:28+00:00\" \/>\n<meta property=\"og:image\" content=\"https:\/\/www.em.com.br\/emfoco\/wp-content\/uploads\/2026\/05\/EmFoco_26-1.jpg\" \/>\n\t<meta property=\"og:image:width\" content=\"1280\" \/>\n\t<meta property=\"og:image:height\" content=\"720\" \/>\n\t<meta property=\"og:image:type\" content=\"image\/jpeg\" \/>\n<meta name=\"author\" content=\"Andre\u0301 Rangel\u00a0\" \/>\n<meta name=\"twitter:card\" content=\"summary_large_image\" \/>\n<meta name=\"twitter:label1\" content=\"Escrito por\" \/>\n\t<meta name=\"twitter:data1\" content=\"Andre\u0301 Rangel\u00a0\" \/>\n\t<meta name=\"twitter:label2\" content=\"Est. tempo de leitura\" \/>\n\t<meta name=\"twitter:data2\" content=\"4 minutos\" \/>\n<!-- \/ Yoast SEO plugin. -->","yoast_head_json":{"title":"\"Eles se acham o centro do universo\": 3 signos do zod\u00edaco que acreditam ser as pessoas mais importantes do mundo - Estado de Minas - Em foco","description":"Esses signos do zod\u00edaco t\u00eam forte senso de protagonismo e podem surpreender nas atitudes. Veja como isso impacta o dia a dia.","robots":{"index":"index","follow":"follow","max-snippet":"max-snippet:-1","max-image-preview":"max-image-preview:large","max-video-preview":"max-video-preview:-1"},"canonical":"https:\/\/www.em.com.br\/emfoco\/2026\/05\/02\/eles-se-acham-o-centro-do-universo-3-signos-do-zodiaco-que-acreditam-ser-as-pessoas-mais-importantes-do-mundo\/","og_locale":"pt_BR","og_type":"article","og_title":"\"Eles se acham o centro do universo\": 3 signos do zod\u00edaco que acreditam ser as pessoas mais importantes do mundo - Estado de Minas - Em foco","og_description":"Esses signos do zod\u00edaco t\u00eam forte senso de protagonismo e podem surpreender nas atitudes. Veja como isso impacta o dia a dia.","og_url":"https:\/\/www.em.com.br\/emfoco\/2026\/05\/02\/eles-se-acham-o-centro-do-universo-3-signos-do-zodiaco-que-acreditam-ser-as-pessoas-mais-importantes-do-mundo\/","og_site_name":"Estado de Minas - Em foco","article_published_time":"2026-05-02T09:35:00+00:00","article_modified_time":"2026-05-01T18:31:28+00:00","og_image":[{"width":1280,"height":720,"url":"https:\/\/www.em.com.br\/emfoco\/wp-content\/uploads\/2026\/05\/EmFoco_26-1.jpg","type":"image\/jpeg"}],"author":"Andre\u0301 Rangel\u00a0","twitter_card":"summary_large_image","twitter_misc":{"Escrito por":"Andre\u0301 Rangel\u00a0","Est. tempo de leitura":"4 minutos"},"schema":{"@context":"https:\/\/schema.org","@graph":[{"@type":"WebPage","@id":"https:\/\/www.em.com.br\/emfoco\/2026\/05\/02\/eles-se-acham-o-centro-do-universo-3-signos-do-zodiaco-que-acreditam-ser-as-pessoas-mais-importantes-do-mundo\/","url":"https:\/\/www.em.com.br\/emfoco\/2026\/05\/02\/eles-se-acham-o-centro-do-universo-3-signos-do-zodiaco-que-acreditam-ser-as-pessoas-mais-importantes-do-mundo\/","name":"\"Eles se acham o centro do universo\": 3 signos do zod\u00edaco que acreditam ser as pessoas mais importantes do mundo - Estado de Minas - Em foco","isPartOf":{"@id":"https:\/\/www.em.com.br\/emfoco\/#website"},"primaryImageOfPage":{"@id":"https:\/\/www.em.com.br\/emfoco\/2026\/05\/02\/eles-se-acham-o-centro-do-universo-3-signos-do-zodiaco-que-acreditam-ser-as-pessoas-mais-importantes-do-mundo\/#primaryimage"},"image":{"@id":"https:\/\/www.em.com.br\/emfoco\/2026\/05\/02\/eles-se-acham-o-centro-do-universo-3-signos-do-zodiaco-que-acreditam-ser-as-pessoas-mais-importantes-do-mundo\/#primaryimage"},"thumbnailUrl":"https:\/\/www.em.com.br\/emfoco\/wp-content\/uploads\/2026\/05\/EmFoco_26-1.jpg","datePublished":"2026-05-02T09:35:00+00:00","dateModified":"2026-05-01T18:31:28+00:00","author":{"@id":"https:\/\/www.em.com.br\/emfoco\/#\/schema\/person\/60eda09c1fedf0d6891f4cef4b60b8b8"},"description":"Esses signos do zod\u00edaco t\u00eam forte senso de protagonismo e podem surpreender nas atitudes. Veja como isso impacta o dia a dia.","breadcrumb":{"@id":"https:\/\/www.em.com.br\/emfoco\/2026\/05\/02\/eles-se-acham-o-centro-do-universo-3-signos-do-zodiaco-que-acreditam-ser-as-pessoas-mais-importantes-do-mundo\/#breadcrumb"},"inLanguage":"pt-BR","potentialAction":[{"@type":"ReadAction","target":["https:\/\/www.em.com.br\/emfoco\/2026\/05\/02\/eles-se-acham-o-centro-do-universo-3-signos-do-zodiaco-que-acreditam-ser-as-pessoas-mais-importantes-do-mundo\/"]}]},{"@type":"ImageObject","inLanguage":"pt-BR","@id":"https:\/\/www.em.com.br\/emfoco\/2026\/05\/02\/eles-se-acham-o-centro-do-universo-3-signos-do-zodiaco-que-acreditam-ser-as-pessoas-mais-importantes-do-mundo\/#primaryimage","url":"https:\/\/www.em.com.br\/emfoco\/wp-content\/uploads\/2026\/05\/EmFoco_26-1.jpg","contentUrl":"https:\/\/www.em.com.br\/emfoco\/wp-content\/uploads\/2026\/05\/EmFoco_26-1.jpg","width":1280,"height":720,"caption":"Energia de lideran\u00e7a e busca por valida\u00e7\u00e3o caracterizam signos de forte protagonismo"},{"@type":"BreadcrumbList","@id":"https:\/\/www.em.com.br\/emfoco\/2026\/05\/02\/eles-se-acham-o-centro-do-universo-3-signos-do-zodiaco-que-acreditam-ser-as-pessoas-mais-importantes-do-mundo\/#breadcrumb","itemListElement":[{"@type":"ListItem","position":1,"name":"In\u00edcio","item":"https:\/\/www.em.com.br\/emfoco\/"},{"@type":"ListItem","position":2,"name":"&#8220;Eles se acham o centro do universo&#8221;: 3 signos do zod\u00edaco que acreditam ser as pessoas mais importantes do mundo"}]},{"@type":"WebSite","@id":"https:\/\/www.em.com.br\/emfoco\/#website","url":"https:\/\/www.em.com.br\/emfoco\/","name":"Estado de Minas - Em foco","description":"Acompanhe as \u00faltimas not\u00edcias e fique bem informado sobre tudo o que acontece em Minas Gerais, Brasil e no mundo.","potentialAction":[{"@type":"SearchAction","target":{"@type":"EntryPoint","urlTemplate":"https:\/\/www.em.com.br\/emfoco\/?s={search_term_string}"},"query-input":{"@type":"PropertyValueSpecification","valueRequired":true,"valueName":"search_term_string"}}],"inLanguage":"pt-BR"},{"@type":"Person","@id":"https:\/\/www.em.com.br\/emfoco\/#\/schema\/person\/60eda09c1fedf0d6891f4cef4b60b8b8","name":"Andre\u0301 Rangel\u00a0","image":{"@type":"ImageObject","inLanguage":"pt-BR","@id":"https:\/\/www.em.com.br\/emfoco\/#\/schema\/person\/image\/","url":"https:\/\/secure.gravatar.com\/avatar\/6234dc814c77c8ef6d8bba622c787efc?s=96&d=mm&r=g","contentUrl":"https:\/\/secure.gravatar.com\/avatar\/6234dc814c77c8ef6d8bba622c787efc?s=96&d=mm&r=g","caption":"Andre\u0301 Rangel\u00a0"},"url":"https:\/\/www.em.com.br\/emfoco\/author\/luizmyth\/"}]}},"_links":{"self":[{"href":"https:\/\/www.em.com.br\/emfoco\/wp-json\/wp\/v2\/posts\/202346","targetHints":{"allow":["GET"]}}],"collection":[{"href":"https:\/\/www.em.com.br\/emfoco\/wp-json\/wp\/v2\/posts"}],"about":[{"href":"https:\/\/www.em.com.br\/emfoco\/wp-json\/wp\/v2\/types\/post"}],"author":[{"embeddable":true,"href":"https:\/\/www.em.com.br\/emfoco\/wp-json\/wp\/v2\/users\/11"}],"replies":[{"embeddable":true,"href":"https:\/\/www.em.com.br\/emfoco\/wp-json\/wp\/v2\/comments?post=202346"}],"version-history":[{"count":5,"href":"https:\/\/www.em.com.br\/emfoco\/wp-json\/wp\/v2\/posts\/202346\/revisions"}],"predecessor-version":[{"id":202370,"href":"https:\/\/www.em.com.br\/emfoco\/wp-json\/wp\/v2\/posts\/202346\/revisions\/202370"}],"wp:featuredmedia":[{"embeddable":true,"href":"https:\/\/www.em.com.br\/emfoco\/wp-json\/wp\/v2\/media\/202779"}],"wp:attachment":[{"href":"https:\/\/www.em.com.br\/emfoco\/wp-json\/wp\/v2\/media?parent=202346"}],"wp:term":[{"taxonomy":"category","embeddable":true,"href":"https:\/\/www.em.com.br\/emfoco\/wp-json\/wp\/v2\/categories?post=202346"},{"taxonomy":"post_tag","embeddable":true,"href":"https:\/\/www.em.com.br\/emfoco\/wp-json\/wp\/v2\/tags?post=202346"}],"curies":[{"name":"wp","href":"https:\/\/api.w.org\/{rel}","templated":true}]}}