{"id":202263,"date":"2026-05-03T07:55:00","date_gmt":"2026-05-03T10:55:00","guid":{"rendered":"https:\/\/www.em.com.br\/emfoco\/?p=202263"},"modified":"2026-05-02T19:55:18","modified_gmt":"2026-05-02T22:55:18","slug":"adeus-ao-ar-condicionado-e-proibida-a-sua-instalacao-nas-fachadas-sem-autorizacao-sujeitas-a-multas-e-remocao-do-aparelho","status":"publish","type":"post","link":"https:\/\/www.em.com.br\/emfoco\/2026\/05\/03\/adeus-ao-ar-condicionado-e-proibida-a-sua-instalacao-nas-fachadas-sem-autorizacao-sujeitas-a-multas-e-remocao-do-aparelho\/","title":{"rendered":"Adeus ao ar condicionado: \u00e9 proibida a sua instala\u00e7\u00e3o nas fachadas sem autoriza\u00e7\u00e3o, sujeitas a multas e remo\u00e7\u00e3o do aparelho"},"content":{"rendered":"\n<p>A instala\u00e7\u00e3o de ar-condicionado em resid\u00eancias se tornou muito comum tanto na <strong>Espanha <\/strong>quanto no <strong>Brasil<\/strong>, mas, em condom\u00ednios sujeitos \u00e0 <strong>Lei de Propriedade Horizontal <\/strong>(Espanha) ou ao <strong>C\u00f3digo Civil <\/strong>(Brasil), o uso da fachada para esse fim n\u00e3o depende apenas da vontade do propriet\u00e1rio, pois esses elementos s\u00e3o considerados \u00e1reas comuns e seu uso \u00e9 regido por normas t\u00e9cnicas e decis\u00f5es do condom\u00ednio.<\/p>\n\n\n\n<h2 class=\"wp-block-heading\">O que a lei diz sobre ar-condicionado na fachada<\/h2>\n\n\n\n<p>A Lei de Propriedade Horizontal, na Espanha, e o C\u00f3digo Civil, no Brasil, tratam fachadas, coberturas e demais elementos estruturais como patrim\u00f4nio comum.<\/p>\n\n\n\n<p>O artigo 7 da Lei de Propriedade Horizontal permite obras internas, desde que n\u00e3o alterem a seguran\u00e7a, a estrutura geral nem a configura\u00e7\u00e3o externa. Assim, instalar um&nbsp;<em>sistema de climatiza\u00e7\u00e3o<\/em>&nbsp;na fachada costuma ser entendido como altera\u00e7\u00e3o do estado exterior, exigindo autoriza\u00e7\u00e3o pr\u00e9via do condom\u00ednio.<\/p>\n\n\n\n<figure class=\"wp-block-image\"><img decoding=\"async\" src=\"https:\/\/www.em.com.br\/emfoco\/wp-content\/uploads\/2026\/03\/Gemini_Generated_Image_rfhitirfhitirfhi-1-1024x576.png\" alt=\"\"\/><figcaption class=\"wp-element-caption\">Ar-condicionado na fachada pode dar problema s\u00e9rio<\/figcaption><\/figure>\n\n\n\n<h2 class=\"wp-block-heading\">Como funciona a instala\u00e7\u00e3o de ar-condicionado em condom\u00ednios no Brasil em 2026<\/h2>\n\n\n\n<p>Em 2026, as regras no Brasil ficaram mais rigorosas, buscando equilibrar conforto individual e preserva\u00e7\u00e3o do patrim\u00f4nio coletivo. N\u00e3o h\u00e1 lei federal que pro\u00edba o uso do aparelho dentro das unidades, mas a instala\u00e7\u00e3o de condensadoras em fachadas, po\u00e7os de ventila\u00e7\u00e3o, sacadas e coberturas \u00e9 regulada pelo\u00a0<strong>C\u00f3digo Civil<\/strong>, pelas<a href=\"https:\/\/abnt.org.br\/\" target=\"_blank\" rel=\"noreferrer noopener\">\u00a0<strong>Normas da ABNT<\/strong><\/a>\u00a0e pelas normas internas de cada condom\u00ednio.<\/p>\n\n\n\n<p>O C\u00f3digo Civil considera a fachada e a estrutura do edif\u00edcio como \u00e1reas comuns, logo qualquer altera\u00e7\u00e3o vis\u00edvel ou que afete a seguran\u00e7a depende de autoriza\u00e7\u00e3o condominial. Muitas conven\u00e7\u00f5es definem padroniza\u00e7\u00e3o de marca, pot\u00eancia, cor, posi\u00e7\u00e3o das unidades externas e at\u00e9 hor\u00e1rios permitidos para obras de instala\u00e7\u00e3o.<\/p>\n\n\n\n<h2 class=\"wp-block-heading\">Quais s\u00e3o as principais regras, proibi\u00e7\u00f5es e penalidades<\/h2>\n\n\n\n<p>Nos condom\u00ednios modernos, \u00e9 comum encontrar um conjunto de diretrizes que organiza a instala\u00e7\u00e3o de <a href=\"https:\/\/www.em.com.br\/emfoco\/2026\/04\/21\/mito-ou-verdade-sobre-o-ar-condicionado-e-outras-duvidas-comuns-que-muita-gente-ainda-erra-facil\/\" target=\"_blank\" rel=\"noreferrer noopener\">ar-condicionado<\/a> e reduz conflitos. Essas regras combinam exig\u00eancias t\u00e9cnicas, preocupa\u00e7\u00f5es est\u00e9ticas e limita\u00e7\u00f5es de seguran\u00e7a, geralmente detalhadas em conven\u00e7\u00e3o, regulamento interno e normas da ABNT.<\/p>\n\n\n\n<ul class=\"wp-block-list\">\n<li><strong>Autoriza\u00e7\u00e3o pr\u00e9via obrigat\u00f3ria:<\/strong>\u00a0Instala\u00e7\u00f5es que impactem fachada, telhado, po\u00e7os de ventila\u00e7\u00e3o, lajes t\u00e9cnicas ou outras \u00e1reas comuns dependem de aprova\u00e7\u00e3o em assembleia ou anu\u00eancia formal do s\u00edndico.<\/li>\n\n\n\n<li><strong>Altera\u00e7\u00e3o de fachada:<\/strong>\u00a0Instala\u00e7\u00f5es vis\u00edveis sem padroniza\u00e7\u00e3o podem ser consideradas irregulares, sujeitas a multas, notifica\u00e7\u00f5es, remo\u00e7\u00e3o do aparelho e recomposi\u00e7\u00e3o est\u00e9tica.<\/li>\n\n\n\n<li><strong>Capacidade el\u00e9trica:<\/strong>\u00a0Se a carga extra comprometer a seguran\u00e7a do quadro geral, o s\u00edndico pode exigir refor\u00e7o el\u00e9trico e laudo t\u00e9cnico antes de autorizar a obra.<\/li>\n\n\n\n<li><strong>Projeto t\u00e9cnico e ART\/RRT:<\/strong>\u00a0Muitos pr\u00e9dios exigem projeto assinado por profissional habilitado, com ART ou RRT, garantindo seguran\u00e7a estrutural, el\u00e9trica e de drenagem.<\/li>\n\n\n\n<li><strong>Normas ABNT:<\/strong>\u00a0Devem ser observadas, entre outras, a ABNT NBR 16401 (projetos de climatiza\u00e7\u00e3o) e a ABNT NBR 5410 (instala\u00e7\u00f5es el\u00e9tricas de baixa tens\u00e3o).<\/li>\n\n\n\n<li><strong>Gotejamento externo:<\/strong>\u00a0\u00c9 vedado deixar \u00e1gua de dreno cair em cal\u00e7adas, unidades vizinhas ou \u00e1reas comuns; a drenagem deve ser corretamente canalizada.<\/li>\n\n\n\n<li><strong>Ru\u00eddo excessivo:<\/strong>\u00a0O equipamento deve respeitar os limites de decib\u00e9is da legisla\u00e7\u00e3o local, sob pena de san\u00e7\u00f5es com base na \u201clei do sil\u00eancio\u201d.<\/li>\n\n\n\n<li><strong>Suportes inadequados e danos:<\/strong>\u00a0Estruturas met\u00e1licas fora do padr\u00e3o ou sem seguran\u00e7a podem ser proibidas, e danos a terceiros geram responsabilidade civil do propriet\u00e1rio.<\/li>\n<\/ul>\n\n\n\n<figure class=\"wp-block-image\"><img decoding=\"async\" src=\"https:\/\/www.em.com.br\/emfoco\/wp-content\/uploads\/2026\/03\/ChatGPT-Image-21-de-mar.-de-2026-15_59_29-1-1024x576.png\" alt=\"\"\/><figcaption class=\"wp-element-caption\">Ar-condicionado na fachada pode dar problema s\u00e9rio<\/figcaption><\/figure>\n\n\n\n<h2 class=\"wp-block-heading\">Quando pedir autoriza\u00e7\u00e3o e quando n\u00e3o h\u00e1 altera\u00e7\u00e3o vis\u00edvel de fachada<\/h2>\n\n\n\n<p>Como regra, para instalar&nbsp;<strong>ar-condicionado na fachada<\/strong>&nbsp;\u00e9 preciso solicitar autoriza\u00e7\u00e3o pr\u00e9via \u00e0 assembleia de cond\u00f4minos. Essa exig\u00eancia protege a est\u00e9tica do pr\u00e9dio e organiza o uso das \u00e1reas comuns, evitando aparelhos em locais aleat\u00f3rios, com tamanhos e alturas despadronizados.<\/p>\n\n\n\n<p>A legisla\u00e7\u00e3o admite situa\u00e7\u00f5es em que o&nbsp;<strong>aparelho de ar-condicionado<\/strong>&nbsp;pode ser posicionado sem alterar o aspecto geral do edif\u00edcio, como em \u00e1reas privativas n\u00e3o vis\u00edveis da via p\u00fablica ou de p\u00e1tios comuns. Mesmo assim, \u00e9 recomend\u00e1vel comunicar a obra ao s\u00edndico para checar ru\u00eddos, gotejamento, ocupa\u00e7\u00e3o de \u00e1reas comuns e respeito \u00e0 conven\u00e7\u00e3o.<\/p>\n\n\n\n<h2 class=\"wp-block-heading\">Como evitar conflitos legais e proteger seu investimento<\/h2>\n\n\n\n<p>A forma mais segura de agir \u00e9 planejar a instala\u00e7\u00e3o do&nbsp;<em>ar-condicionado residencial<\/em>&nbsp;conforme as normas internas do condom\u00ednio, a legisla\u00e7\u00e3o aplic\u00e1vel e as recomenda\u00e7\u00f5es t\u00e9cnicas atuais. Antes de contratar o servi\u00e7o, revise a conven\u00e7\u00e3o, o regulamento interno, atas de assembleias e, se preciso, busque orienta\u00e7\u00e3o jur\u00eddica e de um profissional habilitado em instala\u00e7\u00f5es de climatiza\u00e7\u00e3o.<\/p>\n\n\n\n<p>N\u00e3o coloque em risco seu conforto, seu dinheiro e a boa conviv\u00eancia com os vizinhos: pe\u00e7a autoriza\u00e7\u00e3o por escrito, exija ART ou RRT do respons\u00e1vel t\u00e9cnico e ajuste sua instala\u00e7\u00e3o \u00e0 Lei de Propriedade Horizontal ou ao C\u00f3digo Civil. Tome essa decis\u00e3o agora, antes de ter de lidar com ordens de retirada, processos caros e multas da prefeitura que poderiam ter sido facilmente evitados.<\/p>\n","protected":false},"excerpt":{"rendered":"<p>A instala\u00e7\u00e3o de ar-condicionado em resid\u00eancias se tornou muito comum tanto na Espanha quanto no Brasil, mas, em condom\u00ednios sujeitos \u00e0 Lei de Propriedade Horizontal (Espanha) ou ao C\u00f3digo Civil (Brasil), o uso da fachada para esse fim n\u00e3o depende apenas da vontade do propriet\u00e1rio, pois esses elementos s\u00e3o considerados \u00e1reas comuns e seu uso [&hellip;]<\/p>\n","protected":false},"author":11,"featured_media":203703,"comment_status":"open","ping_status":"open","sticky":false,"template":"","format":"standard","meta":{"jnews-multi-image_gallery":[],"jnews_single_post":{"format":"standard"},"jnews_primary_category":[],"jnews_social_meta":[],"jnews_override_counter":[],"footnotes":""},"categories":[28,1],"tags":[6942,17687,18338,5112,888],"class_list":["post-202263","post","type-post","status-publish","format-standard","has-post-thumbnail","hentry","category-economia","category-noticias","tag-ar-condicionado","tag-condominio","tag-fachada","tag-instalacao","tag-regras"],"yoast_head":"<!-- This site is optimized with the Yoast SEO plugin v23.8 - https:\/\/yoast.com\/wordpress\/plugins\/seo\/ -->\n<title>Adeus ao ar condicionado: \u00e9 proibida a sua instala\u00e7\u00e3o nas fachadas sem autoriza\u00e7\u00e3o, sujeitas a multas e remo\u00e7\u00e3o do aparelho - Estado de Minas - Em foco<\/title>\n<meta name=\"description\" content=\"O ar-condicionado em condom\u00ednio exige regras que muitos ignoram e isso pode gerar multas e at\u00e9 remo\u00e7\u00e3o. Entenda o que pode evitar problemas.\" \/>\n<meta name=\"robots\" content=\"index, follow, max-snippet:-1, max-image-preview:large, max-video-preview:-1\" \/>\n<link rel=\"canonical\" href=\"https:\/\/www.em.com.br\/emfoco\/2026\/05\/03\/adeus-ao-ar-condicionado-e-proibida-a-sua-instalacao-nas-fachadas-sem-autorizacao-sujeitas-a-multas-e-remocao-do-aparelho\/\" \/>\n<meta property=\"og:locale\" content=\"pt_BR\" \/>\n<meta property=\"og:type\" content=\"article\" \/>\n<meta property=\"og:title\" content=\"Adeus ao ar condicionado: \u00e9 proibida a sua instala\u00e7\u00e3o nas fachadas sem autoriza\u00e7\u00e3o, sujeitas a multas e remo\u00e7\u00e3o do aparelho - Estado de Minas - Em foco\" \/>\n<meta property=\"og:description\" content=\"O ar-condicionado em condom\u00ednio exige regras que muitos ignoram e isso pode gerar multas e at\u00e9 remo\u00e7\u00e3o. Entenda o que pode evitar problemas.\" \/>\n<meta property=\"og:url\" content=\"https:\/\/www.em.com.br\/emfoco\/2026\/05\/03\/adeus-ao-ar-condicionado-e-proibida-a-sua-instalacao-nas-fachadas-sem-autorizacao-sujeitas-a-multas-e-remocao-do-aparelho\/\" \/>\n<meta property=\"og:site_name\" content=\"Estado de Minas - Em foco\" \/>\n<meta property=\"article:published_time\" content=\"2026-05-03T10:55:00+00:00\" \/>\n<meta property=\"article:modified_time\" content=\"2026-05-02T22:55:18+00:00\" \/>\n<meta property=\"og:image\" content=\"https:\/\/www.em.com.br\/emfoco\/wp-content\/uploads\/2026\/05\/EmFoco_123.jpg\" \/>\n\t<meta property=\"og:image:width\" content=\"1280\" \/>\n\t<meta property=\"og:image:height\" content=\"720\" \/>\n\t<meta property=\"og:image:type\" content=\"image\/jpeg\" \/>\n<meta name=\"author\" content=\"Andre\u0301 Rangel\u00a0\" \/>\n<meta name=\"twitter:card\" content=\"summary_large_image\" \/>\n<meta name=\"twitter:label1\" content=\"Escrito por\" \/>\n\t<meta name=\"twitter:data1\" content=\"Andre\u0301 Rangel\u00a0\" \/>\n\t<meta name=\"twitter:label2\" content=\"Est. tempo de leitura\" \/>\n\t<meta name=\"twitter:data2\" content=\"5 minutos\" \/>\n<!-- \/ Yoast SEO plugin. -->","yoast_head_json":{"title":"Adeus ao ar condicionado: \u00e9 proibida a sua instala\u00e7\u00e3o nas fachadas sem autoriza\u00e7\u00e3o, sujeitas a multas e remo\u00e7\u00e3o do aparelho - Estado de Minas - Em foco","description":"O ar-condicionado em condom\u00ednio exige regras que muitos ignoram e isso pode gerar multas e at\u00e9 remo\u00e7\u00e3o. Entenda o que pode evitar problemas.","robots":{"index":"index","follow":"follow","max-snippet":"max-snippet:-1","max-image-preview":"max-image-preview:large","max-video-preview":"max-video-preview:-1"},"canonical":"https:\/\/www.em.com.br\/emfoco\/2026\/05\/03\/adeus-ao-ar-condicionado-e-proibida-a-sua-instalacao-nas-fachadas-sem-autorizacao-sujeitas-a-multas-e-remocao-do-aparelho\/","og_locale":"pt_BR","og_type":"article","og_title":"Adeus ao ar condicionado: \u00e9 proibida a sua instala\u00e7\u00e3o nas fachadas sem autoriza\u00e7\u00e3o, sujeitas a multas e remo\u00e7\u00e3o do aparelho - Estado de Minas - Em foco","og_description":"O ar-condicionado em condom\u00ednio exige regras que muitos ignoram e isso pode gerar multas e at\u00e9 remo\u00e7\u00e3o. Entenda o que pode evitar problemas.","og_url":"https:\/\/www.em.com.br\/emfoco\/2026\/05\/03\/adeus-ao-ar-condicionado-e-proibida-a-sua-instalacao-nas-fachadas-sem-autorizacao-sujeitas-a-multas-e-remocao-do-aparelho\/","og_site_name":"Estado de Minas - Em foco","article_published_time":"2026-05-03T10:55:00+00:00","article_modified_time":"2026-05-02T22:55:18+00:00","og_image":[{"width":1280,"height":720,"url":"https:\/\/www.em.com.br\/emfoco\/wp-content\/uploads\/2026\/05\/EmFoco_123.jpg","type":"image\/jpeg"}],"author":"Andre\u0301 Rangel\u00a0","twitter_card":"summary_large_image","twitter_misc":{"Escrito por":"Andre\u0301 Rangel\u00a0","Est. tempo de leitura":"5 minutos"},"schema":{"@context":"https:\/\/schema.org","@graph":[{"@type":"WebPage","@id":"https:\/\/www.em.com.br\/emfoco\/2026\/05\/03\/adeus-ao-ar-condicionado-e-proibida-a-sua-instalacao-nas-fachadas-sem-autorizacao-sujeitas-a-multas-e-remocao-do-aparelho\/","url":"https:\/\/www.em.com.br\/emfoco\/2026\/05\/03\/adeus-ao-ar-condicionado-e-proibida-a-sua-instalacao-nas-fachadas-sem-autorizacao-sujeitas-a-multas-e-remocao-do-aparelho\/","name":"Adeus ao ar condicionado: \u00e9 proibida a sua instala\u00e7\u00e3o nas fachadas sem autoriza\u00e7\u00e3o, sujeitas a multas e remo\u00e7\u00e3o do aparelho - Estado de Minas - Em foco","isPartOf":{"@id":"https:\/\/www.em.com.br\/emfoco\/#website"},"primaryImageOfPage":{"@id":"https:\/\/www.em.com.br\/emfoco\/2026\/05\/03\/adeus-ao-ar-condicionado-e-proibida-a-sua-instalacao-nas-fachadas-sem-autorizacao-sujeitas-a-multas-e-remocao-do-aparelho\/#primaryimage"},"image":{"@id":"https:\/\/www.em.com.br\/emfoco\/2026\/05\/03\/adeus-ao-ar-condicionado-e-proibida-a-sua-instalacao-nas-fachadas-sem-autorizacao-sujeitas-a-multas-e-remocao-do-aparelho\/#primaryimage"},"thumbnailUrl":"https:\/\/www.em.com.br\/emfoco\/wp-content\/uploads\/2026\/05\/EmFoco_123.jpg","datePublished":"2026-05-03T10:55:00+00:00","dateModified":"2026-05-02T22:55:18+00:00","author":{"@id":"https:\/\/www.em.com.br\/emfoco\/#\/schema\/person\/60eda09c1fedf0d6891f4cef4b60b8b8"},"description":"O ar-condicionado em condom\u00ednio exige regras que muitos ignoram e isso pode gerar multas e at\u00e9 remo\u00e7\u00e3o. Entenda o que pode evitar problemas.","breadcrumb":{"@id":"https:\/\/www.em.com.br\/emfoco\/2026\/05\/03\/adeus-ao-ar-condicionado-e-proibida-a-sua-instalacao-nas-fachadas-sem-autorizacao-sujeitas-a-multas-e-remocao-do-aparelho\/#breadcrumb"},"inLanguage":"pt-BR","potentialAction":[{"@type":"ReadAction","target":["https:\/\/www.em.com.br\/emfoco\/2026\/05\/03\/adeus-ao-ar-condicionado-e-proibida-a-sua-instalacao-nas-fachadas-sem-autorizacao-sujeitas-a-multas-e-remocao-do-aparelho\/"]}]},{"@type":"ImageObject","inLanguage":"pt-BR","@id":"https:\/\/www.em.com.br\/emfoco\/2026\/05\/03\/adeus-ao-ar-condicionado-e-proibida-a-sua-instalacao-nas-fachadas-sem-autorizacao-sujeitas-a-multas-e-remocao-do-aparelho\/#primaryimage","url":"https:\/\/www.em.com.br\/emfoco\/wp-content\/uploads\/2026\/05\/EmFoco_123.jpg","contentUrl":"https:\/\/www.em.com.br\/emfoco\/wp-content\/uploads\/2026\/05\/EmFoco_123.jpg","width":1280,"height":720,"caption":"Normas condominiais e leis regulam a instala\u00e7\u00e3o de ar-condicionado em fachadas prediais."},{"@type":"BreadcrumbList","@id":"https:\/\/www.em.com.br\/emfoco\/2026\/05\/03\/adeus-ao-ar-condicionado-e-proibida-a-sua-instalacao-nas-fachadas-sem-autorizacao-sujeitas-a-multas-e-remocao-do-aparelho\/#breadcrumb","itemListElement":[{"@type":"ListItem","position":1,"name":"In\u00edcio","item":"https:\/\/www.em.com.br\/emfoco\/"},{"@type":"ListItem","position":2,"name":"Adeus ao ar condicionado: \u00e9 proibida a sua instala\u00e7\u00e3o nas fachadas sem autoriza\u00e7\u00e3o, sujeitas a multas e remo\u00e7\u00e3o do aparelho"}]},{"@type":"WebSite","@id":"https:\/\/www.em.com.br\/emfoco\/#website","url":"https:\/\/www.em.com.br\/emfoco\/","name":"Estado de Minas - Em foco","description":"Acompanhe as \u00faltimas not\u00edcias e fique bem informado sobre tudo o que acontece em Minas Gerais, Brasil e no mundo.","potentialAction":[{"@type":"SearchAction","target":{"@type":"EntryPoint","urlTemplate":"https:\/\/www.em.com.br\/emfoco\/?s={search_term_string}"},"query-input":{"@type":"PropertyValueSpecification","valueRequired":true,"valueName":"search_term_string"}}],"inLanguage":"pt-BR"},{"@type":"Person","@id":"https:\/\/www.em.com.br\/emfoco\/#\/schema\/person\/60eda09c1fedf0d6891f4cef4b60b8b8","name":"Andre\u0301 Rangel\u00a0","image":{"@type":"ImageObject","inLanguage":"pt-BR","@id":"https:\/\/www.em.com.br\/emfoco\/#\/schema\/person\/image\/","url":"https:\/\/secure.gravatar.com\/avatar\/6234dc814c77c8ef6d8bba622c787efc?s=96&d=mm&r=g","contentUrl":"https:\/\/secure.gravatar.com\/avatar\/6234dc814c77c8ef6d8bba622c787efc?s=96&d=mm&r=g","caption":"Andre\u0301 Rangel\u00a0"},"url":"https:\/\/www.em.com.br\/emfoco\/author\/luizmyth\/"}]}},"_links":{"self":[{"href":"https:\/\/www.em.com.br\/emfoco\/wp-json\/wp\/v2\/posts\/202263","targetHints":{"allow":["GET"]}}],"collection":[{"href":"https:\/\/www.em.com.br\/emfoco\/wp-json\/wp\/v2\/posts"}],"about":[{"href":"https:\/\/www.em.com.br\/emfoco\/wp-json\/wp\/v2\/types\/post"}],"author":[{"embeddable":true,"href":"https:\/\/www.em.com.br\/emfoco\/wp-json\/wp\/v2\/users\/11"}],"replies":[{"embeddable":true,"href":"https:\/\/www.em.com.br\/emfoco\/wp-json\/wp\/v2\/comments?post=202263"}],"version-history":[{"count":3,"href":"https:\/\/www.em.com.br\/emfoco\/wp-json\/wp\/v2\/posts\/202263\/revisions"}],"predecessor-version":[{"id":202270,"href":"https:\/\/www.em.com.br\/emfoco\/wp-json\/wp\/v2\/posts\/202263\/revisions\/202270"}],"wp:featuredmedia":[{"embeddable":true,"href":"https:\/\/www.em.com.br\/emfoco\/wp-json\/wp\/v2\/media\/203703"}],"wp:attachment":[{"href":"https:\/\/www.em.com.br\/emfoco\/wp-json\/wp\/v2\/media?parent=202263"}],"wp:term":[{"taxonomy":"category","embeddable":true,"href":"https:\/\/www.em.com.br\/emfoco\/wp-json\/wp\/v2\/categories?post=202263"},{"taxonomy":"post_tag","embeddable":true,"href":"https:\/\/www.em.com.br\/emfoco\/wp-json\/wp\/v2\/tags?post=202263"}],"curies":[{"name":"wp","href":"https:\/\/api.w.org\/{rel}","templated":true}]}}