{"id":202221,"date":"2026-05-01T19:35:00","date_gmt":"2026-05-01T22:35:00","guid":{"rendered":"https:\/\/www.em.com.br\/emfoco\/?p=202221"},"modified":"2026-05-01T01:53:47","modified_gmt":"2026-05-01T04:53:47","slug":"idoso-de-92-anos-relata-em-audiencia-esqueci-de-me-aposentar-e-solicita-beneficio-do-inss","status":"publish","type":"post","link":"https:\/\/www.em.com.br\/emfoco\/2026\/05\/01\/idoso-de-92-anos-relata-em-audiencia-esqueci-de-me-aposentar-e-solicita-beneficio-do-inss\/","title":{"rendered":"Idoso de 92 anos relata em audi\u00eancia: \u201cesqueci de me aposentar\u201d e solicita benef\u00edcio do INSS"},"content":{"rendered":"\n<p>Um relato emocionante durante uma audi\u00eancia previdenci\u00e1ria online em mar\u00e7o de <strong>2026<\/strong> chamou a aten\u00e7\u00e3o para a realidade de muitos brasileiros. Um idoso mineiro de <strong>92 anos<\/strong> afirmou que trabalhou a vida toda, mas simplesmente n\u00e3o sabia que precisava solicitar formalmente o seu <strong>benef\u00edcio do INSS<\/strong>.<\/p>\n\n\n\n<h2 class=\"wp-block-heading\">A aposentadoria tardia \u00e9 permitida pela lei brasileira?<\/h2>\n\n\n\n<p>De acordo com a <strong>Lei 8.213\/1991<\/strong>, n\u00e3o existe uma idade m\u00e1xima para que o cidad\u00e3o pe\u00e7a a sua aposentadoria. O direito ao amparo previdenci\u00e1rio \u00e9 adquirido assim que os requisitos de idade ou tempo de contribui\u00e7\u00e3o s\u00e3o atingidos, permanecendo dispon\u00edvel para o segurado enquanto ele viver.<\/p>\n\n\n\n<p>No entanto, \u00e9 fundamental destacar que o pagamento s\u00f3 retroage \u00e0 data do requerimento administrativo. Ou seja, embora o idoso de <strong>92 anos<\/strong> tenha direito ao valor mensal daqui para frente, ele n\u00e3o receber\u00e1 o montante acumulado das d\u00e9cadas em que j\u00e1 poderia estar aposentado, a menos que comprove uma falha pr\u00e9via do \u00f3rg\u00e3o.<\/p>\n\n\n<div class=\"wp-block-image\">\n<figure class=\"aligncenter size-large\"><img loading=\"lazy\" decoding=\"async\" width=\"1024\" height=\"576\" src=\"https:\/\/www.em.com.br\/emfoco\/wp-content\/uploads\/2026\/04\/INSS_1776224600013-1-1024x576.jpg\" alt=\"INSS - Cr\u00e9ditos: depositphotos.com \/ rafapress\" class=\"wp-image-193233\" srcset=\"https:\/\/www.em.com.br\/emfoco\/wp-content\/uploads\/2026\/04\/INSS_1776224600013-1-1024x576.jpg 1024w, https:\/\/www.em.com.br\/emfoco\/wp-content\/uploads\/2026\/04\/INSS_1776224600013-1-300x169.jpg 300w, https:\/\/www.em.com.br\/emfoco\/wp-content\/uploads\/2026\/04\/INSS_1776224600013-1-768x432.jpg 768w, https:\/\/www.em.com.br\/emfoco\/wp-content\/uploads\/2026\/04\/INSS_1776224600013-1-750x422.jpg 750w, https:\/\/www.em.com.br\/emfoco\/wp-content\/uploads\/2026\/04\/INSS_1776224600013-1-1140x641.jpg 1140w, https:\/\/www.em.com.br\/emfoco\/wp-content\/uploads\/2026\/04\/INSS_1776224600013-1.jpg 1280w\" sizes=\"auto, (max-width: 1024px) 100vw, 1024px\" \/><figcaption class=\"wp-element-caption\">Aplicativo Meu INSS \u00e9 essencial para administrar seus direitos &#8211; Cr\u00e9ditos: depositphotos.com \/ rafapress<\/figcaption><\/figure><\/div>\n\n\n<h2 class=\"wp-block-heading\">Quais s\u00e3o as barreiras para o acesso ao benef\u00edcio do INSS?<\/h2>\n\n\n\n<p>Muitos trabalhadores chegam \u00e0 idade avan\u00e7ada sem prote\u00e7\u00e3o devido \u00e0 informalidade e \u00e0 falta de instru\u00e7\u00e3o t\u00e9cnica para lidar com sistemas digitais. O processo atual exige o uso do portal <strong>Meu INSS<\/strong>, que demanda senhas e n\u00edveis de seguran\u00e7a que nem todos conseguem manejar sem aux\u00edlio.<\/p>\n\n\n\n<p>Al\u00e9m da dificuldade tecnol\u00f3gica, a desinforma\u00e7\u00e3o sobre o tempo de trabalho rural e dom\u00e9stico impede que milh\u00f5es de brasileiros acessem o que \u00e9 seu por direito. Segundo dados do <a href=\"https:\/\/www.ibge.gov.br\">IBGE<\/a>, milh\u00f5es de idosos nunca contribu\u00edram formalmente, muitas vezes por desconhecerem as regras de inclus\u00e3o para trabalhadores de baixa renda.<\/p>\n\n\n\n<p>Leia tamb\u00e9m: <a href=\"https:\/\/www.em.com.br\/emfoco\/2026\/04\/29\/nova-lei-que-libera-motoristas-da-categoria-b-para-veiculos-mais-pesados-e-aprovada-na-camara-dos-deputados-pela-cvt\/\" target=\"_blank\" rel=\"noreferrer noopener\"><a href=\"https:\/\/www.em.com.br\/emfoco\/2026\/04\/29\/nova-regra-do-inss-dispensa-pericia-presencial-por-ate-90-dias-e-beneficia-500-mil-segurados\/\">Nova regra do INSS dispensa per\u00edcia presencial por at\u00e9 90 dias e beneficia 500 mil segurados<\/a><\/a><\/p>\n\n\n\n<h2 class=\"wp-block-heading\">O que o trabalhador deve fazer para garantir seus direitos?<\/h2>\n\n\n\n<p>O primeiro passo para evitar situa\u00e7\u00f5es como a do idoso mineiro \u00e9 consultar regularmente o <strong>CNIS<\/strong> (Extrato de Contribui\u00e7\u00e3o). Esse documento funciona como o &#8220;curr\u00edculo&#8221; do trabalhador perante o governo e lista todos os sal\u00e1rios e empresas onde houve registro oficial.<\/p>\n\n\n\n<p>Caso existam per\u00edodos sem registro, especialmente em \u00e1reas rurais, \u00e9 poss\u00edvel ingressar com a\u00e7\u00f5es na <strong>Justi\u00e7a Federal<\/strong>. Nesses casos, provas testemunhais e documentos antigos de sindicatos rurais s\u00e3o aceitos para validar o tempo de servi\u00e7o e garantir o <strong>benef\u00edcio do INSS<\/strong>.<\/p>\n\n\n\n<p>Abaixo, organizamos os canais oficiais para quem precisa regularizar a sua situa\u00e7\u00e3o previdenci\u00e1ria:<\/p>\n\n\n<div class=\"wp-block-image\">\n<figure class=\"aligncenter size-large is-resized\"><img loading=\"lazy\" decoding=\"async\" width=\"1024\" height=\"765\" src=\"https:\/\/www.em.com.br\/emfoco\/wp-content\/uploads\/2026\/05\/image-24-1024x765.png\" alt=\"\" class=\"wp-image-202470\" style=\"width:785px;height:auto\" srcset=\"https:\/\/www.em.com.br\/emfoco\/wp-content\/uploads\/2026\/05\/image-24-1024x765.png 1024w, https:\/\/www.em.com.br\/emfoco\/wp-content\/uploads\/2026\/05\/image-24-300x224.png 300w, https:\/\/www.em.com.br\/emfoco\/wp-content\/uploads\/2026\/05\/image-24-768x574.png 768w, https:\/\/www.em.com.br\/emfoco\/wp-content\/uploads\/2026\/05\/image-24-750x560.png 750w, https:\/\/www.em.com.br\/emfoco\/wp-content\/uploads\/2026\/05\/image-24-1140x851.png 1140w, https:\/\/www.em.com.br\/emfoco\/wp-content\/uploads\/2026\/05\/image-24.png 1280w\" sizes=\"auto, (max-width: 1024px) 100vw, 1024px\" \/><\/figure><\/div>\n\n\n<h2 class=\"wp-block-heading\">Como funciona o prazo de decad\u00eancia de 10 anos?<\/h2>\n\n\n\n<p>Existe uma confus\u00e3o comum entre o direito de pedir a aposentadoria e o direito de revis\u00e1-la. Enquanto o pedido inicial pode ser feito em qualquer idade, o prazo para contestar o valor de um benef\u00edcio j\u00e1 concedido \u00e9 de <strong>10 anos<\/strong>. Este per\u00edodo \u00e9 conhecido como prazo decadencial e est\u00e1 previsto no <strong>artigo 103<\/strong> da legisla\u00e7\u00e3o previdenci\u00e1ria.<\/p>\n\n\n\n<p>A regra serve para garantir seguran\u00e7a jur\u00eddica tanto para o segurado quanto para a autarquia. Para entender melhor a estrutura da seguridade social e como ela se organiza historicamente, \u00e9 poss\u00edvel analisar os principais marcos legais que regulam o setor ao longo do tempo.<\/p>\n\n\n\n<h2 class=\"wp-block-heading\">Por que o envelhecimento populacional pressiona o sistema?<\/h2>\n\n\n\n<p>O Brasil vive um processo acelerado de <strong>envelhecimento populacional<\/strong>, com proje\u00e7\u00e3o de mais de <strong>58 milh\u00f5es de idosos<\/strong> at\u00e9 <strong>2050<\/strong>. Isso aumenta a demanda por benef\u00edcios e torna essencial facilitar o acesso aos servi\u00e7os, j\u00e1 que a tecnologia pode acabar virando uma barreira para quem tem mais dificuldade com o digital.<\/p>\n\n\n\n<p>O caso do senhor de <strong>92 anos<\/strong>, que conseguiu a concess\u00e3o do benef\u00edcio ap\u00f3s decis\u00e3o judicial, mostra a import\u00e2ncia de aten\u00e7\u00e3o \u00e0 situa\u00e7\u00e3o previdenci\u00e1ria de idosos. Situa\u00e7\u00f5es como essa servem de alerta para familiares e cuidadores evitarem perdas por falta de informa\u00e7\u00e3o, refor\u00e7ando que a <strong>previd\u00eancia social<\/strong> \u00e9 um direito ligado \u00e0 dignidade e ao amparo das pessoas mais vulner\u00e1veis.<\/p>\n","protected":false},"excerpt":{"rendered":"<p>Um relato emocionante durante uma audi\u00eancia previdenci\u00e1ria online em mar\u00e7o de 2026 chamou a aten\u00e7\u00e3o para a realidade de muitos brasileiros. Um idoso mineiro de 92 anos afirmou que trabalhou a vida toda, mas simplesmente n\u00e3o sabia que precisava solicitar formalmente o seu benef\u00edcio do INSS. A aposentadoria tardia \u00e9 permitida pela lei brasileira? De [&hellip;]<\/p>\n","protected":false},"author":30,"featured_media":202306,"comment_status":"open","ping_status":"open","sticky":false,"template":"","format":"standard","meta":{"jnews-multi-image_gallery":[],"jnews_single_post":{"format":"standard"},"jnews_primary_category":[],"jnews_social_meta":[],"jnews_override_counter":[],"footnotes":""},"categories":[28],"tags":[172,1342,174,1010],"class_list":["post-202221","post","type-post","status-publish","format-standard","has-post-thumbnail","hentry","category-economia","tag-aposentadoria","tag-direitos","tag-inss","tag-previdencia"],"yoast_head":"<!-- This site is optimized with the Yoast SEO plugin v23.8 - https:\/\/yoast.com\/wordpress\/plugins\/seo\/ -->\n<title>Idoso de 92 anos relata em audi\u00eancia: \u201cesqueci de me aposentar\u201d e solicita benef\u00edcio do INSS - Estado de Minas - Em foco<\/title>\n<meta name=\"description\" content=\"Entenda como este caso surpreendente envolve o benef\u00edcio do INSS e veja quem pode ter direito a essa situa\u00e7\u00e3o agora no Brasil hoje.\" \/>\n<meta name=\"robots\" content=\"index, follow, max-snippet:-1, max-image-preview:large, max-video-preview:-1\" \/>\n<link rel=\"canonical\" href=\"https:\/\/www.em.com.br\/emfoco\/2026\/05\/01\/idoso-de-92-anos-relata-em-audiencia-esqueci-de-me-aposentar-e-solicita-beneficio-do-inss\/\" \/>\n<meta property=\"og:locale\" content=\"pt_BR\" \/>\n<meta property=\"og:type\" content=\"article\" \/>\n<meta property=\"og:title\" content=\"Idoso de 92 anos relata em audi\u00eancia: \u201cesqueci de me aposentar\u201d e solicita benef\u00edcio do INSS - Estado de Minas - Em foco\" \/>\n<meta property=\"og:description\" content=\"Entenda como este caso surpreendente envolve o benef\u00edcio do INSS e veja quem pode ter direito a essa situa\u00e7\u00e3o agora no Brasil hoje.\" \/>\n<meta property=\"og:url\" content=\"https:\/\/www.em.com.br\/emfoco\/2026\/05\/01\/idoso-de-92-anos-relata-em-audiencia-esqueci-de-me-aposentar-e-solicita-beneficio-do-inss\/\" \/>\n<meta property=\"og:site_name\" content=\"Estado de Minas - Em foco\" \/>\n<meta property=\"article:published_time\" content=\"2026-05-01T22:35:00+00:00\" \/>\n<meta property=\"article:modified_time\" content=\"2026-05-01T04:53:47+00:00\" \/>\n<meta property=\"og:image\" content=\"https:\/\/www.em.com.br\/emfoco\/wp-content\/uploads\/2026\/05\/EmFoco_66.jpg\" \/>\n\t<meta property=\"og:image:width\" content=\"1280\" \/>\n\t<meta property=\"og:image:height\" content=\"720\" \/>\n\t<meta property=\"og:image:type\" content=\"image\/jpeg\" \/>\n<meta name=\"author\" content=\"Guilherme Ara\u00fajo\" \/>\n<meta name=\"twitter:card\" content=\"summary_large_image\" \/>\n<meta name=\"twitter:label1\" content=\"Escrito por\" \/>\n\t<meta name=\"twitter:data1\" content=\"Guilherme Ara\u00fajo\" \/>\n\t<meta name=\"twitter:label2\" content=\"Est. tempo de leitura\" \/>\n\t<meta name=\"twitter:data2\" content=\"5 minutos\" \/>\n<!-- \/ Yoast SEO plugin. -->","yoast_head_json":{"title":"Idoso de 92 anos relata em audi\u00eancia: \u201cesqueci de me aposentar\u201d e solicita benef\u00edcio do INSS - Estado de Minas - Em foco","description":"Entenda como este caso surpreendente envolve o benef\u00edcio do INSS e veja quem pode ter direito a essa situa\u00e7\u00e3o agora no Brasil hoje.","robots":{"index":"index","follow":"follow","max-snippet":"max-snippet:-1","max-image-preview":"max-image-preview:large","max-video-preview":"max-video-preview:-1"},"canonical":"https:\/\/www.em.com.br\/emfoco\/2026\/05\/01\/idoso-de-92-anos-relata-em-audiencia-esqueci-de-me-aposentar-e-solicita-beneficio-do-inss\/","og_locale":"pt_BR","og_type":"article","og_title":"Idoso de 92 anos relata em audi\u00eancia: \u201cesqueci de me aposentar\u201d e solicita benef\u00edcio do INSS - Estado de Minas - Em foco","og_description":"Entenda como este caso surpreendente envolve o benef\u00edcio do INSS e veja quem pode ter direito a essa situa\u00e7\u00e3o agora no Brasil hoje.","og_url":"https:\/\/www.em.com.br\/emfoco\/2026\/05\/01\/idoso-de-92-anos-relata-em-audiencia-esqueci-de-me-aposentar-e-solicita-beneficio-do-inss\/","og_site_name":"Estado de Minas - Em foco","article_published_time":"2026-05-01T22:35:00+00:00","article_modified_time":"2026-05-01T04:53:47+00:00","og_image":[{"width":1280,"height":720,"url":"https:\/\/www.em.com.br\/emfoco\/wp-content\/uploads\/2026\/05\/EmFoco_66.jpg","type":"image\/jpeg"}],"author":"Guilherme Ara\u00fajo","twitter_card":"summary_large_image","twitter_misc":{"Escrito por":"Guilherme Ara\u00fajo","Est. tempo de leitura":"5 minutos"},"schema":{"@context":"https:\/\/schema.org","@graph":[{"@type":"WebPage","@id":"https:\/\/www.em.com.br\/emfoco\/2026\/05\/01\/idoso-de-92-anos-relata-em-audiencia-esqueci-de-me-aposentar-e-solicita-beneficio-do-inss\/","url":"https:\/\/www.em.com.br\/emfoco\/2026\/05\/01\/idoso-de-92-anos-relata-em-audiencia-esqueci-de-me-aposentar-e-solicita-beneficio-do-inss\/","name":"Idoso de 92 anos relata em audi\u00eancia: \u201cesqueci de me aposentar\u201d e solicita benef\u00edcio do INSS - Estado de Minas - Em foco","isPartOf":{"@id":"https:\/\/www.em.com.br\/emfoco\/#website"},"primaryImageOfPage":{"@id":"https:\/\/www.em.com.br\/emfoco\/2026\/05\/01\/idoso-de-92-anos-relata-em-audiencia-esqueci-de-me-aposentar-e-solicita-beneficio-do-inss\/#primaryimage"},"image":{"@id":"https:\/\/www.em.com.br\/emfoco\/2026\/05\/01\/idoso-de-92-anos-relata-em-audiencia-esqueci-de-me-aposentar-e-solicita-beneficio-do-inss\/#primaryimage"},"thumbnailUrl":"https:\/\/www.em.com.br\/emfoco\/wp-content\/uploads\/2026\/05\/EmFoco_66.jpg","datePublished":"2026-05-01T22:35:00+00:00","dateModified":"2026-05-01T04:53:47+00:00","author":{"@id":"https:\/\/www.em.com.br\/emfoco\/#\/schema\/person\/5379e929a4b966c775d121e23f9bb421"},"description":"Entenda como este caso surpreendente envolve o benef\u00edcio do INSS e veja quem pode ter direito a essa situa\u00e7\u00e3o agora no Brasil hoje.","breadcrumb":{"@id":"https:\/\/www.em.com.br\/emfoco\/2026\/05\/01\/idoso-de-92-anos-relata-em-audiencia-esqueci-de-me-aposentar-e-solicita-beneficio-do-inss\/#breadcrumb"},"inLanguage":"pt-BR","potentialAction":[{"@type":"ReadAction","target":["https:\/\/www.em.com.br\/emfoco\/2026\/05\/01\/idoso-de-92-anos-relata-em-audiencia-esqueci-de-me-aposentar-e-solicita-beneficio-do-inss\/"]}]},{"@type":"ImageObject","inLanguage":"pt-BR","@id":"https:\/\/www.em.com.br\/emfoco\/2026\/05\/01\/idoso-de-92-anos-relata-em-audiencia-esqueci-de-me-aposentar-e-solicita-beneficio-do-inss\/#primaryimage","url":"https:\/\/www.em.com.br\/emfoco\/wp-content\/uploads\/2026\/05\/EmFoco_66.jpg","contentUrl":"https:\/\/www.em.com.br\/emfoco\/wp-content\/uploads\/2026\/05\/EmFoco_66.jpg","width":1280,"height":720,"caption":"Legisla\u00e7\u00e3o brasileira garante aposentadoria tardia respeitando prazos administrativos para o recebimento de valores"},{"@type":"BreadcrumbList","@id":"https:\/\/www.em.com.br\/emfoco\/2026\/05\/01\/idoso-de-92-anos-relata-em-audiencia-esqueci-de-me-aposentar-e-solicita-beneficio-do-inss\/#breadcrumb","itemListElement":[{"@type":"ListItem","position":1,"name":"In\u00edcio","item":"https:\/\/www.em.com.br\/emfoco\/"},{"@type":"ListItem","position":2,"name":"Idoso de 92 anos relata em audi\u00eancia: \u201cesqueci de me aposentar\u201d e solicita benef\u00edcio do INSS"}]},{"@type":"WebSite","@id":"https:\/\/www.em.com.br\/emfoco\/#website","url":"https:\/\/www.em.com.br\/emfoco\/","name":"Estado de Minas - Em foco","description":"Acompanhe as \u00faltimas not\u00edcias e fique bem informado sobre tudo o que acontece em Minas Gerais, Brasil e no mundo.","potentialAction":[{"@type":"SearchAction","target":{"@type":"EntryPoint","urlTemplate":"https:\/\/www.em.com.br\/emfoco\/?s={search_term_string}"},"query-input":{"@type":"PropertyValueSpecification","valueRequired":true,"valueName":"search_term_string"}}],"inLanguage":"pt-BR"},{"@type":"Person","@id":"https:\/\/www.em.com.br\/emfoco\/#\/schema\/person\/5379e929a4b966c775d121e23f9bb421","name":"Guilherme Ara\u00fajo","image":{"@type":"ImageObject","inLanguage":"pt-BR","@id":"https:\/\/www.em.com.br\/emfoco\/#\/schema\/person\/image\/","url":"https:\/\/secure.gravatar.com\/avatar\/b8bf1fd0130e170bd8f5d7298dbafa25?s=96&d=mm&r=g","contentUrl":"https:\/\/secure.gravatar.com\/avatar\/b8bf1fd0130e170bd8f5d7298dbafa25?s=96&d=mm&r=g","caption":"Guilherme Ara\u00fajo"},"sameAs":["https:\/\/www.em.com.br\/emfoco"],"url":"https:\/\/www.em.com.br\/emfoco\/author\/guilhermeamyth\/"}]}},"_links":{"self":[{"href":"https:\/\/www.em.com.br\/emfoco\/wp-json\/wp\/v2\/posts\/202221","targetHints":{"allow":["GET"]}}],"collection":[{"href":"https:\/\/www.em.com.br\/emfoco\/wp-json\/wp\/v2\/posts"}],"about":[{"href":"https:\/\/www.em.com.br\/emfoco\/wp-json\/wp\/v2\/types\/post"}],"author":[{"embeddable":true,"href":"https:\/\/www.em.com.br\/emfoco\/wp-json\/wp\/v2\/users\/30"}],"replies":[{"embeddable":true,"href":"https:\/\/www.em.com.br\/emfoco\/wp-json\/wp\/v2\/comments?post=202221"}],"version-history":[{"count":6,"href":"https:\/\/www.em.com.br\/emfoco\/wp-json\/wp\/v2\/posts\/202221\/revisions"}],"predecessor-version":[{"id":202514,"href":"https:\/\/www.em.com.br\/emfoco\/wp-json\/wp\/v2\/posts\/202221\/revisions\/202514"}],"wp:featuredmedia":[{"embeddable":true,"href":"https:\/\/www.em.com.br\/emfoco\/wp-json\/wp\/v2\/media\/202306"}],"wp:attachment":[{"href":"https:\/\/www.em.com.br\/emfoco\/wp-json\/wp\/v2\/media?parent=202221"}],"wp:term":[{"taxonomy":"category","embeddable":true,"href":"https:\/\/www.em.com.br\/emfoco\/wp-json\/wp\/v2\/categories?post=202221"},{"taxonomy":"post_tag","embeddable":true,"href":"https:\/\/www.em.com.br\/emfoco\/wp-json\/wp\/v2\/tags?post=202221"}],"curies":[{"name":"wp","href":"https:\/\/api.w.org\/{rel}","templated":true}]}}