{"id":202219,"date":"2026-05-01T13:35:00","date_gmt":"2026-05-01T16:35:00","guid":{"rendered":"https:\/\/www.em.com.br\/emfoco\/?p=202219"},"modified":"2026-05-01T01:53:46","modified_gmt":"2026-05-01T04:53:46","slug":"empresa-demite-funcionario-apos-descobrir-processo-criminal-em-acreditamento-e-e-condenada-por-dano-moral","status":"publish","type":"post","link":"https:\/\/www.em.com.br\/emfoco\/2026\/05\/01\/empresa-demite-funcionario-apos-descobrir-processo-criminal-em-acreditamento-e-e-condenada-por-dano-moral\/","title":{"rendered":"Empresa demite colaborador ap\u00f3s descobrir a\u00e7\u00e3o penal em andamento e \u00e9 condenada por dano moral"},"content":{"rendered":"\n<p>A justi\u00e7a brasileira consolidou o entendimento de que a dispensa de um colaborador motivada apenas pela exist\u00eancia de um <strong>processo criminal<\/strong> sem senten\u00e7a definitiva \u00e9 ilegal. Essa pr\u00e1tica fere o princ\u00edpio da presun\u00e7\u00e3o de inoc\u00eancia e configura ato discriminat\u00f3rio, gerando o dever de indenizar o trabalhador.<\/p>\n\n\n\n<h2 class=\"wp-block-heading\">Por que a demiss\u00e3o por processo criminal gera dano moral?<\/h2>\n\n\n\n<p>O rompimento do contrato de trabalho baseado apenas no fato de o empregado figurar como r\u00e9u em uma a\u00e7\u00e3o penal \u00e9 considerado abusivo. A <strong>Constitui\u00e7\u00e3o Federal<\/strong> estabelece que ningu\u00e9m ser\u00e1 considerado culpado at\u00e9 o tr\u00e2nsito em julgado da senten\u00e7a, o que impede que empresas punam antecipadamente seus funcion\u00e1rios por fatos alheios ao ambiente laboral.<\/p>\n\n\n\n<p>Quando a empresa utiliza essa informa\u00e7\u00e3o para desligar o profissional, ela comete uma pr\u00e1tica discriminat\u00f3ria vedada pela legisla\u00e7\u00e3o. O abalo \u00e0 honra e \u00e0 dignidade do trabalhador, muitas vezes exposto a coment\u00e1rios e isolamento antes da demiss\u00e3o, justifica a condena\u00e7\u00e3o por danos morais no \u00e2mbito da Justi\u00e7a do Trabalho.<\/p>\n\n\n\n<h2 class=\"wp-block-heading\">O que diz a Lei 9.029\/1995 sobre pr\u00e1ticas discriminat\u00f3rias?<\/h2>\n\n\n\n<p>A <strong>Lei 9.029\/1995<\/strong> \u00e9 o principal pilar jur\u00eddico que pro\u00edbe qualquer ato limitativo para o acesso ou manuten\u00e7\u00e3o do emprego baseado em crit\u00e9rios estigmatizantes. Embora a lei cite exemplos como origem e idade, o <strong>Tribunal Superior do Trabalho<\/strong> aplica uma interpreta\u00e7\u00e3o extensiva para proteger quem responde a um <strong>processo criminal<\/strong>.<\/p>\n\n\n\n<p>Se ficar comprovado que o desligamento ocorreu devido ao hist\u00f3rico judicial do funcion\u00e1rio, o empregador enfrenta san\u00e7\u00f5es severas. O trabalhador pode optar pela reintegra\u00e7\u00e3o com pagamento integral dos sal\u00e1rios ou pelo recebimento em dobro da remunera\u00e7\u00e3o referente ao per\u00edodo de afastamento, conforme as diretrizes de prote\u00e7\u00e3o social.<\/p>\n\n\n<div class=\"wp-block-image\">\n<figure class=\"aligncenter size-large\"><img loading=\"lazy\" decoding=\"async\" width=\"1024\" height=\"576\" src=\"https:\/\/www.em.com.br\/emfoco\/wp-content\/uploads\/2026\/05\/acao-penal-1-1024x576.jpg\" alt=\"Empresa que demitiu funcion\u00e1rio por causa de processo criminal deve pagar indeniza\u00e7\u00e3o\" class=\"wp-image-202524\" srcset=\"https:\/\/www.em.com.br\/emfoco\/wp-content\/uploads\/2026\/05\/acao-penal-1-1024x576.jpg 1024w, https:\/\/www.em.com.br\/emfoco\/wp-content\/uploads\/2026\/05\/acao-penal-1-300x169.jpg 300w, https:\/\/www.em.com.br\/emfoco\/wp-content\/uploads\/2026\/05\/acao-penal-1-768x432.jpg 768w, https:\/\/www.em.com.br\/emfoco\/wp-content\/uploads\/2026\/05\/acao-penal-1-750x422.jpg 750w, https:\/\/www.em.com.br\/emfoco\/wp-content\/uploads\/2026\/05\/acao-penal-1-1140x641.jpg 1140w, https:\/\/www.em.com.br\/emfoco\/wp-content\/uploads\/2026\/05\/acao-penal-1.jpg 1280w\" sizes=\"auto, (max-width: 1024px) 100vw, 1024px\" \/><figcaption class=\"wp-element-caption\">Empresa que demitiu funcion\u00e1rio por causa de processo criminal deve pagar indeniza\u00e7\u00e3o<\/figcaption><\/figure><\/div>\n\n\n<h2 class=\"wp-block-heading\">Como o TST avalia se a demiss\u00e3o foi discriminat\u00f3ria?<\/h2>\n\n\n\n<p>A justi\u00e7a n\u00e3o pro\u00edbe a demiss\u00e3o sem justa causa, que \u00e9 um direito do empregador, mas veda o uso do <strong>processo criminal<\/strong> como motiva\u00e7\u00e3o oculta ou expl\u00edcita. Os magistrados analisam a proximidade temporal entre a descoberta do fato e o corte, al\u00e9m de verificar se houve exposi\u00e7\u00e3o da imagem do r\u00e9u perante os demais colegas.<\/p>\n\n\n\n<p>Para compreender como as leis protegem o indiv\u00edduo contra abusos de autoridade e estigmas sociais, \u00e9 importante o conceito de presun\u00e7\u00e3o de inoc\u00eancia; assim, se a acusa\u00e7\u00e3o n\u00e3o tem rela\u00e7\u00e3o direta com as fun\u00e7\u00f5es exercidas, a empresa n\u00e3o pode justificar a manuten\u00e7\u00e3o do funcion\u00e1rio como preju\u00edzo ao neg\u00f3cio.<\/p>\n\n\n\n<p>Leia tamb\u00e9: <a href=\"https:\/\/www.em.com.br\/emfoco\/2026\/04\/30\/novas-leis-entram-em-vigor-em-junho-e-podem-mudar-as-ferias-com-regras-mais-rigidas-menos-ofertas-e-novas-exigencias-para-turistas\/\" target=\"_blank\" rel=\"noreferrer noopener\">Novas leis entram em vigor em junho e podem mudar as f\u00e9rias com regras mais r\u00edgidas, menos ofertas e novas exig\u00eancias para turistas<\/a><\/p>\n\n\n\n<h2 class=\"wp-block-heading\">Quais s\u00e3o as consequ\u00eancias financeiras para o empregador?<\/h2>\n\n\n\n<p>As condena\u00e7\u00f5es em casos de discrimina\u00e7\u00e3o costumam ser elevadas, pois a justi\u00e7a entende que o dano \u00e9 presumido. Al\u00e9m da indeniza\u00e7\u00e3o financeira, a empresa pode ser impedida de acessar linhas de cr\u00e9dito em institui\u00e7\u00f5es oficiais, como o <strong>BNDES<\/strong>, e sofrer multas administrativas aplicadas pelo Minist\u00e9rio do Trabalho.<\/p>\n\n\n\n<p>A transpar\u00eancia nos processos de RH \u00e9 essencial para evitar que comunica\u00e7\u00f5es internas exponham a vida privada dos colaboradores. Detalhes sobre a jurisprud\u00eancia atualizada e os direitos trabalhistas podem ser consultados diretamente no portal do <a href=\"https:\/\/www.tst.jus.br\" target=\"_blank\" rel=\"noreferrer noopener\">Tribunal Superior do Trabalho<\/a>, que monitora casos de abusividade contratual.<\/p>\n\n\n\n<p>Abaixo, listamos as principais san\u00e7\u00f5es previstas quando a justi\u00e7a reconhece o car\u00e1ter discriminat\u00f3rio da dispensa:<\/p>\n\n\n\n<p>Confira as penalidades aplic\u00e1veis:<\/p>\n\n\n<div class=\"wp-block-image\">\n<figure class=\"aligncenter size-large is-resized\"><img loading=\"lazy\" decoding=\"async\" width=\"1024\" height=\"553\" src=\"https:\/\/www.em.com.br\/emfoco\/wp-content\/uploads\/2026\/05\/image-21-1024x553.png\" alt=\"\" class=\"wp-image-202465\" style=\"width:796px;height:auto\" srcset=\"https:\/\/www.em.com.br\/emfoco\/wp-content\/uploads\/2026\/05\/image-21-1024x553.png 1024w, https:\/\/www.em.com.br\/emfoco\/wp-content\/uploads\/2026\/05\/image-21-300x162.png 300w, https:\/\/www.em.com.br\/emfoco\/wp-content\/uploads\/2026\/05\/image-21-768x415.png 768w, https:\/\/www.em.com.br\/emfoco\/wp-content\/uploads\/2026\/05\/image-21-750x405.png 750w, https:\/\/www.em.com.br\/emfoco\/wp-content\/uploads\/2026\/05\/image-21-1140x615.png 1140w, https:\/\/www.em.com.br\/emfoco\/wp-content\/uploads\/2026\/05\/image-21.png 1280w\" sizes=\"auto, (max-width: 1024px) 100vw, 1024px\" \/><\/figure><\/div>\n\n\n<h2 class=\"wp-block-heading\">Quando a demiss\u00e3o pode ser considerada leg\u00edtima?<\/h2>\n\n\n\n<p>Existem situa\u00e7\u00f5es raras onde o crime cometido guarda rela\u00e7\u00e3o direta com o cargo ocupado, como um banc\u00e1rio envolvido em crimes financeiros. Nestes casos, a empresa pode adotar medidas preventivas, mas a cautela deve ser extrema para n\u00e3o antecipar ju\u00edzos de valor antes que a justi\u00e7a penal decida o destino do r\u00e9u.<\/p>\n\n\n\n<p>O remanejamento de fun\u00e7\u00f5es ou o afastamento tempor\u00e1rio remunerado s\u00e3o alternativas que as empresas utilizam para preservar o ambiente de trabalho sem violar direitos fundamentais. A busca por equil\u00edbrio entre a seguran\u00e7a da empresa e a dignidade do empregado \u00e9 o que define o sucesso de uma gest\u00e3o de pessoas \u00e9tica e legalmente segura.<\/p>\n\n\n\n<p>Conclui-se que a descoberta de um <strong>processo criminal<\/strong> n\u00e3o \u00e9 um salvo-conduto para demiss\u00f5es sum\u00e1rias. O respeito ao devido processo legal e \u00e0 honra do cidad\u00e3o deve prevalecer, sob pena de vultosas condena\u00e7\u00f5es judiciais que comprometem o caixa e a reputa\u00e7\u00e3o das institui\u00e7\u00f5es no mercado.<\/p>\n","protected":false},"excerpt":{"rendered":"<p>A justi\u00e7a brasileira consolidou o entendimento de que a dispensa de um colaborador motivada apenas pela exist\u00eancia de um processo criminal sem senten\u00e7a definitiva \u00e9 ilegal. Essa pr\u00e1tica fere o princ\u00edpio da presun\u00e7\u00e3o de inoc\u00eancia e configura ato discriminat\u00f3rio, gerando o dever de indenizar o trabalhador. Por que a demiss\u00e3o por processo criminal gera dano [&hellip;]<\/p>\n","protected":false},"author":30,"featured_media":202310,"comment_status":"open","ping_status":"open","sticky":false,"template":"","format":"standard","meta":{"jnews-multi-image_gallery":[],"jnews_single_post":{"format":"standard"},"jnews_primary_category":[],"jnews_social_meta":[],"jnews_override_counter":[],"footnotes":""},"categories":[28],"tags":[22937,2287,2080,8551],"class_list":["post-202219","post","type-post","status-publish","format-standard","has-post-thumbnail","hentry","category-economia","tag-dano-moral","tag-demissao","tag-direito-do-trabalho","tag-tst"],"yoast_head":"<!-- This site is optimized with the Yoast SEO plugin v23.8 - https:\/\/yoast.com\/wordpress\/plugins\/seo\/ -->\n<title>Empresa demite colaborador ap\u00f3s descobrir a\u00e7\u00e3o penal em andamento e \u00e9 condenada por dano moral - Estado de Minas - Em foco<\/title>\n<meta name=\"description\" content=\"Entenda por que esta decis\u00e3o judicial considera ilegal a demiss\u00e3o por processo criminal sem senten\u00e7a e veja o risco de indeniza\u00e7\u00e3o.\" \/>\n<meta name=\"robots\" content=\"index, follow, max-snippet:-1, max-image-preview:large, max-video-preview:-1\" \/>\n<link rel=\"canonical\" href=\"https:\/\/www.em.com.br\/emfoco\/2026\/05\/01\/empresa-demite-funcionario-apos-descobrir-processo-criminal-em-acreditamento-e-e-condenada-por-dano-moral\/\" \/>\n<meta property=\"og:locale\" content=\"pt_BR\" \/>\n<meta property=\"og:type\" content=\"article\" \/>\n<meta property=\"og:title\" content=\"Empresa demite colaborador ap\u00f3s descobrir a\u00e7\u00e3o penal em andamento e \u00e9 condenada por dano moral - Estado de Minas - Em foco\" \/>\n<meta property=\"og:description\" content=\"Entenda por que esta decis\u00e3o judicial considera ilegal a demiss\u00e3o por processo criminal sem senten\u00e7a e veja o risco de indeniza\u00e7\u00e3o.\" \/>\n<meta property=\"og:url\" content=\"https:\/\/www.em.com.br\/emfoco\/2026\/05\/01\/empresa-demite-funcionario-apos-descobrir-processo-criminal-em-acreditamento-e-e-condenada-por-dano-moral\/\" \/>\n<meta property=\"og:site_name\" content=\"Estado de Minas - Em foco\" \/>\n<meta property=\"article:published_time\" content=\"2026-05-01T16:35:00+00:00\" \/>\n<meta property=\"article:modified_time\" content=\"2026-05-01T04:53:46+00:00\" \/>\n<meta property=\"og:image\" content=\"https:\/\/www.em.com.br\/emfoco\/wp-content\/uploads\/2026\/05\/EmFoco_62.jpg\" \/>\n\t<meta property=\"og:image:width\" content=\"1280\" \/>\n\t<meta property=\"og:image:height\" content=\"720\" \/>\n\t<meta property=\"og:image:type\" content=\"image\/jpeg\" \/>\n<meta name=\"author\" content=\"Guilherme Ara\u00fajo\" \/>\n<meta name=\"twitter:card\" content=\"summary_large_image\" \/>\n<meta name=\"twitter:label1\" content=\"Escrito por\" \/>\n\t<meta name=\"twitter:data1\" content=\"Guilherme Ara\u00fajo\" \/>\n\t<meta name=\"twitter:label2\" content=\"Est. tempo de leitura\" \/>\n\t<meta name=\"twitter:data2\" content=\"5 minutos\" \/>\n<!-- \/ Yoast SEO plugin. -->","yoast_head_json":{"title":"Empresa demite colaborador ap\u00f3s descobrir a\u00e7\u00e3o penal em andamento e \u00e9 condenada por dano moral - Estado de Minas - Em foco","description":"Entenda por que esta decis\u00e3o judicial considera ilegal a demiss\u00e3o por processo criminal sem senten\u00e7a e veja o risco de indeniza\u00e7\u00e3o.","robots":{"index":"index","follow":"follow","max-snippet":"max-snippet:-1","max-image-preview":"max-image-preview:large","max-video-preview":"max-video-preview:-1"},"canonical":"https:\/\/www.em.com.br\/emfoco\/2026\/05\/01\/empresa-demite-funcionario-apos-descobrir-processo-criminal-em-acreditamento-e-e-condenada-por-dano-moral\/","og_locale":"pt_BR","og_type":"article","og_title":"Empresa demite colaborador ap\u00f3s descobrir a\u00e7\u00e3o penal em andamento e \u00e9 condenada por dano moral - Estado de Minas - Em foco","og_description":"Entenda por que esta decis\u00e3o judicial considera ilegal a demiss\u00e3o por processo criminal sem senten\u00e7a e veja o risco de indeniza\u00e7\u00e3o.","og_url":"https:\/\/www.em.com.br\/emfoco\/2026\/05\/01\/empresa-demite-funcionario-apos-descobrir-processo-criminal-em-acreditamento-e-e-condenada-por-dano-moral\/","og_site_name":"Estado de Minas - Em foco","article_published_time":"2026-05-01T16:35:00+00:00","article_modified_time":"2026-05-01T04:53:46+00:00","og_image":[{"width":1280,"height":720,"url":"https:\/\/www.em.com.br\/emfoco\/wp-content\/uploads\/2026\/05\/EmFoco_62.jpg","type":"image\/jpeg"}],"author":"Guilherme Ara\u00fajo","twitter_card":"summary_large_image","twitter_misc":{"Escrito por":"Guilherme Ara\u00fajo","Est. tempo de leitura":"5 minutos"},"schema":{"@context":"https:\/\/schema.org","@graph":[{"@type":"WebPage","@id":"https:\/\/www.em.com.br\/emfoco\/2026\/05\/01\/empresa-demite-funcionario-apos-descobrir-processo-criminal-em-acreditamento-e-e-condenada-por-dano-moral\/","url":"https:\/\/www.em.com.br\/emfoco\/2026\/05\/01\/empresa-demite-funcionario-apos-descobrir-processo-criminal-em-acreditamento-e-e-condenada-por-dano-moral\/","name":"Empresa demite colaborador ap\u00f3s descobrir a\u00e7\u00e3o penal em andamento e \u00e9 condenada por dano moral - Estado de Minas - Em foco","isPartOf":{"@id":"https:\/\/www.em.com.br\/emfoco\/#website"},"primaryImageOfPage":{"@id":"https:\/\/www.em.com.br\/emfoco\/2026\/05\/01\/empresa-demite-funcionario-apos-descobrir-processo-criminal-em-acreditamento-e-e-condenada-por-dano-moral\/#primaryimage"},"image":{"@id":"https:\/\/www.em.com.br\/emfoco\/2026\/05\/01\/empresa-demite-funcionario-apos-descobrir-processo-criminal-em-acreditamento-e-e-condenada-por-dano-moral\/#primaryimage"},"thumbnailUrl":"https:\/\/www.em.com.br\/emfoco\/wp-content\/uploads\/2026\/05\/EmFoco_62.jpg","datePublished":"2026-05-01T16:35:00+00:00","dateModified":"2026-05-01T04:53:46+00:00","author":{"@id":"https:\/\/www.em.com.br\/emfoco\/#\/schema\/person\/5379e929a4b966c775d121e23f9bb421"},"description":"Entenda por que esta decis\u00e3o judicial considera ilegal a demiss\u00e3o por processo criminal sem senten\u00e7a e veja o risco de indeniza\u00e7\u00e3o.","breadcrumb":{"@id":"https:\/\/www.em.com.br\/emfoco\/2026\/05\/01\/empresa-demite-funcionario-apos-descobrir-processo-criminal-em-acreditamento-e-e-condenada-por-dano-moral\/#breadcrumb"},"inLanguage":"pt-BR","potentialAction":[{"@type":"ReadAction","target":["https:\/\/www.em.com.br\/emfoco\/2026\/05\/01\/empresa-demite-funcionario-apos-descobrir-processo-criminal-em-acreditamento-e-e-condenada-por-dano-moral\/"]}]},{"@type":"ImageObject","inLanguage":"pt-BR","@id":"https:\/\/www.em.com.br\/emfoco\/2026\/05\/01\/empresa-demite-funcionario-apos-descobrir-processo-criminal-em-acreditamento-e-e-condenada-por-dano-moral\/#primaryimage","url":"https:\/\/www.em.com.br\/emfoco\/wp-content\/uploads\/2026\/05\/EmFoco_62.jpg","contentUrl":"https:\/\/www.em.com.br\/emfoco\/wp-content\/uploads\/2026\/05\/EmFoco_62.jpg","width":1280,"height":720,"caption":"Justi\u00e7a veda demiss\u00e3o discriminat\u00f3ria de funcion\u00e1rio que responde a processo criminal sem senten\u00e7a"},{"@type":"BreadcrumbList","@id":"https:\/\/www.em.com.br\/emfoco\/2026\/05\/01\/empresa-demite-funcionario-apos-descobrir-processo-criminal-em-acreditamento-e-e-condenada-por-dano-moral\/#breadcrumb","itemListElement":[{"@type":"ListItem","position":1,"name":"In\u00edcio","item":"https:\/\/www.em.com.br\/emfoco\/"},{"@type":"ListItem","position":2,"name":"Empresa demite colaborador ap\u00f3s descobrir a\u00e7\u00e3o penal em andamento e \u00e9 condenada por dano moral"}]},{"@type":"WebSite","@id":"https:\/\/www.em.com.br\/emfoco\/#website","url":"https:\/\/www.em.com.br\/emfoco\/","name":"Estado de Minas - Em foco","description":"Acompanhe as \u00faltimas not\u00edcias e fique bem informado sobre tudo o que acontece em Minas Gerais, Brasil e no mundo.","potentialAction":[{"@type":"SearchAction","target":{"@type":"EntryPoint","urlTemplate":"https:\/\/www.em.com.br\/emfoco\/?s={search_term_string}"},"query-input":{"@type":"PropertyValueSpecification","valueRequired":true,"valueName":"search_term_string"}}],"inLanguage":"pt-BR"},{"@type":"Person","@id":"https:\/\/www.em.com.br\/emfoco\/#\/schema\/person\/5379e929a4b966c775d121e23f9bb421","name":"Guilherme Ara\u00fajo","image":{"@type":"ImageObject","inLanguage":"pt-BR","@id":"https:\/\/www.em.com.br\/emfoco\/#\/schema\/person\/image\/","url":"https:\/\/secure.gravatar.com\/avatar\/b8bf1fd0130e170bd8f5d7298dbafa25?s=96&d=mm&r=g","contentUrl":"https:\/\/secure.gravatar.com\/avatar\/b8bf1fd0130e170bd8f5d7298dbafa25?s=96&d=mm&r=g","caption":"Guilherme Ara\u00fajo"},"sameAs":["https:\/\/www.em.com.br\/emfoco"],"url":"https:\/\/www.em.com.br\/emfoco\/author\/guilhermeamyth\/"}]}},"_links":{"self":[{"href":"https:\/\/www.em.com.br\/emfoco\/wp-json\/wp\/v2\/posts\/202219","targetHints":{"allow":["GET"]}}],"collection":[{"href":"https:\/\/www.em.com.br\/emfoco\/wp-json\/wp\/v2\/posts"}],"about":[{"href":"https:\/\/www.em.com.br\/emfoco\/wp-json\/wp\/v2\/types\/post"}],"author":[{"embeddable":true,"href":"https:\/\/www.em.com.br\/emfoco\/wp-json\/wp\/v2\/users\/30"}],"replies":[{"embeddable":true,"href":"https:\/\/www.em.com.br\/emfoco\/wp-json\/wp\/v2\/comments?post=202219"}],"version-history":[{"count":6,"href":"https:\/\/www.em.com.br\/emfoco\/wp-json\/wp\/v2\/posts\/202219\/revisions"}],"predecessor-version":[{"id":202527,"href":"https:\/\/www.em.com.br\/emfoco\/wp-json\/wp\/v2\/posts\/202219\/revisions\/202527"}],"wp:featuredmedia":[{"embeddable":true,"href":"https:\/\/www.em.com.br\/emfoco\/wp-json\/wp\/v2\/media\/202310"}],"wp:attachment":[{"href":"https:\/\/www.em.com.br\/emfoco\/wp-json\/wp\/v2\/media?parent=202219"}],"wp:term":[{"taxonomy":"category","embeddable":true,"href":"https:\/\/www.em.com.br\/emfoco\/wp-json\/wp\/v2\/categories?post=202219"},{"taxonomy":"post_tag","embeddable":true,"href":"https:\/\/www.em.com.br\/emfoco\/wp-json\/wp\/v2\/tags?post=202219"}],"curies":[{"name":"wp","href":"https:\/\/api.w.org\/{rel}","templated":true}]}}