{"id":202210,"date":"2026-05-01T20:45:00","date_gmt":"2026-05-01T23:45:00","guid":{"rendered":"https:\/\/www.em.com.br\/emfoco\/?p=202210"},"modified":"2026-04-30T19:38:03","modified_gmt":"2026-04-30T22:38:03","slug":"o-habito-simples-que-pode-agravar-a-rosacea-e-como-evitar-isso-na-rotina","status":"publish","type":"post","link":"https:\/\/www.em.com.br\/emfoco\/2026\/05\/01\/o-habito-simples-que-pode-agravar-a-rosacea-e-como-evitar-isso-na-rotina\/","title":{"rendered":"O h\u00e1bito simples que pode agravar a ros\u00e1cea e como evitar isso na rotina"},"content":{"rendered":"\n<p>Manter a apar\u00eancia saud\u00e1vel da face exige aten\u00e7\u00e3o redobrada para evitar irrita\u00e7\u00f5es que surgem sem qualquer tipo de aviso pr\u00e9vio. O <strong>cuidado com ros\u00e1cea<\/strong> esconde armadilhas silenciosas que podem comprometer a barreira protetora da sua pele se n\u00e3o houver um planejamento adequado.<\/p>\n\n\n\n<h2 class=\"wp-block-heading\">Como o cuidado com ros\u00e1cea previne crises inflamat\u00f3rias<\/h2>\n\n\n\n<p>A estrutura cut\u00e2nea de quem convive com essa condi\u00e7\u00e3o espec\u00edfica apresenta uma sensibilidade muito maior aos agentes externos presentes no ambiente. Utilizar os produtos adequados garante que a <strong>hidrata\u00e7\u00e3o natural<\/strong> permane\u00e7a intacta durante as mudan\u00e7as de temperatura ou umidade. Muitas pessoas observam uma melhora significativa ao adotar uma rotina que prioriza o <strong>equil\u00edbrio fisiol\u00f3gico<\/strong> e o conforto t\u00e9rmico.<\/p>\n\n\n\n<p>O uso frequente de f\u00f3rmulas calmantes ajuda a reduzir a vermelhid\u00e3o persistente que costuma incomodar logo nas primeiras horas da manh\u00e3. Escolher componentes que n\u00e3o agridam a derme permite que o rosto apresente uma <strong>textura suave<\/strong> e livre de ard\u00eancias inc\u00f4modas durante o dia. Existem diversas pr\u00e1ticas simples que protegem as camadas profundas e asseguram uma <strong>apar\u00eancia radiante<\/strong> por um per\u00edodo muito mais longo:<\/p>\n\n\n\n<ul class=\"wp-block-list\">\n<li>Aplica\u00e7\u00e3o di\u00e1ria de protetores minerais que criam um escudo f\u00edsico contra a radia\u00e7\u00e3o solar intensa.<\/li>\n\n\n\n<li>Limpeza com \u00e1guas micelares suaves que removem impurezas sem causar atritos mec\u00e2nicos desnecess\u00e1rios na face.<\/li>\n\n\n\n<li>Evitar alimentos muito condimentados que provocam a dilata\u00e7\u00e3o imediata dos vasos sangu\u00edneos perif\u00e9ricos em minutos.<\/li>\n<\/ul>\n\n\n<div class=\"wp-block-image\">\n<figure class=\"aligncenter size-large\"><img loading=\"lazy\" decoding=\"async\" width=\"1024\" height=\"576\" src=\"https:\/\/www.em.com.br\/emfoco\/wp-content\/uploads\/2025\/06\/Rosacea-_1750092515122-1024x576.jpg\" alt=\"cuidado com ros\u00e1cea\" class=\"wp-image-61658\" srcset=\"https:\/\/www.em.com.br\/emfoco\/wp-content\/uploads\/2025\/06\/Rosacea-_1750092515122-1024x576.jpg 1024w, https:\/\/www.em.com.br\/emfoco\/wp-content\/uploads\/2025\/06\/Rosacea-_1750092515122-300x169.jpg 300w, https:\/\/www.em.com.br\/emfoco\/wp-content\/uploads\/2025\/06\/Rosacea-_1750092515122-768x432.jpg 768w, https:\/\/www.em.com.br\/emfoco\/wp-content\/uploads\/2025\/06\/Rosacea-_1750092515122-750x422.jpg 750w, https:\/\/www.em.com.br\/emfoco\/wp-content\/uploads\/2025\/06\/Rosacea-_1750092515122-1140x641.jpg 1140w, https:\/\/www.em.com.br\/emfoco\/wp-content\/uploads\/2025\/06\/Rosacea-_1750092515122.jpg 1280w\" sizes=\"auto, (max-width: 1024px) 100vw, 1024px\" \/><figcaption class=\"wp-element-caption\">O uso frequente de f\u00f3rmulas calmantes ajuda a reduzir a vermelhid\u00e3o persistente que costuma incomodar logo nas primeiras horas da manh\u00e3 &#8211; Cr\u00e9ditos: depositphotos.com \/ Alena1919<\/figcaption><\/figure><\/div>\n\n\n<p>Leia tamb\u00e9m: <a href=\"https:\/\/www.em.com.br\/emfoco\/2026\/04\/26\/estes-5-minutos-de-autocuidado-no-banho-podem-transformar-a-autoestima-da-mulher-40-no-dia-a-dia\/\" target=\"_blank\" rel=\"noreferrer noopener\">Estes 5 minutos de autocuidado no banho podem transformar a autoestima da mulher 40+ no dia a dia<\/a><\/p>\n\n\n\n<h2 class=\"wp-block-heading\">Por que a temperatura da \u00e1gua afeta o cuidado com ros\u00e1cea<\/h2>\n\n\n\n<p>O h\u00e1bito de lavar o rosto durante o banho quente representa um perigo constante para quem possui tecidos cut\u00e2neos reativos. O calor excessivo dilata os vasos e retira a <strong>camada lip\u00eddica<\/strong> necess\u00e1ria para manter a umidade interna protegida contra agressores externos. Priorizar a \u00e1gua morna ajuda a manter a <strong>calma cut\u00e2nea<\/strong> e evita o surgimento de novas manchas avermelhadas.<\/p>\n\n\n\n<p>Muitas pessoas acreditam que a sensa\u00e7\u00e3o de limpeza profunda justifica o uso de temperaturas elevadas na higieniza\u00e7\u00e3o facial di\u00e1ria. No entanto, essa pr\u00e1tica desprotege a face e facilita a entrada de <strong>agentes irritantes<\/strong> que causam coceira e desconforto f\u00edsico prolongado. Manter o frescor biol\u00f3gico preserva a <strong>vitalidade celular<\/strong> e diminui consideravelmente a frequ\u00eancia das crises inflamat\u00f3rias recorrentes ao longo dos meses.<\/p>\n\n\n\n<p>Para voc\u00ea que gosta de se cuidar, separamos um v\u00eddeo do da <a href=\"https:\/\/www.youtube.com\/@DraMarinaHayashida\" target=\"_blank\" rel=\"noreferrer noopener\">Dra. Marina Hayashida<\/a> com dicas para controlar a ros\u00e1cea:<\/p>\n\n\n\n<figure class=\"wp-block-embed is-type-video is-provider-youtube wp-block-embed-youtube wp-embed-aspect-16-9 wp-has-aspect-ratio\"><div class=\"wp-block-embed__wrapper\">\n<div class=\"jeg_video_container jeg_video_content\"><iframe loading=\"lazy\" title=\"ROSACEA: O que \u00e9? E como tratar as Manchas vermelhas na pele | Dicas de Skincare para ros\u00e1cea\" width=\"500\" height=\"281\" src=\"https:\/\/www.youtube.com\/embed\/m-g2GYoZQXY?feature=oembed\" frameborder=\"0\" allow=\"accelerometer; autoplay; clipboard-write; encrypted-media; gyroscope; picture-in-picture; web-share\" referrerpolicy=\"strict-origin-when-cross-origin\" allowfullscreen><\/iframe><\/div>\n<\/div><\/figure>\n\n\n\n<h2 class=\"wp-block-heading\">O perigo oculto de utilizar produtos abrasivos na face<\/h2>\n\n\n\n<p>Esfoliantes f\u00edsicos com gr\u00e2nulos grandes causam microles\u00f5es que rompem a barreira de defesa natural do organismo de forma agressiva. Essas agress\u00f5es mec\u00e2nicas favorecem o aparecimento de p\u00e1pulas e aumentam a <strong>sensibilidade t\u00e1til<\/strong> nas ma\u00e7\u00e3s do rosto. Optar por m\u00e9todos de limpeza qu\u00edmica suave garante uma <strong>renova\u00e7\u00e3o celular<\/strong> segura e sem riscos de inflama\u00e7\u00f5es graves.<\/p>\n\n\n\n<p>O uso de t\u00f4nicos que contenham \u00e1lcool tamb\u00e9m deve ser evitado para impedir o ressecamento severo dos tecidos faciais mais delicados. Esses l\u00edquidos retiram a oleosidade ben\u00e9fica e deixam a pele exposta a <strong>fatores ambientais<\/strong> nocivos como a polui\u00e7\u00e3o urbana e o vento. Procure sempre por f\u00f3rmulas testadas que promovam a <strong>regenera\u00e7\u00e3o d\u00e9rmica<\/strong> enquanto mant\u00eam o vi\u00e7o natural do seu rosto em qualquer esta\u00e7\u00e3o.<\/p>\n\n\n\n<figure class=\"wp-block-embed is-type-rich is-provider-pinterest wp-block-embed-pinterest\"><div class=\"wp-block-embed__wrapper\">\n<iframe loading=\"lazy\" title=\"Read our guide to Rosacea and the best skincare products to use to help control the symptoms.\" src=\"https:\/\/assets.pinterest.com\/ext\/embed.html?id=4611615720949573632&#038;src=oembed\" height=\"550\" width=\"450\" frameborder=\"0\" scrolling=\"no\" ><\/iframe>\n<\/div><\/figure>\n\n\n\n<h2 class=\"wp-block-heading\">Como escolher maquiagens que favorecem o cuidado com ros\u00e1cea<\/h2>\n\n\n\n<p>A sele\u00e7\u00e3o criteriosa de cosm\u00e9ticos decorativos impede que os poros fiquem obstru\u00eddos e gerem novos pontos de irrita\u00e7\u00e3o ou inflama\u00e7\u00e3o. Produtos com pigmentos verdes ajudam a camuflar o tom avermelhado sem a necessidade de aplicar <strong>camadas pesadas<\/strong> de base. Buscar marcas que incluam <strong>ativos calmantes<\/strong> em suas composi\u00e7\u00f5es traz um benef\u00edcio duplo para o seu bem-estar di\u00e1rio.<\/p>\n\n\n\n<p>Remover a maquiagem antes de dormir \u00e9 uma etapa fundamental para permitir que as c\u00e9lulas respirem livremente durante o per\u00edodo de repouso noturno. O ac\u00famulo de res\u00edduos altera o pH da face e pode desencadear uma <strong>rea\u00e7\u00e3o al\u00e9rgica<\/strong> inesperada e bastante dolorosa para o usu\u00e1rio. Mantenha seus pinc\u00e9is sempre higienizados para garantir uma <strong>aplica\u00e7\u00e3o segura<\/strong> e livre de bact\u00e9rias oportunistas que prejudicam a sa\u00fade da pele.<\/p>\n\n\n<div class=\"wp-block-image\">\n<figure class=\"aligncenter size-large\"><img loading=\"lazy\" decoding=\"async\" width=\"1024\" height=\"576\" src=\"https:\/\/www.em.com.br\/emfoco\/wp-content\/uploads\/2026\/04\/remover-maquiagem-1024x576.jpg\" alt=\"cuidado com ros\u00e1cea\" class=\"wp-image-196140\" srcset=\"https:\/\/www.em.com.br\/emfoco\/wp-content\/uploads\/2026\/04\/remover-maquiagem-1024x576.jpg 1024w, https:\/\/www.em.com.br\/emfoco\/wp-content\/uploads\/2026\/04\/remover-maquiagem-300x169.jpg 300w, https:\/\/www.em.com.br\/emfoco\/wp-content\/uploads\/2026\/04\/remover-maquiagem-768x432.jpg 768w, https:\/\/www.em.com.br\/emfoco\/wp-content\/uploads\/2026\/04\/remover-maquiagem-750x422.jpg 750w, https:\/\/www.em.com.br\/emfoco\/wp-content\/uploads\/2026\/04\/remover-maquiagem-1140x641.jpg 1140w, https:\/\/www.em.com.br\/emfoco\/wp-content\/uploads\/2026\/04\/remover-maquiagem.jpg 1280w\" sizes=\"auto, (max-width: 1024px) 100vw, 1024px\" \/><figcaption class=\"wp-element-caption\">Remover a maquiagem antes de dormir \u00e9 uma etapa fundamental para permitir que as c\u00e9lulas respirem livremente durante o per\u00edodo de repouso noturno. <\/figcaption><\/figure><\/div>\n\n\n<h2 class=\"wp-block-heading\">Dicas para manter o bem-estar da pele sens\u00edvel<\/h2>\n\n\n\n<p>Acompanhar as respostas do seu corpo permite ajustar os h\u00e1bitos conforme as necessidades espec\u00edficas de cada fase da vida. Valorize os momentos de <strong>autocuidado consciente<\/strong> e escolha itens que realmente tragam conforto para sua rotina pessoal. Busque sempre o <strong>equil\u00edbrio interno<\/strong> para refletir uma sa\u00fade radiante em todos os seus tra\u00e7os faciais.<\/p>\n\n\n\n<p>Mantenha a disciplina na aplica\u00e7\u00e3o dos cremes recomendados para fortalecer a estrutura protetora contra as agress\u00f5es do clima e da polui\u00e7\u00e3o. Cultive a paci\u00eancia durante o processo de recupera\u00e7\u00e3o para observar os <strong>resultados duradouros<\/strong> que surgem com o tempo e a dedica\u00e7\u00e3o. Aproveite a sensa\u00e7\u00e3o de <strong>liberdade f\u00edsica<\/strong> que uma pele bem cuidada proporciona para sua trajet\u00f3ria de vida e felicidade plena.<\/p>\n","protected":false},"excerpt":{"rendered":"<p>Manter a apar\u00eancia saud\u00e1vel da face exige aten\u00e7\u00e3o redobrada para evitar irrita\u00e7\u00f5es que surgem sem qualquer tipo de aviso pr\u00e9vio. O cuidado com ros\u00e1cea esconde armadilhas silenciosas que podem comprometer a barreira protetora da sua pele se n\u00e3o houver um planejamento adequado. Como o cuidado com ros\u00e1cea previne crises inflamat\u00f3rias A estrutura cut\u00e2nea de quem [&hellip;]<\/p>\n","protected":false},"author":9,"featured_media":202297,"comment_status":"open","ping_status":"open","sticky":false,"template":"","format":"standard","meta":{"jnews-multi-image_gallery":[],"jnews_single_post":{"format":"standard"},"jnews_primary_category":[],"jnews_social_meta":[],"jnews_override_counter":[],"footnotes":""},"categories":[8691],"tags":[28278,6770,6003],"class_list":["post-202210","post","type-post","status-publish","format-standard","has-post-thumbnail","hentry","category-bem-estar","tag-beleza-facial","tag-rotina-de-skincare","tag-saude-da-pele"],"yoast_head":"<!-- This site is optimized with the Yoast SEO plugin v23.8 - https:\/\/yoast.com\/wordpress\/plugins\/seo\/ -->\n<title>O h\u00e1bito simples que pode agravar a ros\u00e1cea e como evitar isso na rotina - Estado de Minas - Em foco<\/title>\n<meta name=\"description\" content=\"Manter a sa\u00fade facial exige m\u00e9todos que protegem a pele sens\u00edvel sem causar irrita\u00e7\u00f5es. Veja como evitar essas falhas e o cuidado com ros\u00e1cea\" \/>\n<meta name=\"robots\" content=\"index, follow, max-snippet:-1, max-image-preview:large, max-video-preview:-1\" \/>\n<link rel=\"canonical\" href=\"https:\/\/www.em.com.br\/emfoco\/2026\/05\/01\/o-habito-simples-que-pode-agravar-a-rosacea-e-como-evitar-isso-na-rotina\/\" \/>\n<meta property=\"og:locale\" content=\"pt_BR\" \/>\n<meta property=\"og:type\" content=\"article\" \/>\n<meta property=\"og:title\" content=\"O h\u00e1bito simples que pode agravar a ros\u00e1cea e como evitar isso na rotina - Estado de Minas - Em foco\" \/>\n<meta property=\"og:description\" content=\"Manter a sa\u00fade facial exige m\u00e9todos que protegem a pele sens\u00edvel sem causar irrita\u00e7\u00f5es. Veja como evitar essas falhas e o cuidado com ros\u00e1cea\" \/>\n<meta property=\"og:url\" content=\"https:\/\/www.em.com.br\/emfoco\/2026\/05\/01\/o-habito-simples-que-pode-agravar-a-rosacea-e-como-evitar-isso-na-rotina\/\" \/>\n<meta property=\"og:site_name\" content=\"Estado de Minas - Em foco\" \/>\n<meta property=\"article:published_time\" content=\"2026-05-01T23:45:00+00:00\" \/>\n<meta property=\"article:modified_time\" content=\"2026-04-30T22:38:03+00:00\" \/>\n<meta property=\"og:image\" content=\"https:\/\/www.em.com.br\/emfoco\/wp-content\/uploads\/2026\/05\/EmFoco_58.jpg\" \/>\n\t<meta property=\"og:image:width\" content=\"1280\" \/>\n\t<meta property=\"og:image:height\" content=\"720\" \/>\n\t<meta property=\"og:image:type\" content=\"image\/jpeg\" \/>\n<meta name=\"author\" content=\"Daniely Cardoso\" \/>\n<meta name=\"twitter:card\" content=\"summary_large_image\" \/>\n<meta name=\"twitter:label1\" content=\"Escrito por\" \/>\n\t<meta name=\"twitter:data1\" content=\"Daniely Cardoso\" \/>\n\t<meta name=\"twitter:label2\" content=\"Est. tempo de leitura\" \/>\n\t<meta name=\"twitter:data2\" content=\"5 minutos\" \/>\n<!-- \/ Yoast SEO plugin. -->","yoast_head_json":{"title":"O h\u00e1bito simples que pode agravar a ros\u00e1cea e como evitar isso na rotina - Estado de Minas - Em foco","description":"Manter a sa\u00fade facial exige m\u00e9todos que protegem a pele sens\u00edvel sem causar irrita\u00e7\u00f5es. Veja como evitar essas falhas e o cuidado com ros\u00e1cea","robots":{"index":"index","follow":"follow","max-snippet":"max-snippet:-1","max-image-preview":"max-image-preview:large","max-video-preview":"max-video-preview:-1"},"canonical":"https:\/\/www.em.com.br\/emfoco\/2026\/05\/01\/o-habito-simples-que-pode-agravar-a-rosacea-e-como-evitar-isso-na-rotina\/","og_locale":"pt_BR","og_type":"article","og_title":"O h\u00e1bito simples que pode agravar a ros\u00e1cea e como evitar isso na rotina - Estado de Minas - Em foco","og_description":"Manter a sa\u00fade facial exige m\u00e9todos que protegem a pele sens\u00edvel sem causar irrita\u00e7\u00f5es. Veja como evitar essas falhas e o cuidado com ros\u00e1cea","og_url":"https:\/\/www.em.com.br\/emfoco\/2026\/05\/01\/o-habito-simples-que-pode-agravar-a-rosacea-e-como-evitar-isso-na-rotina\/","og_site_name":"Estado de Minas - Em foco","article_published_time":"2026-05-01T23:45:00+00:00","article_modified_time":"2026-04-30T22:38:03+00:00","og_image":[{"width":1280,"height":720,"url":"https:\/\/www.em.com.br\/emfoco\/wp-content\/uploads\/2026\/05\/EmFoco_58.jpg","type":"image\/jpeg"}],"author":"Daniely Cardoso","twitter_card":"summary_large_image","twitter_misc":{"Escrito por":"Daniely Cardoso","Est. tempo de leitura":"5 minutos"},"schema":{"@context":"https:\/\/schema.org","@graph":[{"@type":"WebPage","@id":"https:\/\/www.em.com.br\/emfoco\/2026\/05\/01\/o-habito-simples-que-pode-agravar-a-rosacea-e-como-evitar-isso-na-rotina\/","url":"https:\/\/www.em.com.br\/emfoco\/2026\/05\/01\/o-habito-simples-que-pode-agravar-a-rosacea-e-como-evitar-isso-na-rotina\/","name":"O h\u00e1bito simples que pode agravar a ros\u00e1cea e como evitar isso na rotina - Estado de Minas - Em foco","isPartOf":{"@id":"https:\/\/www.em.com.br\/emfoco\/#website"},"primaryImageOfPage":{"@id":"https:\/\/www.em.com.br\/emfoco\/2026\/05\/01\/o-habito-simples-que-pode-agravar-a-rosacea-e-como-evitar-isso-na-rotina\/#primaryimage"},"image":{"@id":"https:\/\/www.em.com.br\/emfoco\/2026\/05\/01\/o-habito-simples-que-pode-agravar-a-rosacea-e-como-evitar-isso-na-rotina\/#primaryimage"},"thumbnailUrl":"https:\/\/www.em.com.br\/emfoco\/wp-content\/uploads\/2026\/05\/EmFoco_58.jpg","datePublished":"2026-05-01T23:45:00+00:00","dateModified":"2026-04-30T22:38:03+00:00","author":{"@id":"https:\/\/www.em.com.br\/emfoco\/#\/schema\/person\/0a8186d72f2c3a5c6276d90b41f271a0"},"description":"Manter a sa\u00fade facial exige m\u00e9todos que protegem a pele sens\u00edvel sem causar irrita\u00e7\u00f5es. Veja como evitar essas falhas e o cuidado com ros\u00e1cea","breadcrumb":{"@id":"https:\/\/www.em.com.br\/emfoco\/2026\/05\/01\/o-habito-simples-que-pode-agravar-a-rosacea-e-como-evitar-isso-na-rotina\/#breadcrumb"},"inLanguage":"pt-BR","potentialAction":[{"@type":"ReadAction","target":["https:\/\/www.em.com.br\/emfoco\/2026\/05\/01\/o-habito-simples-que-pode-agravar-a-rosacea-e-como-evitar-isso-na-rotina\/"]}]},{"@type":"ImageObject","inLanguage":"pt-BR","@id":"https:\/\/www.em.com.br\/emfoco\/2026\/05\/01\/o-habito-simples-que-pode-agravar-a-rosacea-e-como-evitar-isso-na-rotina\/#primaryimage","url":"https:\/\/www.em.com.br\/emfoco\/wp-content\/uploads\/2026\/05\/EmFoco_58.jpg","contentUrl":"https:\/\/www.em.com.br\/emfoco\/wp-content\/uploads\/2026\/05\/EmFoco_58.jpg","width":1280,"height":720,"caption":"Higiene facial suave que preserva a barreira cut\u00e2nea e previne crises inflamat\u00f3rias"},{"@type":"BreadcrumbList","@id":"https:\/\/www.em.com.br\/emfoco\/2026\/05\/01\/o-habito-simples-que-pode-agravar-a-rosacea-e-como-evitar-isso-na-rotina\/#breadcrumb","itemListElement":[{"@type":"ListItem","position":1,"name":"In\u00edcio","item":"https:\/\/www.em.com.br\/emfoco\/"},{"@type":"ListItem","position":2,"name":"O h\u00e1bito simples que pode agravar a ros\u00e1cea e como evitar isso na rotina"}]},{"@type":"WebSite","@id":"https:\/\/www.em.com.br\/emfoco\/#website","url":"https:\/\/www.em.com.br\/emfoco\/","name":"Estado de Minas - Em foco","description":"Acompanhe as \u00faltimas not\u00edcias e fique bem informado sobre tudo o que acontece em Minas Gerais, Brasil e no mundo.","potentialAction":[{"@type":"SearchAction","target":{"@type":"EntryPoint","urlTemplate":"https:\/\/www.em.com.br\/emfoco\/?s={search_term_string}"},"query-input":{"@type":"PropertyValueSpecification","valueRequired":true,"valueName":"search_term_string"}}],"inLanguage":"pt-BR"},{"@type":"Person","@id":"https:\/\/www.em.com.br\/emfoco\/#\/schema\/person\/0a8186d72f2c3a5c6276d90b41f271a0","name":"Daniely Cardoso","image":{"@type":"ImageObject","inLanguage":"pt-BR","@id":"https:\/\/www.em.com.br\/emfoco\/#\/schema\/person\/image\/","url":"https:\/\/secure.gravatar.com\/avatar\/4b80ddbd124d1f071b626d52d62e5dff?s=96&d=mm&r=g","contentUrl":"https:\/\/secure.gravatar.com\/avatar\/4b80ddbd124d1f071b626d52d62e5dff?s=96&d=mm&r=g","caption":"Daniely Cardoso"},"url":"https:\/\/www.em.com.br\/emfoco\/author\/danielymyth\/"}]}},"_links":{"self":[{"href":"https:\/\/www.em.com.br\/emfoco\/wp-json\/wp\/v2\/posts\/202210","targetHints":{"allow":["GET"]}}],"collection":[{"href":"https:\/\/www.em.com.br\/emfoco\/wp-json\/wp\/v2\/posts"}],"about":[{"href":"https:\/\/www.em.com.br\/emfoco\/wp-json\/wp\/v2\/types\/post"}],"author":[{"embeddable":true,"href":"https:\/\/www.em.com.br\/emfoco\/wp-json\/wp\/v2\/users\/9"}],"replies":[{"embeddable":true,"href":"https:\/\/www.em.com.br\/emfoco\/wp-json\/wp\/v2\/comments?post=202210"}],"version-history":[{"count":2,"href":"https:\/\/www.em.com.br\/emfoco\/wp-json\/wp\/v2\/posts\/202210\/revisions"}],"predecessor-version":[{"id":202223,"href":"https:\/\/www.em.com.br\/emfoco\/wp-json\/wp\/v2\/posts\/202210\/revisions\/202223"}],"wp:featuredmedia":[{"embeddable":true,"href":"https:\/\/www.em.com.br\/emfoco\/wp-json\/wp\/v2\/media\/202297"}],"wp:attachment":[{"href":"https:\/\/www.em.com.br\/emfoco\/wp-json\/wp\/v2\/media?parent=202210"}],"wp:term":[{"taxonomy":"category","embeddable":true,"href":"https:\/\/www.em.com.br\/emfoco\/wp-json\/wp\/v2\/categories?post=202210"},{"taxonomy":"post_tag","embeddable":true,"href":"https:\/\/www.em.com.br\/emfoco\/wp-json\/wp\/v2\/tags?post=202210"}],"curies":[{"name":"wp","href":"https:\/\/api.w.org\/{rel}","templated":true}]}}