{"id":202205,"date":"2026-05-01T20:25:00","date_gmt":"2026-05-01T23:25:00","guid":{"rendered":"https:\/\/www.em.com.br\/emfoco\/?p=202205"},"modified":"2026-05-01T01:53:44","modified_gmt":"2026-05-01T04:53:44","slug":"decisao-do-supremo-tribunal-garante-que-nenhum-funcionario-pode-ser-despedido-antes-da-aposentadoria","status":"publish","type":"post","link":"https:\/\/www.em.com.br\/emfoco\/2026\/05\/01\/decisao-do-supremo-tribunal-garante-que-nenhum-funcionario-pode-ser-despedido-antes-da-aposentadoria\/","title":{"rendered":"Decis\u00e3o do Supremo Tribunal garante que nenhum funcion\u00e1rio pode ser despedido antes da aposentadoria"},"content":{"rendered":"\n<p>A <strong>Corte Suprema de Justi\u00e7a da Col\u00f4mbia<\/strong> proferiu uma decis\u00e3o hist\u00f3rica que altera a seguran\u00e7a jur\u00eddica de milhares de profissionais. O tribunal estabeleceu que o trabalhador n\u00e3o pode ser <strong>despedido antes da aposentadoria<\/strong> caso faltem tr\u00eas anos ou menos para atingir a idade m\u00ednima legal.<\/p>\n\n\n\n<h2 class=\"wp-block-heading\">O que \u00e9 o &#8220;Fuero de Prepensionado&#8221;?<\/h2>\n\n\n\n<p>O conceito de &#8220;fuero&#8221; refere-se a uma estabilidade laboral refor\u00e7ada garantida por lei ou decis\u00f5es judiciais. No caso colombiano, a senten\u00e7a <strong>SL2600-2025<\/strong> consolidou o entendimento de que a prote\u00e7\u00e3o deve existir para evitar que o funcion\u00e1rio fique vulner\u00e1vel no per\u00edodo final de sua carreira.<\/p>\n\n\n\n<p>Anteriormente, a regra era mais r\u00edgida e exigia que o trabalhador provasse que a demiss\u00e3o impediria o cumprimento das semanas de contribui\u00e7\u00e3o. Agora, a prote\u00e7\u00e3o \u00e9 autom\u00e1tica para quem est\u00e1 no limite da idade, independentemente de j\u00e1 ter completado o tempo de servi\u00e7o necess\u00e1rio para o benef\u00edcio pensional.<\/p>\n\n\n\n<h2 class=\"wp-block-heading\">Quais trabalhadores est\u00e3o protegidos pela nova regra?<\/h2>\n\n\n\n<p>A medida abrange tanto o setor p\u00fablico quanto empregadores particulares. A prote\u00e7\u00e3o foca no crit\u00e9rio de idade, garantindo que homens com <strong>59 anos<\/strong> ou mais e mulheres com <strong>54 anos<\/strong> ou mais n\u00e3o sofram rescis\u00f5es arbitr\u00e1rias sem uma justificativa legal comprovada.<\/p>\n\n\n\n<p>Essa estabilidade n\u00e3o \u00e9 absoluta, mas imp\u00f5e barreiras severas ao empregador. Confira as condi\u00e7\u00f5es b\u00e1sicas para a manuten\u00e7\u00e3o do v\u00ednculo:<\/p>\n\n\n\n<ul class=\"wp-block-list\">\n<li><strong>Dist\u00e2ncia temporal<\/strong>: Faltar exatamente <strong>3 anos<\/strong> ou menos para os requisitos.<\/li>\n\n\n\n<li><strong>Justa causa<\/strong>: A demiss\u00e3o s\u00f3 ocorre se houver falta grave devidamente documentada.<\/li>\n<\/ul>\n\n\n\n<h2 class=\"wp-block-heading\">Como o direito internacional fundamenta essa decis\u00e3o?<\/h2>\n\n\n\n<p>A Corte baseou seu veredito em princ\u00edpios constitucionais e na <strong>Conven\u00e7\u00e3o Interamericana sobre Prote\u00e7\u00e3o dos Direitos Humanos das Pessoas Idosas<\/strong>. Este tratado busca assegurar que a transi\u00e7\u00e3o para a inatividade n\u00e3o afete o m\u00ednimo vital e o projeto de vida do cidad\u00e3o.<\/p>\n\n\n\n<p>Para entender como funcionam os sistemas de previd\u00eancia e a organiza\u00e7\u00e3o dos benef\u00edcios, basta conhecer as regras de seguridade social; nesse contexto, a decis\u00e3o colombiana \u00e9 vista como um avan\u00e7o para alinhar o direito local \u00e0s normas humanit\u00e1rias internacionais.<\/p>\n\n\n<div class=\"wp-block-image\">\n<figure class=\"aligncenter size-large\"><img loading=\"lazy\" decoding=\"async\" width=\"1024\" height=\"576\" src=\"https:\/\/www.em.com.br\/emfoco\/wp-content\/uploads\/2026\/04\/inss-app_1776131970703-1-1024x576.jpg\" alt=\"Cr\u00e9ditos: depositphotos.com \/ thenews2.com\" class=\"wp-image-192641\" srcset=\"https:\/\/www.em.com.br\/emfoco\/wp-content\/uploads\/2026\/04\/inss-app_1776131970703-1-1024x576.jpg 1024w, https:\/\/www.em.com.br\/emfoco\/wp-content\/uploads\/2026\/04\/inss-app_1776131970703-1-300x169.jpg 300w, https:\/\/www.em.com.br\/emfoco\/wp-content\/uploads\/2026\/04\/inss-app_1776131970703-1-768x432.jpg 768w, https:\/\/www.em.com.br\/emfoco\/wp-content\/uploads\/2026\/04\/inss-app_1776131970703-1-750x422.jpg 750w, https:\/\/www.em.com.br\/emfoco\/wp-content\/uploads\/2026\/04\/inss-app_1776131970703-1-1140x641.jpg 1140w, https:\/\/www.em.com.br\/emfoco\/wp-content\/uploads\/2026\/04\/inss-app_1776131970703-1.jpg 1280w\" sizes=\"auto, (max-width: 1024px) 100vw, 1024px\" \/><figcaption class=\"wp-element-caption\">Confira as regras trabalhistas e de aposentadoria no Brasil em caso de demiss\u00e3o &#8211; Cr\u00e9ditos: depositphotos.com \/ thenews2.com<\/figcaption><\/figure><\/div>\n\n\n<h2 class=\"wp-block-heading\">Como funciona no Brasil em casos de demiss\u00e3o perto da aposentadoria?<\/h2>\n\n\n\n<p>Ao contr\u00e1rio do modelo colombiano, o Brasil n\u00e3o tem um \u201cfuero\u201d que impe\u00e7a a demiss\u00e3o de quem est\u00e1 perto de se aposentar. O que existe \u00e9 uma prote\u00e7\u00e3o indireta contra discrimina\u00e7\u00e3o, constru\u00edda com base na Lei 9.029\/1995, na Constitui\u00e7\u00e3o e em decis\u00f5es do Tribunal Superior do Trabalho.<\/p>\n\n\n\n<p>Na pr\u00e1tica, a Justi\u00e7a entende que usar a idade ou a proximidade da aposentadoria como crit\u00e9rio de demiss\u00e3o pode configurar discrimina\u00e7\u00e3o. Por isso, o trabalhador pode recorrer e apresentar provas. Se ficar comprovado o car\u00e1ter discriminat\u00f3rio, a dispensa pode ser anulada, com direito \u00e0 reintegra\u00e7\u00e3o, indeniza\u00e7\u00e3o em dobro e at\u00e9 danos morais.<\/p>\n\n\n\n<p>O que o trabalhador pode garantir na Justi\u00e7a:<\/p>\n\n\n<div class=\"wp-block-image\">\n<figure class=\"aligncenter size-large is-resized\"><img loading=\"lazy\" decoding=\"async\" width=\"1024\" height=\"614\" src=\"https:\/\/www.em.com.br\/emfoco\/wp-content\/uploads\/2026\/05\/image-9-1024x614.png\" alt=\"\" class=\"wp-image-202446\" style=\"width:796px;height:auto\" srcset=\"https:\/\/www.em.com.br\/emfoco\/wp-content\/uploads\/2026\/05\/image-9-1024x614.png 1024w, https:\/\/www.em.com.br\/emfoco\/wp-content\/uploads\/2026\/05\/image-9-300x180.png 300w, https:\/\/www.em.com.br\/emfoco\/wp-content\/uploads\/2026\/05\/image-9-768x460.png 768w, https:\/\/www.em.com.br\/emfoco\/wp-content\/uploads\/2026\/05\/image-9-750x449.png 750w, https:\/\/www.em.com.br\/emfoco\/wp-content\/uploads\/2026\/05\/image-9-1140x683.png 1140w, https:\/\/www.em.com.br\/emfoco\/wp-content\/uploads\/2026\/05\/image-9.png 1280w\" sizes=\"auto, (max-width: 1024px) 100vw, 1024px\" \/><\/figure><\/div>\n\n\n<p>Leia tamb\u00e9: <a href=\"https:\/\/www.em.com.br\/emfoco\/2026\/04\/30\/novas-leis-entram-em-vigor-em-junho-e-podem-mudar-as-ferias-com-regras-mais-rigidas-menos-ofertas-e-novas-exigencias-para-turistas\/\" target=\"_blank\" rel=\"noreferrer noopener\">Novas leis entram em vigor em junho e podem mudar as f\u00e9rias com regras mais r\u00edgidas, menos ofertas e novas exig\u00eancias para turistas<\/a><\/p>\n\n\n\n<h2 class=\"wp-block-heading\">A empresa pode demitir pagando indeniza\u00e7\u00e3o?<\/h2>\n\n\n\n<p>Uma das principais mudan\u00e7as trazidas pela jurisprud\u00eancia na Col\u00f4mbia \u00e9 que a indeniza\u00e7\u00e3o substitutiva n\u00e3o \u00e9 suficiente para anular o direito \u00e0 estabilidade. O patr\u00e3o n\u00e3o pode simplesmente &#8220;comprar&#8221; a demiss\u00e3o de algu\u00e9m que est\u00e1 para ser <strong>despedido antes da aposentadoria<\/strong> atrav\u00e9s de multas rescis\u00f3rias comuns.<\/p>\n\n\n\n<p>Se a empresa realizar o desligamento sem uma causa v\u00e1lida, o trabalhador pode solicitar a reintegra\u00e7\u00e3o ao cargo pela via judicial. O acesso a informa\u00e7\u00f5es sobre processos e decis\u00f5es da <a href=\"https:\/\/www.cortesuprema.gov.co\">Corte Suprema<\/a> auxilia os profissionais a monitorarem seus direitos em tempo real diante de abusos corporativos.<\/p>\n\n\n\n<h2 class=\"wp-block-heading\">Quais s\u00e3o as exce\u00e7\u00f5es para o t\u00e9rmino do contrato na Col\u00f4mbia?<\/h2>\n\n\n\n<p>Embora o funcion\u00e1rio ganhe uma prote\u00e7\u00e3o robusta, ele ainda deve cumprir seus deveres laborais. O tribunal esclareceu que a estabilidade n\u00e3o autoriza a neglig\u00eancia ou a m\u00e1 conduta no ambiente de trabalho, mantendo o equil\u00edbrio entre capital e trabalho.<\/p>\n\n\n\n<p>A tabela abaixo resume as principais diferen\u00e7as trazidas pela nova interpreta\u00e7\u00e3o jur\u00eddica:<\/p>\n\n\n<div class=\"wp-block-image\">\n<figure class=\"aligncenter size-large is-resized\"><img loading=\"lazy\" decoding=\"async\" width=\"1024\" height=\"731\" src=\"https:\/\/www.em.com.br\/emfoco\/wp-content\/uploads\/2026\/05\/image-15-1024x731.png\" alt=\"\" class=\"wp-image-202454\" style=\"width:750px;height:auto\" srcset=\"https:\/\/www.em.com.br\/emfoco\/wp-content\/uploads\/2026\/05\/image-15-1024x731.png 1024w, https:\/\/www.em.com.br\/emfoco\/wp-content\/uploads\/2026\/05\/image-15-300x214.png 300w, https:\/\/www.em.com.br\/emfoco\/wp-content\/uploads\/2026\/05\/image-15-768x548.png 768w, https:\/\/www.em.com.br\/emfoco\/wp-content\/uploads\/2026\/05\/image-15-120x86.png 120w, https:\/\/www.em.com.br\/emfoco\/wp-content\/uploads\/2026\/05\/image-15-350x250.png 350w, https:\/\/www.em.com.br\/emfoco\/wp-content\/uploads\/2026\/05\/image-15-750x536.png 750w, https:\/\/www.em.com.br\/emfoco\/wp-content\/uploads\/2026\/05\/image-15-1140x814.png 1140w, https:\/\/www.em.com.br\/emfoco\/wp-content\/uploads\/2026\/05\/image-15.png 1280w\" sizes=\"auto, (max-width: 1024px) 100vw, 1024px\" \/><\/figure><\/div>\n\n\n<h2 class=\"wp-block-heading\">O que acontece se o funcion\u00e1rio j\u00e1 tiver o tempo de contribui\u00e7\u00e3o?<\/h2>\n\n\n\n<p>Mesmo que o colaborador j\u00e1 tenha as semanas m\u00ednimas exigidas pelo sistema, a prote\u00e7\u00e3o persiste se ele ainda n\u00e3o atingiu a idade. O objetivo \u00e9 evitar que ele seja lan\u00e7ado ao mercado de trabalho em uma faixa et\u00e1ria onde a recoloca\u00e7\u00e3o \u00e9 estatisticamente mais dif\u00edcil e discriminat\u00f3ria.<\/p>\n\n\n\n<p>Em suma, ser <strong>despedido antes da aposentadoria<\/strong> tornou-se um processo muito mais complexo e oneroso para as empresas na regi\u00e3o. A justi\u00e7a priorizou a continuidade do projeto de vida do trabalhador, estabelecendo que a estabilidade \u00e9 uma ferramenta essencial de justi\u00e7a social e prote\u00e7\u00e3o econ\u00f4mica.<\/p>\n","protected":false},"excerpt":{"rendered":"<p>A Corte Suprema de Justi\u00e7a da Col\u00f4mbia proferiu uma decis\u00e3o hist\u00f3rica que altera a seguran\u00e7a jur\u00eddica de milhares de profissionais. O tribunal estabeleceu que o trabalhador n\u00e3o pode ser despedido antes da aposentadoria caso faltem tr\u00eas anos ou menos para atingir a idade m\u00ednima legal. O que \u00e9 o &#8220;Fuero de Prepensionado&#8221;? O conceito de [&hellip;]<\/p>\n","protected":false},"author":30,"featured_media":202315,"comment_status":"open","ping_status":"open","sticky":false,"template":"","format":"standard","meta":{"jnews-multi-image_gallery":[],"jnews_single_post":{"format":"standard"},"jnews_primary_category":[],"jnews_social_meta":[],"jnews_override_counter":[],"footnotes":""},"categories":[28],"tags":[172,2320,1278,1334],"class_list":["post-202205","post","type-post","status-publish","format-standard","has-post-thumbnail","hentry","category-economia","tag-aposentadoria","tag-direitos-trabalhistas","tag-estabilidade","tag-justica"],"yoast_head":"<!-- This site is optimized with the Yoast SEO plugin v23.8 - https:\/\/yoast.com\/wordpress\/plugins\/seo\/ -->\n<title>Decis\u00e3o do Supremo Tribunal garante que nenhum funcion\u00e1rio pode ser despedido antes da aposentadoria - Estado de Minas - Em foco<\/title>\n<meta name=\"description\" content=\"Entenda como esta decis\u00e3o judicial garante estabilidade e veja quem n\u00e3o pode ser despedido antes da aposentadoria e o que muda agora\" \/>\n<meta name=\"robots\" content=\"index, follow, max-snippet:-1, max-image-preview:large, max-video-preview:-1\" \/>\n<link rel=\"canonical\" href=\"https:\/\/www.em.com.br\/emfoco\/2026\/05\/01\/decisao-do-supremo-tribunal-garante-que-nenhum-funcionario-pode-ser-despedido-antes-da-aposentadoria\/\" \/>\n<meta property=\"og:locale\" content=\"pt_BR\" \/>\n<meta property=\"og:type\" content=\"article\" \/>\n<meta property=\"og:title\" content=\"Decis\u00e3o do Supremo Tribunal garante que nenhum funcion\u00e1rio pode ser despedido antes da aposentadoria - Estado de Minas - Em foco\" \/>\n<meta property=\"og:description\" content=\"Entenda como esta decis\u00e3o judicial garante estabilidade e veja quem n\u00e3o pode ser despedido antes da aposentadoria e o que muda agora\" \/>\n<meta property=\"og:url\" content=\"https:\/\/www.em.com.br\/emfoco\/2026\/05\/01\/decisao-do-supremo-tribunal-garante-que-nenhum-funcionario-pode-ser-despedido-antes-da-aposentadoria\/\" \/>\n<meta property=\"og:site_name\" content=\"Estado de Minas - Em foco\" \/>\n<meta property=\"article:published_time\" content=\"2026-05-01T23:25:00+00:00\" \/>\n<meta property=\"article:modified_time\" content=\"2026-05-01T04:53:44+00:00\" \/>\n<meta property=\"og:image\" content=\"https:\/\/www.em.com.br\/emfoco\/wp-content\/uploads\/2026\/05\/EmFoco_67.jpg\" \/>\n\t<meta property=\"og:image:width\" content=\"1280\" \/>\n\t<meta property=\"og:image:height\" content=\"720\" \/>\n\t<meta property=\"og:image:type\" content=\"image\/jpeg\" \/>\n<meta name=\"author\" content=\"Guilherme Ara\u00fajo\" \/>\n<meta name=\"twitter:card\" content=\"summary_large_image\" \/>\n<meta name=\"twitter:label1\" content=\"Escrito por\" \/>\n\t<meta name=\"twitter:data1\" content=\"Guilherme Ara\u00fajo\" \/>\n\t<meta name=\"twitter:label2\" content=\"Est. tempo de leitura\" \/>\n\t<meta name=\"twitter:data2\" content=\"5 minutos\" \/>\n<!-- \/ Yoast SEO plugin. -->","yoast_head_json":{"title":"Decis\u00e3o do Supremo Tribunal garante que nenhum funcion\u00e1rio pode ser despedido antes da aposentadoria - Estado de Minas - Em foco","description":"Entenda como esta decis\u00e3o judicial garante estabilidade e veja quem n\u00e3o pode ser despedido antes da aposentadoria e o que muda agora","robots":{"index":"index","follow":"follow","max-snippet":"max-snippet:-1","max-image-preview":"max-image-preview:large","max-video-preview":"max-video-preview:-1"},"canonical":"https:\/\/www.em.com.br\/emfoco\/2026\/05\/01\/decisao-do-supremo-tribunal-garante-que-nenhum-funcionario-pode-ser-despedido-antes-da-aposentadoria\/","og_locale":"pt_BR","og_type":"article","og_title":"Decis\u00e3o do Supremo Tribunal garante que nenhum funcion\u00e1rio pode ser despedido antes da aposentadoria - Estado de Minas - Em foco","og_description":"Entenda como esta decis\u00e3o judicial garante estabilidade e veja quem n\u00e3o pode ser despedido antes da aposentadoria e o que muda agora","og_url":"https:\/\/www.em.com.br\/emfoco\/2026\/05\/01\/decisao-do-supremo-tribunal-garante-que-nenhum-funcionario-pode-ser-despedido-antes-da-aposentadoria\/","og_site_name":"Estado de Minas - Em foco","article_published_time":"2026-05-01T23:25:00+00:00","article_modified_time":"2026-05-01T04:53:44+00:00","og_image":[{"width":1280,"height":720,"url":"https:\/\/www.em.com.br\/emfoco\/wp-content\/uploads\/2026\/05\/EmFoco_67.jpg","type":"image\/jpeg"}],"author":"Guilherme Ara\u00fajo","twitter_card":"summary_large_image","twitter_misc":{"Escrito por":"Guilherme Ara\u00fajo","Est. tempo de leitura":"5 minutos"},"schema":{"@context":"https:\/\/schema.org","@graph":[{"@type":"WebPage","@id":"https:\/\/www.em.com.br\/emfoco\/2026\/05\/01\/decisao-do-supremo-tribunal-garante-que-nenhum-funcionario-pode-ser-despedido-antes-da-aposentadoria\/","url":"https:\/\/www.em.com.br\/emfoco\/2026\/05\/01\/decisao-do-supremo-tribunal-garante-que-nenhum-funcionario-pode-ser-despedido-antes-da-aposentadoria\/","name":"Decis\u00e3o do Supremo Tribunal garante que nenhum funcion\u00e1rio pode ser despedido antes da aposentadoria - Estado de Minas - Em foco","isPartOf":{"@id":"https:\/\/www.em.com.br\/emfoco\/#website"},"primaryImageOfPage":{"@id":"https:\/\/www.em.com.br\/emfoco\/2026\/05\/01\/decisao-do-supremo-tribunal-garante-que-nenhum-funcionario-pode-ser-despedido-antes-da-aposentadoria\/#primaryimage"},"image":{"@id":"https:\/\/www.em.com.br\/emfoco\/2026\/05\/01\/decisao-do-supremo-tribunal-garante-que-nenhum-funcionario-pode-ser-despedido-antes-da-aposentadoria\/#primaryimage"},"thumbnailUrl":"https:\/\/www.em.com.br\/emfoco\/wp-content\/uploads\/2026\/05\/EmFoco_67.jpg","datePublished":"2026-05-01T23:25:00+00:00","dateModified":"2026-05-01T04:53:44+00:00","author":{"@id":"https:\/\/www.em.com.br\/emfoco\/#\/schema\/person\/5379e929a4b966c775d121e23f9bb421"},"description":"Entenda como esta decis\u00e3o judicial garante estabilidade e veja quem n\u00e3o pode ser despedido antes da aposentadoria e o que muda agora","breadcrumb":{"@id":"https:\/\/www.em.com.br\/emfoco\/2026\/05\/01\/decisao-do-supremo-tribunal-garante-que-nenhum-funcionario-pode-ser-despedido-antes-da-aposentadoria\/#breadcrumb"},"inLanguage":"pt-BR","potentialAction":[{"@type":"ReadAction","target":["https:\/\/www.em.com.br\/emfoco\/2026\/05\/01\/decisao-do-supremo-tribunal-garante-que-nenhum-funcionario-pode-ser-despedido-antes-da-aposentadoria\/"]}]},{"@type":"ImageObject","inLanguage":"pt-BR","@id":"https:\/\/www.em.com.br\/emfoco\/2026\/05\/01\/decisao-do-supremo-tribunal-garante-que-nenhum-funcionario-pode-ser-despedido-antes-da-aposentadoria\/#primaryimage","url":"https:\/\/www.em.com.br\/emfoco\/wp-content\/uploads\/2026\/05\/EmFoco_67.jpg","contentUrl":"https:\/\/www.em.com.br\/emfoco\/wp-content\/uploads\/2026\/05\/EmFoco_67.jpg","width":1280,"height":720,"caption":"Decis\u00e3o judicial na Col\u00f4mbia garante estabilidade laboral refor\u00e7ada para trabalhadores pr\u00f3ximos da aposentadoria"},{"@type":"BreadcrumbList","@id":"https:\/\/www.em.com.br\/emfoco\/2026\/05\/01\/decisao-do-supremo-tribunal-garante-que-nenhum-funcionario-pode-ser-despedido-antes-da-aposentadoria\/#breadcrumb","itemListElement":[{"@type":"ListItem","position":1,"name":"In\u00edcio","item":"https:\/\/www.em.com.br\/emfoco\/"},{"@type":"ListItem","position":2,"name":"Decis\u00e3o do Supremo Tribunal garante que nenhum funcion\u00e1rio pode ser despedido antes da aposentadoria"}]},{"@type":"WebSite","@id":"https:\/\/www.em.com.br\/emfoco\/#website","url":"https:\/\/www.em.com.br\/emfoco\/","name":"Estado de Minas - Em foco","description":"Acompanhe as \u00faltimas not\u00edcias e fique bem informado sobre tudo o que acontece em Minas Gerais, Brasil e no mundo.","potentialAction":[{"@type":"SearchAction","target":{"@type":"EntryPoint","urlTemplate":"https:\/\/www.em.com.br\/emfoco\/?s={search_term_string}"},"query-input":{"@type":"PropertyValueSpecification","valueRequired":true,"valueName":"search_term_string"}}],"inLanguage":"pt-BR"},{"@type":"Person","@id":"https:\/\/www.em.com.br\/emfoco\/#\/schema\/person\/5379e929a4b966c775d121e23f9bb421","name":"Guilherme Ara\u00fajo","image":{"@type":"ImageObject","inLanguage":"pt-BR","@id":"https:\/\/www.em.com.br\/emfoco\/#\/schema\/person\/image\/","url":"https:\/\/secure.gravatar.com\/avatar\/b8bf1fd0130e170bd8f5d7298dbafa25?s=96&d=mm&r=g","contentUrl":"https:\/\/secure.gravatar.com\/avatar\/b8bf1fd0130e170bd8f5d7298dbafa25?s=96&d=mm&r=g","caption":"Guilherme Ara\u00fajo"},"sameAs":["https:\/\/www.em.com.br\/emfoco"],"url":"https:\/\/www.em.com.br\/emfoco\/author\/guilhermeamyth\/"}]}},"_links":{"self":[{"href":"https:\/\/www.em.com.br\/emfoco\/wp-json\/wp\/v2\/posts\/202205","targetHints":{"allow":["GET"]}}],"collection":[{"href":"https:\/\/www.em.com.br\/emfoco\/wp-json\/wp\/v2\/posts"}],"about":[{"href":"https:\/\/www.em.com.br\/emfoco\/wp-json\/wp\/v2\/types\/post"}],"author":[{"embeddable":true,"href":"https:\/\/www.em.com.br\/emfoco\/wp-json\/wp\/v2\/users\/30"}],"replies":[{"embeddable":true,"href":"https:\/\/www.em.com.br\/emfoco\/wp-json\/wp\/v2\/comments?post=202205"}],"version-history":[{"count":5,"href":"https:\/\/www.em.com.br\/emfoco\/wp-json\/wp\/v2\/posts\/202205\/revisions"}],"predecessor-version":[{"id":202519,"href":"https:\/\/www.em.com.br\/emfoco\/wp-json\/wp\/v2\/posts\/202205\/revisions\/202519"}],"wp:featuredmedia":[{"embeddable":true,"href":"https:\/\/www.em.com.br\/emfoco\/wp-json\/wp\/v2\/media\/202315"}],"wp:attachment":[{"href":"https:\/\/www.em.com.br\/emfoco\/wp-json\/wp\/v2\/media?parent=202205"}],"wp:term":[{"taxonomy":"category","embeddable":true,"href":"https:\/\/www.em.com.br\/emfoco\/wp-json\/wp\/v2\/categories?post=202205"},{"taxonomy":"post_tag","embeddable":true,"href":"https:\/\/www.em.com.br\/emfoco\/wp-json\/wp\/v2\/tags?post=202205"}],"curies":[{"name":"wp","href":"https:\/\/api.w.org\/{rel}","templated":true}]}}