{"id":202197,"date":"2026-05-01T18:45:00","date_gmt":"2026-05-01T21:45:00","guid":{"rendered":"https:\/\/www.em.com.br\/emfoco\/?p=202197"},"modified":"2026-05-01T01:53:43","modified_gmt":"2026-05-01T04:53:43","slug":"europa-planeja-implementar-pedagios-no-canal-de-istambul-para-transformar-o-transporte-maritimo","status":"publish","type":"post","link":"https:\/\/www.em.com.br\/emfoco\/2026\/05\/01\/europa-planeja-implementar-pedagios-no-canal-de-istambul-para-transformar-o-transporte-maritimo\/","title":{"rendered":"Europa planeja implementar ped\u00e1gios no Canal de Istambul para transformar o transporte mar\u00edtimo"},"content":{"rendered":"\n<p>O projeto do <strong>Kanal \u0130stanbul<\/strong>, uma das obras de infraestrutura mais audaciosas da <strong>Turquia<\/strong>, ganha for\u00e7a como alternativa estrat\u00e9gica ao <strong>B\u00f3sforo<\/strong>. A implementa\u00e7\u00e3o de <strong>ped\u00e1gios no Canal de Istambul<\/strong> visa transformar a arrecada\u00e7\u00e3o soberana sobre o tr\u00e2nsito de navios petroleiros entre o <strong>Mar Negro<\/strong> e o <strong>Mar de M\u00e1rmara<\/strong>.<\/p>\n\n\n\n<h2 class=\"wp-block-heading\">O que \u00e9 o projeto do Kanal \u0130stanbul?<\/h2>\n\n\n\n<p>Idealizado pelo governo turco, o <strong>Kanal \u0130stanbul<\/strong> \u00e9 um canal artificial de aproximadamente <strong>45 quil\u00f4metros<\/strong> de extens\u00e3o localizado no lado europeu da cidade. A obra pretende criar uma nova rota mar\u00edtima paralela ao estreito natural do <strong>B\u00f3sforo<\/strong>, aliviando o congestionamento de embarca\u00e7\u00f5es que aguardam dias para transitar.<\/p>\n\n\n\n<p>Diferente das passagens naturais, essa nova via ter\u00e1 capacidade para receber at\u00e9 <strong>160 navios por dia<\/strong>, incluindo gigantescos petroleiros de <strong>300.000 toneladas<\/strong>. Geograficamente, a constru\u00e7\u00e3o transformar\u00e1 o centro hist\u00f3rico de <strong>Istambul<\/strong> em uma ilha, cercada por \u00e1guas artificiais e naturais, conectando mercados globais com maior agilidade.<\/p>\n\n\n<div class=\"wp-block-image\">\n<figure class=\"aligncenter size-large\"><img loading=\"lazy\" decoding=\"async\" width=\"1024\" height=\"576\" src=\"https:\/\/www.em.com.br\/emfoco\/wp-content\/uploads\/2026\/05\/pedagio1-1-1024x576.jpg\" alt=\"Europa planeja novos ped\u00e1gios no Canal de Istambul para revolucionar o transporte mar\u00edtimo\" class=\"wp-image-202516\" srcset=\"https:\/\/www.em.com.br\/emfoco\/wp-content\/uploads\/2026\/05\/pedagio1-1-1024x576.jpg 1024w, https:\/\/www.em.com.br\/emfoco\/wp-content\/uploads\/2026\/05\/pedagio1-1-300x169.jpg 300w, https:\/\/www.em.com.br\/emfoco\/wp-content\/uploads\/2026\/05\/pedagio1-1-768x432.jpg 768w, https:\/\/www.em.com.br\/emfoco\/wp-content\/uploads\/2026\/05\/pedagio1-1-750x422.jpg 750w, https:\/\/www.em.com.br\/emfoco\/wp-content\/uploads\/2026\/05\/pedagio1-1-1140x641.jpg 1140w, https:\/\/www.em.com.br\/emfoco\/wp-content\/uploads\/2026\/05\/pedagio1-1.jpg 1280w\" sizes=\"auto, (max-width: 1024px) 100vw, 1024px\" \/><figcaption class=\"wp-element-caption\">Europa planeja novos ped\u00e1gios no Canal de Istambul para revolucionar o transporte mar\u00edtimo<\/figcaption><\/figure><\/div>\n\n\n<h2 class=\"wp-block-heading\">Qual o custo estimado para o &#8220;projeto louco&#8221; de Erdo\u011fan?<\/h2>\n\n\n\n<p>O investimento necess\u00e1rio para tirar o canal do papel \u00e9 monumental, com cifras que variam entre <strong>US$ 15 bilh\u00f5es<\/strong> e <strong>US$ 25 bilh\u00f5es<\/strong> segundo estimativas oficiais. Esse montante cobre desde a escava\u00e7\u00e3o massiva at\u00e9 o desenvolvimento urbano das \u00e1reas adjacentes, criando novas zonas residenciais e comerciais ao longo do corredor.<\/p>\n\n\n\n<p>A viabilidade financeira do projeto depende diretamente do modelo de concess\u00e3o e da desvaloriza\u00e7\u00e3o da <strong>lira turca<\/strong>, que impacta os custos reais de constru\u00e7\u00e3o. Confira os principais pilares do or\u00e7amento previsto pelas autoridades do <strong>Minist\u00e9rio dos Transportes e Infraestrutura da Turquia<\/strong>:<\/p>\n\n\n\n<ul class=\"wp-block-list\">\n<li><strong>Escava\u00e7\u00e3o<\/strong>: Custo direto para a abertura do leito artificial.<\/li>\n\n\n\n<li><strong>Urbanismo<\/strong>: Cria\u00e7\u00e3o de cidades inteligentes nas margens.<\/li>\n\n\n\n<li><strong>Manuten\u00e7\u00e3o<\/strong>: Gastos operacionais para garantir a profundidade de <strong>25 metros<\/strong>.<\/li>\n<\/ul>\n\n\n\n<p>Leia tamb\u00e9m: <a href=\"https:\/\/www.em.com.br\/emfoco\/2026\/04\/30\/adeus-a-lei-da-habitacao-regra-permite-que-inquilinos-fiquem-no-imovel-por-tempo-indeterminado\/\" target=\"_blank\" rel=\"noreferrer noopener\">Adeus \u00e0 lei da habita\u00e7\u00e3o, regra permite que inquilinos fiquem no im\u00f3vel por tempo indeterminado<\/a><\/p>\n\n\n\n<h2 class=\"wp-block-heading\">Por que a cobran\u00e7a de ped\u00e1gios \u00e9 o ponto central da obra?<\/h2>\n\n\n\n<p>A grande diferen\u00e7a entre o <strong>B\u00f3sforo<\/strong> e o novo canal reside no direito internacional mar\u00edtimo. Atualmente, a <strong>Conven\u00e7\u00e3o das Na\u00e7\u00f5es Unidas sobre o Direito do Mar (CNUDM)<\/strong> impede a cobran\u00e7a de taxas de passagem em estreitos naturais, garantindo o livre tr\u00e2nsito para navios de todas as bandeiras.<\/p>\n\n\n\n<p>Ao construir uma infraestrutura artificial, a <strong>Turquia <\/strong>passa a ter o direito soberano de cobrar <strong>ped\u00e1gios no<\/strong> <strong>Canal de Istambul<\/strong>, seguindo o exemplo do <strong>Canal de Suez<\/strong>, que j\u00e1 funciona como uma importante rota estrat\u00e9gica de com\u00e9rcio. A evolu\u00e7\u00e3o hist\u00f3rica dessas passagens e o papel dos canais artificiais no transporte global ajudam a entender por que essas obras s\u00e3o t\u00e3o relevantes para a economia e a geopol\u00edtica mundial.<\/p>\n\n\n<div class=\"wp-block-image\">\n<figure class=\"aligncenter size-large\"><img loading=\"lazy\" decoding=\"async\" width=\"1024\" height=\"576\" src=\"https:\/\/www.em.com.br\/emfoco\/wp-content\/uploads\/2026\/05\/pedagio3-1-1024x576.jpg\" alt=\"Transporte mar\u00edtimo ter\u00e1 mudan\u00e7as dr\u00e1sticas com plano de ped\u00e1gios no Canal de Istambul\" class=\"wp-image-202518\" srcset=\"https:\/\/www.em.com.br\/emfoco\/wp-content\/uploads\/2026\/05\/pedagio3-1-1024x576.jpg 1024w, https:\/\/www.em.com.br\/emfoco\/wp-content\/uploads\/2026\/05\/pedagio3-1-300x169.jpg 300w, https:\/\/www.em.com.br\/emfoco\/wp-content\/uploads\/2026\/05\/pedagio3-1-768x432.jpg 768w, https:\/\/www.em.com.br\/emfoco\/wp-content\/uploads\/2026\/05\/pedagio3-1-750x422.jpg 750w, https:\/\/www.em.com.br\/emfoco\/wp-content\/uploads\/2026\/05\/pedagio3-1-1140x641.jpg 1140w, https:\/\/www.em.com.br\/emfoco\/wp-content\/uploads\/2026\/05\/pedagio3-1.jpg 1280w\" sizes=\"auto, (max-width: 1024px) 100vw, 1024px\" \/><figcaption class=\"wp-element-caption\">Transporte mar\u00edtimo ter\u00e1 mudan\u00e7as dr\u00e1sticas com plano de ped\u00e1gios no Canal de Istambul<\/figcaption><\/figure><\/div>\n\n\n<h2 class=\"wp-block-heading\">Como o conflito em Ormuz impulsiona o canal turco?<\/h2>\n\n\n\n<p>A instabilidade recente no <strong>Estreito de Ormuz<\/strong>, por onde passa <strong>20% do petr\u00f3leo mundial<\/strong>, gerou um alerta nos mercados europeus e asi\u00e1ticos. O fechamento recorrente de rotas cr\u00edticas no <strong>Oriente M\u00e9dio<\/strong> for\u00e7a as pot\u00eancias globais a buscarem caminhos mais seguros e previs\u00edveis para o abastecimento de energia.<\/p>\n\n\n\n<p>A <strong>Europa<\/strong> v\u00ea no canal turco uma forma de diversificar o fluxo log\u00edstico e evitar gargalos que paralisam a economia. O controle rigoroso exercido por for\u00e7as armadas em outras regi\u00f5es aumenta o valor estrat\u00e9gico de rotas geridas sob regimes jur\u00eddicos claros e infraestruturas modernas e monitoradas.<\/p>\n\n\n\n<h2 class=\"wp-block-heading\">Quais s\u00e3o os impactos previstos para o transporte mar\u00edtimo global?<\/h2>\n\n\n\n<p>A introdu\u00e7\u00e3o de tarifas estruturadas deve selecionar o tipo de carga que passar\u00e1 pela nova via, priorizando mercadorias de alto valor e prazos r\u00edgidos. Navios que desejam evitar as longas filas de espera do <strong>B\u00f3sforo<\/strong> pagar\u00e3o pela agilidade, otimizando o tempo de entrega em portos europeus.<\/p>\n\n\n\n<p>Abaixo, comparamos as caracter\u00edsticas principais entre a rota natural existente e o novo projeto artificial:<\/p>\n\n\n<div class=\"wp-block-image\">\n<figure class=\"aligncenter size-large is-resized\"><img loading=\"lazy\" decoding=\"async\" width=\"1024\" height=\"666\" src=\"https:\/\/www.em.com.br\/emfoco\/wp-content\/uploads\/2026\/05\/image-11-1024x666.png\" alt=\"\" class=\"wp-image-202449\" style=\"width:794px;height:auto\" srcset=\"https:\/\/www.em.com.br\/emfoco\/wp-content\/uploads\/2026\/05\/image-11-1024x666.png 1024w, https:\/\/www.em.com.br\/emfoco\/wp-content\/uploads\/2026\/05\/image-11-300x195.png 300w, https:\/\/www.em.com.br\/emfoco\/wp-content\/uploads\/2026\/05\/image-11-768x500.png 768w, https:\/\/www.em.com.br\/emfoco\/wp-content\/uploads\/2026\/05\/image-11-750x488.png 750w, https:\/\/www.em.com.br\/emfoco\/wp-content\/uploads\/2026\/05\/image-11-1140x742.png 1140w, https:\/\/www.em.com.br\/emfoco\/wp-content\/uploads\/2026\/05\/image-11.png 1280w\" sizes=\"auto, (max-width: 1024px) 100vw, 1024px\" \/><\/figure><\/div>\n\n\n<h2 class=\"wp-block-heading\">O canal pode ser conclu\u00eddo nos pr\u00f3ximos anos?<\/h2>\n\n\n\n<p>Embora o governo da <strong>Turquia<\/strong> mantenha o cronograma otimista, o projeto enfrenta desafios ambientais e cr\u00edticas sobre o impacto no ecossistema marinho local. A prote\u00e7\u00e3o das \u00e1guas do <strong>Mar Negro<\/strong> \u00e9 uma preocupa\u00e7\u00e3o constante de \u00f3rg\u00e3os internacionais e especialistas em ecologia que monitoram a regi\u00e3o de perto.<\/p>\n\n\n\n<p>As normas de seguran\u00e7a e o regulamento para a navega\u00e7\u00e3o de grandes navios devem seguir as diretrizes da <a href=\"https:\/\/www.imo.org\">Organiza\u00e7\u00e3o Mar\u00edtima Internacional<\/a>, garantindo que a nova via opere sem riscos de desastres ambientais. Se bem-sucedido, o projeto redefinir\u00e1 a posi\u00e7\u00e3o geopol\u00edtica de <strong>Istambul<\/strong> como o maior n\u00f3 log\u00edstico entre dois continentes.<\/p>\n","protected":false},"excerpt":{"rendered":"<p>O projeto do Kanal \u0130stanbul, uma das obras de infraestrutura mais audaciosas da Turquia, ganha for\u00e7a como alternativa estrat\u00e9gica ao B\u00f3sforo. A implementa\u00e7\u00e3o de ped\u00e1gios no Canal de Istambul visa transformar a arrecada\u00e7\u00e3o soberana sobre o tr\u00e2nsito de navios petroleiros entre o Mar Negro e o Mar de M\u00e1rmara. O que \u00e9 o projeto do [&hellip;]<\/p>\n","protected":false},"author":30,"featured_media":202307,"comment_status":"open","ping_status":"open","sticky":false,"template":"","format":"standard","meta":{"jnews-multi-image_gallery":[],"jnews_single_post":{"format":"standard"},"jnews_primary_category":[],"jnews_social_meta":[],"jnews_override_counter":[],"footnotes":""},"categories":[28],"tags":[29075,29077,29076,9922],"class_list":["post-202197","post","type-post","status-publish","format-standard","has-post-thumbnail","hentry","category-economia","tag-canal-de-istambul","tag-geopolitica","tag-transporte-maritimo","tag-turquia"],"yoast_head":"<!-- This site is optimized with the Yoast SEO plugin v23.8 - https:\/\/yoast.com\/wordpress\/plugins\/seo\/ -->\n<title>Europa planeja implementar ped\u00e1gios no Canal de Istambul para transformar o transporte mar\u00edtimo - Estado de Minas - Em foco<\/title>\n<meta name=\"description\" content=\"Entenda como este projeto europeu pode mudar o transporte mar\u00edtimo e os ped\u00e1gios no Canal de Istambul e seus impactos globais agora\" \/>\n<meta name=\"robots\" content=\"index, follow, max-snippet:-1, max-image-preview:large, max-video-preview:-1\" \/>\n<link rel=\"canonical\" href=\"https:\/\/www.em.com.br\/emfoco\/2026\/05\/01\/europa-planeja-implementar-pedagios-no-canal-de-istambul-para-transformar-o-transporte-maritimo\/\" \/>\n<meta property=\"og:locale\" content=\"pt_BR\" \/>\n<meta property=\"og:type\" content=\"article\" \/>\n<meta property=\"og:title\" content=\"Europa planeja implementar ped\u00e1gios no Canal de Istambul para transformar o transporte mar\u00edtimo - Estado de Minas - Em foco\" \/>\n<meta property=\"og:description\" content=\"Entenda como este projeto europeu pode mudar o transporte mar\u00edtimo e os ped\u00e1gios no Canal de Istambul e seus impactos globais agora\" \/>\n<meta property=\"og:url\" content=\"https:\/\/www.em.com.br\/emfoco\/2026\/05\/01\/europa-planeja-implementar-pedagios-no-canal-de-istambul-para-transformar-o-transporte-maritimo\/\" \/>\n<meta property=\"og:site_name\" content=\"Estado de Minas - Em foco\" \/>\n<meta property=\"article:published_time\" content=\"2026-05-01T21:45:00+00:00\" \/>\n<meta property=\"article:modified_time\" content=\"2026-05-01T04:53:43+00:00\" \/>\n<meta property=\"og:image\" content=\"https:\/\/www.em.com.br\/emfoco\/wp-content\/uploads\/2026\/05\/EmFoco_65.jpg\" \/>\n\t<meta property=\"og:image:width\" content=\"1280\" \/>\n\t<meta property=\"og:image:height\" content=\"720\" \/>\n\t<meta property=\"og:image:type\" content=\"image\/jpeg\" \/>\n<meta name=\"author\" content=\"Guilherme Ara\u00fajo\" \/>\n<meta name=\"twitter:card\" content=\"summary_large_image\" \/>\n<meta name=\"twitter:label1\" content=\"Escrito por\" \/>\n\t<meta name=\"twitter:data1\" content=\"Guilherme Ara\u00fajo\" \/>\n\t<meta name=\"twitter:label2\" content=\"Est. tempo de leitura\" \/>\n\t<meta name=\"twitter:data2\" content=\"5 minutos\" \/>\n<!-- \/ Yoast SEO plugin. -->","yoast_head_json":{"title":"Europa planeja implementar ped\u00e1gios no Canal de Istambul para transformar o transporte mar\u00edtimo - Estado de Minas - Em foco","description":"Entenda como este projeto europeu pode mudar o transporte mar\u00edtimo e os ped\u00e1gios no Canal de Istambul e seus impactos globais agora","robots":{"index":"index","follow":"follow","max-snippet":"max-snippet:-1","max-image-preview":"max-image-preview:large","max-video-preview":"max-video-preview:-1"},"canonical":"https:\/\/www.em.com.br\/emfoco\/2026\/05\/01\/europa-planeja-implementar-pedagios-no-canal-de-istambul-para-transformar-o-transporte-maritimo\/","og_locale":"pt_BR","og_type":"article","og_title":"Europa planeja implementar ped\u00e1gios no Canal de Istambul para transformar o transporte mar\u00edtimo - Estado de Minas - Em foco","og_description":"Entenda como este projeto europeu pode mudar o transporte mar\u00edtimo e os ped\u00e1gios no Canal de Istambul e seus impactos globais agora","og_url":"https:\/\/www.em.com.br\/emfoco\/2026\/05\/01\/europa-planeja-implementar-pedagios-no-canal-de-istambul-para-transformar-o-transporte-maritimo\/","og_site_name":"Estado de Minas - Em foco","article_published_time":"2026-05-01T21:45:00+00:00","article_modified_time":"2026-05-01T04:53:43+00:00","og_image":[{"width":1280,"height":720,"url":"https:\/\/www.em.com.br\/emfoco\/wp-content\/uploads\/2026\/05\/EmFoco_65.jpg","type":"image\/jpeg"}],"author":"Guilherme Ara\u00fajo","twitter_card":"summary_large_image","twitter_misc":{"Escrito por":"Guilherme Ara\u00fajo","Est. tempo de leitura":"5 minutos"},"schema":{"@context":"https:\/\/schema.org","@graph":[{"@type":"WebPage","@id":"https:\/\/www.em.com.br\/emfoco\/2026\/05\/01\/europa-planeja-implementar-pedagios-no-canal-de-istambul-para-transformar-o-transporte-maritimo\/","url":"https:\/\/www.em.com.br\/emfoco\/2026\/05\/01\/europa-planeja-implementar-pedagios-no-canal-de-istambul-para-transformar-o-transporte-maritimo\/","name":"Europa planeja implementar ped\u00e1gios no Canal de Istambul para transformar o transporte mar\u00edtimo - Estado de Minas - Em foco","isPartOf":{"@id":"https:\/\/www.em.com.br\/emfoco\/#website"},"primaryImageOfPage":{"@id":"https:\/\/www.em.com.br\/emfoco\/2026\/05\/01\/europa-planeja-implementar-pedagios-no-canal-de-istambul-para-transformar-o-transporte-maritimo\/#primaryimage"},"image":{"@id":"https:\/\/www.em.com.br\/emfoco\/2026\/05\/01\/europa-planeja-implementar-pedagios-no-canal-de-istambul-para-transformar-o-transporte-maritimo\/#primaryimage"},"thumbnailUrl":"https:\/\/www.em.com.br\/emfoco\/wp-content\/uploads\/2026\/05\/EmFoco_65.jpg","datePublished":"2026-05-01T21:45:00+00:00","dateModified":"2026-05-01T04:53:43+00:00","author":{"@id":"https:\/\/www.em.com.br\/emfoco\/#\/schema\/person\/5379e929a4b966c775d121e23f9bb421"},"description":"Entenda como este projeto europeu pode mudar o transporte mar\u00edtimo e os ped\u00e1gios no Canal de Istambul e seus impactos globais agora","breadcrumb":{"@id":"https:\/\/www.em.com.br\/emfoco\/2026\/05\/01\/europa-planeja-implementar-pedagios-no-canal-de-istambul-para-transformar-o-transporte-maritimo\/#breadcrumb"},"inLanguage":"pt-BR","potentialAction":[{"@type":"ReadAction","target":["https:\/\/www.em.com.br\/emfoco\/2026\/05\/01\/europa-planeja-implementar-pedagios-no-canal-de-istambul-para-transformar-o-transporte-maritimo\/"]}]},{"@type":"ImageObject","inLanguage":"pt-BR","@id":"https:\/\/www.em.com.br\/emfoco\/2026\/05\/01\/europa-planeja-implementar-pedagios-no-canal-de-istambul-para-transformar-o-transporte-maritimo\/#primaryimage","url":"https:\/\/www.em.com.br\/emfoco\/wp-content\/uploads\/2026\/05\/EmFoco_65.jpg","contentUrl":"https:\/\/www.em.com.br\/emfoco\/wp-content\/uploads\/2026\/05\/EmFoco_65.jpg","width":1280,"height":720,"caption":"Obra artificial na Turquia permitir\u00e1 cobran\u00e7a de ped\u00e1gios para otimizar tr\u00e1fego mar\u00edtimo global"},{"@type":"BreadcrumbList","@id":"https:\/\/www.em.com.br\/emfoco\/2026\/05\/01\/europa-planeja-implementar-pedagios-no-canal-de-istambul-para-transformar-o-transporte-maritimo\/#breadcrumb","itemListElement":[{"@type":"ListItem","position":1,"name":"In\u00edcio","item":"https:\/\/www.em.com.br\/emfoco\/"},{"@type":"ListItem","position":2,"name":"Europa planeja implementar ped\u00e1gios no Canal de Istambul para transformar o transporte mar\u00edtimo"}]},{"@type":"WebSite","@id":"https:\/\/www.em.com.br\/emfoco\/#website","url":"https:\/\/www.em.com.br\/emfoco\/","name":"Estado de Minas - Em foco","description":"Acompanhe as \u00faltimas not\u00edcias e fique bem informado sobre tudo o que acontece em Minas Gerais, Brasil e no mundo.","potentialAction":[{"@type":"SearchAction","target":{"@type":"EntryPoint","urlTemplate":"https:\/\/www.em.com.br\/emfoco\/?s={search_term_string}"},"query-input":{"@type":"PropertyValueSpecification","valueRequired":true,"valueName":"search_term_string"}}],"inLanguage":"pt-BR"},{"@type":"Person","@id":"https:\/\/www.em.com.br\/emfoco\/#\/schema\/person\/5379e929a4b966c775d121e23f9bb421","name":"Guilherme Ara\u00fajo","image":{"@type":"ImageObject","inLanguage":"pt-BR","@id":"https:\/\/www.em.com.br\/emfoco\/#\/schema\/person\/image\/","url":"https:\/\/secure.gravatar.com\/avatar\/b8bf1fd0130e170bd8f5d7298dbafa25?s=96&d=mm&r=g","contentUrl":"https:\/\/secure.gravatar.com\/avatar\/b8bf1fd0130e170bd8f5d7298dbafa25?s=96&d=mm&r=g","caption":"Guilherme Ara\u00fajo"},"sameAs":["https:\/\/www.em.com.br\/emfoco"],"url":"https:\/\/www.em.com.br\/emfoco\/author\/guilhermeamyth\/"}]}},"_links":{"self":[{"href":"https:\/\/www.em.com.br\/emfoco\/wp-json\/wp\/v2\/posts\/202197","targetHints":{"allow":["GET"]}}],"collection":[{"href":"https:\/\/www.em.com.br\/emfoco\/wp-json\/wp\/v2\/posts"}],"about":[{"href":"https:\/\/www.em.com.br\/emfoco\/wp-json\/wp\/v2\/types\/post"}],"author":[{"embeddable":true,"href":"https:\/\/www.em.com.br\/emfoco\/wp-json\/wp\/v2\/users\/30"}],"replies":[{"embeddable":true,"href":"https:\/\/www.em.com.br\/emfoco\/wp-json\/wp\/v2\/comments?post=202197"}],"version-history":[{"count":4,"href":"https:\/\/www.em.com.br\/emfoco\/wp-json\/wp\/v2\/posts\/202197\/revisions"}],"predecessor-version":[{"id":202520,"href":"https:\/\/www.em.com.br\/emfoco\/wp-json\/wp\/v2\/posts\/202197\/revisions\/202520"}],"wp:featuredmedia":[{"embeddable":true,"href":"https:\/\/www.em.com.br\/emfoco\/wp-json\/wp\/v2\/media\/202307"}],"wp:attachment":[{"href":"https:\/\/www.em.com.br\/emfoco\/wp-json\/wp\/v2\/media?parent=202197"}],"wp:term":[{"taxonomy":"category","embeddable":true,"href":"https:\/\/www.em.com.br\/emfoco\/wp-json\/wp\/v2\/categories?post=202197"},{"taxonomy":"post_tag","embeddable":true,"href":"https:\/\/www.em.com.br\/emfoco\/wp-json\/wp\/v2\/tags?post=202197"}],"curies":[{"name":"wp","href":"https:\/\/api.w.org\/{rel}","templated":true}]}}