{"id":202183,"date":"2026-05-01T19:15:00","date_gmt":"2026-05-01T22:15:00","guid":{"rendered":"https:\/\/www.em.com.br\/emfoco\/?p=202183"},"modified":"2026-04-30T17:56:02","modified_gmt":"2026-04-30T20:56:02","slug":"adeus-aos-looks-apagados-e-tristes-o-poder-dos-acessorios-dourados-que-iluminam-seu-rosto-em-dias-nublados","status":"publish","type":"post","link":"https:\/\/www.em.com.br\/emfoco\/2026\/05\/01\/adeus-aos-looks-apagados-e-tristes-o-poder-dos-acessorios-dourados-que-iluminam-seu-rosto-em-dias-nublados\/","title":{"rendered":"Adeus aos looks apagados e tristes, o poder dos acess\u00f3rios dourados que iluminam seu rosto em dias nublados"},"content":{"rendered":"\n<p>A escolha certa de <strong>acess\u00f3rios dourados<\/strong> pode transformar completamente a sua imagem durante os meses de temperaturas baixas que exigem mais camadas de roupa. Muitas mulheres buscam formas de iluminar o visual sem saber que pequenos detalhes fazem toda a diferen\u00e7a na composi\u00e7\u00e3o final de uma produ\u00e7\u00e3o elegante.<\/p>\n\n\n\n<h2 class=\"wp-block-heading\">Por que escolher acess\u00f3rios dourados nos dias frios<\/h2>\n\n\n\n<p>O brilho do metal traz um calor visual imediato que contrasta com a paleta de cores s\u00f3bria da esta\u00e7\u00e3o gelada que domina as ruas atualmente. Muitas vezes as roupas de l\u00e3 escondem os detalhes mas pe\u00e7as maiores garantem que sua <strong>personalidade brilhe<\/strong> em qualquer ambiente frequentado pela manh\u00e3. Investir em <strong>tons quentes<\/strong> ajuda a suavizar a tonalidade da pele e traz um ar de sofistica\u00e7\u00e3o instant\u00e2nea para o cotidiano corrido da mulher moderna.<\/p>\n\n\n\n<p>A luz natural do inverno costuma ser mais opaca e exige elementos met\u00e1licos que compensem essa falta de luminosidade externa de maneira estrat\u00e9gica. Escolher itens com <strong>acabamento polido<\/strong> reflete o brilho das luzes artificiais e mant\u00e9m a sua <strong>presen\u00e7a marcante<\/strong> em eventos noturnos ou jantares importantes. Para quem deseja acertar na escolha logo no primeiro momento existem algumas op\u00e7\u00f5es cl\u00e1ssicas que valorizam a estrutura do rosto e do colo:<\/p>\n\n\n\n<ul class=\"wp-block-list\">\n<li><strong>Brincos de argola<\/strong> largos que emolduram a face e trazem luz para os olhos mesmo em dias nublados.<\/li>\n\n\n\n<li><strong>Colares de correntes<\/strong> grossas que ficam por cima de blusas de gola alta criando um contraste luxuoso.<\/li>\n\n\n\n<li><strong>Pulseiras estruturadas<\/strong> que podem ser usadas sobre as mangas dos casacos para adicionar um toque de modernidade.<\/li>\n<\/ul>\n\n\n<div class=\"wp-block-image\">\n<figure class=\"aligncenter size-large\"><img loading=\"lazy\" decoding=\"async\" width=\"1024\" height=\"576\" src=\"https:\/\/www.em.com.br\/emfoco\/wp-content\/uploads\/2026\/04\/Acessorios-dourados-1024x576.jpg\" alt=\"Acess\u00f3rios dourados\" class=\"wp-image-188935\" srcset=\"https:\/\/www.em.com.br\/emfoco\/wp-content\/uploads\/2026\/04\/Acessorios-dourados-1024x576.jpg 1024w, https:\/\/www.em.com.br\/emfoco\/wp-content\/uploads\/2026\/04\/Acessorios-dourados-300x169.jpg 300w, https:\/\/www.em.com.br\/emfoco\/wp-content\/uploads\/2026\/04\/Acessorios-dourados-768x432.jpg 768w, https:\/\/www.em.com.br\/emfoco\/wp-content\/uploads\/2026\/04\/Acessorios-dourados-750x422.jpg 750w, https:\/\/www.em.com.br\/emfoco\/wp-content\/uploads\/2026\/04\/Acessorios-dourados-1140x641.jpg 1140w, https:\/\/www.em.com.br\/emfoco\/wp-content\/uploads\/2026\/04\/Acessorios-dourados.jpg 1280w\" sizes=\"auto, (max-width: 1024px) 100vw, 1024px\" \/><figcaption class=\"wp-element-caption\">A luz natural do inverno costuma ser mais opaca e exige elementos met\u00e1licos que compensem essa falta de luminosidade externa de maneira estrat\u00e9gica<\/figcaption><\/figure><\/div>\n\n\n<p>Leia tamb\u00e9m: <a href=\"https:\/\/www.em.com.br\/emfoco\/2026\/04\/26\/estes-5-minutos-de-autocuidado-no-banho-podem-transformar-a-autoestima-da-mulher-40-no-dia-a-dia\/\" target=\"_blank\" rel=\"noreferrer noopener\">Estes 5 minutos de autocuidado no banho podem transformar a autoestima da mulher 40+ no dia a dia<\/a><\/p>\n\n\n\n<h2 class=\"wp-block-heading\">Como combinar acess\u00f3rios dourados com roupas escuras<\/h2>\n\n\n\n<p>O preto e o azul marinho funcionam como telas perfeitas para destacar a <strong>intensidade do ouro<\/strong> em diferentes formatos e tamanhos de joias. Utilizar colares longos sobre golas altas cria um <strong>ponto focal<\/strong> que alonga a silhueta e valoriza o corte da pe\u00e7a de roupa escolhida. Essa mistura de texturas entre o tecido pesado do inverno e o metal brilhante gera um <strong>equil\u00edbrio visual<\/strong> muito atraente para quem observa.<\/p>\n\n\n\n<p>Evite sobrecarregar o visual mantendo uma dist\u00e2ncia estrat\u00e9gica entre as pe\u00e7as maiores para que cada uma tenha seu destaque garantido no conjunto final. O uso de <strong>braceletes imponentes<\/strong> sobre as mangas de blusas de tric\u00f4 adiciona um toque de criatividade e <strong>estilo autoral<\/strong> \u00fanico ao seu dia. Aproveite para misturar <strong>diferentes texturas<\/strong> se desejar uma proposta mais ousada e cheia de camadas interessantes que fujam do \u00f3bvio durante a temporada.<\/p>\n\n\n\n<p>Para voc\u00ea que gosta de se vestir bem, separamos um v\u00eddeo do canal da <a href=\"https:\/\/www.youtube.com\/@MARCELACARRASCO\" target=\"_blank\" rel=\"noreferrer noopener\">MARCELA CARRASCO<\/a> com dicas para usar acess\u00f3rios dourados:<\/p>\n\n\n\n<figure class=\"wp-block-embed is-type-video is-provider-youtube wp-block-embed-youtube wp-embed-aspect-16-9 wp-has-aspect-ratio\"><div class=\"wp-block-embed__wrapper\">\n<div class=\"jeg_video_container jeg_video_content\"><iframe loading=\"lazy\" title=\"COMO USAR ACESS\u00d3RIOS E PARECER MAIS ESTILOSA? TRANSFORME QUALQUER LOOK COM OS ACESS\u00d3RIOS CERTOS! \" width=\"500\" height=\"281\" src=\"https:\/\/www.youtube.com\/embed\/a1lAg1NoteU?start=4&#038;feature=oembed\" frameborder=\"0\" allow=\"accelerometer; autoplay; clipboard-write; encrypted-media; gyroscope; picture-in-picture; web-share\" referrerpolicy=\"strict-origin-when-cross-origin\" allowfullscreen><\/iframe><\/div>\n<\/div><\/figure>\n\n\n\n<h2 class=\"wp-block-heading\">Formas de usar acess\u00f3rios dourados em camadas<\/h2>\n\n\n\n<p>Criar composi\u00e7\u00f5es com v\u00e1rios colares de comprimentos distintos permite que voc\u00ea utilize <strong>pe\u00e7as variadas<\/strong> ao mesmo tempo com muita harmonia est\u00e9tica. Comece com uma corrente mais curta e adicione itens mais pesados para construir um <strong>volume elegante<\/strong> na regi\u00e3o do colo feminino. Esse m\u00e9todo garante que o brilho se distribua de forma uniforme e traga <strong>muita sofistica\u00e7\u00e3o<\/strong> para o conjunto da obra sem parecer algo exagerado.<\/p>\n\n\n\n<p>Misturar an\u00e9is de diferentes espessuras nas m\u00e3os ajuda a criar uma narrativa visual que acompanha seus movimentos di\u00e1rios durante as reuni\u00f5es de trabalho. Escolha um <strong>item protagonista<\/strong> com algum detalhe trabalhado e complemente com alian\u00e7as lisas para manter a <strong>coer\u00eancia visual<\/strong> necess\u00e1ria em looks profissionais. O segredo est\u00e1 em manter a <strong>propor\u00e7\u00e3o das pe\u00e7as<\/strong> para que as camadas n\u00e3o pare\u00e7am desconexas ou visualmente cansativas para quem olha de fora.<\/p>\n\n\n\n<figure class=\"wp-block-embed is-type-rich is-provider-pinterest wp-block-embed-pinterest\"><div class=\"wp-block-embed__wrapper\">\n<iframe loading=\"lazy\" title=\" \" src=\"https:\/\/assets.pinterest.com\/ext\/embed.html?id=1029565164819347110&#038;src=oembed\" height=\"899\" width=\"450\" frameborder=\"0\" scrolling=\"no\" ><\/iframe>\n<\/div><\/figure>\n\n\n\n<h2 class=\"wp-block-heading\">Quais pe\u00e7as brilham mais na moda atual<\/h2>\n\n\n\n<p>Grandes designers apostam em formatos org\u00e2nicos e formas que remetem \u00e0 natureza para trazer <strong>mais leveza<\/strong> aos metais pesados t\u00edpicos do frio. Os brincos que simulam gotas ou elementos fluidos est\u00e3o ganhando espa\u00e7o nos arm\u00e1rios femininos por oferecerem um <strong>caimento natural<\/strong> e muito moderno. Essas escolhas refletem um desejo por <strong>luxo discreto<\/strong> que valoriza o acabamento manual em vez da ostenta\u00e7\u00e3o pura e sem significado est\u00e9tico.<\/p>\n\n\n\n<p>Broches vintage fixados em casacos pesados ou len\u00e7os de seda trazem um charme que remete \u00e0s <strong>\u00e9pocas cl\u00e1ssicas<\/strong> da alta costura internacional. Essa pe\u00e7a vers\u00e1til pode mudar de lugar e transformar um item b\u00e1sico em uma <strong>produ\u00e7\u00e3o luxuosa<\/strong> para ocasi\u00f5es especiais ou festas de gala. Experimente usar <strong>detalhes met\u00e1licos<\/strong> nos cintos ou sapatos para fechar o conceito visual com total maestria e bom gosto em suas escolhas.<\/p>\n\n\n\n<figure class=\"wp-block-image size-large\"><img loading=\"lazy\" decoding=\"async\" width=\"1024\" height=\"576\" src=\"https:\/\/www.em.com.br\/emfoco\/wp-content\/uploads\/2026\/04\/Acessorios-dourados-1-1024x576.jpg\" alt=\"Acess\u00f3rios dourados\" class=\"wp-image-202186\" srcset=\"https:\/\/www.em.com.br\/emfoco\/wp-content\/uploads\/2026\/04\/Acessorios-dourados-1-1024x576.jpg 1024w, https:\/\/www.em.com.br\/emfoco\/wp-content\/uploads\/2026\/04\/Acessorios-dourados-1-300x169.jpg 300w, https:\/\/www.em.com.br\/emfoco\/wp-content\/uploads\/2026\/04\/Acessorios-dourados-1-768x432.jpg 768w, https:\/\/www.em.com.br\/emfoco\/wp-content\/uploads\/2026\/04\/Acessorios-dourados-1-750x422.jpg 750w, https:\/\/www.em.com.br\/emfoco\/wp-content\/uploads\/2026\/04\/Acessorios-dourados-1-1140x641.jpg 1140w, https:\/\/www.em.com.br\/emfoco\/wp-content\/uploads\/2026\/04\/Acessorios-dourados-1.jpg 1280w\" sizes=\"auto, (max-width: 1024px) 100vw, 1024px\" \/><figcaption class=\"wp-element-caption\">Broches vintage fixados em casacos pesados ou len\u00e7os de seda trazem um charme que remete \u00e0s \u00e9pocas cl\u00e1ssicas da alta costura internacional<\/figcaption><\/figure>\n\n\n\n<h2 class=\"wp-block-heading\">Dicas para manter o brilho das suas joias<\/h2>\n\n\n\n<p>Guarde suas pe\u00e7as em locais secos e forrados com tecidos macios para evitar riscos superficiais indesejados que retiram a beleza do metal. Realize a <strong>limpeza peri\u00f3dica<\/strong> com panos apropriados que removam res\u00edduos de cremes ou perfumes acumulados durante o uso di\u00e1rio nas ruas. Essa manuten\u00e7\u00e3o simples garante a <strong>vida \u00fatil<\/strong> do banho e preserva o valor est\u00e9tico do seu investimento por muitos anos seguidos.<\/p>\n\n\n\n<p>Evite o contato direto com subst\u00e2ncias qu\u00edmicas fortes que possam alterar a cor original do metal precioso que voc\u00ea tanto gosta de usar. Prefira colocar seus adornos apenas ap\u00f3s a <strong>secagem total<\/strong> de cosm\u00e9ticos ou sprays fixadores de cabelo para proteger a superf\u00edcie brilhante. Desfrute da <strong>eleg\u00e2ncia constante<\/strong> que esses itens proporcionam ao seu estilo pessoal em todas as fases desta esta\u00e7\u00e3o maravilhosa e cheia de charme.<\/p>\n","protected":false},"excerpt":{"rendered":"<p>A escolha certa de acess\u00f3rios dourados pode transformar completamente a sua imagem durante os meses de temperaturas baixas que exigem mais camadas de roupa. Muitas mulheres buscam formas de iluminar o visual sem saber que pequenos detalhes fazem toda a diferen\u00e7a na composi\u00e7\u00e3o final de uma produ\u00e7\u00e3o elegante. Por que escolher acess\u00f3rios dourados nos dias [&hellip;]<\/p>\n","protected":false},"author":9,"featured_media":202233,"comment_status":"open","ping_status":"open","sticky":false,"template":"","format":"standard","meta":{"jnews-multi-image_gallery":[],"jnews_single_post":{"format":"standard"},"jnews_primary_category":[],"jnews_social_meta":[],"jnews_override_counter":[],"footnotes":""},"categories":[8691,29],"tags":[14398,29071,18361],"class_list":["post-202183","post","type-post","status-publish","format-standard","has-post-thumbnail","hentry","category-bem-estar","category-entretenimento","tag-dicas-de-estilo","tag-joias-douradas","tag-moda-de-inverno"],"yoast_head":"<!-- This site is optimized with the Yoast SEO plugin v23.8 - https:\/\/yoast.com\/wordpress\/plugins\/seo\/ -->\n<title>Adeus aos looks apagados e tristes, o poder dos acess\u00f3rios dourados que iluminam seu rosto em dias nublados - Estado de Minas - Em foco<\/title>\n<meta name=\"description\" content=\"Os acess\u00f3rios dourados mudam a forma como voc\u00ea se veste nesta temporada. Veja como valorizar seu estilo com escolhas inteligentes.\" \/>\n<meta name=\"robots\" content=\"index, follow, max-snippet:-1, max-image-preview:large, max-video-preview:-1\" \/>\n<link rel=\"canonical\" href=\"https:\/\/www.em.com.br\/emfoco\/2026\/05\/01\/adeus-aos-looks-apagados-e-tristes-o-poder-dos-acessorios-dourados-que-iluminam-seu-rosto-em-dias-nublados\/\" \/>\n<meta property=\"og:locale\" content=\"pt_BR\" \/>\n<meta property=\"og:type\" content=\"article\" \/>\n<meta property=\"og:title\" content=\"Adeus aos looks apagados e tristes, o poder dos acess\u00f3rios dourados que iluminam seu rosto em dias nublados - Estado de Minas - Em foco\" \/>\n<meta property=\"og:description\" content=\"Os acess\u00f3rios dourados mudam a forma como voc\u00ea se veste nesta temporada. Veja como valorizar seu estilo com escolhas inteligentes.\" \/>\n<meta property=\"og:url\" content=\"https:\/\/www.em.com.br\/emfoco\/2026\/05\/01\/adeus-aos-looks-apagados-e-tristes-o-poder-dos-acessorios-dourados-que-iluminam-seu-rosto-em-dias-nublados\/\" \/>\n<meta property=\"og:site_name\" content=\"Estado de Minas - Em foco\" \/>\n<meta property=\"article:published_time\" content=\"2026-05-01T22:15:00+00:00\" \/>\n<meta property=\"article:modified_time\" content=\"2026-04-30T20:56:02+00:00\" \/>\n<meta property=\"og:image\" content=\"https:\/\/www.em.com.br\/emfoco\/wp-content\/uploads\/2026\/05\/EmFoco_50.jpg\" \/>\n\t<meta property=\"og:image:width\" content=\"1280\" \/>\n\t<meta property=\"og:image:height\" content=\"720\" \/>\n\t<meta property=\"og:image:type\" content=\"image\/jpeg\" \/>\n<meta name=\"author\" content=\"Daniely Cardoso\" \/>\n<meta name=\"twitter:card\" content=\"summary_large_image\" \/>\n<meta name=\"twitter:label1\" content=\"Escrito por\" \/>\n\t<meta name=\"twitter:data1\" content=\"Daniely Cardoso\" \/>\n\t<meta name=\"twitter:label2\" content=\"Est. tempo de leitura\" \/>\n\t<meta name=\"twitter:data2\" content=\"6 minutos\" \/>\n<!-- \/ Yoast SEO plugin. -->","yoast_head_json":{"title":"Adeus aos looks apagados e tristes, o poder dos acess\u00f3rios dourados que iluminam seu rosto em dias nublados - Estado de Minas - Em foco","description":"Os acess\u00f3rios dourados mudam a forma como voc\u00ea se veste nesta temporada. Veja como valorizar seu estilo com escolhas inteligentes.","robots":{"index":"index","follow":"follow","max-snippet":"max-snippet:-1","max-image-preview":"max-image-preview:large","max-video-preview":"max-video-preview:-1"},"canonical":"https:\/\/www.em.com.br\/emfoco\/2026\/05\/01\/adeus-aos-looks-apagados-e-tristes-o-poder-dos-acessorios-dourados-que-iluminam-seu-rosto-em-dias-nublados\/","og_locale":"pt_BR","og_type":"article","og_title":"Adeus aos looks apagados e tristes, o poder dos acess\u00f3rios dourados que iluminam seu rosto em dias nublados - Estado de Minas - Em foco","og_description":"Os acess\u00f3rios dourados mudam a forma como voc\u00ea se veste nesta temporada. Veja como valorizar seu estilo com escolhas inteligentes.","og_url":"https:\/\/www.em.com.br\/emfoco\/2026\/05\/01\/adeus-aos-looks-apagados-e-tristes-o-poder-dos-acessorios-dourados-que-iluminam-seu-rosto-em-dias-nublados\/","og_site_name":"Estado de Minas - Em foco","article_published_time":"2026-05-01T22:15:00+00:00","article_modified_time":"2026-04-30T20:56:02+00:00","og_image":[{"width":1280,"height":720,"url":"https:\/\/www.em.com.br\/emfoco\/wp-content\/uploads\/2026\/05\/EmFoco_50.jpg","type":"image\/jpeg"}],"author":"Daniely Cardoso","twitter_card":"summary_large_image","twitter_misc":{"Escrito por":"Daniely Cardoso","Est. tempo de leitura":"6 minutos"},"schema":{"@context":"https:\/\/schema.org","@graph":[{"@type":"WebPage","@id":"https:\/\/www.em.com.br\/emfoco\/2026\/05\/01\/adeus-aos-looks-apagados-e-tristes-o-poder-dos-acessorios-dourados-que-iluminam-seu-rosto-em-dias-nublados\/","url":"https:\/\/www.em.com.br\/emfoco\/2026\/05\/01\/adeus-aos-looks-apagados-e-tristes-o-poder-dos-acessorios-dourados-que-iluminam-seu-rosto-em-dias-nublados\/","name":"Adeus aos looks apagados e tristes, o poder dos acess\u00f3rios dourados que iluminam seu rosto em dias nublados - Estado de Minas - Em foco","isPartOf":{"@id":"https:\/\/www.em.com.br\/emfoco\/#website"},"primaryImageOfPage":{"@id":"https:\/\/www.em.com.br\/emfoco\/2026\/05\/01\/adeus-aos-looks-apagados-e-tristes-o-poder-dos-acessorios-dourados-que-iluminam-seu-rosto-em-dias-nublados\/#primaryimage"},"image":{"@id":"https:\/\/www.em.com.br\/emfoco\/2026\/05\/01\/adeus-aos-looks-apagados-e-tristes-o-poder-dos-acessorios-dourados-que-iluminam-seu-rosto-em-dias-nublados\/#primaryimage"},"thumbnailUrl":"https:\/\/www.em.com.br\/emfoco\/wp-content\/uploads\/2026\/05\/EmFoco_50.jpg","datePublished":"2026-05-01T22:15:00+00:00","dateModified":"2026-04-30T20:56:02+00:00","author":{"@id":"https:\/\/www.em.com.br\/emfoco\/#\/schema\/person\/0a8186d72f2c3a5c6276d90b41f271a0"},"description":"Os acess\u00f3rios dourados mudam a forma como voc\u00ea se veste nesta temporada. Veja como valorizar seu estilo com escolhas inteligentes.","breadcrumb":{"@id":"https:\/\/www.em.com.br\/emfoco\/2026\/05\/01\/adeus-aos-looks-apagados-e-tristes-o-poder-dos-acessorios-dourados-que-iluminam-seu-rosto-em-dias-nublados\/#breadcrumb"},"inLanguage":"pt-BR","potentialAction":[{"@type":"ReadAction","target":["https:\/\/www.em.com.br\/emfoco\/2026\/05\/01\/adeus-aos-looks-apagados-e-tristes-o-poder-dos-acessorios-dourados-que-iluminam-seu-rosto-em-dias-nublados\/"]}]},{"@type":"ImageObject","inLanguage":"pt-BR","@id":"https:\/\/www.em.com.br\/emfoco\/2026\/05\/01\/adeus-aos-looks-apagados-e-tristes-o-poder-dos-acessorios-dourados-que-iluminam-seu-rosto-em-dias-nublados\/#primaryimage","url":"https:\/\/www.em.com.br\/emfoco\/wp-content\/uploads\/2026\/05\/EmFoco_50.jpg","contentUrl":"https:\/\/www.em.com.br\/emfoco\/wp-content\/uploads\/2026\/05\/EmFoco_50.jpg","width":1280,"height":720,"caption":"Acess\u00f3rios met\u00e1licos iluminam visual invernal proporcionando calor visual e sofistica\u00e7\u00e3o marcante"},{"@type":"BreadcrumbList","@id":"https:\/\/www.em.com.br\/emfoco\/2026\/05\/01\/adeus-aos-looks-apagados-e-tristes-o-poder-dos-acessorios-dourados-que-iluminam-seu-rosto-em-dias-nublados\/#breadcrumb","itemListElement":[{"@type":"ListItem","position":1,"name":"In\u00edcio","item":"https:\/\/www.em.com.br\/emfoco\/"},{"@type":"ListItem","position":2,"name":"Adeus aos looks apagados e tristes, o poder dos acess\u00f3rios dourados que iluminam seu rosto em dias nublados"}]},{"@type":"WebSite","@id":"https:\/\/www.em.com.br\/emfoco\/#website","url":"https:\/\/www.em.com.br\/emfoco\/","name":"Estado de Minas - Em foco","description":"Acompanhe as \u00faltimas not\u00edcias e fique bem informado sobre tudo o que acontece em Minas Gerais, Brasil e no mundo.","potentialAction":[{"@type":"SearchAction","target":{"@type":"EntryPoint","urlTemplate":"https:\/\/www.em.com.br\/emfoco\/?s={search_term_string}"},"query-input":{"@type":"PropertyValueSpecification","valueRequired":true,"valueName":"search_term_string"}}],"inLanguage":"pt-BR"},{"@type":"Person","@id":"https:\/\/www.em.com.br\/emfoco\/#\/schema\/person\/0a8186d72f2c3a5c6276d90b41f271a0","name":"Daniely Cardoso","image":{"@type":"ImageObject","inLanguage":"pt-BR","@id":"https:\/\/www.em.com.br\/emfoco\/#\/schema\/person\/image\/","url":"https:\/\/secure.gravatar.com\/avatar\/4b80ddbd124d1f071b626d52d62e5dff?s=96&d=mm&r=g","contentUrl":"https:\/\/secure.gravatar.com\/avatar\/4b80ddbd124d1f071b626d52d62e5dff?s=96&d=mm&r=g","caption":"Daniely Cardoso"},"url":"https:\/\/www.em.com.br\/emfoco\/author\/danielymyth\/"}]}},"_links":{"self":[{"href":"https:\/\/www.em.com.br\/emfoco\/wp-json\/wp\/v2\/posts\/202183","targetHints":{"allow":["GET"]}}],"collection":[{"href":"https:\/\/www.em.com.br\/emfoco\/wp-json\/wp\/v2\/posts"}],"about":[{"href":"https:\/\/www.em.com.br\/emfoco\/wp-json\/wp\/v2\/types\/post"}],"author":[{"embeddable":true,"href":"https:\/\/www.em.com.br\/emfoco\/wp-json\/wp\/v2\/users\/9"}],"replies":[{"embeddable":true,"href":"https:\/\/www.em.com.br\/emfoco\/wp-json\/wp\/v2\/comments?post=202183"}],"version-history":[{"count":1,"href":"https:\/\/www.em.com.br\/emfoco\/wp-json\/wp\/v2\/posts\/202183\/revisions"}],"predecessor-version":[{"id":202191,"href":"https:\/\/www.em.com.br\/emfoco\/wp-json\/wp\/v2\/posts\/202183\/revisions\/202191"}],"wp:featuredmedia":[{"embeddable":true,"href":"https:\/\/www.em.com.br\/emfoco\/wp-json\/wp\/v2\/media\/202233"}],"wp:attachment":[{"href":"https:\/\/www.em.com.br\/emfoco\/wp-json\/wp\/v2\/media?parent=202183"}],"wp:term":[{"taxonomy":"category","embeddable":true,"href":"https:\/\/www.em.com.br\/emfoco\/wp-json\/wp\/v2\/categories?post=202183"},{"taxonomy":"post_tag","embeddable":true,"href":"https:\/\/www.em.com.br\/emfoco\/wp-json\/wp\/v2\/tags?post=202183"}],"curies":[{"name":"wp","href":"https:\/\/api.w.org\/{rel}","templated":true}]}}