{"id":202178,"date":"2026-05-01T14:05:00","date_gmt":"2026-05-01T17:05:00","guid":{"rendered":"https:\/\/www.em.com.br\/emfoco\/?p=202178"},"modified":"2026-05-01T01:45:15","modified_gmt":"2026-05-01T04:45:15","slug":"uma-decisao-federal-suspendera-as-carteiras-de-habilitacao-de-todos-os-que-nao-puderem-comprovar-sua-cidadania-legal","status":"publish","type":"post","link":"https:\/\/www.em.com.br\/emfoco\/2026\/05\/01\/uma-decisao-federal-suspendera-as-carteiras-de-habilitacao-de-todos-os-que-nao-puderem-comprovar-sua-cidadania-legal\/","title":{"rendered":"Uma decis\u00e3o federal suspender\u00e1 as carteiras de habilita\u00e7\u00e3o de todos os que n\u00e3o puderem comprovar sua cidadania legal"},"content":{"rendered":"\n<p>A partir de mar\u00e7o de <strong>2026<\/strong>, novas regras federais restringem a emiss\u00e3o de <strong>carteiras de habilita\u00e7\u00e3o<\/strong> comerciais para n\u00e3o cidad\u00e3os nos <strong>Estados Unidos<\/strong>. A medida foca em imigrantes sem vistos espec\u00edficos, alterando drasticamente o setor de transportes americano.<\/p>\n\n\n\n<h2 class=\"wp-block-heading\">Quais s\u00e3o as novas exig\u00eancias para motoristas estrangeiros?<\/h2>\n\n\n\n<p>A nova norma da <strong>FMCSA<\/strong> estabelece que apenas portadores de vistos de trabalho espec\u00edficos, como o <strong>H-2A<\/strong> e <strong>H-2B<\/strong>, podem obter o documento comercial. Na pr\u00e1tica, isso elimina a validade de autoriza\u00e7\u00f5es de trabalho gen\u00e9ricas para fins de licenciamento de carga pesada.<\/p>\n\n\n\n<p>O sistema federal <strong>SAVE<\/strong> passar\u00e1 a ser consultado obrigatoriamente pelas ag\u00eancias estaduais antes de qualquer renova\u00e7\u00e3o. Estima-se que <strong>97%<\/strong> dos atuais detentores de <strong>CDLs<\/strong> de n\u00e3o domiciliados percam o direito de dirigir profissionalmente nos pr\u00f3ximos meses.<\/p>\n\n\n\n<h2 class=\"wp-block-heading\">Como os estados americanos est\u00e3o reagindo \u00e0 norma?<\/h2>\n\n\n\n<p>A aplica\u00e7\u00e3o das regras varia conforme a jurisdi\u00e7\u00e3o local, mas estados como o <strong>Oregon<\/strong> j\u00e1 interromperam a emiss\u00e3o do documento para evitar san\u00e7\u00f5es. O governo federal amea\u00e7a cortar at\u00e9 <strong>US$ 47 milh\u00f5es<\/strong> anuais em verbas rodovi\u00e1rias dos estados que n\u00e3o colaborarem.<\/p>\n\n\n\n<p>Enquanto a <strong>Indiana<\/strong> optou pelo cancelamento imediato de licen\u00e7as ativas, a <strong>Calif\u00f3rnia<\/strong> enfrenta processos judiciais para tentar manter o direito de <strong>20.000<\/strong> motoristas. O desfecho dessas batalhas nos tribunais da Calif\u00f3rnia definir\u00e1 o futuro da categoria no pa\u00eds.<\/p>\n\n\n<div class=\"wp-block-image\">\n<figure class=\"aligncenter size-large\"><img loading=\"lazy\" decoding=\"async\" width=\"1024\" height=\"576\" src=\"https:\/\/www.em.com.br\/emfoco\/wp-content\/uploads\/2026\/05\/carteira-de-transito-1-1024x576.jpg\" alt=\"\" class=\"wp-image-202503\" srcset=\"https:\/\/www.em.com.br\/emfoco\/wp-content\/uploads\/2026\/05\/carteira-de-transito-1-1024x576.jpg 1024w, https:\/\/www.em.com.br\/emfoco\/wp-content\/uploads\/2026\/05\/carteira-de-transito-1-300x169.jpg 300w, https:\/\/www.em.com.br\/emfoco\/wp-content\/uploads\/2026\/05\/carteira-de-transito-1-768x432.jpg 768w, https:\/\/www.em.com.br\/emfoco\/wp-content\/uploads\/2026\/05\/carteira-de-transito-1-750x422.jpg 750w, https:\/\/www.em.com.br\/emfoco\/wp-content\/uploads\/2026\/05\/carteira-de-transito-1-1140x641.jpg 1140w, https:\/\/www.em.com.br\/emfoco\/wp-content\/uploads\/2026\/05\/carteira-de-transito-1.jpg 1280w\" sizes=\"auto, (max-width: 1024px) 100vw, 1024px\" \/><figcaption class=\"wp-element-caption\">Novas regras federais preveem bloqueio da CNH por falta de comprova\u00e7\u00e3o de status legal<\/figcaption><\/figure><\/div>\n\n\n<h2 class=\"wp-block-heading\">O que \u00e9 a Dalilah&#8217;s Law em tramita\u00e7\u00e3o no Congresso?<\/h2>\n\n\n\n<p>O deputado <strong>David Rouzer<\/strong> lidera o projeto de lei que visa transformar essas restri\u00e7\u00f5es administrativas em normas criminais e civis r\u00edgidas. A proposta busca punir severamente imigrantes em situa\u00e7\u00e3o irregular que operem ve\u00edculos comerciais sem a devida comprova\u00e7\u00e3o de status legal.<\/p>\n\n\n\n<p>A legisla\u00e7\u00e3o recebeu o nome de <strong>Dalilah Coleman<\/strong>, v\u00edtima de um acidente envolvendo um condutor sem documenta\u00e7\u00e3o adequada. O texto prev\u00ea responsabilidades fiscais para estados que facilitarem o acesso \u00e0s <strong>carteiras de habilita\u00e7\u00e3o<\/strong> comerciais fora dos crit\u00e9rios de cidadania exigidos.<\/p>\n\n\n\n<p>Leia tamb\u00e9m: <a href=\"https:\/\/www.em.com.br\/emfoco\/2026\/04\/30\/adeus-a-lei-da-habitacao-regra-permite-que-inquilinos-fiquem-no-imovel-por-tempo-indeterminado\/\" target=\"_blank\" rel=\"noreferrer noopener\">Adeus \u00e0 lei da habita\u00e7\u00e3o, regra permite que inquilinos fiquem no im\u00f3vel por tempo indeterminado<\/a><\/p>\n\n\n\n<h2 class=\"wp-block-heading\">Como o motorista brasileiro \u00e9 impactado por essa decis\u00e3o?<\/h2>\n\n\n\n<p>A comunidade brasileira em estados como <strong>Massachusetts<\/strong> e <strong>Fl\u00f3rida<\/strong> sentir\u00e1 os efeitos diretos, j\u00e1 que muitos trabalham no setor de fretes. A suspens\u00e3o de novos vistos <strong>H-2B<\/strong> para motoristas, anunciada pelo secret\u00e1rio <strong>Marco Rubio<\/strong>, complica ainda mais a situa\u00e7\u00e3o.<\/p>\n\n\n\n<p>Abaixo, detalhamos como ficam as permiss\u00f5es de trabalho para diferentes perfis migrat\u00f3rios:<\/p>\n\n\n\n<ul class=\"wp-block-list\">\n<li><strong>Residentes Permanentes:<\/strong> Portadores de <strong>Green Card<\/strong> mant\u00eam todos os direitos de renova\u00e7\u00e3o.<\/li>\n\n\n\n<li><strong>Trabalhadores Tempor\u00e1rios:<\/strong> Apenas com vistos <strong>H-2A<\/strong>, <strong>H-2B<\/strong> ou <strong>E-2<\/strong> ativos e comprovados.<\/li>\n\n\n\n<li><strong>Solicitantes de Asilo:<\/strong> N\u00e3o podem mais utilizar o <strong>EAD<\/strong> para emitir ou renovar a <strong>CDL<\/strong>.<\/li>\n\n\n\n<li><strong>Status de Prote\u00e7\u00e3o (TPS):<\/strong> Perdem o acesso ao licenciamento comercial a partir de <strong>2026<\/strong>.<\/li>\n<\/ul>\n\n\n\n<h2 class=\"wp-block-heading\">Existem exce\u00e7\u00f5es para quem j\u00e1 possui o documento?<\/h2>\n\n\n\n<p>Quem j\u00e1 possui <strong>carteiras de habilita\u00e7\u00e3o<\/strong> comerciais v\u00e1lidas pode continuar dirigindo at\u00e9 a data de expira\u00e7\u00e3o, desde que o estado n\u00e3o antecipe o cancelamento. Contudo, no momento da renova\u00e7\u00e3o, a exig\u00eancia do status legal migrat\u00f3rio ser\u00e1 aplicada sem exce\u00e7\u00f5es pela <a href=\"https:\/\/www.fmcsa.dot.gov\/registration\/commercial-drivers-license\/non-domiciled-commercial-drivers-license\" target=\"_blank\" rel=\"noreferrer noopener\">FMCSA<\/a>.<\/p>\n\n\n\n<h2 class=\"wp-block-heading\">Quais s\u00e3o as consequ\u00eancias para o mercado de log\u00edstica?<\/h2>\n\n\n\n<p>Especialistas alertam para uma poss\u00edvel crise de abastecimento, j\u00e1 que milhares de caminhoneiros estrangeiros ser\u00e3o retirados das estradas simultaneamente em <strong>2026<\/strong>. A escassez de m\u00e3o de obra qualificada pode elevar os custos de frete e impactar o pre\u00e7o final de produtos.<\/p>\n\n\n\n<p>As mudan\u00e7as nas <strong>carteiras de habilita\u00e7\u00e3o<\/strong> refletem uma pol\u00edtica de imigra\u00e7\u00e3o mais restritiva que prioriza a seguran\u00e7a jur\u00eddica e nacional acima da demanda comercial imediata. Acompanhar os prazos de vencimento e as atualiza\u00e7\u00f5es do Congresso ser\u00e1 vital para evitar multas ou deporta\u00e7\u00f5es em massa.<\/p>\n","protected":false},"excerpt":{"rendered":"<p>A partir de mar\u00e7o de 2026, novas regras federais restringem a emiss\u00e3o de carteiras de habilita\u00e7\u00e3o comerciais para n\u00e3o cidad\u00e3os nos Estados Unidos. A medida foca em imigrantes sem vistos espec\u00edficos, alterando drasticamente o setor de transportes americano. Quais s\u00e3o as novas exig\u00eancias para motoristas estrangeiros? A nova norma da FMCSA estabelece que apenas portadores [&hellip;]<\/p>\n","protected":false},"author":30,"featured_media":202309,"comment_status":"open","ping_status":"open","sticky":false,"template":"","format":"standard","meta":{"jnews-multi-image_gallery":[],"jnews_single_post":{"format":"standard"},"jnews_primary_category":[],"jnews_social_meta":[],"jnews_override_counter":[],"footnotes":""},"categories":[28],"tags":[29072,9442,3686,765],"class_list":["post-202178","post","type-post","status-publish","format-standard","has-post-thumbnail","hentry","category-economia","tag-jurisprudencia","tag-multa","tag-radar","tag-transito"],"yoast_head":"<!-- This site is optimized with the Yoast SEO plugin v23.8 - https:\/\/yoast.com\/wordpress\/plugins\/seo\/ -->\n<title>Uma decis\u00e3o federal suspender\u00e1 as carteiras de habilita\u00e7\u00e3o de todos os que n\u00e3o puderem comprovar sua cidadania legal - Estado de Minas - Em foco<\/title>\n<meta name=\"description\" content=\"Entenda como esta nova regra federal pode suspender carteiras de habilita\u00e7\u00e3o e afetar milhares de motoristas neste pa\u00eds.\" \/>\n<meta name=\"robots\" content=\"index, follow, max-snippet:-1, max-image-preview:large, max-video-preview:-1\" \/>\n<link rel=\"canonical\" href=\"https:\/\/www.em.com.br\/emfoco\/2026\/05\/01\/uma-decisao-federal-suspendera-as-carteiras-de-habilitacao-de-todos-os-que-nao-puderem-comprovar-sua-cidadania-legal\/\" \/>\n<meta property=\"og:locale\" content=\"pt_BR\" \/>\n<meta property=\"og:type\" content=\"article\" \/>\n<meta property=\"og:title\" content=\"Uma decis\u00e3o federal suspender\u00e1 as carteiras de habilita\u00e7\u00e3o de todos os que n\u00e3o puderem comprovar sua cidadania legal - Estado de Minas - Em foco\" \/>\n<meta property=\"og:description\" content=\"Entenda como esta nova regra federal pode suspender carteiras de habilita\u00e7\u00e3o e afetar milhares de motoristas neste pa\u00eds.\" \/>\n<meta property=\"og:url\" content=\"https:\/\/www.em.com.br\/emfoco\/2026\/05\/01\/uma-decisao-federal-suspendera-as-carteiras-de-habilitacao-de-todos-os-que-nao-puderem-comprovar-sua-cidadania-legal\/\" \/>\n<meta property=\"og:site_name\" content=\"Estado de Minas - Em foco\" \/>\n<meta property=\"article:published_time\" content=\"2026-05-01T17:05:00+00:00\" \/>\n<meta property=\"article:modified_time\" content=\"2026-05-01T04:45:15+00:00\" \/>\n<meta property=\"og:image\" content=\"https:\/\/www.em.com.br\/emfoco\/wp-content\/uploads\/2026\/05\/EmFoco_63.jpg\" \/>\n\t<meta property=\"og:image:width\" content=\"1280\" \/>\n\t<meta property=\"og:image:height\" content=\"720\" \/>\n\t<meta property=\"og:image:type\" content=\"image\/jpeg\" \/>\n<meta name=\"author\" content=\"Guilherme Ara\u00fajo\" \/>\n<meta name=\"twitter:card\" content=\"summary_large_image\" \/>\n<meta name=\"twitter:label1\" content=\"Escrito por\" \/>\n\t<meta name=\"twitter:data1\" content=\"Guilherme Ara\u00fajo\" \/>\n\t<meta name=\"twitter:label2\" content=\"Est. tempo de leitura\" \/>\n\t<meta name=\"twitter:data2\" content=\"4 minutos\" \/>\n<!-- \/ Yoast SEO plugin. -->","yoast_head_json":{"title":"Uma decis\u00e3o federal suspender\u00e1 as carteiras de habilita\u00e7\u00e3o de todos os que n\u00e3o puderem comprovar sua cidadania legal - Estado de Minas - Em foco","description":"Entenda como esta nova regra federal pode suspender carteiras de habilita\u00e7\u00e3o e afetar milhares de motoristas neste pa\u00eds.","robots":{"index":"index","follow":"follow","max-snippet":"max-snippet:-1","max-image-preview":"max-image-preview:large","max-video-preview":"max-video-preview:-1"},"canonical":"https:\/\/www.em.com.br\/emfoco\/2026\/05\/01\/uma-decisao-federal-suspendera-as-carteiras-de-habilitacao-de-todos-os-que-nao-puderem-comprovar-sua-cidadania-legal\/","og_locale":"pt_BR","og_type":"article","og_title":"Uma decis\u00e3o federal suspender\u00e1 as carteiras de habilita\u00e7\u00e3o de todos os que n\u00e3o puderem comprovar sua cidadania legal - Estado de Minas - Em foco","og_description":"Entenda como esta nova regra federal pode suspender carteiras de habilita\u00e7\u00e3o e afetar milhares de motoristas neste pa\u00eds.","og_url":"https:\/\/www.em.com.br\/emfoco\/2026\/05\/01\/uma-decisao-federal-suspendera-as-carteiras-de-habilitacao-de-todos-os-que-nao-puderem-comprovar-sua-cidadania-legal\/","og_site_name":"Estado de Minas - Em foco","article_published_time":"2026-05-01T17:05:00+00:00","article_modified_time":"2026-05-01T04:45:15+00:00","og_image":[{"width":1280,"height":720,"url":"https:\/\/www.em.com.br\/emfoco\/wp-content\/uploads\/2026\/05\/EmFoco_63.jpg","type":"image\/jpeg"}],"author":"Guilherme Ara\u00fajo","twitter_card":"summary_large_image","twitter_misc":{"Escrito por":"Guilherme Ara\u00fajo","Est. tempo de leitura":"4 minutos"},"schema":{"@context":"https:\/\/schema.org","@graph":[{"@type":"WebPage","@id":"https:\/\/www.em.com.br\/emfoco\/2026\/05\/01\/uma-decisao-federal-suspendera-as-carteiras-de-habilitacao-de-todos-os-que-nao-puderem-comprovar-sua-cidadania-legal\/","url":"https:\/\/www.em.com.br\/emfoco\/2026\/05\/01\/uma-decisao-federal-suspendera-as-carteiras-de-habilitacao-de-todos-os-que-nao-puderem-comprovar-sua-cidadania-legal\/","name":"Uma decis\u00e3o federal suspender\u00e1 as carteiras de habilita\u00e7\u00e3o de todos os que n\u00e3o puderem comprovar sua cidadania legal - Estado de Minas - Em foco","isPartOf":{"@id":"https:\/\/www.em.com.br\/emfoco\/#website"},"primaryImageOfPage":{"@id":"https:\/\/www.em.com.br\/emfoco\/2026\/05\/01\/uma-decisao-federal-suspendera-as-carteiras-de-habilitacao-de-todos-os-que-nao-puderem-comprovar-sua-cidadania-legal\/#primaryimage"},"image":{"@id":"https:\/\/www.em.com.br\/emfoco\/2026\/05\/01\/uma-decisao-federal-suspendera-as-carteiras-de-habilitacao-de-todos-os-que-nao-puderem-comprovar-sua-cidadania-legal\/#primaryimage"},"thumbnailUrl":"https:\/\/www.em.com.br\/emfoco\/wp-content\/uploads\/2026\/05\/EmFoco_63.jpg","datePublished":"2026-05-01T17:05:00+00:00","dateModified":"2026-05-01T04:45:15+00:00","author":{"@id":"https:\/\/www.em.com.br\/emfoco\/#\/schema\/person\/5379e929a4b966c775d121e23f9bb421"},"description":"Entenda como esta nova regra federal pode suspender carteiras de habilita\u00e7\u00e3o e afetar milhares de motoristas neste pa\u00eds.","breadcrumb":{"@id":"https:\/\/www.em.com.br\/emfoco\/2026\/05\/01\/uma-decisao-federal-suspendera-as-carteiras-de-habilitacao-de-todos-os-que-nao-puderem-comprovar-sua-cidadania-legal\/#breadcrumb"},"inLanguage":"pt-BR","potentialAction":[{"@type":"ReadAction","target":["https:\/\/www.em.com.br\/emfoco\/2026\/05\/01\/uma-decisao-federal-suspendera-as-carteiras-de-habilitacao-de-todos-os-que-nao-puderem-comprovar-sua-cidadania-legal\/"]}]},{"@type":"ImageObject","inLanguage":"pt-BR","@id":"https:\/\/www.em.com.br\/emfoco\/2026\/05\/01\/uma-decisao-federal-suspendera-as-carteiras-de-habilitacao-de-todos-os-que-nao-puderem-comprovar-sua-cidadania-legal\/#primaryimage","url":"https:\/\/www.em.com.br\/emfoco\/wp-content\/uploads\/2026\/05\/EmFoco_63.jpg","contentUrl":"https:\/\/www.em.com.br\/emfoco\/wp-content\/uploads\/2026\/05\/EmFoco_63.jpg","width":1280,"height":720,"caption":"Restri\u00e7\u00f5es federais americanas limitam emiss\u00e3o de habilita\u00e7\u00e3o comercial para estrangeiros sem vistos espec\u00edficos"},{"@type":"BreadcrumbList","@id":"https:\/\/www.em.com.br\/emfoco\/2026\/05\/01\/uma-decisao-federal-suspendera-as-carteiras-de-habilitacao-de-todos-os-que-nao-puderem-comprovar-sua-cidadania-legal\/#breadcrumb","itemListElement":[{"@type":"ListItem","position":1,"name":"In\u00edcio","item":"https:\/\/www.em.com.br\/emfoco\/"},{"@type":"ListItem","position":2,"name":"Uma decis\u00e3o federal suspender\u00e1 as carteiras de habilita\u00e7\u00e3o de todos os que n\u00e3o puderem comprovar sua cidadania legal"}]},{"@type":"WebSite","@id":"https:\/\/www.em.com.br\/emfoco\/#website","url":"https:\/\/www.em.com.br\/emfoco\/","name":"Estado de Minas - Em foco","description":"Acompanhe as \u00faltimas not\u00edcias e fique bem informado sobre tudo o que acontece em Minas Gerais, Brasil e no mundo.","potentialAction":[{"@type":"SearchAction","target":{"@type":"EntryPoint","urlTemplate":"https:\/\/www.em.com.br\/emfoco\/?s={search_term_string}"},"query-input":{"@type":"PropertyValueSpecification","valueRequired":true,"valueName":"search_term_string"}}],"inLanguage":"pt-BR"},{"@type":"Person","@id":"https:\/\/www.em.com.br\/emfoco\/#\/schema\/person\/5379e929a4b966c775d121e23f9bb421","name":"Guilherme Ara\u00fajo","image":{"@type":"ImageObject","inLanguage":"pt-BR","@id":"https:\/\/www.em.com.br\/emfoco\/#\/schema\/person\/image\/","url":"https:\/\/secure.gravatar.com\/avatar\/b8bf1fd0130e170bd8f5d7298dbafa25?s=96&d=mm&r=g","contentUrl":"https:\/\/secure.gravatar.com\/avatar\/b8bf1fd0130e170bd8f5d7298dbafa25?s=96&d=mm&r=g","caption":"Guilherme Ara\u00fajo"},"sameAs":["https:\/\/www.em.com.br\/emfoco"],"url":"https:\/\/www.em.com.br\/emfoco\/author\/guilhermeamyth\/"}]}},"_links":{"self":[{"href":"https:\/\/www.em.com.br\/emfoco\/wp-json\/wp\/v2\/posts\/202178","targetHints":{"allow":["GET"]}}],"collection":[{"href":"https:\/\/www.em.com.br\/emfoco\/wp-json\/wp\/v2\/posts"}],"about":[{"href":"https:\/\/www.em.com.br\/emfoco\/wp-json\/wp\/v2\/types\/post"}],"author":[{"embeddable":true,"href":"https:\/\/www.em.com.br\/emfoco\/wp-json\/wp\/v2\/users\/30"}],"replies":[{"embeddable":true,"href":"https:\/\/www.em.com.br\/emfoco\/wp-json\/wp\/v2\/comments?post=202178"}],"version-history":[{"count":3,"href":"https:\/\/www.em.com.br\/emfoco\/wp-json\/wp\/v2\/posts\/202178\/revisions"}],"predecessor-version":[{"id":202506,"href":"https:\/\/www.em.com.br\/emfoco\/wp-json\/wp\/v2\/posts\/202178\/revisions\/202506"}],"wp:featuredmedia":[{"embeddable":true,"href":"https:\/\/www.em.com.br\/emfoco\/wp-json\/wp\/v2\/media\/202309"}],"wp:attachment":[{"href":"https:\/\/www.em.com.br\/emfoco\/wp-json\/wp\/v2\/media?parent=202178"}],"wp:term":[{"taxonomy":"category","embeddable":true,"href":"https:\/\/www.em.com.br\/emfoco\/wp-json\/wp\/v2\/categories?post=202178"},{"taxonomy":"post_tag","embeddable":true,"href":"https:\/\/www.em.com.br\/emfoco\/wp-json\/wp\/v2\/tags?post=202178"}],"curies":[{"name":"wp","href":"https:\/\/api.w.org\/{rel}","templated":true}]}}