{"id":202177,"date":"2026-05-01T11:55:00","date_gmt":"2026-05-01T14:55:00","guid":{"rendered":"https:\/\/www.em.com.br\/emfoco\/?p=202177"},"modified":"2026-05-01T01:45:02","modified_gmt":"2026-05-01T04:45:02","slug":"um-motorista-foi-flagrado-multado-por-excesso-de-velocidade-porem-o-juiz-anulou-a-multa-apos-consultar-o-google-street-view","status":"publish","type":"post","link":"https:\/\/www.em.com.br\/emfoco\/2026\/05\/01\/um-motorista-foi-flagrado-multado-por-excesso-de-velocidade-porem-o-juiz-anulou-a-multa-apos-consultar-o-google-street-view\/","title":{"rendered":"Um motorista foi flagrado multado por excesso de velocidade, por\u00e9m o juiz anulou a multa ap\u00f3s consultar o Google Street View"},"content":{"rendered":"\n<p>Um motorista multado por <strong>excesso de velocidade<\/strong> na cidade de <strong>Amersfoort<\/strong>, nos <strong>Pa\u00edses Baixos<\/strong>, conseguiu a anula\u00e7\u00e3o da penalidade de forma inusitada. O magistrado respons\u00e1vel pelo caso utilizou ferramentas digitais para comprovar que a sinaliza\u00e7\u00e3o da via era deficiente no momento da infra\u00e7\u00e3o.<\/p>\n\n\n\n<h2 class=\"wp-block-heading\">Como o Google Street View ajudou a anular a multa?<\/h2>\n\n\n\n<p>A decis\u00e3o partiu da <strong>Rechtbank Midden-Nederland<\/strong>, o tribunal de primeira inst\u00e2ncia localizado em <strong>Utrecht<\/strong>. O condutor havia sido flagrado a <strong>62 km\/h<\/strong> em um trecho onde o limite permitido era de <strong>50 km\/h<\/strong>, resultando em uma autua\u00e7\u00e3o de <strong>132 euros<\/strong>.<\/p>\n\n\n\n<p>Durante a audi\u00eancia, a defesa alegou que n\u00e3o existiam placas vis\u00edveis indicando o in\u00edcio da zona urbana na avenida <strong>Barchman Wuytierslaan<\/strong>. Sem um laudo de vistoria oficial da prefeitura, o juiz acessou o hist\u00f3rico de imagens do <strong>Google Street View<\/strong> para comparar a sinaliza\u00e7\u00e3o em diferentes per\u00edodos e confirmar a d\u00favida.<\/p>\n\n\n\n<h2 class=\"wp-block-heading\">Qual foi a falha encontrada na sinaliza\u00e7\u00e3o da via?<\/h2>\n\n\n\n<p>Ao analisar as capturas de tela, o juiz percebeu mudan\u00e7as significativas na estrutura dos postes entre abril de <strong>2023<\/strong> e julho de <strong>2024<\/strong>. Essa varia\u00e7\u00e3o visual sugeriu que a placa de sinaliza\u00e7\u00e3o poderia estar ausente ou em manuten\u00e7\u00e3o em maio de <strong>2024<\/strong>, m\u00eas em que ocorreu o <strong>excesso de velocidade<\/strong>.<\/p>\n\n\n\n<p>A aus\u00eancia de provas documentais por parte do Estado foi determinante para o desfecho favor\u00e1vel ao cidad\u00e3o. Confira os elementos que pesaram na decis\u00e3o:<\/p>\n\n\n\n<ul class=\"wp-block-list\">\n<li><strong>Hist\u00f3rico visual<\/strong>: As fotos de sat\u00e9lite e de rua mostraram modifica\u00e7\u00f5es estruturais na via.<\/li>\n\n\n\n<li><strong>\u00d4nus da prova<\/strong>: O tribunal entendeu que cabe ao governo provar que a placa estava l\u00e1.<\/li>\n<\/ul>\n\n\n\n<p>Leia tamb\u00e9m: <a href=\"https:\/\/www.em.com.br\/emfoco\/2026\/04\/30\/entrou-em-vigor-a-lei-que-proibe-deixar-caes-sem-supervisao-por-mais-de-24-horas\/\" target=\"_blank\" rel=\"noreferrer noopener\">Entrou em vigor a lei que pro\u00edbe deixar c\u00e3es sem supervis\u00e3o por mais de 24 horas<\/a><\/p>\n\n\n<div class=\"wp-block-image\">\n<figure class=\"aligncenter size-large\"><img loading=\"lazy\" decoding=\"async\" width=\"1024\" height=\"576\" src=\"https:\/\/www.em.com.br\/emfoco\/wp-content\/uploads\/2026\/05\/google-tstreet-vierw-1-1024x576.jpg\" alt=\"Juiz utiliza imagens do Google Street View para anular multa de tr\u00e2nsito\" class=\"wp-image-202491\" srcset=\"https:\/\/www.em.com.br\/emfoco\/wp-content\/uploads\/2026\/05\/google-tstreet-vierw-1-1024x576.jpg 1024w, https:\/\/www.em.com.br\/emfoco\/wp-content\/uploads\/2026\/05\/google-tstreet-vierw-1-300x169.jpg 300w, https:\/\/www.em.com.br\/emfoco\/wp-content\/uploads\/2026\/05\/google-tstreet-vierw-1-768x432.jpg 768w, https:\/\/www.em.com.br\/emfoco\/wp-content\/uploads\/2026\/05\/google-tstreet-vierw-1-750x422.jpg 750w, https:\/\/www.em.com.br\/emfoco\/wp-content\/uploads\/2026\/05\/google-tstreet-vierw-1-1140x641.jpg 1140w, https:\/\/www.em.com.br\/emfoco\/wp-content\/uploads\/2026\/05\/google-tstreet-vierw-1.jpg 1280w\" sizes=\"auto, (max-width: 1024px) 100vw, 1024px\" \/><figcaption class=\"wp-element-caption\">Juiz utiliza imagens do Google Street View para anular multa de tr\u00e2nsito<\/figcaption><\/figure><\/div>\n\n\n<h2 class=\"wp-block-heading\">O que diz a legisla\u00e7\u00e3o sobre a sinaliza\u00e7\u00e3o de tr\u00e2nsito?<\/h2>\n\n\n\n<p>Para que uma multa seja v\u00e1lida, a sinaliza\u00e7\u00e3o deve estar perfeitamente vis\u00edvel e instalada conforme as normas t\u00e9cnicas vigentes. Se o condutor n\u00e3o \u00e9 devidamente avisado sobre o limite da via, o car\u00e1ter punitivo da san\u00e7\u00e3o perde sua base jur\u00eddica fundamental.<\/p>\n\n\n\n<p>Os conceitos de direito de defesa e penalidades administrativas mostram que o poder p\u00fablico precisa de provas claras para punir; no caso holand\u00eas, a falta de evid\u00eancias levou \u00e0 absolvi\u00e7\u00e3o do motorista com base na seguran\u00e7a jur\u00eddica.<\/p>\n\n\n\n<h2 class=\"wp-block-heading\">Como funciona na pr\u00e1tica a diferen\u00e7a entre o caso holand\u00eas e o brasileiro?<\/h2>\n\n\n\n<p>A diferen\u00e7a pr\u00e1tica entre o caso ocorrido em Utrecht e o Brasil est\u00e1 no momento em que a prova precisa ser apresentada. No Brasil, o motorista \u00e9 quem deve comprovar a falha na sinaliza\u00e7\u00e3o, o que inverte a l\u00f3gica aplicada no caso europeu.<\/p>\n\n\n\n<p>Na pr\u00e1tica, o recurso precisa ser bem instru\u00eddo, com fotos do local, capturas do Google Street View com data vis\u00edvel, laudos t\u00e9cnicos ou registros de ouvidoria. Esse tipo de prova j\u00e1 vem sendo usado por especialistas em recursos na JARI e no CETRAN, exatamente para demonstrar irregularidades na data da autua\u00e7\u00e3o.<\/p>\n\n\n\n<h3 class=\"wp-block-heading\">Como \u00e9 o caminho do recurso no Brasil:<\/h3>\n\n\n<div class=\"wp-block-image\">\n<figure class=\"aligncenter size-large is-resized\"><img loading=\"lazy\" decoding=\"async\" width=\"1024\" height=\"659\" src=\"https:\/\/www.em.com.br\/emfoco\/wp-content\/uploads\/2026\/05\/image-7-1024x659.png\" alt=\"\" class=\"wp-image-202442\" style=\"width:724px;height:auto\" srcset=\"https:\/\/www.em.com.br\/emfoco\/wp-content\/uploads\/2026\/05\/image-7-1024x659.png 1024w, https:\/\/www.em.com.br\/emfoco\/wp-content\/uploads\/2026\/05\/image-7-300x193.png 300w, https:\/\/www.em.com.br\/emfoco\/wp-content\/uploads\/2026\/05\/image-7-768x494.png 768w, https:\/\/www.em.com.br\/emfoco\/wp-content\/uploads\/2026\/05\/image-7-750x483.png 750w, https:\/\/www.em.com.br\/emfoco\/wp-content\/uploads\/2026\/05\/image-7-1140x734.png 1140w, https:\/\/www.em.com.br\/emfoco\/wp-content\/uploads\/2026\/05\/image-7.png 1280w\" sizes=\"auto, (max-width: 1024px) 100vw, 1024px\" \/><\/figure><\/div>\n\n\n<h2 class=\"wp-block-heading\">Por que o Estado perdeu o processo em Utrecht?<\/h2>\n\n\n\n<p>A prefeitura de <strong>Amersfoort<\/strong> falhou ao n\u00e3o apresentar o chamado schouwrapport, um documento oficial que registra a condi\u00e7\u00e3o das placas. Sem esse registro, as imagens capturadas pela gigante de tecnologia serviram como prova testemunhal da inconsist\u00eancia na infraestrutura rodovi\u00e1ria local.<\/p>\n\n\n\n<p>O veredito final foi publicado no portal oficial de jurisprud\u00eancia <a href=\"https:\/\/www.rechtspraak.nl\" target=\"_blank\" rel=\"noreferrer noopener\">Rechtspraak<\/a>, que concentra as decis\u00f5es do poder judici\u00e1rio holand\u00eas. Al\u00e9m de ter a multa cancelada, o motorista recebeu um reembolso de <strong>358 euros<\/strong> referente \u00e0s custas processuais que teve para se defender.<\/p>\n\n\n\n<p>Leia tamb\u00e9m: <a href=\"https:\/\/www.em.com.br\/emfoco\/2026\/04\/30\/entrou-em-vigor-a-lei-que-proibe-deixar-caes-sem-supervisao-por-mais-de-24-horas\/\" target=\"_blank\" rel=\"noreferrer noopener\">Entrou em vigor a lei que pro\u00edbe deixar c\u00e3es sem supervis\u00e3o por mais de 24 horas<\/a><\/p>\n\n\n\n<h2 class=\"wp-block-heading\">Esse caso cria um precedente para outros motoristas?<\/h2>\n\n\n\n<p>O uso de tecnologia para contestar multas de <strong>excesso de velocidade<\/strong> ganha for\u00e7a, mas exige provas robustas. Embora o caso de <strong>Utrecht<\/strong> sirva de inspira\u00e7\u00e3o, o tribunal ressaltou que cada processo depende da capacidade do r\u00e9u em apontar falhas reais na fiscaliza\u00e7\u00e3o.<\/p>\n\n\n\n<p>Abaixo, preparamos uma compara\u00e7\u00e3o sobre como a prova documental influencia o resultado de recursos de tr\u00e2nsito:<\/p>\n\n\n<div class=\"wp-block-image\">\n<figure class=\"aligncenter size-large is-resized\"><img loading=\"lazy\" decoding=\"async\" width=\"1024\" height=\"674\" src=\"https:\/\/www.em.com.br\/emfoco\/wp-content\/uploads\/2026\/05\/image-5-1024x674.png\" alt=\"\" class=\"wp-image-202440\" style=\"width:738px;height:auto\" srcset=\"https:\/\/www.em.com.br\/emfoco\/wp-content\/uploads\/2026\/05\/image-5-1024x674.png 1024w, https:\/\/www.em.com.br\/emfoco\/wp-content\/uploads\/2026\/05\/image-5-300x197.png 300w, https:\/\/www.em.com.br\/emfoco\/wp-content\/uploads\/2026\/05\/image-5-768x505.png 768w, https:\/\/www.em.com.br\/emfoco\/wp-content\/uploads\/2026\/05\/image-5-750x493.png 750w, https:\/\/www.em.com.br\/emfoco\/wp-content\/uploads\/2026\/05\/image-5-1140x750.png 1140w, https:\/\/www.em.com.br\/emfoco\/wp-content\/uploads\/2026\/05\/image-5.png 1280w\" sizes=\"auto, (max-width: 1024px) 100vw, 1024px\" \/><\/figure><\/div>\n\n\n<p>A decis\u00e3o refor\u00e7a que a tecnologia \u00e9 uma via de m\u00e3o dupla no Direito moderno. Enquanto radares autom\u00e1ticos facilitam a fiscaliza\u00e7\u00e3o, ferramentas de mapeamento digital permitem que o cidad\u00e3o fiscalize a efici\u00eancia e a honestidade da administra\u00e7\u00e3o p\u00fablica em tempo real.<\/p>\n\n\n\n<p>O desfecho na <strong>Holanda<\/strong> destaca a necessidade de os munic\u00edpios manterem registros rigorosos de sua sinaliza\u00e7\u00e3o. Quando o Estado falha em documentar suas pr\u00f3prias regras, a justi\u00e7a tende a favorecer o indiv\u00edduo para evitar puni\u00e7\u00f5es injustas ou arbitr\u00e1rias.<\/p>\n","protected":false},"excerpt":{"rendered":"<p>Um motorista multado por excesso de velocidade na cidade de Amersfoort, nos Pa\u00edses Baixos, conseguiu a anula\u00e7\u00e3o da penalidade de forma inusitada. O magistrado respons\u00e1vel pelo caso utilizou ferramentas digitais para comprovar que a sinaliza\u00e7\u00e3o da via era deficiente no momento da infra\u00e7\u00e3o. Como o Google Street View ajudou a anular a multa? A decis\u00e3o [&hellip;]<\/p>\n","protected":false},"author":30,"featured_media":202311,"comment_status":"open","ping_status":"open","sticky":false,"template":"","format":"standard","meta":{"jnews-multi-image_gallery":[],"jnews_single_post":{"format":"standard"},"jnews_primary_category":[],"jnews_social_meta":[],"jnews_override_counter":[],"footnotes":""},"categories":[28],"tags":[29072,9442,3686,765],"class_list":["post-202177","post","type-post","status-publish","format-standard","has-post-thumbnail","hentry","category-economia","tag-jurisprudencia","tag-multa","tag-radar","tag-transito"],"yoast_head":"<!-- This site is optimized with the Yoast SEO plugin v23.8 - https:\/\/yoast.com\/wordpress\/plugins\/seo\/ -->\n<title>Um motorista foi flagrado multado por excesso de velocidade, por\u00e9m o juiz anulou a multa ap\u00f3s consultar o Google Street View - Estado de Minas - Em foco<\/title>\n<meta name=\"description\" content=\"Entenda por que esta multa por excesso de velocidade foi anulada e veja o que levou o juiz a derrubar a penalidade ap\u00f3s an\u00e1lise inesperada.\" \/>\n<meta name=\"robots\" content=\"index, follow, max-snippet:-1, max-image-preview:large, max-video-preview:-1\" \/>\n<link rel=\"canonical\" href=\"https:\/\/www.em.com.br\/emfoco\/2026\/05\/01\/um-motorista-foi-flagrado-multado-por-excesso-de-velocidade-porem-o-juiz-anulou-a-multa-apos-consultar-o-google-street-view\/\" \/>\n<meta property=\"og:locale\" content=\"pt_BR\" \/>\n<meta property=\"og:type\" content=\"article\" \/>\n<meta property=\"og:title\" content=\"Um motorista foi flagrado multado por excesso de velocidade, por\u00e9m o juiz anulou a multa ap\u00f3s consultar o Google Street View - Estado de Minas - Em foco\" \/>\n<meta property=\"og:description\" content=\"Entenda por que esta multa por excesso de velocidade foi anulada e veja o que levou o juiz a derrubar a penalidade ap\u00f3s an\u00e1lise inesperada.\" \/>\n<meta property=\"og:url\" content=\"https:\/\/www.em.com.br\/emfoco\/2026\/05\/01\/um-motorista-foi-flagrado-multado-por-excesso-de-velocidade-porem-o-juiz-anulou-a-multa-apos-consultar-o-google-street-view\/\" \/>\n<meta property=\"og:site_name\" content=\"Estado de Minas - Em foco\" \/>\n<meta property=\"article:published_time\" content=\"2026-05-01T14:55:00+00:00\" \/>\n<meta property=\"article:modified_time\" content=\"2026-05-01T04:45:02+00:00\" \/>\n<meta property=\"og:image\" content=\"https:\/\/www.em.com.br\/emfoco\/wp-content\/uploads\/2026\/05\/EmFoco_61.jpg\" \/>\n\t<meta property=\"og:image:width\" content=\"1280\" \/>\n\t<meta property=\"og:image:height\" content=\"720\" \/>\n\t<meta property=\"og:image:type\" content=\"image\/jpeg\" \/>\n<meta name=\"author\" content=\"Guilherme Ara\u00fajo\" \/>\n<meta name=\"twitter:card\" content=\"summary_large_image\" \/>\n<meta name=\"twitter:label1\" content=\"Escrito por\" \/>\n\t<meta name=\"twitter:data1\" content=\"Guilherme Ara\u00fajo\" \/>\n\t<meta name=\"twitter:label2\" content=\"Est. tempo de leitura\" \/>\n\t<meta name=\"twitter:data2\" content=\"5 minutos\" \/>\n<!-- \/ Yoast SEO plugin. -->","yoast_head_json":{"title":"Um motorista foi flagrado multado por excesso de velocidade, por\u00e9m o juiz anulou a multa ap\u00f3s consultar o Google Street View - Estado de Minas - Em foco","description":"Entenda por que esta multa por excesso de velocidade foi anulada e veja o que levou o juiz a derrubar a penalidade ap\u00f3s an\u00e1lise inesperada.","robots":{"index":"index","follow":"follow","max-snippet":"max-snippet:-1","max-image-preview":"max-image-preview:large","max-video-preview":"max-video-preview:-1"},"canonical":"https:\/\/www.em.com.br\/emfoco\/2026\/05\/01\/um-motorista-foi-flagrado-multado-por-excesso-de-velocidade-porem-o-juiz-anulou-a-multa-apos-consultar-o-google-street-view\/","og_locale":"pt_BR","og_type":"article","og_title":"Um motorista foi flagrado multado por excesso de velocidade, por\u00e9m o juiz anulou a multa ap\u00f3s consultar o Google Street View - Estado de Minas - Em foco","og_description":"Entenda por que esta multa por excesso de velocidade foi anulada e veja o que levou o juiz a derrubar a penalidade ap\u00f3s an\u00e1lise inesperada.","og_url":"https:\/\/www.em.com.br\/emfoco\/2026\/05\/01\/um-motorista-foi-flagrado-multado-por-excesso-de-velocidade-porem-o-juiz-anulou-a-multa-apos-consultar-o-google-street-view\/","og_site_name":"Estado de Minas - Em foco","article_published_time":"2026-05-01T14:55:00+00:00","article_modified_time":"2026-05-01T04:45:02+00:00","og_image":[{"width":1280,"height":720,"url":"https:\/\/www.em.com.br\/emfoco\/wp-content\/uploads\/2026\/05\/EmFoco_61.jpg","type":"image\/jpeg"}],"author":"Guilherme Ara\u00fajo","twitter_card":"summary_large_image","twitter_misc":{"Escrito por":"Guilherme Ara\u00fajo","Est. tempo de leitura":"5 minutos"},"schema":{"@context":"https:\/\/schema.org","@graph":[{"@type":"WebPage","@id":"https:\/\/www.em.com.br\/emfoco\/2026\/05\/01\/um-motorista-foi-flagrado-multado-por-excesso-de-velocidade-porem-o-juiz-anulou-a-multa-apos-consultar-o-google-street-view\/","url":"https:\/\/www.em.com.br\/emfoco\/2026\/05\/01\/um-motorista-foi-flagrado-multado-por-excesso-de-velocidade-porem-o-juiz-anulou-a-multa-apos-consultar-o-google-street-view\/","name":"Um motorista foi flagrado multado por excesso de velocidade, por\u00e9m o juiz anulou a multa ap\u00f3s consultar o Google Street View - Estado de Minas - Em foco","isPartOf":{"@id":"https:\/\/www.em.com.br\/emfoco\/#website"},"primaryImageOfPage":{"@id":"https:\/\/www.em.com.br\/emfoco\/2026\/05\/01\/um-motorista-foi-flagrado-multado-por-excesso-de-velocidade-porem-o-juiz-anulou-a-multa-apos-consultar-o-google-street-view\/#primaryimage"},"image":{"@id":"https:\/\/www.em.com.br\/emfoco\/2026\/05\/01\/um-motorista-foi-flagrado-multado-por-excesso-de-velocidade-porem-o-juiz-anulou-a-multa-apos-consultar-o-google-street-view\/#primaryimage"},"thumbnailUrl":"https:\/\/www.em.com.br\/emfoco\/wp-content\/uploads\/2026\/05\/EmFoco_61.jpg","datePublished":"2026-05-01T14:55:00+00:00","dateModified":"2026-05-01T04:45:02+00:00","author":{"@id":"https:\/\/www.em.com.br\/emfoco\/#\/schema\/person\/5379e929a4b966c775d121e23f9bb421"},"description":"Entenda por que esta multa por excesso de velocidade foi anulada e veja o que levou o juiz a derrubar a penalidade ap\u00f3s an\u00e1lise inesperada.","breadcrumb":{"@id":"https:\/\/www.em.com.br\/emfoco\/2026\/05\/01\/um-motorista-foi-flagrado-multado-por-excesso-de-velocidade-porem-o-juiz-anulou-a-multa-apos-consultar-o-google-street-view\/#breadcrumb"},"inLanguage":"pt-BR","potentialAction":[{"@type":"ReadAction","target":["https:\/\/www.em.com.br\/emfoco\/2026\/05\/01\/um-motorista-foi-flagrado-multado-por-excesso-de-velocidade-porem-o-juiz-anulou-a-multa-apos-consultar-o-google-street-view\/"]}]},{"@type":"ImageObject","inLanguage":"pt-BR","@id":"https:\/\/www.em.com.br\/emfoco\/2026\/05\/01\/um-motorista-foi-flagrado-multado-por-excesso-de-velocidade-porem-o-juiz-anulou-a-multa-apos-consultar-o-google-street-view\/#primaryimage","url":"https:\/\/www.em.com.br\/emfoco\/wp-content\/uploads\/2026\/05\/EmFoco_61.jpg","contentUrl":"https:\/\/www.em.com.br\/emfoco\/wp-content\/uploads\/2026\/05\/EmFoco_61.jpg","width":1280,"height":720,"caption":"Hist\u00f3rico visual do ambiente auxilia na anula\u00e7\u00e3o de multas por sinaliza\u00e7\u00e3o de tr\u00e2nsito deficiente"},{"@type":"BreadcrumbList","@id":"https:\/\/www.em.com.br\/emfoco\/2026\/05\/01\/um-motorista-foi-flagrado-multado-por-excesso-de-velocidade-porem-o-juiz-anulou-a-multa-apos-consultar-o-google-street-view\/#breadcrumb","itemListElement":[{"@type":"ListItem","position":1,"name":"In\u00edcio","item":"https:\/\/www.em.com.br\/emfoco\/"},{"@type":"ListItem","position":2,"name":"Um motorista foi flagrado multado por excesso de velocidade, por\u00e9m o juiz anulou a multa ap\u00f3s consultar o Google Street View"}]},{"@type":"WebSite","@id":"https:\/\/www.em.com.br\/emfoco\/#website","url":"https:\/\/www.em.com.br\/emfoco\/","name":"Estado de Minas - Em foco","description":"Acompanhe as \u00faltimas not\u00edcias e fique bem informado sobre tudo o que acontece em Minas Gerais, Brasil e no mundo.","potentialAction":[{"@type":"SearchAction","target":{"@type":"EntryPoint","urlTemplate":"https:\/\/www.em.com.br\/emfoco\/?s={search_term_string}"},"query-input":{"@type":"PropertyValueSpecification","valueRequired":true,"valueName":"search_term_string"}}],"inLanguage":"pt-BR"},{"@type":"Person","@id":"https:\/\/www.em.com.br\/emfoco\/#\/schema\/person\/5379e929a4b966c775d121e23f9bb421","name":"Guilherme Ara\u00fajo","image":{"@type":"ImageObject","inLanguage":"pt-BR","@id":"https:\/\/www.em.com.br\/emfoco\/#\/schema\/person\/image\/","url":"https:\/\/secure.gravatar.com\/avatar\/b8bf1fd0130e170bd8f5d7298dbafa25?s=96&d=mm&r=g","contentUrl":"https:\/\/secure.gravatar.com\/avatar\/b8bf1fd0130e170bd8f5d7298dbafa25?s=96&d=mm&r=g","caption":"Guilherme Ara\u00fajo"},"sameAs":["https:\/\/www.em.com.br\/emfoco"],"url":"https:\/\/www.em.com.br\/emfoco\/author\/guilhermeamyth\/"}]}},"_links":{"self":[{"href":"https:\/\/www.em.com.br\/emfoco\/wp-json\/wp\/v2\/posts\/202177","targetHints":{"allow":["GET"]}}],"collection":[{"href":"https:\/\/www.em.com.br\/emfoco\/wp-json\/wp\/v2\/posts"}],"about":[{"href":"https:\/\/www.em.com.br\/emfoco\/wp-json\/wp\/v2\/types\/post"}],"author":[{"embeddable":true,"href":"https:\/\/www.em.com.br\/emfoco\/wp-json\/wp\/v2\/users\/30"}],"replies":[{"embeddable":true,"href":"https:\/\/www.em.com.br\/emfoco\/wp-json\/wp\/v2\/comments?post=202177"}],"version-history":[{"count":6,"href":"https:\/\/www.em.com.br\/emfoco\/wp-json\/wp\/v2\/posts\/202177\/revisions"}],"predecessor-version":[{"id":202492,"href":"https:\/\/www.em.com.br\/emfoco\/wp-json\/wp\/v2\/posts\/202177\/revisions\/202492"}],"wp:featuredmedia":[{"embeddable":true,"href":"https:\/\/www.em.com.br\/emfoco\/wp-json\/wp\/v2\/media\/202311"}],"wp:attachment":[{"href":"https:\/\/www.em.com.br\/emfoco\/wp-json\/wp\/v2\/media?parent=202177"}],"wp:term":[{"taxonomy":"category","embeddable":true,"href":"https:\/\/www.em.com.br\/emfoco\/wp-json\/wp\/v2\/categories?post=202177"},{"taxonomy":"post_tag","embeddable":true,"href":"https:\/\/www.em.com.br\/emfoco\/wp-json\/wp\/v2\/tags?post=202177"}],"curies":[{"name":"wp","href":"https:\/\/api.w.org\/{rel}","templated":true}]}}