{"id":202166,"date":"2026-05-01T18:15:00","date_gmt":"2026-05-01T21:15:00","guid":{"rendered":"https:\/\/www.em.com.br\/emfoco\/?p=202166"},"modified":"2026-04-30T17:55:54","modified_gmt":"2026-04-30T20:55:54","slug":"sem-cera-quente-o-metodo-pratico-que-remove-os-pelos-e-deixa-a-pele-lisinha-por-muito-mais-tempo","status":"publish","type":"post","link":"https:\/\/www.em.com.br\/emfoco\/2026\/05\/01\/sem-cera-quente-o-metodo-pratico-que-remove-os-pelos-e-deixa-a-pele-lisinha-por-muito-mais-tempo\/","title":{"rendered":"Sem cera quente, o m\u00e9todo pr\u00e1tico que remove os pelos e deixa a pele lisinha por muito mais tempo"},"content":{"rendered":"\n<p>O uso do <strong>creme depilador<\/strong> tornou-se uma alternativa pr\u00e1tica para quem busca eliminar os pelos sem as dores das ceras tradicionais. Muitas pessoas ignoram pequenos detalhes que podem transformar esse momento de beleza em um problema para a sa\u00fade da pele.<\/p>\n\n\n\n<h2 class=\"wp-block-heading\">Como o <strong>creme depilador<\/strong> age na remo\u00e7\u00e3o dos pelos<\/h2>\n\n\n\n<p>A composi\u00e7\u00e3o qu\u00edmica desses produtos atua diretamente na queratina do fio para enfraquecer a estrutura capilar rapidamente. Esse processo permite que os pelos sejam removidos facilmente com uma esp\u00e1tula ou apenas com <strong>\u00e1gua corrente<\/strong> abundante. O resultado garante uma <strong>superf\u00edcie lisa<\/strong> por muito mais tempo do que o uso comum de l\u00e2minas descart\u00e1veis.<\/p>\n\n\n\n<p>Muitas f\u00f3rmulas atuais cont\u00eam <strong>agentes hidratantes<\/strong> que ajudam a proteger a derme durante a rea\u00e7\u00e3o qu\u00edmica necess\u00e1ria. Voc\u00ea deve observar atentamente o <strong>tempo de a\u00e7\u00e3o<\/strong> indicado na embalagem para evitar irrita\u00e7\u00f5es desnecess\u00e1rias no tecido cut\u00e2neo. Abaixo selecionamos os principais pontos que tornam essa escolha vantajosa para sua rotina de higiene pessoal:<\/p>\n\n\n\n<ul class=\"wp-block-list\">\n<li>Remo\u00e7\u00e3o indolor e muito r\u00e1pida de todos os pelos indesejados.<\/li>\n\n\n\n<li>Redu\u00e7\u00e3o significativa de pelos encravados em regi\u00f5es sens\u00edveis.<\/li>\n\n\n\n<li>Maciez prolongada na pele ap\u00f3s o t\u00e9rmino do procedimento est\u00e9tico.<\/li>\n<\/ul>\n\n\n<div class=\"wp-block-image\">\n<figure class=\"aligncenter size-large\"><img loading=\"lazy\" decoding=\"async\" width=\"1024\" height=\"576\" src=\"https:\/\/www.em.com.br\/emfoco\/wp-content\/uploads\/2026\/04\/creme-depilador-1024x576.jpg\" alt=\"creme depilador\" class=\"wp-image-202179\" srcset=\"https:\/\/www.em.com.br\/emfoco\/wp-content\/uploads\/2026\/04\/creme-depilador-1024x576.jpg 1024w, https:\/\/www.em.com.br\/emfoco\/wp-content\/uploads\/2026\/04\/creme-depilador-300x169.jpg 300w, https:\/\/www.em.com.br\/emfoco\/wp-content\/uploads\/2026\/04\/creme-depilador-768x432.jpg 768w, https:\/\/www.em.com.br\/emfoco\/wp-content\/uploads\/2026\/04\/creme-depilador-750x422.jpg 750w, https:\/\/www.em.com.br\/emfoco\/wp-content\/uploads\/2026\/04\/creme-depilador-1140x641.jpg 1140w, https:\/\/www.em.com.br\/emfoco\/wp-content\/uploads\/2026\/04\/creme-depilador.jpg 1280w\" sizes=\"auto, (max-width: 1024px) 100vw, 1024px\" \/><figcaption class=\"wp-element-caption\">Muitas f\u00f3rmulas atuais cont\u00eam agentes hidratantes que ajudam a proteger a derme durante a rea\u00e7\u00e3o qu\u00edmica necess\u00e1ria.<\/figcaption><\/figure><\/div>\n\n\n<p>Leia tamb\u00e9m: <a href=\"https:\/\/www.em.com.br\/emfoco\/2026\/02\/10\/cuidados-essenciais-para-evitar-irritacoes-e-manchas-apos-a-depilacao-com-cera\/\" target=\"_blank\" rel=\"noreferrer noopener\">Cuidados essenciais para evitar irrita\u00e7\u00f5es e manchas ap\u00f3s a depila\u00e7\u00e3o com cera<\/a><\/p>\n\n\n\n<h2 class=\"wp-block-heading\">Maneira correta de realizar o teste de alergia<\/h2>\n\n\n\n<p>Aplicar uma pequena quantidade do produto em uma \u00e1rea restrita do antebra\u00e7o ajuda a identificar <strong>rea\u00e7\u00f5es adversas<\/strong> precocemente. Aguarde o per\u00edodo completo de vinte e quatro horas para garantir que nenhum sinal de <strong>vermelhid\u00e3o intensa<\/strong> surja no local testado. Essa etapa evita que voc\u00ea sofra com <strong>alergias graves<\/strong> em \u00e1reas maiores e mais sens\u00edveis do corpo humano.<\/p>\n\n\n\n<p>Caso sinta qualquer tipo de ard\u00eancia ou coceira imediata remova a subst\u00e2ncia com \u00e1gua fria e interrompa o <strong>procedimento est\u00e9tico<\/strong>. O teste de contato \u00e9 a \u00fanica forma segura de validar a <strong>compatibilidade qu\u00edmica<\/strong> entre a f\u00f3rmula e seu organismo. Ignorar esse protocolo aumenta as chances de desenvolver <strong>queimaduras qu\u00edmicas<\/strong> profundas e manchas escuras dif\u00edceis de tratar.<\/p>\n\n\n\n<p>Para voc\u00ea que gosta de se cuidar, separamos um v\u00eddeo do canal da <a href=\"https:\/\/www.youtube.com\/@D%C3%A9boraAlvim\" target=\"_blank\" rel=\"noreferrer noopener\">D\u00e9bora Alvim<\/a> com dicas para usar creme depilat\u00f3rio:<\/p>\n\n\n\n<figure class=\"wp-block-embed is-type-video is-provider-youtube wp-block-embed-youtube wp-embed-aspect-16-9 wp-has-aspect-ratio\"><div class=\"wp-block-embed__wrapper\">\n<div class=\"jeg_video_container jeg_video_content\"><iframe loading=\"lazy\" title=\"CREME DEPILAT\u00d3RIO DA SHOPEE! Funcionou??\" width=\"500\" height=\"281\" src=\"https:\/\/www.youtube.com\/embed\/UWrX8wWm_AI?feature=oembed\" frameborder=\"0\" allow=\"accelerometer; autoplay; clipboard-write; encrypted-media; gyroscope; picture-in-picture; web-share\" referrerpolicy=\"strict-origin-when-cross-origin\" allowfullscreen><\/iframe><\/div>\n<\/div><\/figure>\n\n\n\n<h2 class=\"wp-block-heading\">Dicas para aplicar o <strong>creme depilador<\/strong> com seguran\u00e7a<\/h2>\n\n\n\n<p>Antes de espalhar o <strong>creme depilador<\/strong> verifique se a pele est\u00e1 totalmente limpa e livre de res\u00edduos de \u00f3leos corporais ou hidratantes antigos. Use uma camada generosa que cubra todos os fios de <strong>maneira uniforme<\/strong> para obter uma remo\u00e7\u00e3o completa e verdadeiramente satisfat\u00f3ria em todas as \u00e1reas desejadas. Mantenha o corpo em uma <strong>posi\u00e7\u00e3o confort\u00e1vel<\/strong> enquanto aguarda os minutos exatos necess\u00e1rios para a dissolu\u00e7\u00e3o qu\u00edmica da base do pelo indesejado.<\/p>\n\n\n\n<p>Nunca utilize esponjas abrasivas ou fa\u00e7a movimentos de fric\u00e7\u00e3o forte durante a retirada da mistura da sua pele. Enx\u00e1gue a regi\u00e3o com bastante <strong>\u00e1gua morna<\/strong> para garantir que nenhum res\u00edduo qu\u00edmico permane\u00e7a em contato com os poros abertos. A aplica\u00e7\u00e3o correta preserva a <strong>barreira natural<\/strong> cut\u00e2nea e evita o surgimento de pequenas bolhas ou desconforto ap\u00f3s o banho.<\/p>\n\n\n\n<figure class=\"wp-block-embed is-type-rich is-provider-pinterest wp-block-embed-pinterest\"><div class=\"wp-block-embed__wrapper\">\n<iframe loading=\"lazy\" title=\"Sabe aquele produtinho que salva na correria? \u00c9 o creme depilat\u00f3rio Veet, perfeito pra quem quer praticidade e pele lisinha sem sofrimento! Ele remove os pelos de forma r\u00e1pida e sem dor, mas aten\u00e7\u00e3o: depois de agir, \u00e9 importante remover com \u00e1gua para tirar qualquer res\u00edduo do produto. Resultado? Pele lisinha, macia, sem irrita\u00e7\u00f5es e longe da foliculite. Eu uso, amo e recomendo!  #DicaDeBeleza #Depila\u00e7\u00e3oSemDor #Veet #BelezaPr\u00e1tica #PeleMacia #CuidadosComAPele #RotinaDeBeleza #cabelo #cabelosre...\" src=\"https:\/\/assets.pinterest.com\/ext\/embed.html?id=536843218102223904&#038;src=oembed\" height=\"899\" width=\"450\" frameborder=\"0\" scrolling=\"no\" ><\/iframe>\n<\/div><\/figure>\n\n\n\n<h2 class=\"wp-block-heading\">Cuidados fundamentais ap\u00f3s o uso do <strong>creme depilador<\/strong><\/h2>\n\n\n\n<p>A pele costuma ficar mais sens\u00edvel logo ap\u00f3s o uso do produto devido ao contato com os agentes alcalinos fortes. Evite utilizar roupas muito apertadas ou tecidos sint\u00e9ticos que possam causar <strong>atrito excessivo<\/strong> na regi\u00e3o rec\u00e9m-depilada. Aplique um <strong>gel calmante<\/strong> sem \u00e1lcool para refrescar a derme e acelerar a recupera\u00e7\u00e3o total dos tecidos afetados.<\/p>\n\n\n\n<p>Fique longe da exposi\u00e7\u00e3o solar direta por pelo menos dois dias para prevenir com efic\u00e1cia o aparecimento de <strong>manchas solares<\/strong> permanentes e inc\u00f4modas. O uso de <strong>protetor solar<\/strong> torna-se uma medida indispens\u00e1vel caso voc\u00ea precise sair de casa durante os hor\u00e1rios cr\u00edticos de maior incid\u00eancia solar. Siga estas orienta\u00e7\u00f5es t\u00e9cnicas para manter o <strong>aspecto saud\u00e1vel<\/strong> e evitar que a pele apresente descama\u00e7\u00f5es severas ou sensibilidade cut\u00e2nea prolongada.<\/p>\n\n\n\n<h2 class=\"wp-block-heading\">Manuten\u00e7\u00e3o da pele ap\u00f3s a depila\u00e7\u00e3o qu\u00edmica<\/h2>\n\n\n\n<p>Priorize sempre o uso de produtos com selos de <strong>testes dermatol\u00f3gicos<\/strong> comprovados por \u00f3rg\u00e3os competentes. Mantenha um cronograma de <strong>hidrata\u00e7\u00e3o di\u00e1ria<\/strong> para que a pele suporte bem as futuras aplica\u00e7\u00f5es qu\u00edmicas. Escolha marcas que valorizem <strong>ingredientes naturais<\/strong> em suas composi\u00e7\u00f5es para garantir maior suavidade no tratamento.<\/p>\n\n\n\n<p>Observe a resposta do seu corpo ap\u00f3s cada sess\u00e3o e ajuste a <strong>frequ\u00eancia de uso<\/strong> conforme as necessidades individuais. Busque sempre informa\u00e7\u00f5es t\u00e9cnicas para realizar o <strong>autocuidado consciente<\/strong> e seguro em sua pr\u00f3pria resid\u00eancia. Desfrute de uma rotina de beleza que proporcione <strong>bem-estar f\u00edsico<\/strong> e resultados est\u00e9ticos duradouros.<\/p>\n","protected":false},"excerpt":{"rendered":"<p>O uso do creme depilador tornou-se uma alternativa pr\u00e1tica para quem busca eliminar os pelos sem as dores das ceras tradicionais. Muitas pessoas ignoram pequenos detalhes que podem transformar esse momento de beleza em um problema para a sa\u00fade da pele. Como o creme depilador age na remo\u00e7\u00e3o dos pelos A composi\u00e7\u00e3o qu\u00edmica desses produtos [&hellip;]<\/p>\n","protected":false},"author":9,"featured_media":202235,"comment_status":"open","ping_status":"open","sticky":false,"template":"","format":"standard","meta":{"jnews-multi-image_gallery":[],"jnews_single_post":{"format":"standard"},"jnews_primary_category":[],"jnews_social_meta":[],"jnews_override_counter":[],"footnotes":""},"categories":[8691],"tags":[8408,4939,29070],"class_list":["post-202166","post","type-post","status-publish","format-standard","has-post-thumbnail","hentry","category-bem-estar","tag-beleza-feminina","tag-cuidados-com-a-pele","tag-depilacao-corporal"],"yoast_head":"<!-- This site is optimized with the Yoast SEO plugin v23.8 - https:\/\/yoast.com\/wordpress\/plugins\/seo\/ -->\n<title>Sem cera quente, o m\u00e9todo pr\u00e1tico que remove os pelos e deixa a pele lisinha por muito mais tempo - Estado de Minas - Em foco<\/title>\n<meta name=\"description\" content=\"Uma t\u00e9cnica pr\u00e1tica pode mudar sua rotina de cuidados pessoais sem causar dores. A pele protegida garante um resultado muito satisfat\u00f3rio.\" \/>\n<meta name=\"robots\" content=\"index, follow, max-snippet:-1, max-image-preview:large, max-video-preview:-1\" \/>\n<link rel=\"canonical\" href=\"https:\/\/www.em.com.br\/emfoco\/2026\/05\/01\/sem-cera-quente-o-metodo-pratico-que-remove-os-pelos-e-deixa-a-pele-lisinha-por-muito-mais-tempo\/\" \/>\n<meta property=\"og:locale\" content=\"pt_BR\" \/>\n<meta property=\"og:type\" content=\"article\" \/>\n<meta property=\"og:title\" content=\"Sem cera quente, o m\u00e9todo pr\u00e1tico que remove os pelos e deixa a pele lisinha por muito mais tempo - Estado de Minas - Em foco\" \/>\n<meta property=\"og:description\" content=\"Uma t\u00e9cnica pr\u00e1tica pode mudar sua rotina de cuidados pessoais sem causar dores. A pele protegida garante um resultado muito satisfat\u00f3rio.\" \/>\n<meta property=\"og:url\" content=\"https:\/\/www.em.com.br\/emfoco\/2026\/05\/01\/sem-cera-quente-o-metodo-pratico-que-remove-os-pelos-e-deixa-a-pele-lisinha-por-muito-mais-tempo\/\" \/>\n<meta property=\"og:site_name\" content=\"Estado de Minas - Em foco\" \/>\n<meta property=\"article:published_time\" content=\"2026-05-01T21:15:00+00:00\" \/>\n<meta property=\"article:modified_time\" content=\"2026-04-30T20:55:54+00:00\" \/>\n<meta property=\"og:image\" content=\"https:\/\/www.em.com.br\/emfoco\/wp-content\/uploads\/2026\/05\/EmFoco_49.jpg\" \/>\n\t<meta property=\"og:image:width\" content=\"1280\" \/>\n\t<meta property=\"og:image:height\" content=\"720\" \/>\n\t<meta property=\"og:image:type\" content=\"image\/jpeg\" \/>\n<meta name=\"author\" content=\"Daniely Cardoso\" \/>\n<meta name=\"twitter:card\" content=\"summary_large_image\" \/>\n<meta name=\"twitter:label1\" content=\"Escrito por\" \/>\n\t<meta name=\"twitter:data1\" content=\"Daniely Cardoso\" \/>\n\t<meta name=\"twitter:label2\" content=\"Est. tempo de leitura\" \/>\n\t<meta name=\"twitter:data2\" content=\"5 minutos\" \/>\n<!-- \/ Yoast SEO plugin. -->","yoast_head_json":{"title":"Sem cera quente, o m\u00e9todo pr\u00e1tico que remove os pelos e deixa a pele lisinha por muito mais tempo - Estado de Minas - Em foco","description":"Uma t\u00e9cnica pr\u00e1tica pode mudar sua rotina de cuidados pessoais sem causar dores. A pele protegida garante um resultado muito satisfat\u00f3rio.","robots":{"index":"index","follow":"follow","max-snippet":"max-snippet:-1","max-image-preview":"max-image-preview:large","max-video-preview":"max-video-preview:-1"},"canonical":"https:\/\/www.em.com.br\/emfoco\/2026\/05\/01\/sem-cera-quente-o-metodo-pratico-que-remove-os-pelos-e-deixa-a-pele-lisinha-por-muito-mais-tempo\/","og_locale":"pt_BR","og_type":"article","og_title":"Sem cera quente, o m\u00e9todo pr\u00e1tico que remove os pelos e deixa a pele lisinha por muito mais tempo - Estado de Minas - Em foco","og_description":"Uma t\u00e9cnica pr\u00e1tica pode mudar sua rotina de cuidados pessoais sem causar dores. A pele protegida garante um resultado muito satisfat\u00f3rio.","og_url":"https:\/\/www.em.com.br\/emfoco\/2026\/05\/01\/sem-cera-quente-o-metodo-pratico-que-remove-os-pelos-e-deixa-a-pele-lisinha-por-muito-mais-tempo\/","og_site_name":"Estado de Minas - Em foco","article_published_time":"2026-05-01T21:15:00+00:00","article_modified_time":"2026-04-30T20:55:54+00:00","og_image":[{"width":1280,"height":720,"url":"https:\/\/www.em.com.br\/emfoco\/wp-content\/uploads\/2026\/05\/EmFoco_49.jpg","type":"image\/jpeg"}],"author":"Daniely Cardoso","twitter_card":"summary_large_image","twitter_misc":{"Escrito por":"Daniely Cardoso","Est. tempo de leitura":"5 minutos"},"schema":{"@context":"https:\/\/schema.org","@graph":[{"@type":"WebPage","@id":"https:\/\/www.em.com.br\/emfoco\/2026\/05\/01\/sem-cera-quente-o-metodo-pratico-que-remove-os-pelos-e-deixa-a-pele-lisinha-por-muito-mais-tempo\/","url":"https:\/\/www.em.com.br\/emfoco\/2026\/05\/01\/sem-cera-quente-o-metodo-pratico-que-remove-os-pelos-e-deixa-a-pele-lisinha-por-muito-mais-tempo\/","name":"Sem cera quente, o m\u00e9todo pr\u00e1tico que remove os pelos e deixa a pele lisinha por muito mais tempo - Estado de Minas - Em foco","isPartOf":{"@id":"https:\/\/www.em.com.br\/emfoco\/#website"},"primaryImageOfPage":{"@id":"https:\/\/www.em.com.br\/emfoco\/2026\/05\/01\/sem-cera-quente-o-metodo-pratico-que-remove-os-pelos-e-deixa-a-pele-lisinha-por-muito-mais-tempo\/#primaryimage"},"image":{"@id":"https:\/\/www.em.com.br\/emfoco\/2026\/05\/01\/sem-cera-quente-o-metodo-pratico-que-remove-os-pelos-e-deixa-a-pele-lisinha-por-muito-mais-tempo\/#primaryimage"},"thumbnailUrl":"https:\/\/www.em.com.br\/emfoco\/wp-content\/uploads\/2026\/05\/EmFoco_49.jpg","datePublished":"2026-05-01T21:15:00+00:00","dateModified":"2026-04-30T20:55:54+00:00","author":{"@id":"https:\/\/www.em.com.br\/emfoco\/#\/schema\/person\/0a8186d72f2c3a5c6276d90b41f271a0"},"description":"Uma t\u00e9cnica pr\u00e1tica pode mudar sua rotina de cuidados pessoais sem causar dores. A pele protegida garante um resultado muito satisfat\u00f3rio.","breadcrumb":{"@id":"https:\/\/www.em.com.br\/emfoco\/2026\/05\/01\/sem-cera-quente-o-metodo-pratico-que-remove-os-pelos-e-deixa-a-pele-lisinha-por-muito-mais-tempo\/#breadcrumb"},"inLanguage":"pt-BR","potentialAction":[{"@type":"ReadAction","target":["https:\/\/www.em.com.br\/emfoco\/2026\/05\/01\/sem-cera-quente-o-metodo-pratico-que-remove-os-pelos-e-deixa-a-pele-lisinha-por-muito-mais-tempo\/"]}]},{"@type":"ImageObject","inLanguage":"pt-BR","@id":"https:\/\/www.em.com.br\/emfoco\/2026\/05\/01\/sem-cera-quente-o-metodo-pratico-que-remove-os-pelos-e-deixa-a-pele-lisinha-por-muito-mais-tempo\/#primaryimage","url":"https:\/\/www.em.com.br\/emfoco\/wp-content\/uploads\/2026\/05\/EmFoco_49.jpg","contentUrl":"https:\/\/www.em.com.br\/emfoco\/wp-content\/uploads\/2026\/05\/EmFoco_49.jpg","width":1280,"height":720,"caption":"Remo\u00e7\u00e3o qu\u00edmica indolor exige testes de alergia e hidrata\u00e7\u00e3o profunda da pele"},{"@type":"BreadcrumbList","@id":"https:\/\/www.em.com.br\/emfoco\/2026\/05\/01\/sem-cera-quente-o-metodo-pratico-que-remove-os-pelos-e-deixa-a-pele-lisinha-por-muito-mais-tempo\/#breadcrumb","itemListElement":[{"@type":"ListItem","position":1,"name":"In\u00edcio","item":"https:\/\/www.em.com.br\/emfoco\/"},{"@type":"ListItem","position":2,"name":"Sem cera quente, o m\u00e9todo pr\u00e1tico que remove os pelos e deixa a pele lisinha por muito mais tempo"}]},{"@type":"WebSite","@id":"https:\/\/www.em.com.br\/emfoco\/#website","url":"https:\/\/www.em.com.br\/emfoco\/","name":"Estado de Minas - Em foco","description":"Acompanhe as \u00faltimas not\u00edcias e fique bem informado sobre tudo o que acontece em Minas Gerais, Brasil e no mundo.","potentialAction":[{"@type":"SearchAction","target":{"@type":"EntryPoint","urlTemplate":"https:\/\/www.em.com.br\/emfoco\/?s={search_term_string}"},"query-input":{"@type":"PropertyValueSpecification","valueRequired":true,"valueName":"search_term_string"}}],"inLanguage":"pt-BR"},{"@type":"Person","@id":"https:\/\/www.em.com.br\/emfoco\/#\/schema\/person\/0a8186d72f2c3a5c6276d90b41f271a0","name":"Daniely Cardoso","image":{"@type":"ImageObject","inLanguage":"pt-BR","@id":"https:\/\/www.em.com.br\/emfoco\/#\/schema\/person\/image\/","url":"https:\/\/secure.gravatar.com\/avatar\/4b80ddbd124d1f071b626d52d62e5dff?s=96&d=mm&r=g","contentUrl":"https:\/\/secure.gravatar.com\/avatar\/4b80ddbd124d1f071b626d52d62e5dff?s=96&d=mm&r=g","caption":"Daniely Cardoso"},"url":"https:\/\/www.em.com.br\/emfoco\/author\/danielymyth\/"}]}},"_links":{"self":[{"href":"https:\/\/www.em.com.br\/emfoco\/wp-json\/wp\/v2\/posts\/202166","targetHints":{"allow":["GET"]}}],"collection":[{"href":"https:\/\/www.em.com.br\/emfoco\/wp-json\/wp\/v2\/posts"}],"about":[{"href":"https:\/\/www.em.com.br\/emfoco\/wp-json\/wp\/v2\/types\/post"}],"author":[{"embeddable":true,"href":"https:\/\/www.em.com.br\/emfoco\/wp-json\/wp\/v2\/users\/9"}],"replies":[{"embeddable":true,"href":"https:\/\/www.em.com.br\/emfoco\/wp-json\/wp\/v2\/comments?post=202166"}],"version-history":[{"count":1,"href":"https:\/\/www.em.com.br\/emfoco\/wp-json\/wp\/v2\/posts\/202166\/revisions"}],"predecessor-version":[{"id":202180,"href":"https:\/\/www.em.com.br\/emfoco\/wp-json\/wp\/v2\/posts\/202166\/revisions\/202180"}],"wp:featuredmedia":[{"embeddable":true,"href":"https:\/\/www.em.com.br\/emfoco\/wp-json\/wp\/v2\/media\/202235"}],"wp:attachment":[{"href":"https:\/\/www.em.com.br\/emfoco\/wp-json\/wp\/v2\/media?parent=202166"}],"wp:term":[{"taxonomy":"category","embeddable":true,"href":"https:\/\/www.em.com.br\/emfoco\/wp-json\/wp\/v2\/categories?post=202166"},{"taxonomy":"post_tag","embeddable":true,"href":"https:\/\/www.em.com.br\/emfoco\/wp-json\/wp\/v2\/tags?post=202166"}],"curies":[{"name":"wp","href":"https:\/\/api.w.org\/{rel}","templated":true}]}}