{"id":202158,"date":"2026-05-01T17:55:00","date_gmt":"2026-05-01T20:55:00","guid":{"rendered":"https:\/\/www.em.com.br\/emfoco\/?p=202158"},"modified":"2026-04-30T17:55:44","modified_gmt":"2026-04-30T20:55:44","slug":"chega-de-medo-de-cobras-no-quintal-o-detalhe-que-afasta-os-animais-da-sua-residencia","status":"publish","type":"post","link":"https:\/\/www.em.com.br\/emfoco\/2026\/05\/01\/chega-de-medo-de-cobras-no-quintal-o-detalhe-que-afasta-os-animais-da-sua-residencia\/","title":{"rendered":"Chega de medo de cobras no quintal, o detalhe que afasta os animais da sua resid\u00eancia"},"content":{"rendered":"\n<p>Existem sinais discretos que indicam a presen\u00e7a de visitantes indesejados escondidos entre as folhagens do seu terreno dom\u00e9stico. Muitas fam\u00edlias buscam maneiras eficientes de <strong>evitar cobras no jardim<\/strong> sem saber que pequenos detalhes atraem esses animais para perto de sua moradia.<\/p>\n\n\n\n<h2 class=\"wp-block-heading\">Como manter a vegeta\u00e7\u00e3o sob controle para seguran\u00e7a<\/h2>\n\n\n\n<p>Grama alta e arbustos densos criam o esconderijo perfeito para animais que buscam abrigo contra o sol forte. Manter o gramado sempre aparado remove a sensa\u00e7\u00e3o de prote\u00e7\u00e3o que esses r\u00e9pteis procuram em \u00e1reas residenciais. O cuidado constante com a <strong>limpeza externa<\/strong> reduz drasticamente as chances de encontros perigosos durante o per\u00edodo do dia.<\/p>\n\n\n\n<p>Plantas rasteiras que encostam nos muros facilitam a movimenta\u00e7\u00e3o discreta e o acesso facilitado a \u00e1reas internas da resid\u00eancia. Evite acumular folhas secas ou restos de poda em cantos escuros que ret\u00eam <strong>umidade excessiva<\/strong> por longos per\u00edodos. Para garantir que o espa\u00e7o externo permane\u00e7a livre de riscos, aplique as seguintes pr\u00e1ticas de manuten\u00e7\u00e3o:<\/p>\n\n\n\n<ul class=\"wp-block-list\">\n<li>Apare a grama rente ao solo semanalmente para eliminar pontos de camuflagem natural.<\/li>\n\n\n\n<li>Pode os galhos de \u00e1rvores que ultrapassam os limites do telhado ou das janelas superiores.<\/li>\n\n\n\n<li>Remova entulhos de constru\u00e7\u00e3o e pilhas de madeira que servem de toca t\u00e9rmica ideal.<\/li>\n<\/ul>\n\n\n<div class=\"wp-block-image\">\n<figure class=\"aligncenter size-large\"><img loading=\"lazy\" decoding=\"async\" width=\"1024\" height=\"576\" src=\"https:\/\/www.em.com.br\/emfoco\/wp-content\/uploads\/2026\/04\/serpent_1776116140316-1024x576.jpg\" alt=\"evitar cobras no jardim\" class=\"wp-image-192520\" srcset=\"https:\/\/www.em.com.br\/emfoco\/wp-content\/uploads\/2026\/04\/serpent_1776116140316-1024x576.jpg 1024w, https:\/\/www.em.com.br\/emfoco\/wp-content\/uploads\/2026\/04\/serpent_1776116140316-300x169.jpg 300w, https:\/\/www.em.com.br\/emfoco\/wp-content\/uploads\/2026\/04\/serpent_1776116140316-768x432.jpg 768w, https:\/\/www.em.com.br\/emfoco\/wp-content\/uploads\/2026\/04\/serpent_1776116140316-750x422.jpg 750w, https:\/\/www.em.com.br\/emfoco\/wp-content\/uploads\/2026\/04\/serpent_1776116140316-1140x641.jpg 1140w, https:\/\/www.em.com.br\/emfoco\/wp-content\/uploads\/2026\/04\/serpent_1776116140316.jpg 1280w\" sizes=\"auto, (max-width: 1024px) 100vw, 1024px\" \/><figcaption class=\"wp-element-caption\">Plantas rasteiras que encostam nos muros facilitam a movimenta\u00e7\u00e3o discreta e o acesso facilitado a \u00e1reas internas da resid\u00eancia<\/figcaption><\/figure><\/div>\n\n\n<p>Leia tamb\u00e9m: <a href=\"https:\/\/www.em.com.br\/emfoco\/2026\/04\/27\/pouca-gente-sabe-mas-encontrar-minhocas-no-solo-pode-ser-excelente-sinal-para-seu-jardim\/\" target=\"_blank\" rel=\"noreferrer noopener\">Pouca gente sabe, mas encontrar minhocas no solo pode ser excelente sinal para seu jardim<\/a><\/p>\n\n\n\n<h2 class=\"wp-block-heading\">Por que evitar cobras no jardim exige controle de pragas<\/h2>\n\n\n\n<p>A presen\u00e7a constante de roedores ou insetos grandes funciona como um convite irresist\u00edvel para a aproxima\u00e7\u00e3o de predadores famintos. Eliminar fontes de alimento para ratos \u00e9 um passo fundamental para manter a <strong>seguran\u00e7a familiar<\/strong> e afastar amea\u00e7as. Armazene as ra\u00e7\u00f5es de animais de estima\u00e7\u00e3o em potes herm\u00e9ticos para evitar que o <strong>cheiro atraia<\/strong> pequenos mam\u00edferos silvestres.<\/p>\n\n\n\n<p>Locais com ac\u00famulo de lixo org\u00e2nico favorecem o surgimento de ninhos de presas naturais desses animais pe\u00e7onhentos. Uma barreira biol\u00f3gica eficiente come\u00e7a com a <strong>higieniza\u00e7\u00e3o do terreno<\/strong> e das \u00e1reas vizinhas ao im\u00f3vel. Mantenha os ralos protegidos com <strong>telas finas<\/strong> para impedir que o alimento dessas esp\u00e9cies circule livremente.<\/p>\n\n\n\n<p>Para voc\u00ea que gosta de cuidar da casa, separamos um v\u00eddeo do canal do <a href=\"https:\/\/www.youtube.com\/@richardfloriani\" target=\"_blank\" rel=\"noreferrer noopener\">Richard Floriani <\/a>com dicas para manter as cobras longe da sua casa:<\/p>\n\n\n\n<figure class=\"wp-block-embed is-type-video is-provider-youtube wp-block-embed-youtube wp-embed-aspect-16-9 wp-has-aspect-ratio\"><div class=\"wp-block-embed__wrapper\">\n<div class=\"jeg_video_container jeg_video_content\"><iframe loading=\"lazy\" title=\"Como espantar cobras do quintal\" width=\"500\" height=\"281\" src=\"https:\/\/www.youtube.com\/embed\/uSydpBE5iRg?feature=oembed\" frameborder=\"0\" allow=\"accelerometer; autoplay; clipboard-write; encrypted-media; gyroscope; picture-in-picture; web-share\" referrerpolicy=\"strict-origin-when-cross-origin\" allowfullscreen><\/iframe><\/div>\n<\/div><\/figure>\n\n\n\n<h2 class=\"wp-block-heading\">Estrat\u00e9gias f\u00edsicas para evitar cobras no jardim<\/h2>\n\n\n\n<p>Instalar barreiras s\u00f3lidas ao redor de toda a \u00e1rea externa impede o acesso f\u00edsico desses animais vindos de terrenos baldios. Cercas de tela fina enterradas parcialmente no solo criam um <strong>bloqueio mec\u00e2nico<\/strong> dif\u00edcil de ser transposto por esp\u00e9cies rasteiras. Vedar frestas em muros e port\u00f5es ajuda a manter o <strong>per\u00edmetro monitorado<\/strong> e livre de aberturas perigosas para intrusos.<\/p>\n\n\n\n<p>O uso de brita ou pedras pequenas ao redor de caminhos de passagem causa desconforto t\u00e1til ao deslocamento desses animais. Superf\u00edcies \u00e1speras funcionam como um <strong>inibidor sensorial<\/strong> que desencoraja a perman\u00eancia prolongada em locais de circula\u00e7\u00e3o comum. Garanta que as soleiras das portas estejam bem ajustadas para evitar que o <strong>ambiente interno<\/strong> se torne um ref\u00fagio.<\/p>\n\n\n\n<figure class=\"wp-block-embed is-type-rich is-provider-pinterest wp-block-embed-pinterest\"><div class=\"wp-block-embed__wrapper\">\n<iframe loading=\"lazy\" title=\"Olha oque eu encontrei no meu caminho pelado assusta, mas n\u00e3o amea\u00e7a \ud83d\udc0d\u26a0\ufe0f  A cobra preta com listras amarelas que muita gente confunde com uma esp\u00e9cie venenosa \u00e9, na verdade, inofensiva para humanos.  Seu nome? Caninana (Spilotes pullatus).  J\u00e1 viu uma dessas na natureza? Como reagiria? \ud83d\udc47  #Caninana #SpilotesPullatus #CobraDoBem #NaturezaBrasileira  #MundoAnimal #VidaSelvagem #Biodiversidade\" src=\"https:\/\/assets.pinterest.com\/ext\/embed.html?id=623959723431167737&#038;src=oembed\" height=\"899\" width=\"450\" frameborder=\"0\" scrolling=\"no\" ><\/iframe>\n<\/div><\/figure>\n\n\n\n<h2 class=\"wp-block-heading\">Dicas de paisagismo para evitar cobras no jardim<\/h2>\n\n\n\n<p>Algumas escolhas bot\u00e2nicas ajudam a afastar visitantes indesejados devido ao aroma forte ou texturas espec\u00edficas das folhas. Plantar ervas como hortel\u00e3 ou arruda em pontos estrat\u00e9gicos cria uma <strong>fronteira arom\u00e1tica<\/strong> que desagrada o olfato sens\u00edvel dos r\u00e9pteis. Essas plantas funcionam como uma <strong>prote\u00e7\u00e3o natural<\/strong> enquanto decoram o ambiente com tons verdes vibrantes e agrad\u00e1veis aos olhos.<\/p>\n\n\n\n<p>Evite jardins com pedras grandes sobrepostas que formam v\u00e3os profundos e escuros pr\u00f3ximos \u00e0s paredes externas da casa. Opte por vasos suspensos que retiram o contato direto da planta com o solo e facilitam a <strong>inspe\u00e7\u00e3o visual<\/strong> cotidiana. Organizar o espa\u00e7o com foco em visibilidade permite identificar qualquer intruso com anteced\u00eancia e tomar as <strong>provid\u00eancias seguras<\/strong> necess\u00e1rias.<\/p>\n\n\n<div class=\"wp-block-image\">\n<figure class=\"aligncenter size-large\"><img loading=\"lazy\" decoding=\"async\" width=\"1024\" height=\"576\" src=\"https:\/\/www.em.com.br\/emfoco\/wp-content\/uploads\/2025\/06\/bisce_1751034758037-1024x576.jpg\" alt=\"evitar cobras no jardim\" class=\"wp-image-67899\" srcset=\"https:\/\/www.em.com.br\/emfoco\/wp-content\/uploads\/2025\/06\/bisce_1751034758037-1024x576.jpg 1024w, https:\/\/www.em.com.br\/emfoco\/wp-content\/uploads\/2025\/06\/bisce_1751034758037-300x169.jpg 300w, https:\/\/www.em.com.br\/emfoco\/wp-content\/uploads\/2025\/06\/bisce_1751034758037-768x432.jpg 768w, https:\/\/www.em.com.br\/emfoco\/wp-content\/uploads\/2025\/06\/bisce_1751034758037-750x422.jpg 750w, https:\/\/www.em.com.br\/emfoco\/wp-content\/uploads\/2025\/06\/bisce_1751034758037-1140x641.jpg 1140w, https:\/\/www.em.com.br\/emfoco\/wp-content\/uploads\/2025\/06\/bisce_1751034758037.jpg 1280w\" sizes=\"auto, (max-width: 1024px) 100vw, 1024px\" \/><figcaption class=\"wp-element-caption\">Evite jardins com pedras grandes sobrepostas que formam v\u00e3os profundos e escuros pr\u00f3ximos \u00e0s paredes externas da casa. &#8211; Cr\u00e9ditos: depositphotos.com \/ diegograndi<\/figcaption><\/figure><\/div>\n\n\n<h2 class=\"wp-block-heading\">Conselhos \u00fateis para viver com tranquilidade<\/h2>\n\n\n\n<p>Observe sempre as condi\u00e7\u00f5es do terreno vizinho para antecipar poss\u00edveis invas\u00f5es indesejadas em sua casa. Mantenha a ilumina\u00e7\u00e3o externa funcional para evitar pontos cegos durante as caminhadas noturnas pelo quintal. Valorize o <strong>planejamento preventivo<\/strong> como a melhor ferramenta para garantir noites de sono tranquilas e seguras.<\/p>\n\n\n\n<p>Ensine as crian\u00e7as sobre os riscos de mexer em buracos ou folhagens densas sem a supervis\u00e3o direta de adultos. Utilize botas de prote\u00e7\u00e3o ao realizar tarefas de jardinagem pesada ou limpeza de \u00e1reas pouco frequentadas. Desfrute do seu espa\u00e7o ao ar livre com a certeza de que a <strong>vigil\u00e2ncia inteligente<\/strong> protege quem voc\u00ea ama.<\/p>\n","protected":false},"excerpt":{"rendered":"<p>Existem sinais discretos que indicam a presen\u00e7a de visitantes indesejados escondidos entre as folhagens do seu terreno dom\u00e9stico. Muitas fam\u00edlias buscam maneiras eficientes de evitar cobras no jardim sem saber que pequenos detalhes atraem esses animais para perto de sua moradia. Como manter a vegeta\u00e7\u00e3o sob controle para seguran\u00e7a Grama alta e arbustos densos criam [&hellip;]<\/p>\n","protected":false},"author":9,"featured_media":202234,"comment_status":"open","ping_status":"open","sticky":false,"template":"","format":"standard","meta":{"jnews-multi-image_gallery":[],"jnews_single_post":{"format":"standard"},"jnews_primary_category":[],"jnews_social_meta":[],"jnews_override_counter":[],"footnotes":""},"categories":[8691,29],"tags":[8197,29069,14521],"class_list":["post-202158","post","type-post","status-publish","format-standard","has-post-thumbnail","hentry","category-bem-estar","category-entretenimento","tag-controle-de-pragas","tag-manutencao-de-jardim","tag-seguranca-domestica"],"yoast_head":"<!-- This site is optimized with the Yoast SEO plugin v23.8 - https:\/\/yoast.com\/wordpress\/plugins\/seo\/ -->\n<title>Chega de medo de cobras no quintal, o detalhe que afasta os animais da sua resid\u00eancia - Estado de Minas - Em foco<\/title>\n<meta name=\"description\" content=\"A presen\u00e7a de animais rasteiros em \u00e1reas residenciais gera medo e riscos constantes. Saiba como pequenos ajustes no quintal protegem a casa.\" \/>\n<meta name=\"robots\" content=\"index, follow, max-snippet:-1, max-image-preview:large, max-video-preview:-1\" \/>\n<link rel=\"canonical\" href=\"https:\/\/www.em.com.br\/emfoco\/2026\/05\/01\/chega-de-medo-de-cobras-no-quintal-o-detalhe-que-afasta-os-animais-da-sua-residencia\/\" \/>\n<meta property=\"og:locale\" content=\"pt_BR\" \/>\n<meta property=\"og:type\" content=\"article\" \/>\n<meta property=\"og:title\" content=\"Chega de medo de cobras no quintal, o detalhe que afasta os animais da sua resid\u00eancia - Estado de Minas - Em foco\" \/>\n<meta property=\"og:description\" content=\"A presen\u00e7a de animais rasteiros em \u00e1reas residenciais gera medo e riscos constantes. Saiba como pequenos ajustes no quintal protegem a casa.\" \/>\n<meta property=\"og:url\" content=\"https:\/\/www.em.com.br\/emfoco\/2026\/05\/01\/chega-de-medo-de-cobras-no-quintal-o-detalhe-que-afasta-os-animais-da-sua-residencia\/\" \/>\n<meta property=\"og:site_name\" content=\"Estado de Minas - Em foco\" \/>\n<meta property=\"article:published_time\" content=\"2026-05-01T20:55:00+00:00\" \/>\n<meta property=\"article:modified_time\" content=\"2026-04-30T20:55:44+00:00\" \/>\n<meta property=\"og:image\" content=\"https:\/\/www.em.com.br\/emfoco\/wp-content\/uploads\/2026\/05\/EmFoco_48.jpg\" \/>\n\t<meta property=\"og:image:width\" content=\"1280\" \/>\n\t<meta property=\"og:image:height\" content=\"720\" \/>\n\t<meta property=\"og:image:type\" content=\"image\/jpeg\" \/>\n<meta name=\"author\" content=\"Daniely Cardoso\" \/>\n<meta name=\"twitter:card\" content=\"summary_large_image\" \/>\n<meta name=\"twitter:label1\" content=\"Escrito por\" \/>\n\t<meta name=\"twitter:data1\" content=\"Daniely Cardoso\" \/>\n\t<meta name=\"twitter:label2\" content=\"Est. tempo de leitura\" \/>\n\t<meta name=\"twitter:data2\" content=\"5 minutos\" \/>\n<!-- \/ Yoast SEO plugin. -->","yoast_head_json":{"title":"Chega de medo de cobras no quintal, o detalhe que afasta os animais da sua resid\u00eancia - Estado de Minas - Em foco","description":"A presen\u00e7a de animais rasteiros em \u00e1reas residenciais gera medo e riscos constantes. Saiba como pequenos ajustes no quintal protegem a casa.","robots":{"index":"index","follow":"follow","max-snippet":"max-snippet:-1","max-image-preview":"max-image-preview:large","max-video-preview":"max-video-preview:-1"},"canonical":"https:\/\/www.em.com.br\/emfoco\/2026\/05\/01\/chega-de-medo-de-cobras-no-quintal-o-detalhe-que-afasta-os-animais-da-sua-residencia\/","og_locale":"pt_BR","og_type":"article","og_title":"Chega de medo de cobras no quintal, o detalhe que afasta os animais da sua resid\u00eancia - Estado de Minas - Em foco","og_description":"A presen\u00e7a de animais rasteiros em \u00e1reas residenciais gera medo e riscos constantes. Saiba como pequenos ajustes no quintal protegem a casa.","og_url":"https:\/\/www.em.com.br\/emfoco\/2026\/05\/01\/chega-de-medo-de-cobras-no-quintal-o-detalhe-que-afasta-os-animais-da-sua-residencia\/","og_site_name":"Estado de Minas - Em foco","article_published_time":"2026-05-01T20:55:00+00:00","article_modified_time":"2026-04-30T20:55:44+00:00","og_image":[{"width":1280,"height":720,"url":"https:\/\/www.em.com.br\/emfoco\/wp-content\/uploads\/2026\/05\/EmFoco_48.jpg","type":"image\/jpeg"}],"author":"Daniely Cardoso","twitter_card":"summary_large_image","twitter_misc":{"Escrito por":"Daniely Cardoso","Est. tempo de leitura":"5 minutos"},"schema":{"@context":"https:\/\/schema.org","@graph":[{"@type":"WebPage","@id":"https:\/\/www.em.com.br\/emfoco\/2026\/05\/01\/chega-de-medo-de-cobras-no-quintal-o-detalhe-que-afasta-os-animais-da-sua-residencia\/","url":"https:\/\/www.em.com.br\/emfoco\/2026\/05\/01\/chega-de-medo-de-cobras-no-quintal-o-detalhe-que-afasta-os-animais-da-sua-residencia\/","name":"Chega de medo de cobras no quintal, o detalhe que afasta os animais da sua resid\u00eancia - Estado de Minas - Em foco","isPartOf":{"@id":"https:\/\/www.em.com.br\/emfoco\/#website"},"primaryImageOfPage":{"@id":"https:\/\/www.em.com.br\/emfoco\/2026\/05\/01\/chega-de-medo-de-cobras-no-quintal-o-detalhe-que-afasta-os-animais-da-sua-residencia\/#primaryimage"},"image":{"@id":"https:\/\/www.em.com.br\/emfoco\/2026\/05\/01\/chega-de-medo-de-cobras-no-quintal-o-detalhe-que-afasta-os-animais-da-sua-residencia\/#primaryimage"},"thumbnailUrl":"https:\/\/www.em.com.br\/emfoco\/wp-content\/uploads\/2026\/05\/EmFoco_48.jpg","datePublished":"2026-05-01T20:55:00+00:00","dateModified":"2026-04-30T20:55:44+00:00","author":{"@id":"https:\/\/www.em.com.br\/emfoco\/#\/schema\/person\/0a8186d72f2c3a5c6276d90b41f271a0"},"description":"A presen\u00e7a de animais rasteiros em \u00e1reas residenciais gera medo e riscos constantes. Saiba como pequenos ajustes no quintal protegem a casa.","breadcrumb":{"@id":"https:\/\/www.em.com.br\/emfoco\/2026\/05\/01\/chega-de-medo-de-cobras-no-quintal-o-detalhe-que-afasta-os-animais-da-sua-residencia\/#breadcrumb"},"inLanguage":"pt-BR","potentialAction":[{"@type":"ReadAction","target":["https:\/\/www.em.com.br\/emfoco\/2026\/05\/01\/chega-de-medo-de-cobras-no-quintal-o-detalhe-que-afasta-os-animais-da-sua-residencia\/"]}]},{"@type":"ImageObject","inLanguage":"pt-BR","@id":"https:\/\/www.em.com.br\/emfoco\/2026\/05\/01\/chega-de-medo-de-cobras-no-quintal-o-detalhe-que-afasta-os-animais-da-sua-residencia\/#primaryimage","url":"https:\/\/www.em.com.br\/emfoco\/wp-content\/uploads\/2026\/05\/EmFoco_48.jpg","contentUrl":"https:\/\/www.em.com.br\/emfoco\/wp-content\/uploads\/2026\/05\/EmFoco_48.jpg","width":1280,"height":720,"caption":"Manuten\u00e7\u00e3o da vegeta\u00e7\u00e3o e controle de pragas evitam presen\u00e7a de cobras"},{"@type":"BreadcrumbList","@id":"https:\/\/www.em.com.br\/emfoco\/2026\/05\/01\/chega-de-medo-de-cobras-no-quintal-o-detalhe-que-afasta-os-animais-da-sua-residencia\/#breadcrumb","itemListElement":[{"@type":"ListItem","position":1,"name":"In\u00edcio","item":"https:\/\/www.em.com.br\/emfoco\/"},{"@type":"ListItem","position":2,"name":"Chega de medo de cobras no quintal, o detalhe que afasta os animais da sua resid\u00eancia"}]},{"@type":"WebSite","@id":"https:\/\/www.em.com.br\/emfoco\/#website","url":"https:\/\/www.em.com.br\/emfoco\/","name":"Estado de Minas - Em foco","description":"Acompanhe as \u00faltimas not\u00edcias e fique bem informado sobre tudo o que acontece em Minas Gerais, Brasil e no mundo.","potentialAction":[{"@type":"SearchAction","target":{"@type":"EntryPoint","urlTemplate":"https:\/\/www.em.com.br\/emfoco\/?s={search_term_string}"},"query-input":{"@type":"PropertyValueSpecification","valueRequired":true,"valueName":"search_term_string"}}],"inLanguage":"pt-BR"},{"@type":"Person","@id":"https:\/\/www.em.com.br\/emfoco\/#\/schema\/person\/0a8186d72f2c3a5c6276d90b41f271a0","name":"Daniely Cardoso","image":{"@type":"ImageObject","inLanguage":"pt-BR","@id":"https:\/\/www.em.com.br\/emfoco\/#\/schema\/person\/image\/","url":"https:\/\/secure.gravatar.com\/avatar\/4b80ddbd124d1f071b626d52d62e5dff?s=96&d=mm&r=g","contentUrl":"https:\/\/secure.gravatar.com\/avatar\/4b80ddbd124d1f071b626d52d62e5dff?s=96&d=mm&r=g","caption":"Daniely Cardoso"},"url":"https:\/\/www.em.com.br\/emfoco\/author\/danielymyth\/"}]}},"_links":{"self":[{"href":"https:\/\/www.em.com.br\/emfoco\/wp-json\/wp\/v2\/posts\/202158","targetHints":{"allow":["GET"]}}],"collection":[{"href":"https:\/\/www.em.com.br\/emfoco\/wp-json\/wp\/v2\/posts"}],"about":[{"href":"https:\/\/www.em.com.br\/emfoco\/wp-json\/wp\/v2\/types\/post"}],"author":[{"embeddable":true,"href":"https:\/\/www.em.com.br\/emfoco\/wp-json\/wp\/v2\/users\/9"}],"replies":[{"embeddable":true,"href":"https:\/\/www.em.com.br\/emfoco\/wp-json\/wp\/v2\/comments?post=202158"}],"version-history":[{"count":1,"href":"https:\/\/www.em.com.br\/emfoco\/wp-json\/wp\/v2\/posts\/202158\/revisions"}],"predecessor-version":[{"id":202172,"href":"https:\/\/www.em.com.br\/emfoco\/wp-json\/wp\/v2\/posts\/202158\/revisions\/202172"}],"wp:featuredmedia":[{"embeddable":true,"href":"https:\/\/www.em.com.br\/emfoco\/wp-json\/wp\/v2\/media\/202234"}],"wp:attachment":[{"href":"https:\/\/www.em.com.br\/emfoco\/wp-json\/wp\/v2\/media?parent=202158"}],"wp:term":[{"taxonomy":"category","embeddable":true,"href":"https:\/\/www.em.com.br\/emfoco\/wp-json\/wp\/v2\/categories?post=202158"},{"taxonomy":"post_tag","embeddable":true,"href":"https:\/\/www.em.com.br\/emfoco\/wp-json\/wp\/v2\/tags?post=202158"}],"curies":[{"name":"wp","href":"https:\/\/api.w.org\/{rel}","templated":true}]}}