{"id":202154,"date":"2026-05-01T07:45:00","date_gmt":"2026-05-01T10:45:00","guid":{"rendered":"https:\/\/www.em.com.br\/emfoco\/?p=202154"},"modified":"2026-05-01T01:44:34","modified_gmt":"2026-05-01T04:44:34","slug":"nova-regra-de-heranca-pode-impedir-venda-de-imovel-por-ate-10-anos-entenda-em-quais-casos-essa-limitacao-se-aplica","status":"publish","type":"post","link":"https:\/\/www.em.com.br\/emfoco\/2026\/05\/01\/nova-regra-de-heranca-pode-impedir-venda-de-imovel-por-ate-10-anos-entenda-em-quais-casos-essa-limitacao-se-aplica\/","title":{"rendered":"Nova regra de heran\u00e7a pode impedir venda de im\u00f3vel por at\u00e9 10 anos: entenda em quais casos essa limita\u00e7\u00e3o se aplica"},"content":{"rendered":"\n<p>A <strong>nova regra de heran\u00e7a<\/strong> e as normas de prote\u00e7\u00e3o ao patrim\u00f4nio na <strong>Col\u00f4mbia<\/strong> estabelecem que bens herdados por menores possuem restri\u00e7\u00f5es severas de venda. O objetivo central \u00e9 garantir que os direitos dos herdeiros com menos de <strong>18 anos<\/strong> sejam preservados contra administra\u00e7\u00f5es prejudiciais.<\/p>\n\n\n\n<h2 class=\"wp-block-heading\">Como funciona a prote\u00e7\u00e3o de bens para menores na Col\u00f4mbia?<\/h2>\n\n\n\n<p>O sistema jur\u00eddico colombiano determina que im\u00f3veis pertencentes a menores n\u00e3o podem ser alienados ou hipotecados livremente pelos respons\u00e1veis. Essa prote\u00e7\u00e3o est\u00e1 fundamentada no <strong>C\u00f3digo Civil<\/strong> do pa\u00eds, que exige a comprova\u00e7\u00e3o de necessidade ou vantagem \u00f3bvia para a crian\u00e7a antes de qualquer transa\u00e7\u00e3o comercial.<\/p>\n\n\n\n<p>Para que um im\u00f3vel seja vendido, \u00e9 obrigat\u00f3ria uma autoriza\u00e7\u00e3o judicial ou notarial, processo que envolve o conhecimento de causa pelo juiz. Se o herdeiro for muito jovem, o bloqueio pr\u00e1tico pode durar at\u00e9 uma d\u00e9cada, per\u00edodo necess\u00e1rio para que ele atinja a <strong>maioridade civil<\/strong> e possa assinar documentos por conta pr\u00f3pria.<\/p>\n\n\n<div class=\"wp-block-image\">\n<figure class=\"aligncenter size-large\"><img loading=\"lazy\" decoding=\"async\" width=\"1024\" height=\"576\" src=\"https:\/\/www.em.com.br\/emfoco\/wp-content\/uploads\/2026\/05\/codigo-civil-1-1024x576.jpg\" alt=\"Entenda a regra que impede a venda de bens por uma d\u00e9cada\" class=\"wp-image-202477\" srcset=\"https:\/\/www.em.com.br\/emfoco\/wp-content\/uploads\/2026\/05\/codigo-civil-1-1024x576.jpg 1024w, https:\/\/www.em.com.br\/emfoco\/wp-content\/uploads\/2026\/05\/codigo-civil-1-300x169.jpg 300w, https:\/\/www.em.com.br\/emfoco\/wp-content\/uploads\/2026\/05\/codigo-civil-1-768x432.jpg 768w, https:\/\/www.em.com.br\/emfoco\/wp-content\/uploads\/2026\/05\/codigo-civil-1-750x422.jpg 750w, https:\/\/www.em.com.br\/emfoco\/wp-content\/uploads\/2026\/05\/codigo-civil-1-1140x641.jpg 1140w, https:\/\/www.em.com.br\/emfoco\/wp-content\/uploads\/2026\/05\/codigo-civil-1.jpg 1280w\" sizes=\"auto, (max-width: 1024px) 100vw, 1024px\" \/><figcaption class=\"wp-element-caption\">Entenda a regra que impede a venda de bens por uma d\u00e9cada<\/figcaption><\/figure><\/div>\n\n\n<h2 class=\"wp-block-heading\">Por que o prazo de restri\u00e7\u00e3o pode chegar a 10 anos?<\/h2>\n\n\n\n<p>O tempo de impedimento para a venda n\u00e3o \u00e9 um n\u00famero fixo na legisla\u00e7\u00e3o, mas sim o reflexo da idade do herdeiro no momento do falecimento. Se uma crian\u00e7a de <strong>8 anos<\/strong> recebe um im\u00f3vel, a restri\u00e7\u00e3o judicial de venda perdura, em regra, pelos <strong>10 anos<\/strong> seguintes at\u00e9 que ela complete a maioridade.<\/p>\n\n\n\n<p>Durante esse intervalo, os pais ou tutores exercem a gest\u00e3o do patrim\u00f4nio, mas n\u00e3o possuem o poder de disposi\u00e7\u00e3o sobre o bem. Confira os pontos fundamentais dessa administra\u00e7\u00e3o:<\/p>\n\n\n\n<ul class=\"wp-block-list\">\n<li><strong>P\u00e1tria potestad<\/strong>: Gest\u00e3o exercida pelos pais sob supervis\u00e3o do Estado.<\/li>\n\n\n\n<li><strong>Rendimentos<\/strong>: Alugu\u00e9is podem ser usados apenas para sa\u00fade e educa\u00e7\u00e3o do menor.<\/li>\n<\/ul>\n\n\n\n<h2 class=\"wp-block-heading\">Quais s\u00e3o as exig\u00eancias para vender um im\u00f3vel de herdeiro menor?<\/h2>\n\n\n\n<p>A venda de um bem de um menor de idade na <strong>Col\u00f4mbia<\/strong> \u00e9 considerada uma exce\u00e7\u00e3o e exige um tr\u00e2mite rigoroso. O representante legal deve entrar com um pedido de autoriza\u00e7\u00e3o, e caso o juiz conceda a licen\u00e7a, ela possui validade limitada de <strong>seis meses<\/strong> para ser conclu\u00edda.<\/p>\n\n\n\n<p>Para entender melhor os conceitos de sucess\u00e3o e os <a href=\"https:\/\/www.em.com.br\/emfoco\/2026\/04\/30\/entrou-em-vigor-a-lei-que-proibe-deixar-caes-sem-supervisao-por-mais-de-24-horas\/\" target=\"_blank\" rel=\"noreferrer noopener\">direitos envolvidos<\/a> nesse tipo de processo, \u00e9 importante conhecer essas defini\u00e7\u00f5es b\u00e1sicas. Sem seguir esses protocolos, qualquer tentativa de registro de venda em cart\u00f3rio \u00e9 considerada nula, protegendo o patrim\u00f4nio do herdeiro de poss\u00edveis fraudes ou m\u00e1 gest\u00e3o.<\/p>\n\n\n\n<h2 class=\"wp-block-heading\">O que mudou com a nova regra de heran\u00e7a no Brasil?<\/h2>\n\n\n\n<p>No territ\u00f3rio brasileiro, o cen\u00e1rio tamb\u00e9m exige cautela, especialmente com a recente <strong>Resolu\u00e7\u00e3o CNJ n\u00ba 571\/2024<\/strong>. Agora, \u00e9 permitido realizar invent\u00e1rios extrajudiciais com herdeiros menores, desde que haja consenso e uma autoriza\u00e7\u00e3o judicial pr\u00e9via que valide a partilha dos bens de forma justa.<\/p>\n\n\n\n<p>Mesmo com essa moderniza\u00e7\u00e3o, a regra de venda permanece r\u00edgida: para alienar um im\u00f3vel de um menor, o administrador precisa de um alvar\u00e1 judicial. O <strong>Minist\u00e9rio P\u00fablico<\/strong> atua obrigatoriamente nesses casos para fiscalizar se o dinheiro da venda ser\u00e1 depositado em conta judicial ou reinvestido em benef\u00edcio direto do jovem propriet\u00e1rio.<\/p>\n\n\n\n<p>Para detalhes sobre normas espec\u00edficas e tr\u00e2mites de prote\u00e7\u00e3o ao menor, o portal do <a href=\"https:\/\/www.gov.br\/mj\/pt-br\" target=\"_blank\" rel=\"noreferrer noopener\">Minist\u00e9rio da Justi\u00e7a<\/a> oferece diretrizes sobre direitos civis e assist\u00eancia jur\u00eddica. Veja abaixo as principais diferen\u00e7as de procedimentos:<\/p>\n\n\n<div class=\"wp-block-image\">\n<figure class=\"aligncenter size-large is-resized\"><img loading=\"lazy\" decoding=\"async\" width=\"1024\" height=\"556\" src=\"https:\/\/www.em.com.br\/emfoco\/wp-content\/uploads\/2026\/05\/image-1-1024x556.png\" alt=\"\" class=\"wp-image-202434\" style=\"width:792px;height:auto\" srcset=\"https:\/\/www.em.com.br\/emfoco\/wp-content\/uploads\/2026\/05\/image-1-1024x556.png 1024w, https:\/\/www.em.com.br\/emfoco\/wp-content\/uploads\/2026\/05\/image-1-300x163.png 300w, https:\/\/www.em.com.br\/emfoco\/wp-content\/uploads\/2026\/05\/image-1-768x417.png 768w, https:\/\/www.em.com.br\/emfoco\/wp-content\/uploads\/2026\/05\/image-1-750x407.png 750w, https:\/\/www.em.com.br\/emfoco\/wp-content\/uploads\/2026\/05\/image-1-1140x619.png 1140w, https:\/\/www.em.com.br\/emfoco\/wp-content\/uploads\/2026\/05\/image-1.png 1280w\" sizes=\"auto, (max-width: 1024px) 100vw, 1024px\" \/><\/figure><\/div>\n\n\n<h2 class=\"wp-block-heading\">Quando a restri\u00e7\u00e3o pode ultrapassar a maioridade do herdeiro?<\/h2>\n\n\n\n<p>Existem situa\u00e7\u00f5es em que o impedimento de venda n\u00e3o termina aos <strong>18 anos<\/strong>, como em casos de herdeiros com defici\u00eancias que limitem sua capacidade civil. Nesses cen\u00e1rios, a curatela permanece ativa, e o juiz continuar\u00e1 supervisionando qualquer tentativa de onerar ou vender o patrim\u00f4nio herdado para evitar abusos.<\/p>\n\n\n\n<p>O encerramento de um processo sucess\u00f3rio que envolve menores exige paci\u00eancia e o cumprimento estrito das normas de cada pa\u00eds. Seja na <strong>Col\u00f4mbia<\/strong> ou no <strong>Brasil<\/strong>, a lei prioriza a seguran\u00e7a financeira do herdeiro em detrimento da agilidade comercial dos bens.<\/p>\n","protected":false},"excerpt":{"rendered":"<p>A nova regra de heran\u00e7a e as normas de prote\u00e7\u00e3o ao patrim\u00f4nio na Col\u00f4mbia estabelecem que bens herdados por menores possuem restri\u00e7\u00f5es severas de venda. O objetivo central \u00e9 garantir que os direitos dos herdeiros com menos de 18 anos sejam preservados contra administra\u00e7\u00f5es prejudiciais. Como funciona a prote\u00e7\u00e3o de bens para menores na Col\u00f4mbia? [&hellip;]<\/p>\n","protected":false},"author":30,"featured_media":202313,"comment_status":"open","ping_status":"open","sticky":false,"template":"","format":"standard","meta":{"jnews-multi-image_gallery":[],"jnews_single_post":{"format":"standard"},"jnews_primary_category":[],"jnews_social_meta":[],"jnews_override_counter":[],"footnotes":""},"categories":[28],"tags":[4472,1452,12376,2219],"class_list":["post-202154","post","type-post","status-publish","format-standard","has-post-thumbnail","hentry","category-economia","tag-colombia","tag-heranca","tag-imovel","tag-inventario"],"yoast_head":"<!-- This site is optimized with the Yoast SEO plugin v23.8 - https:\/\/yoast.com\/wordpress\/plugins\/seo\/ -->\n<title>Nova regra de heran\u00e7a pode impedir venda de im\u00f3vel por at\u00e9 10 anos: entenda em quais casos essa limita\u00e7\u00e3o se aplica - Estado de Minas - Em foco<\/title>\n<meta name=\"description\" content=\"Entenda como esta nova regra pode travar a venda de im\u00f3vel por at\u00e9 10 anos e veja em quais casos a limita\u00e7\u00e3o passa a valer na pr\u00e1tica.\" \/>\n<meta name=\"robots\" content=\"index, follow, max-snippet:-1, max-image-preview:large, max-video-preview:-1\" \/>\n<link rel=\"canonical\" href=\"https:\/\/www.em.com.br\/emfoco\/2026\/05\/01\/nova-regra-de-heranca-pode-impedir-venda-de-imovel-por-ate-10-anos-entenda-em-quais-casos-essa-limitacao-se-aplica\/\" \/>\n<meta property=\"og:locale\" content=\"pt_BR\" \/>\n<meta property=\"og:type\" content=\"article\" \/>\n<meta property=\"og:title\" content=\"Nova regra de heran\u00e7a pode impedir venda de im\u00f3vel por at\u00e9 10 anos: entenda em quais casos essa limita\u00e7\u00e3o se aplica - Estado de Minas - Em foco\" \/>\n<meta property=\"og:description\" content=\"Entenda como esta nova regra pode travar a venda de im\u00f3vel por at\u00e9 10 anos e veja em quais casos a limita\u00e7\u00e3o passa a valer na pr\u00e1tica.\" \/>\n<meta property=\"og:url\" content=\"https:\/\/www.em.com.br\/emfoco\/2026\/05\/01\/nova-regra-de-heranca-pode-impedir-venda-de-imovel-por-ate-10-anos-entenda-em-quais-casos-essa-limitacao-se-aplica\/\" \/>\n<meta property=\"og:site_name\" content=\"Estado de Minas - Em foco\" \/>\n<meta property=\"article:published_time\" content=\"2026-05-01T10:45:00+00:00\" \/>\n<meta property=\"article:modified_time\" content=\"2026-05-01T04:44:34+00:00\" \/>\n<meta property=\"og:image\" content=\"https:\/\/www.em.com.br\/emfoco\/wp-content\/uploads\/2026\/05\/EmFoco_59.jpg\" \/>\n\t<meta property=\"og:image:width\" content=\"1280\" \/>\n\t<meta property=\"og:image:height\" content=\"720\" \/>\n\t<meta property=\"og:image:type\" content=\"image\/jpeg\" \/>\n<meta name=\"author\" content=\"Guilherme Ara\u00fajo\" \/>\n<meta name=\"twitter:card\" content=\"summary_large_image\" \/>\n<meta name=\"twitter:label1\" content=\"Escrito por\" \/>\n\t<meta name=\"twitter:data1\" content=\"Guilherme Ara\u00fajo\" \/>\n\t<meta name=\"twitter:label2\" content=\"Est. tempo de leitura\" \/>\n\t<meta name=\"twitter:data2\" content=\"5 minutos\" \/>\n<!-- \/ Yoast SEO plugin. -->","yoast_head_json":{"title":"Nova regra de heran\u00e7a pode impedir venda de im\u00f3vel por at\u00e9 10 anos: entenda em quais casos essa limita\u00e7\u00e3o se aplica - Estado de Minas - Em foco","description":"Entenda como esta nova regra pode travar a venda de im\u00f3vel por at\u00e9 10 anos e veja em quais casos a limita\u00e7\u00e3o passa a valer na pr\u00e1tica.","robots":{"index":"index","follow":"follow","max-snippet":"max-snippet:-1","max-image-preview":"max-image-preview:large","max-video-preview":"max-video-preview:-1"},"canonical":"https:\/\/www.em.com.br\/emfoco\/2026\/05\/01\/nova-regra-de-heranca-pode-impedir-venda-de-imovel-por-ate-10-anos-entenda-em-quais-casos-essa-limitacao-se-aplica\/","og_locale":"pt_BR","og_type":"article","og_title":"Nova regra de heran\u00e7a pode impedir venda de im\u00f3vel por at\u00e9 10 anos: entenda em quais casos essa limita\u00e7\u00e3o se aplica - Estado de Minas - Em foco","og_description":"Entenda como esta nova regra pode travar a venda de im\u00f3vel por at\u00e9 10 anos e veja em quais casos a limita\u00e7\u00e3o passa a valer na pr\u00e1tica.","og_url":"https:\/\/www.em.com.br\/emfoco\/2026\/05\/01\/nova-regra-de-heranca-pode-impedir-venda-de-imovel-por-ate-10-anos-entenda-em-quais-casos-essa-limitacao-se-aplica\/","og_site_name":"Estado de Minas - Em foco","article_published_time":"2026-05-01T10:45:00+00:00","article_modified_time":"2026-05-01T04:44:34+00:00","og_image":[{"width":1280,"height":720,"url":"https:\/\/www.em.com.br\/emfoco\/wp-content\/uploads\/2026\/05\/EmFoco_59.jpg","type":"image\/jpeg"}],"author":"Guilherme Ara\u00fajo","twitter_card":"summary_large_image","twitter_misc":{"Escrito por":"Guilherme Ara\u00fajo","Est. tempo de leitura":"5 minutos"},"schema":{"@context":"https:\/\/schema.org","@graph":[{"@type":"WebPage","@id":"https:\/\/www.em.com.br\/emfoco\/2026\/05\/01\/nova-regra-de-heranca-pode-impedir-venda-de-imovel-por-ate-10-anos-entenda-em-quais-casos-essa-limitacao-se-aplica\/","url":"https:\/\/www.em.com.br\/emfoco\/2026\/05\/01\/nova-regra-de-heranca-pode-impedir-venda-de-imovel-por-ate-10-anos-entenda-em-quais-casos-essa-limitacao-se-aplica\/","name":"Nova regra de heran\u00e7a pode impedir venda de im\u00f3vel por at\u00e9 10 anos: entenda em quais casos essa limita\u00e7\u00e3o se aplica - Estado de Minas - Em foco","isPartOf":{"@id":"https:\/\/www.em.com.br\/emfoco\/#website"},"primaryImageOfPage":{"@id":"https:\/\/www.em.com.br\/emfoco\/2026\/05\/01\/nova-regra-de-heranca-pode-impedir-venda-de-imovel-por-ate-10-anos-entenda-em-quais-casos-essa-limitacao-se-aplica\/#primaryimage"},"image":{"@id":"https:\/\/www.em.com.br\/emfoco\/2026\/05\/01\/nova-regra-de-heranca-pode-impedir-venda-de-imovel-por-ate-10-anos-entenda-em-quais-casos-essa-limitacao-se-aplica\/#primaryimage"},"thumbnailUrl":"https:\/\/www.em.com.br\/emfoco\/wp-content\/uploads\/2026\/05\/EmFoco_59.jpg","datePublished":"2026-05-01T10:45:00+00:00","dateModified":"2026-05-01T04:44:34+00:00","author":{"@id":"https:\/\/www.em.com.br\/emfoco\/#\/schema\/person\/5379e929a4b966c775d121e23f9bb421"},"description":"Entenda como esta nova regra pode travar a venda de im\u00f3vel por at\u00e9 10 anos e veja em quais casos a limita\u00e7\u00e3o passa a valer na pr\u00e1tica.","breadcrumb":{"@id":"https:\/\/www.em.com.br\/emfoco\/2026\/05\/01\/nova-regra-de-heranca-pode-impedir-venda-de-imovel-por-ate-10-anos-entenda-em-quais-casos-essa-limitacao-se-aplica\/#breadcrumb"},"inLanguage":"pt-BR","potentialAction":[{"@type":"ReadAction","target":["https:\/\/www.em.com.br\/emfoco\/2026\/05\/01\/nova-regra-de-heranca-pode-impedir-venda-de-imovel-por-ate-10-anos-entenda-em-quais-casos-essa-limitacao-se-aplica\/"]}]},{"@type":"ImageObject","inLanguage":"pt-BR","@id":"https:\/\/www.em.com.br\/emfoco\/2026\/05\/01\/nova-regra-de-heranca-pode-impedir-venda-de-imovel-por-ate-10-anos-entenda-em-quais-casos-essa-limitacao-se-aplica\/#primaryimage","url":"https:\/\/www.em.com.br\/emfoco\/wp-content\/uploads\/2026\/05\/EmFoco_59.jpg","contentUrl":"https:\/\/www.em.com.br\/emfoco\/wp-content\/uploads\/2026\/05\/EmFoco_59.jpg","width":1280,"height":720,"caption":"Normas jur\u00eddicas restringem venda de bens herdados por menores visando prote\u00e7\u00e3o patrimonial"},{"@type":"BreadcrumbList","@id":"https:\/\/www.em.com.br\/emfoco\/2026\/05\/01\/nova-regra-de-heranca-pode-impedir-venda-de-imovel-por-ate-10-anos-entenda-em-quais-casos-essa-limitacao-se-aplica\/#breadcrumb","itemListElement":[{"@type":"ListItem","position":1,"name":"In\u00edcio","item":"https:\/\/www.em.com.br\/emfoco\/"},{"@type":"ListItem","position":2,"name":"Nova regra de heran\u00e7a pode impedir venda de im\u00f3vel por at\u00e9 10 anos: entenda em quais casos essa limita\u00e7\u00e3o se aplica"}]},{"@type":"WebSite","@id":"https:\/\/www.em.com.br\/emfoco\/#website","url":"https:\/\/www.em.com.br\/emfoco\/","name":"Estado de Minas - Em foco","description":"Acompanhe as \u00faltimas not\u00edcias e fique bem informado sobre tudo o que acontece em Minas Gerais, Brasil e no mundo.","potentialAction":[{"@type":"SearchAction","target":{"@type":"EntryPoint","urlTemplate":"https:\/\/www.em.com.br\/emfoco\/?s={search_term_string}"},"query-input":{"@type":"PropertyValueSpecification","valueRequired":true,"valueName":"search_term_string"}}],"inLanguage":"pt-BR"},{"@type":"Person","@id":"https:\/\/www.em.com.br\/emfoco\/#\/schema\/person\/5379e929a4b966c775d121e23f9bb421","name":"Guilherme Ara\u00fajo","image":{"@type":"ImageObject","inLanguage":"pt-BR","@id":"https:\/\/www.em.com.br\/emfoco\/#\/schema\/person\/image\/","url":"https:\/\/secure.gravatar.com\/avatar\/b8bf1fd0130e170bd8f5d7298dbafa25?s=96&d=mm&r=g","contentUrl":"https:\/\/secure.gravatar.com\/avatar\/b8bf1fd0130e170bd8f5d7298dbafa25?s=96&d=mm&r=g","caption":"Guilherme Ara\u00fajo"},"sameAs":["https:\/\/www.em.com.br\/emfoco"],"url":"https:\/\/www.em.com.br\/emfoco\/author\/guilhermeamyth\/"}]}},"_links":{"self":[{"href":"https:\/\/www.em.com.br\/emfoco\/wp-json\/wp\/v2\/posts\/202154","targetHints":{"allow":["GET"]}}],"collection":[{"href":"https:\/\/www.em.com.br\/emfoco\/wp-json\/wp\/v2\/posts"}],"about":[{"href":"https:\/\/www.em.com.br\/emfoco\/wp-json\/wp\/v2\/types\/post"}],"author":[{"embeddable":true,"href":"https:\/\/www.em.com.br\/emfoco\/wp-json\/wp\/v2\/users\/30"}],"replies":[{"embeddable":true,"href":"https:\/\/www.em.com.br\/emfoco\/wp-json\/wp\/v2\/comments?post=202154"}],"version-history":[{"count":4,"href":"https:\/\/www.em.com.br\/emfoco\/wp-json\/wp\/v2\/posts\/202154\/revisions"}],"predecessor-version":[{"id":202484,"href":"https:\/\/www.em.com.br\/emfoco\/wp-json\/wp\/v2\/posts\/202154\/revisions\/202484"}],"wp:featuredmedia":[{"embeddable":true,"href":"https:\/\/www.em.com.br\/emfoco\/wp-json\/wp\/v2\/media\/202313"}],"wp:attachment":[{"href":"https:\/\/www.em.com.br\/emfoco\/wp-json\/wp\/v2\/media?parent=202154"}],"wp:term":[{"taxonomy":"category","embeddable":true,"href":"https:\/\/www.em.com.br\/emfoco\/wp-json\/wp\/v2\/categories?post=202154"},{"taxonomy":"post_tag","embeddable":true,"href":"https:\/\/www.em.com.br\/emfoco\/wp-json\/wp\/v2\/tags?post=202154"}],"curies":[{"name":"wp","href":"https:\/\/api.w.org\/{rel}","templated":true}]}}