{"id":202153,"date":"2026-05-01T10:15:00","date_gmt":"2026-05-01T13:15:00","guid":{"rendered":"https:\/\/www.em.com.br\/emfoco\/?p=202153"},"modified":"2026-05-01T01:44:48","modified_gmt":"2026-05-01T04:44:48","slug":"salario-minimo-com-aumento-confirmado-veja-como-ficam-os-pagamentos-dos-trabalhadores-nos-proximos-meses-de-2026","status":"publish","type":"post","link":"https:\/\/www.em.com.br\/emfoco\/2026\/05\/01\/salario-minimo-com-aumento-confirmado-veja-como-ficam-os-pagamentos-dos-trabalhadores-nos-proximos-meses-de-2026\/","title":{"rendered":"Sal\u00e1rio m\u00ednimo com aumento confirmado: veja como ficam os pagamentos dos trabalhadores nos pr\u00f3ximos meses de 2026"},"content":{"rendered":"\n<p>O <strong>sal\u00e1rio m\u00ednimo<\/strong> na <strong>Col\u00f4mbia <\/strong>em 2026 j\u00e1 tem valor definido e impacta diretamente o bolso dos trabalhadores nos pr\u00f3ximos meses. Com reajuste confirmado e <strong>inclus\u00e3o do aux\u00edlio de transporte<\/strong>, o novo total chama aten\u00e7\u00e3o e levanta d\u00favidas sobre quem recebe e como ser\u00e1 pago.<\/p>\n\n\n\n<h2 class=\"wp-block-heading\">Como funciona o c\u00e1lculo do aumento na Col\u00f4mbia?<\/h2>\n\n\n\n<p>Diferente de anos anteriores, o reajuste atual combina a infla\u00e7\u00e3o de <strong>2025<\/strong> com um componente inovador chamado de &#8220;sal\u00e1rio vital&#8221;, focado em reduzir brechas hist\u00f3ricas de produtividade.<\/p>\n\n\n\n<p>O aumento de <strong>23%<\/strong> sobre o piso anterior beneficia cerca de <strong>2,4 milh\u00f5es<\/strong> de trabalhadores formais, impactando tamb\u00e9m aposentados e contratos de servi\u00e7os p\u00fablicos indexados ao <strong>sal\u00e1rio m\u00ednimo<\/strong>.<\/p>\n\n\n\n<h2 class=\"wp-block-heading\">Qual \u00e9 a situa\u00e7\u00e3o jur\u00eddica do novo valor?<\/h2>\n\n\n\n<p>Em fevereiro de <strong>2026<\/strong>, o <strong>Conselho de Estado<\/strong> da <strong>Col\u00f4mbia<\/strong> suspendeu temporariamente o decreto original devido a questionamentos t\u00e9cnicos sobre a legalidade do c\u00e1lculo do sal\u00e1rio vital.<\/p>\n\n\n\n<p>Para garantir a seguran\u00e7a jur\u00eddica, o governo editou o <strong>Decreto 0159<\/strong>, mantendo o valor de <strong>COP 2.000.000<\/strong> enquanto o tribunal realiza a an\u00e1lise final sobre a fundamenta\u00e7\u00e3o econ\u00f4mica da medida.<\/p>\n\n\n<div class=\"wp-block-image\">\n<figure class=\"aligncenter size-large\"><img loading=\"lazy\" decoding=\"async\" width=\"1024\" height=\"576\" src=\"https:\/\/www.em.com.br\/emfoco\/wp-content\/uploads\/2026\/05\/salario-minimo-1024x576.jpg\" alt=\"Sal\u00e1rio m\u00ednimo de R$ 1.621 est\u00e1 confirmado e muda os pagamentos dos pr\u00f3ximos meses\" class=\"wp-image-202480\" srcset=\"https:\/\/www.em.com.br\/emfoco\/wp-content\/uploads\/2026\/05\/salario-minimo-1024x576.jpg 1024w, https:\/\/www.em.com.br\/emfoco\/wp-content\/uploads\/2026\/05\/salario-minimo-300x169.jpg 300w, https:\/\/www.em.com.br\/emfoco\/wp-content\/uploads\/2026\/05\/salario-minimo-768x432.jpg 768w, https:\/\/www.em.com.br\/emfoco\/wp-content\/uploads\/2026\/05\/salario-minimo-750x422.jpg 750w, https:\/\/www.em.com.br\/emfoco\/wp-content\/uploads\/2026\/05\/salario-minimo-1140x641.jpg 1140w, https:\/\/www.em.com.br\/emfoco\/wp-content\/uploads\/2026\/05\/salario-minimo.jpg 1280w\" sizes=\"auto, (max-width: 1024px) 100vw, 1024px\" \/><figcaption class=\"wp-element-caption\">Sal\u00e1rio m\u00ednimo de R$ 1.621 est\u00e1 confirmado e muda os pagamentos dos pr\u00f3ximos meses<\/figcaption><\/figure><\/div>\n\n\n<h2 class=\"wp-block-heading\">Como o sal\u00e1rio m\u00ednimo colombiano se compara ao brasileiro?<\/h2>\n\n\n\n<p>No <strong>Brasil<\/strong>, o valor nacional foi reajustado para <strong>R$ 1.621,00<\/strong> em <strong>2026<\/strong>, seguindo a pol\u00edtica de valoriza\u00e7\u00e3o que une a infla\u00e7\u00e3o e o crescimento do <strong>PIB<\/strong>.<\/p>\n\n\n\n<p>Embora os valores nominais variem devido ao c\u00e2mbio, ambos os pa\u00edses enfrentam o desafio de equilibrar o poder de compra com as necessidades b\u00e1sicas de uma fam\u00edlia m\u00e9dia.<\/p>\n\n\n\n<p>Abaixo, voc\u00ea pode conferir como o reajuste impacta diferentes estados brasileiros que possuem pisos regionais espec\u00edficos:<\/p>\n\n\n<div class=\"wp-block-image\">\n<figure class=\"aligncenter size-large is-resized\"><img loading=\"lazy\" decoding=\"async\" width=\"1024\" height=\"666\" src=\"https:\/\/www.em.com.br\/emfoco\/wp-content\/uploads\/2026\/05\/image-3-1024x666.png\" alt=\"\" class=\"wp-image-202437\" style=\"width:738px;height:auto\" srcset=\"https:\/\/www.em.com.br\/emfoco\/wp-content\/uploads\/2026\/05\/image-3-1024x666.png 1024w, https:\/\/www.em.com.br\/emfoco\/wp-content\/uploads\/2026\/05\/image-3-300x195.png 300w, https:\/\/www.em.com.br\/emfoco\/wp-content\/uploads\/2026\/05\/image-3-768x500.png 768w, https:\/\/www.em.com.br\/emfoco\/wp-content\/uploads\/2026\/05\/image-3-750x488.png 750w, https:\/\/www.em.com.br\/emfoco\/wp-content\/uploads\/2026\/05\/image-3-1140x742.png 1140w, https:\/\/www.em.com.br\/emfoco\/wp-content\/uploads\/2026\/05\/image-3.png 1280w\" sizes=\"auto, (max-width: 1024px) 100vw, 1024px\" \/><\/figure><\/div>\n\n\n<p>Leia tamb\u00e9m: <a href=\"https:\/\/www.em.com.br\/emfoco\/2026\/04\/30\/entrou-em-vigor-a-lei-que-proibe-deixar-caes-sem-supervisao-por-mais-de-24-horas\/\" target=\"_blank\" rel=\"noreferrer noopener\">Entrou em vigor a lei que pro\u00edbe deixar c\u00e3es sem supervis\u00e3o por mais de 24 horas<\/a><\/p>\n\n\n\n<h2 class=\"wp-block-heading\">Quais s\u00e3o os impactos para o setor empresarial?<\/h2>\n\n\n\n<p>Entidades como a <strong>ANDI<\/strong> demonstraram preocupa\u00e7\u00e3o com o aumento expressivo registrado na <strong>Col\u00f4mbia<\/strong>, destacando que isso pode gerar press\u00e3o nos custos de contrata\u00e7\u00e3o e dificultar a formaliza\u00e7\u00e3o de novos empregos. Esse cen\u00e1rio tende a afetar diretamente a din\u00e2mica de crescimento das empresas, especialmente em um contexto econ\u00f4mico mais sens\u00edvel.<\/p>\n\n\n\n<p>O principal ponto de debate est\u00e1 na capacidade das micro e pequenas empresas de suportarem um reajuste salarial que supera com folga a<strong> infla\u00e7\u00e3o estimada em 5,3%<\/strong> para o per\u00edodo. Para muitos neg\u00f3cios menores, esse tipo de aumento pode exigir ajustes internos, como revis\u00e3o de despesas e reavalia\u00e7\u00e3o de contrata\u00e7\u00f5es.<\/p>\n\n\n\n<h2 class=\"wp-block-heading\">O que esperar para o restante de 2026?<\/h2>\n\n\n\n<p>Os trabalhadores colombianos devem ficar atentos \u00e0s decis\u00f5es do <a href=\"http:\/\/www.consejodeestado.gov.co\/\" target=\"_blank\" rel=\"noreferrer noopener\">Conselho de Estado<\/a>, que definir\u00e1 a validade permanente do decreto de reajuste nos pr\u00f3ximos meses.<\/p>\n\n\n\n<p>No cen\u00e1rio brasileiro, a aten\u00e7\u00e3o se volta para o cumprimento dos pisos estaduais e para o monitoramento da infla\u00e7\u00e3o, que dita o ritmo de consumo das fam\u00edlias que dependem do <strong>sal\u00e1rio m\u00ednimo<\/strong>.<\/p>\n","protected":false},"excerpt":{"rendered":"<p>O sal\u00e1rio m\u00ednimo na Col\u00f4mbia em 2026 j\u00e1 tem valor definido e impacta diretamente o bolso dos trabalhadores nos pr\u00f3ximos meses. Com reajuste confirmado e inclus\u00e3o do aux\u00edlio de transporte, o novo total chama aten\u00e7\u00e3o e levanta d\u00favidas sobre quem recebe e como ser\u00e1 pago. Como funciona o c\u00e1lculo do aumento na Col\u00f4mbia? Diferente de [&hellip;]<\/p>\n","protected":false},"author":30,"featured_media":202312,"comment_status":"open","ping_status":"open","sticky":false,"template":"","format":"standard","meta":{"jnews-multi-image_gallery":[],"jnews_single_post":{"format":"standard"},"jnews_primary_category":[],"jnews_social_meta":[],"jnews_override_counter":[],"footnotes":""},"categories":[28],"tags":[2433,158,4472,160],"class_list":["post-202153","post","type-post","status-publish","format-standard","has-post-thumbnail","hentry","category-economia","tag-2433","tag-brasil","tag-colombia","tag-economia"],"yoast_head":"<!-- This site is optimized with the Yoast SEO plugin v23.8 - https:\/\/yoast.com\/wordpress\/plugins\/seo\/ -->\n<title>Sal\u00e1rio m\u00ednimo com aumento confirmado: veja como ficam os pagamentos dos trabalhadores nos pr\u00f3ximos meses de 2026 - Estado de Minas - Em foco<\/title>\n<meta name=\"description\" content=\"Veja como este aumento no sal\u00e1rio m\u00ednimo muda pagamentos em 2026 e entenda quem recebe, valores atualizados e regras do novo c\u00e1lculo.\" \/>\n<meta name=\"robots\" content=\"index, follow, max-snippet:-1, max-image-preview:large, max-video-preview:-1\" \/>\n<link rel=\"canonical\" href=\"https:\/\/www.em.com.br\/emfoco\/2026\/05\/01\/salario-minimo-com-aumento-confirmado-veja-como-ficam-os-pagamentos-dos-trabalhadores-nos-proximos-meses-de-2026\/\" \/>\n<meta property=\"og:locale\" content=\"pt_BR\" \/>\n<meta property=\"og:type\" content=\"article\" \/>\n<meta property=\"og:title\" content=\"Sal\u00e1rio m\u00ednimo com aumento confirmado: veja como ficam os pagamentos dos trabalhadores nos pr\u00f3ximos meses de 2026 - Estado de Minas - Em foco\" \/>\n<meta property=\"og:description\" content=\"Veja como este aumento no sal\u00e1rio m\u00ednimo muda pagamentos em 2026 e entenda quem recebe, valores atualizados e regras do novo c\u00e1lculo.\" \/>\n<meta property=\"og:url\" content=\"https:\/\/www.em.com.br\/emfoco\/2026\/05\/01\/salario-minimo-com-aumento-confirmado-veja-como-ficam-os-pagamentos-dos-trabalhadores-nos-proximos-meses-de-2026\/\" \/>\n<meta property=\"og:site_name\" content=\"Estado de Minas - Em foco\" \/>\n<meta property=\"article:published_time\" content=\"2026-05-01T13:15:00+00:00\" \/>\n<meta property=\"article:modified_time\" content=\"2026-05-01T04:44:48+00:00\" \/>\n<meta property=\"og:image\" content=\"https:\/\/www.em.com.br\/emfoco\/wp-content\/uploads\/2026\/05\/EmFoco_60.jpg\" \/>\n\t<meta property=\"og:image:width\" content=\"1280\" \/>\n\t<meta property=\"og:image:height\" content=\"720\" \/>\n\t<meta property=\"og:image:type\" content=\"image\/jpeg\" \/>\n<meta name=\"author\" content=\"Guilherme Ara\u00fajo\" \/>\n<meta name=\"twitter:card\" content=\"summary_large_image\" \/>\n<meta name=\"twitter:label1\" content=\"Escrito por\" \/>\n\t<meta name=\"twitter:data1\" content=\"Guilherme Ara\u00fajo\" \/>\n\t<meta name=\"twitter:label2\" content=\"Est. tempo de leitura\" \/>\n\t<meta name=\"twitter:data2\" content=\"4 minutos\" \/>\n<!-- \/ Yoast SEO plugin. -->","yoast_head_json":{"title":"Sal\u00e1rio m\u00ednimo com aumento confirmado: veja como ficam os pagamentos dos trabalhadores nos pr\u00f3ximos meses de 2026 - Estado de Minas - Em foco","description":"Veja como este aumento no sal\u00e1rio m\u00ednimo muda pagamentos em 2026 e entenda quem recebe, valores atualizados e regras do novo c\u00e1lculo.","robots":{"index":"index","follow":"follow","max-snippet":"max-snippet:-1","max-image-preview":"max-image-preview:large","max-video-preview":"max-video-preview:-1"},"canonical":"https:\/\/www.em.com.br\/emfoco\/2026\/05\/01\/salario-minimo-com-aumento-confirmado-veja-como-ficam-os-pagamentos-dos-trabalhadores-nos-proximos-meses-de-2026\/","og_locale":"pt_BR","og_type":"article","og_title":"Sal\u00e1rio m\u00ednimo com aumento confirmado: veja como ficam os pagamentos dos trabalhadores nos pr\u00f3ximos meses de 2026 - Estado de Minas - Em foco","og_description":"Veja como este aumento no sal\u00e1rio m\u00ednimo muda pagamentos em 2026 e entenda quem recebe, valores atualizados e regras do novo c\u00e1lculo.","og_url":"https:\/\/www.em.com.br\/emfoco\/2026\/05\/01\/salario-minimo-com-aumento-confirmado-veja-como-ficam-os-pagamentos-dos-trabalhadores-nos-proximos-meses-de-2026\/","og_site_name":"Estado de Minas - Em foco","article_published_time":"2026-05-01T13:15:00+00:00","article_modified_time":"2026-05-01T04:44:48+00:00","og_image":[{"width":1280,"height":720,"url":"https:\/\/www.em.com.br\/emfoco\/wp-content\/uploads\/2026\/05\/EmFoco_60.jpg","type":"image\/jpeg"}],"author":"Guilherme Ara\u00fajo","twitter_card":"summary_large_image","twitter_misc":{"Escrito por":"Guilherme Ara\u00fajo","Est. tempo de leitura":"4 minutos"},"schema":{"@context":"https:\/\/schema.org","@graph":[{"@type":"WebPage","@id":"https:\/\/www.em.com.br\/emfoco\/2026\/05\/01\/salario-minimo-com-aumento-confirmado-veja-como-ficam-os-pagamentos-dos-trabalhadores-nos-proximos-meses-de-2026\/","url":"https:\/\/www.em.com.br\/emfoco\/2026\/05\/01\/salario-minimo-com-aumento-confirmado-veja-como-ficam-os-pagamentos-dos-trabalhadores-nos-proximos-meses-de-2026\/","name":"Sal\u00e1rio m\u00ednimo com aumento confirmado: veja como ficam os pagamentos dos trabalhadores nos pr\u00f3ximos meses de 2026 - Estado de Minas - Em foco","isPartOf":{"@id":"https:\/\/www.em.com.br\/emfoco\/#website"},"primaryImageOfPage":{"@id":"https:\/\/www.em.com.br\/emfoco\/2026\/05\/01\/salario-minimo-com-aumento-confirmado-veja-como-ficam-os-pagamentos-dos-trabalhadores-nos-proximos-meses-de-2026\/#primaryimage"},"image":{"@id":"https:\/\/www.em.com.br\/emfoco\/2026\/05\/01\/salario-minimo-com-aumento-confirmado-veja-como-ficam-os-pagamentos-dos-trabalhadores-nos-proximos-meses-de-2026\/#primaryimage"},"thumbnailUrl":"https:\/\/www.em.com.br\/emfoco\/wp-content\/uploads\/2026\/05\/EmFoco_60.jpg","datePublished":"2026-05-01T13:15:00+00:00","dateModified":"2026-05-01T04:44:48+00:00","author":{"@id":"https:\/\/www.em.com.br\/emfoco\/#\/schema\/person\/5379e929a4b966c775d121e23f9bb421"},"description":"Veja como este aumento no sal\u00e1rio m\u00ednimo muda pagamentos em 2026 e entenda quem recebe, valores atualizados e regras do novo c\u00e1lculo.","breadcrumb":{"@id":"https:\/\/www.em.com.br\/emfoco\/2026\/05\/01\/salario-minimo-com-aumento-confirmado-veja-como-ficam-os-pagamentos-dos-trabalhadores-nos-proximos-meses-de-2026\/#breadcrumb"},"inLanguage":"pt-BR","potentialAction":[{"@type":"ReadAction","target":["https:\/\/www.em.com.br\/emfoco\/2026\/05\/01\/salario-minimo-com-aumento-confirmado-veja-como-ficam-os-pagamentos-dos-trabalhadores-nos-proximos-meses-de-2026\/"]}]},{"@type":"ImageObject","inLanguage":"pt-BR","@id":"https:\/\/www.em.com.br\/emfoco\/2026\/05\/01\/salario-minimo-com-aumento-confirmado-veja-como-ficam-os-pagamentos-dos-trabalhadores-nos-proximos-meses-de-2026\/#primaryimage","url":"https:\/\/www.em.com.br\/emfoco\/wp-content\/uploads\/2026\/05\/EmFoco_60.jpg","contentUrl":"https:\/\/www.em.com.br\/emfoco\/wp-content\/uploads\/2026\/05\/EmFoco_60.jpg","width":1280,"height":720,"caption":"Reajuste do sal\u00e1rio m\u00ednimo colombiano em dois mil e vinte seis gera debates econ\u00f4micos"},{"@type":"BreadcrumbList","@id":"https:\/\/www.em.com.br\/emfoco\/2026\/05\/01\/salario-minimo-com-aumento-confirmado-veja-como-ficam-os-pagamentos-dos-trabalhadores-nos-proximos-meses-de-2026\/#breadcrumb","itemListElement":[{"@type":"ListItem","position":1,"name":"In\u00edcio","item":"https:\/\/www.em.com.br\/emfoco\/"},{"@type":"ListItem","position":2,"name":"Sal\u00e1rio m\u00ednimo com aumento confirmado: veja como ficam os pagamentos dos trabalhadores nos pr\u00f3ximos meses de 2026"}]},{"@type":"WebSite","@id":"https:\/\/www.em.com.br\/emfoco\/#website","url":"https:\/\/www.em.com.br\/emfoco\/","name":"Estado de Minas - Em foco","description":"Acompanhe as \u00faltimas not\u00edcias e fique bem informado sobre tudo o que acontece em Minas Gerais, Brasil e no mundo.","potentialAction":[{"@type":"SearchAction","target":{"@type":"EntryPoint","urlTemplate":"https:\/\/www.em.com.br\/emfoco\/?s={search_term_string}"},"query-input":{"@type":"PropertyValueSpecification","valueRequired":true,"valueName":"search_term_string"}}],"inLanguage":"pt-BR"},{"@type":"Person","@id":"https:\/\/www.em.com.br\/emfoco\/#\/schema\/person\/5379e929a4b966c775d121e23f9bb421","name":"Guilherme Ara\u00fajo","image":{"@type":"ImageObject","inLanguage":"pt-BR","@id":"https:\/\/www.em.com.br\/emfoco\/#\/schema\/person\/image\/","url":"https:\/\/secure.gravatar.com\/avatar\/b8bf1fd0130e170bd8f5d7298dbafa25?s=96&d=mm&r=g","contentUrl":"https:\/\/secure.gravatar.com\/avatar\/b8bf1fd0130e170bd8f5d7298dbafa25?s=96&d=mm&r=g","caption":"Guilherme Ara\u00fajo"},"sameAs":["https:\/\/www.em.com.br\/emfoco"],"url":"https:\/\/www.em.com.br\/emfoco\/author\/guilhermeamyth\/"}]}},"_links":{"self":[{"href":"https:\/\/www.em.com.br\/emfoco\/wp-json\/wp\/v2\/posts\/202153","targetHints":{"allow":["GET"]}}],"collection":[{"href":"https:\/\/www.em.com.br\/emfoco\/wp-json\/wp\/v2\/posts"}],"about":[{"href":"https:\/\/www.em.com.br\/emfoco\/wp-json\/wp\/v2\/types\/post"}],"author":[{"embeddable":true,"href":"https:\/\/www.em.com.br\/emfoco\/wp-json\/wp\/v2\/users\/30"}],"replies":[{"embeddable":true,"href":"https:\/\/www.em.com.br\/emfoco\/wp-json\/wp\/v2\/comments?post=202153"}],"version-history":[{"count":5,"href":"https:\/\/www.em.com.br\/emfoco\/wp-json\/wp\/v2\/posts\/202153\/revisions"}],"predecessor-version":[{"id":202487,"href":"https:\/\/www.em.com.br\/emfoco\/wp-json\/wp\/v2\/posts\/202153\/revisions\/202487"}],"wp:featuredmedia":[{"embeddable":true,"href":"https:\/\/www.em.com.br\/emfoco\/wp-json\/wp\/v2\/media\/202312"}],"wp:attachment":[{"href":"https:\/\/www.em.com.br\/emfoco\/wp-json\/wp\/v2\/media?parent=202153"}],"wp:term":[{"taxonomy":"category","embeddable":true,"href":"https:\/\/www.em.com.br\/emfoco\/wp-json\/wp\/v2\/categories?post=202153"},{"taxonomy":"post_tag","embeddable":true,"href":"https:\/\/www.em.com.br\/emfoco\/wp-json\/wp\/v2\/tags?post=202153"}],"curies":[{"name":"wp","href":"https:\/\/api.w.org\/{rel}","templated":true}]}}