{"id":202148,"date":"2026-05-01T13:05:00","date_gmt":"2026-05-01T16:05:00","guid":{"rendered":"https:\/\/www.em.com.br\/emfoco\/?p=202148"},"modified":"2026-04-30T17:55:06","modified_gmt":"2026-04-30T20:55:06","slug":"lavar-vasilhas-nunca-mais-o-aparelho-domestico-que-transforma-a-rotina-na-cozinha-com-economia-e-praticidade","status":"publish","type":"post","link":"https:\/\/www.em.com.br\/emfoco\/2026\/05\/01\/lavar-vasilhas-nunca-mais-o-aparelho-domestico-que-transforma-a-rotina-na-cozinha-com-economia-e-praticidade\/","title":{"rendered":"Lavar vasilhas nunca mais: o aparelho dom\u00e9stico que transforma a rotina na cozinha com economia e praticidade"},"content":{"rendered":"\n<p>A decis\u00e3o de <strong>comprar lava lou\u00e7a<\/strong> pode representar uma mudan\u00e7a significativa na gest\u00e3o do tempo e dos recursos h\u00eddricos da sua resid\u00eancia. Muitos consumidores hesitam antes dessa aquisi\u00e7\u00e3o por n\u00e3o conhecerem os detalhes t\u00e9cnicos que realmente fazem a diferen\u00e7a no desempenho final do produto.<\/p>\n\n\n\n<h2 class=\"wp-block-heading\">Planejamento estrat\u00e9gico antes de comprar lava lou\u00e7a<\/h2>\n\n\n\n<p>Analisar o espa\u00e7o dispon\u00edvel na bancada ou no nicho dos arm\u00e1rios garante que a instala\u00e7\u00e3o ocorra sem imprevistos desagrad\u00e1veis ou reformas caras. Voc\u00ea deve medir a profundidade e a largura com precis\u00e3o para permitir a <strong>circula\u00e7\u00e3o de ar<\/strong> necess\u00e1ria ao redor do motor interno. Escolher o modelo com a <strong>capacidade adequada<\/strong> para o n\u00famero de moradores evita ciclos subutilizados e desperd\u00edcio de insumos di\u00e1rios.<\/p>\n\n\n\n<p>O tipo de revestimento interno em a\u00e7o inoxid\u00e1vel oferece uma durabilidade superior e resiste melhor \u00e0s altas temperaturas exigidas para a higieniza\u00e7\u00e3o completa. Modelos com <strong>grades ajust\u00e1veis<\/strong> permitem acomodar panelas grandes e utens\u00edlios delicados de forma organizada e muito segura para o material. Para auxiliar na sua escolha t\u00e9cnica, observe os crit\u00e9rios fundamentais que definem um investimento inteligente em eletrodom\u00e9sticos modernos:<\/p>\n\n\n\n<ul class=\"wp-block-list\">\n<li>N\u00edvel de ru\u00eddo emitido durante o funcionamento para manter o <strong>conforto ac\u00fastico<\/strong> em ambientes integrados.<\/li>\n\n\n\n<li>Variedade de programas de lavagem que atendam desde sujeiras leves at\u00e9 res\u00edduos incrustados de dif\u00edcil remo\u00e7\u00e3o.<\/li>\n\n\n\n<li>Presen\u00e7a de sensores de turbidez que ajustam o <strong>consumo de \u00e1gua<\/strong> automaticamente conforme a necessidade da carga.<\/li>\n<\/ul>\n\n\n<div class=\"wp-block-image\">\n<figure class=\"aligncenter size-large\"><img loading=\"lazy\" decoding=\"async\" width=\"1024\" height=\"576\" src=\"https:\/\/www.em.com.br\/emfoco\/wp-content\/uploads\/2026\/02\/Gemini_Generated_Image_v02nglv02nglv02n-1-1024x576.png\" alt=\"comprar lava lou\u00e7a\" class=\"wp-image-171549\" srcset=\"https:\/\/www.em.com.br\/emfoco\/wp-content\/uploads\/2026\/02\/Gemini_Generated_Image_v02nglv02nglv02n-1-1024x576.png 1024w, https:\/\/www.em.com.br\/emfoco\/wp-content\/uploads\/2026\/02\/Gemini_Generated_Image_v02nglv02nglv02n-1-300x169.png 300w, https:\/\/www.em.com.br\/emfoco\/wp-content\/uploads\/2026\/02\/Gemini_Generated_Image_v02nglv02nglv02n-1-768x432.png 768w, https:\/\/www.em.com.br\/emfoco\/wp-content\/uploads\/2026\/02\/Gemini_Generated_Image_v02nglv02nglv02n-1-750x422.png 750w, https:\/\/www.em.com.br\/emfoco\/wp-content\/uploads\/2026\/02\/Gemini_Generated_Image_v02nglv02nglv02n-1-1140x641.png 1140w, https:\/\/www.em.com.br\/emfoco\/wp-content\/uploads\/2026\/02\/Gemini_Generated_Image_v02nglv02nglv02n-1.png 1280w\" sizes=\"auto, (max-width: 1024px) 100vw, 1024px\" \/><figcaption class=\"wp-element-caption\">Ler o manual de instru\u00e7\u00f5es antes mesmo da aquisi\u00e7\u00e3o permite entender as exig\u00eancias de press\u00e3o hidr\u00e1ulica e voltagem el\u00e9trica da sua resid\u00eancia<\/figcaption><\/figure><\/div>\n\n\n<p>Leia tamb\u00e9m: <a href=\"https:\/\/www.em.com.br\/emfoco\/2026\/03\/19\/com-que-frequencia-devemos-lavar-os-pijamas-segundo-dermatologistas\/\" target=\"_blank\" rel=\"noreferrer noopener\">Com que frequ\u00eancia devemos lavar os pijamas, segundo dermatologistas<\/a><\/p>\n\n\n\n<h2 class=\"wp-block-heading\">Benef\u00edcios reais de automatizar a limpeza dos utens\u00edlios<\/h2>\n\n\n\n<p>A economia de \u00e1gua em compara\u00e7\u00e3o \u00e0 lavagem manual atinge n\u00edveis surpreendentes que aliviam o or\u00e7amento familiar no final de cada m\u00eas. Equipamentos modernos utilizam sistemas de <strong>filtragem cont\u00ednua<\/strong> que reaproveitam o l\u00edquido em diversas etapas do ciclo de higieniza\u00e7\u00e3o profunda. Voc\u00ea consegue preservar a <strong>sa\u00fade da pele<\/strong> das m\u00e3os ao evitar o contato prolongado com detergentes fortes e \u00e1gua em temperaturas extremas.<\/p>\n\n\n\n<p>O tempo livre recuperado diariamente permite que voc\u00ea se dedique a atividades mais produtivas ou momentos de lazer com a fam\u00edlia reunida. A elimina\u00e7\u00e3o de bact\u00e9rias atrav\u00e9s do <strong>enx\u00e1gue quente<\/strong> garante uma seguran\u00e7a alimentar muito superior aos m\u00e9todos tradicionais de limpeza com esponjas comuns. Manter a cozinha organizada torna-se uma <strong>tarefa simples<\/strong> e r\u00e1pida sem o ac\u00famulo visual de itens sujos sobre a pia da bancada.<\/p>\n\n\n\n<p>Para voc\u00ea que gosta de praticidade, separamos um v\u00eddeo do canal <a href=\"https:\/\/www.youtube.com\/@thautec\">ThauT<\/a><a href=\"https:\/\/www.youtube.com\/@thautec\" target=\"_blank\" rel=\"noreferrer noopener\">E<\/a><a href=\"https:\/\/www.youtube.com\/@thautec\">C<\/a> com dicas para escolher sua lava lou\u00e7a:<\/p>\n\n\n\n<figure class=\"wp-block-embed is-type-video is-provider-youtube wp-block-embed-youtube wp-embed-aspect-16-9 wp-has-aspect-ratio\"><div class=\"wp-block-embed__wrapper\">\n<div class=\"jeg_video_container jeg_video_content\"><iframe loading=\"lazy\" title=\"LAVA-LOU\u00c7A EM 2025: As MELHORES pra COMPRAR de 8,10,14 e 15 servi\u00e7os!\" width=\"500\" height=\"281\" src=\"https:\/\/www.youtube.com\/embed\/71_-8YjfQn0?feature=oembed\" frameborder=\"0\" allow=\"accelerometer; autoplay; clipboard-write; encrypted-media; gyroscope; picture-in-picture; web-share\" referrerpolicy=\"strict-origin-when-cross-origin\" allowfullscreen><\/iframe><\/div>\n<\/div><\/figure>\n\n\n\n<h2 class=\"wp-block-heading\">Como comprar lava lou\u00e7a com foco em efici\u00eancia energ\u00e9tica<\/h2>\n\n\n\n<p>Verificar o selo de efici\u00eancia energ\u00e9tica ajuda a identificar quais aparelhos entregam a melhor performance com o menor impacto na conta de luz. Motores com tecnologia inverter operam de forma mais <strong>silenciosa e est\u00e1vel<\/strong> durante as fases mais intensas de lavagem e secagem dos itens. Priorizar aparelhos que possuam a <strong>fun\u00e7\u00e3o eco<\/strong> permite economizar recursos em cargas que n\u00e3o exigem uma temperatura t\u00e3o elevada para ficarem limpas.<\/p>\n\n\n\n<p>A tabela a seguir apresenta uma estimativa comparativa baseada em usos padronizados para facilitar sua visualiza\u00e7\u00e3o sobre os custos operacionais envolvidos. \u00c9 poss\u00edvel notar que a <strong>gest\u00e3o inteligente<\/strong> do tempo de uso reflete diretamente na longevidade do maquin\u00e1rio e na economia de energia el\u00e9trica acumulada. Avalie esses dados para confirmar como o <strong>investimento inicial<\/strong> se paga atrav\u00e9s da redu\u00e7\u00e3o sistem\u00e1tica dos desperd\u00edcios dom\u00e9sticos cotidianos.<\/p>\n\n\n<div class=\"wp-block-image\">\n<figure class=\"aligncenter size-large\"><img loading=\"lazy\" decoding=\"async\" width=\"1024\" height=\"576\" src=\"https:\/\/www.em.com.br\/emfoco\/wp-content\/uploads\/2026\/04\/consumo-lava-louca-1024x576.jpg\" alt=\"consumo lava lou\u00e7a\" class=\"wp-image-202168\" srcset=\"https:\/\/www.em.com.br\/emfoco\/wp-content\/uploads\/2026\/04\/consumo-lava-louca-1024x576.jpg 1024w, https:\/\/www.em.com.br\/emfoco\/wp-content\/uploads\/2026\/04\/consumo-lava-louca-300x169.jpg 300w, https:\/\/www.em.com.br\/emfoco\/wp-content\/uploads\/2026\/04\/consumo-lava-louca-768x432.jpg 768w, https:\/\/www.em.com.br\/emfoco\/wp-content\/uploads\/2026\/04\/consumo-lava-louca-750x422.jpg 750w, https:\/\/www.em.com.br\/emfoco\/wp-content\/uploads\/2026\/04\/consumo-lava-louca-1140x641.jpg 1140w, https:\/\/www.em.com.br\/emfoco\/wp-content\/uploads\/2026\/04\/consumo-lava-louca.jpg 1280w\" sizes=\"auto, (max-width: 1024px) 100vw, 1024px\" \/><figcaption class=\"wp-element-caption\">Verificar o selo de efici\u00eancia energ\u00e9tica ajuda a identificar quais aparelhos entregam a melhor performance com o menor impacto na conta de luz<\/figcaption><\/figure><\/div>\n\n\n<h2 class=\"wp-block-heading\">Dicas pr\u00e1ticas para comprar lava lou\u00e7a sem erros<\/h2>\n\n\n\n<p>Pesquisar sobre a reputa\u00e7\u00e3o do servi\u00e7o de assist\u00eancia t\u00e9cnica na sua regi\u00e3o evita dores de cabe\u00e7a futuras em caso de manuten\u00e7\u00e3o necess\u00e1ria. Opte por marcas que ofere\u00e7am <strong>garantias estendidas<\/strong> para componentes cr\u00edticos como a bomba de drenagem e o painel eletr\u00f4nico de controle. O acabamento externo deve harmonizar com o restante da decora\u00e7\u00e3o para manter a <strong>est\u00e9tica visual<\/strong> equilibrada e moderna em sua cozinha planejada.<\/p>\n\n\n\n<p>Ler o manual de instru\u00e7\u00f5es antes mesmo da aquisi\u00e7\u00e3o permite entender as exig\u00eancias de press\u00e3o hidr\u00e1ulica e voltagem el\u00e9trica da sua resid\u00eancia. Certos modelos exigem <strong>instala\u00e7\u00f5es espec\u00edficas<\/strong> que podem demandar a contrata\u00e7\u00e3o de profissionais especializados para garantir o funcionamento pleno e seguro. Analise se o <strong>espa\u00e7o interno<\/strong> comporta os tipos de pratos e travessas que voc\u00ea utiliza com mais frequ\u00eancia em suas refei\u00e7\u00f5es principais.<\/p>\n\n\n\n<figure class=\"wp-block-embed is-type-rich is-provider-pinterest wp-block-embed-pinterest\"><div class=\"wp-block-embed__wrapper\">\n<iframe loading=\"lazy\" title=\"Lavar a lou\u00e7a \u00e9 uma tarefa dom\u00e9stica que divide opini\u00f5es, pois alguns encaram como uma esp\u00e9cie de terapia (respeito, mas n\u00e3o entendo haha), mas para outros pode um verdadeiro mart\u00edrio (rs). Para quem n\u00e3o gosta de ficar diante da pia lavando copos, talheres e pratos, investir em uma lava-lou\u00e7as \u00e9 vida! Esse eletrodom\u00e9stico faz com que o morador economize \u00e1gua, energia e principalmente tempo. Contudo, voc\u00ea sabe onde posicionar esse aparelho t\u00e3o \u00fatil na sua cozinha?\" src=\"https:\/\/assets.pinterest.com\/ext\/embed.html?id=711709547386900772&#038;src=oembed\" height=\"899\" width=\"450\" frameborder=\"0\" scrolling=\"no\" ><\/iframe>\n<\/div><\/figure>\n\n\n\n<h2 class=\"wp-block-heading\">Considera\u00e7\u00f5es finais para uma rotina mais pr\u00e1tica<\/h2>\n\n\n\n<p>Mantenha o foco na qualidade dos materiais para garantir que seu investimento dure por muitos anos sem apresentar falhas graves. Valorize a <strong>praticidade cotidiana<\/strong> e utilize o tempo economizado para cuidar do seu bem-estar pessoal e familiar com tranquilidade. Siga as orienta\u00e7\u00f5es de <strong>manuten\u00e7\u00e3o preventiva<\/strong> para manter o brilho e a efici\u00eancia de todas as pe\u00e7as internas do equipamento adquirido.<\/p>\n\n\n\n<p>Aproveite cada ciclo de lavagem para otimizar os recursos naturais e contribuir para um estilo de vida mais sustent\u00e1vel e consciente. Busque sempre o <strong>equil\u00edbrio financeiro<\/strong> ao escolher modelos que entreguem funcionalidades realmente \u00fateis para o seu perfil de uso dom\u00e9stico. Desfrute da <strong>sensa\u00e7\u00e3o gratificante<\/strong> de ter uma cozinha organizada e higienizada com o m\u00ednimo de esfor\u00e7o manual todos os dias da semana.<\/p>\n","protected":false},"excerpt":{"rendered":"<p>A decis\u00e3o de comprar lava lou\u00e7a pode representar uma mudan\u00e7a significativa na gest\u00e3o do tempo e dos recursos h\u00eddricos da sua resid\u00eancia. Muitos consumidores hesitam antes dessa aquisi\u00e7\u00e3o por n\u00e3o conhecerem os detalhes t\u00e9cnicos que realmente fazem a diferen\u00e7a no desempenho final do produto. Planejamento estrat\u00e9gico antes de comprar lava lou\u00e7a Analisar o espa\u00e7o dispon\u00edvel [&hellip;]<\/p>\n","protected":false},"author":9,"featured_media":202239,"comment_status":"open","ping_status":"open","sticky":false,"template":"","format":"standard","meta":{"jnews-multi-image_gallery":[],"jnews_single_post":{"format":"standard"},"jnews_primary_category":[],"jnews_social_meta":[],"jnews_override_counter":[],"footnotes":""},"categories":[8691,29],"tags":[10967,4295,5675],"class_list":["post-202148","post","type-post","status-publish","format-standard","has-post-thumbnail","hentry","category-bem-estar","category-entretenimento","tag-cozinha-moderna","tag-economia-domestica","tag-eletrodomesticos"],"yoast_head":"<!-- This site is optimized with the Yoast SEO plugin v23.8 - https:\/\/yoast.com\/wordpress\/plugins\/seo\/ -->\n<title>Lavar vasilhas nunca mais: o aparelho dom\u00e9stico que transforma a rotina na cozinha com economia e praticidade - Estado de Minas - Em foco<\/title>\n<meta name=\"description\" content=\"Uma escolha inteligente pode reduzir drasticamente o tempo gasto na cozinha e os custos com \u00e1gua mensal usando esse eletrodom\u00e9stico.\" \/>\n<meta name=\"robots\" content=\"index, follow, max-snippet:-1, max-image-preview:large, max-video-preview:-1\" \/>\n<link rel=\"canonical\" href=\"https:\/\/www.em.com.br\/emfoco\/2026\/05\/01\/lavar-vasilhas-nunca-mais-o-aparelho-domestico-que-transforma-a-rotina-na-cozinha-com-economia-e-praticidade\/\" \/>\n<meta property=\"og:locale\" content=\"pt_BR\" \/>\n<meta property=\"og:type\" content=\"article\" \/>\n<meta property=\"og:title\" content=\"Lavar vasilhas nunca mais: o aparelho dom\u00e9stico que transforma a rotina na cozinha com economia e praticidade - Estado de Minas - Em foco\" \/>\n<meta property=\"og:description\" content=\"Uma escolha inteligente pode reduzir drasticamente o tempo gasto na cozinha e os custos com \u00e1gua mensal usando esse eletrodom\u00e9stico.\" \/>\n<meta property=\"og:url\" content=\"https:\/\/www.em.com.br\/emfoco\/2026\/05\/01\/lavar-vasilhas-nunca-mais-o-aparelho-domestico-que-transforma-a-rotina-na-cozinha-com-economia-e-praticidade\/\" \/>\n<meta property=\"og:site_name\" content=\"Estado de Minas - Em foco\" \/>\n<meta property=\"article:published_time\" content=\"2026-05-01T16:05:00+00:00\" \/>\n<meta property=\"article:modified_time\" content=\"2026-04-30T20:55:06+00:00\" \/>\n<meta property=\"og:image\" content=\"https:\/\/www.em.com.br\/emfoco\/wp-content\/uploads\/2026\/05\/EmFoco_44.jpg\" \/>\n\t<meta property=\"og:image:width\" content=\"1280\" \/>\n\t<meta property=\"og:image:height\" content=\"720\" \/>\n\t<meta property=\"og:image:type\" content=\"image\/jpeg\" \/>\n<meta name=\"author\" content=\"Daniely Cardoso\" \/>\n<meta name=\"twitter:card\" content=\"summary_large_image\" \/>\n<meta name=\"twitter:label1\" content=\"Escrito por\" \/>\n\t<meta name=\"twitter:data1\" content=\"Daniely Cardoso\" \/>\n\t<meta name=\"twitter:label2\" content=\"Est. tempo de leitura\" \/>\n\t<meta name=\"twitter:data2\" content=\"6 minutos\" \/>\n<!-- \/ Yoast SEO plugin. -->","yoast_head_json":{"title":"Lavar vasilhas nunca mais: o aparelho dom\u00e9stico que transforma a rotina na cozinha com economia e praticidade - Estado de Minas - Em foco","description":"Uma escolha inteligente pode reduzir drasticamente o tempo gasto na cozinha e os custos com \u00e1gua mensal usando esse eletrodom\u00e9stico.","robots":{"index":"index","follow":"follow","max-snippet":"max-snippet:-1","max-image-preview":"max-image-preview:large","max-video-preview":"max-video-preview:-1"},"canonical":"https:\/\/www.em.com.br\/emfoco\/2026\/05\/01\/lavar-vasilhas-nunca-mais-o-aparelho-domestico-que-transforma-a-rotina-na-cozinha-com-economia-e-praticidade\/","og_locale":"pt_BR","og_type":"article","og_title":"Lavar vasilhas nunca mais: o aparelho dom\u00e9stico que transforma a rotina na cozinha com economia e praticidade - Estado de Minas - Em foco","og_description":"Uma escolha inteligente pode reduzir drasticamente o tempo gasto na cozinha e os custos com \u00e1gua mensal usando esse eletrodom\u00e9stico.","og_url":"https:\/\/www.em.com.br\/emfoco\/2026\/05\/01\/lavar-vasilhas-nunca-mais-o-aparelho-domestico-que-transforma-a-rotina-na-cozinha-com-economia-e-praticidade\/","og_site_name":"Estado de Minas - Em foco","article_published_time":"2026-05-01T16:05:00+00:00","article_modified_time":"2026-04-30T20:55:06+00:00","og_image":[{"width":1280,"height":720,"url":"https:\/\/www.em.com.br\/emfoco\/wp-content\/uploads\/2026\/05\/EmFoco_44.jpg","type":"image\/jpeg"}],"author":"Daniely Cardoso","twitter_card":"summary_large_image","twitter_misc":{"Escrito por":"Daniely Cardoso","Est. tempo de leitura":"6 minutos"},"schema":{"@context":"https:\/\/schema.org","@graph":[{"@type":"WebPage","@id":"https:\/\/www.em.com.br\/emfoco\/2026\/05\/01\/lavar-vasilhas-nunca-mais-o-aparelho-domestico-que-transforma-a-rotina-na-cozinha-com-economia-e-praticidade\/","url":"https:\/\/www.em.com.br\/emfoco\/2026\/05\/01\/lavar-vasilhas-nunca-mais-o-aparelho-domestico-que-transforma-a-rotina-na-cozinha-com-economia-e-praticidade\/","name":"Lavar vasilhas nunca mais: o aparelho dom\u00e9stico que transforma a rotina na cozinha com economia e praticidade - Estado de Minas - Em foco","isPartOf":{"@id":"https:\/\/www.em.com.br\/emfoco\/#website"},"primaryImageOfPage":{"@id":"https:\/\/www.em.com.br\/emfoco\/2026\/05\/01\/lavar-vasilhas-nunca-mais-o-aparelho-domestico-que-transforma-a-rotina-na-cozinha-com-economia-e-praticidade\/#primaryimage"},"image":{"@id":"https:\/\/www.em.com.br\/emfoco\/2026\/05\/01\/lavar-vasilhas-nunca-mais-o-aparelho-domestico-que-transforma-a-rotina-na-cozinha-com-economia-e-praticidade\/#primaryimage"},"thumbnailUrl":"https:\/\/www.em.com.br\/emfoco\/wp-content\/uploads\/2026\/05\/EmFoco_44.jpg","datePublished":"2026-05-01T16:05:00+00:00","dateModified":"2026-04-30T20:55:06+00:00","author":{"@id":"https:\/\/www.em.com.br\/emfoco\/#\/schema\/person\/0a8186d72f2c3a5c6276d90b41f271a0"},"description":"Uma escolha inteligente pode reduzir drasticamente o tempo gasto na cozinha e os custos com \u00e1gua mensal usando esse eletrodom\u00e9stico.","breadcrumb":{"@id":"https:\/\/www.em.com.br\/emfoco\/2026\/05\/01\/lavar-vasilhas-nunca-mais-o-aparelho-domestico-que-transforma-a-rotina-na-cozinha-com-economia-e-praticidade\/#breadcrumb"},"inLanguage":"pt-BR","potentialAction":[{"@type":"ReadAction","target":["https:\/\/www.em.com.br\/emfoco\/2026\/05\/01\/lavar-vasilhas-nunca-mais-o-aparelho-domestico-que-transforma-a-rotina-na-cozinha-com-economia-e-praticidade\/"]}]},{"@type":"ImageObject","inLanguage":"pt-BR","@id":"https:\/\/www.em.com.br\/emfoco\/2026\/05\/01\/lavar-vasilhas-nunca-mais-o-aparelho-domestico-que-transforma-a-rotina-na-cozinha-com-economia-e-praticidade\/#primaryimage","url":"https:\/\/www.em.com.br\/emfoco\/wp-content\/uploads\/2026\/05\/EmFoco_44.jpg","contentUrl":"https:\/\/www.em.com.br\/emfoco\/wp-content\/uploads\/2026\/05\/EmFoco_44.jpg","width":1280,"height":720,"caption":"Planejamento t\u00e9cnico e efici\u00eancia energ\u00e9tica otimizam desempenho de lava lou\u00e7as modernas"},{"@type":"BreadcrumbList","@id":"https:\/\/www.em.com.br\/emfoco\/2026\/05\/01\/lavar-vasilhas-nunca-mais-o-aparelho-domestico-que-transforma-a-rotina-na-cozinha-com-economia-e-praticidade\/#breadcrumb","itemListElement":[{"@type":"ListItem","position":1,"name":"In\u00edcio","item":"https:\/\/www.em.com.br\/emfoco\/"},{"@type":"ListItem","position":2,"name":"Lavar vasilhas nunca mais: o aparelho dom\u00e9stico que transforma a rotina na cozinha com economia e praticidade"}]},{"@type":"WebSite","@id":"https:\/\/www.em.com.br\/emfoco\/#website","url":"https:\/\/www.em.com.br\/emfoco\/","name":"Estado de Minas - Em foco","description":"Acompanhe as \u00faltimas not\u00edcias e fique bem informado sobre tudo o que acontece em Minas Gerais, Brasil e no mundo.","potentialAction":[{"@type":"SearchAction","target":{"@type":"EntryPoint","urlTemplate":"https:\/\/www.em.com.br\/emfoco\/?s={search_term_string}"},"query-input":{"@type":"PropertyValueSpecification","valueRequired":true,"valueName":"search_term_string"}}],"inLanguage":"pt-BR"},{"@type":"Person","@id":"https:\/\/www.em.com.br\/emfoco\/#\/schema\/person\/0a8186d72f2c3a5c6276d90b41f271a0","name":"Daniely Cardoso","image":{"@type":"ImageObject","inLanguage":"pt-BR","@id":"https:\/\/www.em.com.br\/emfoco\/#\/schema\/person\/image\/","url":"https:\/\/secure.gravatar.com\/avatar\/4b80ddbd124d1f071b626d52d62e5dff?s=96&d=mm&r=g","contentUrl":"https:\/\/secure.gravatar.com\/avatar\/4b80ddbd124d1f071b626d52d62e5dff?s=96&d=mm&r=g","caption":"Daniely Cardoso"},"url":"https:\/\/www.em.com.br\/emfoco\/author\/danielymyth\/"}]}},"_links":{"self":[{"href":"https:\/\/www.em.com.br\/emfoco\/wp-json\/wp\/v2\/posts\/202148","targetHints":{"allow":["GET"]}}],"collection":[{"href":"https:\/\/www.em.com.br\/emfoco\/wp-json\/wp\/v2\/posts"}],"about":[{"href":"https:\/\/www.em.com.br\/emfoco\/wp-json\/wp\/v2\/types\/post"}],"author":[{"embeddable":true,"href":"https:\/\/www.em.com.br\/emfoco\/wp-json\/wp\/v2\/users\/9"}],"replies":[{"embeddable":true,"href":"https:\/\/www.em.com.br\/emfoco\/wp-json\/wp\/v2\/comments?post=202148"}],"version-history":[{"count":2,"href":"https:\/\/www.em.com.br\/emfoco\/wp-json\/wp\/v2\/posts\/202148\/revisions"}],"predecessor-version":[{"id":202175,"href":"https:\/\/www.em.com.br\/emfoco\/wp-json\/wp\/v2\/posts\/202148\/revisions\/202175"}],"wp:featuredmedia":[{"embeddable":true,"href":"https:\/\/www.em.com.br\/emfoco\/wp-json\/wp\/v2\/media\/202239"}],"wp:attachment":[{"href":"https:\/\/www.em.com.br\/emfoco\/wp-json\/wp\/v2\/media?parent=202148"}],"wp:term":[{"taxonomy":"category","embeddable":true,"href":"https:\/\/www.em.com.br\/emfoco\/wp-json\/wp\/v2\/categories?post=202148"},{"taxonomy":"post_tag","embeddable":true,"href":"https:\/\/www.em.com.br\/emfoco\/wp-json\/wp\/v2\/tags?post=202148"}],"curies":[{"name":"wp","href":"https:\/\/api.w.org\/{rel}","templated":true}]}}