{"id":202139,"date":"2026-05-01T21:15:00","date_gmt":"2026-05-02T00:15:00","guid":{"rendered":"https:\/\/www.em.com.br\/emfoco\/?p=202139"},"modified":"2026-04-30T17:58:18","modified_gmt":"2026-04-30T20:58:18","slug":"dicas-simples-para-dominar-a-inteligencia-emocional-a-mais-importante-delas-e-a-regra-dos-10-segundos","status":"publish","type":"post","link":"https:\/\/www.em.com.br\/emfoco\/2026\/05\/01\/dicas-simples-para-dominar-a-inteligencia-emocional-a-mais-importante-delas-e-a-regra-dos-10-segundos\/","title":{"rendered":"Dicas simples para dominar a intelig\u00eancia emocional, a mais importante delas \u00e9 a &#8220;regra dos 10 segundos&#8221;."},"content":{"rendered":"\n<p>A <strong>intelig\u00eancia emocional<\/strong> se tornou a ferramenta indispens\u00e1vel para navegar em um mundo repleto de est\u00edmulos constantes e press\u00f5es cotidianas intensas. Entender como gerenciar os pr\u00f3prios sentimentos permite que <strong>indiv\u00edduos<\/strong> mantenham a clareza mental necess\u00e1ria para tomar decis\u00f5es acertadas mesmo em momentos cr\u00edticos.<\/p>\n\n\n\n<h2 class=\"wp-block-heading\">Dom\u00ednio da regra dos 10 segundos no cotidiano<\/h2>\n\n\n\n<p>A famosa <strong>regra dos 10 segundos<\/strong> consiste em pausar o fluxo de pensamentos autom\u00e1ticos antes de reagir a qualquer est\u00edmulo negativo ou provoca\u00e7\u00e3o externa. Esse curto intervalo de tempo \u00e9 suficiente para que o c\u00e9rebro processe a informa\u00e7\u00e3o de forma l\u00f3gica, evitando que o <strong>sistema l\u00edmbico<\/strong> domine a a\u00e7\u00e3o atrav\u00e9s do impulso.<\/p>\n\n\n\n<p>Praticar esse sil\u00eancio moment\u00e2neo transforma a maneira como as crises s\u00e3o geridas, permitindo uma resposta muito mais diplom\u00e1tica e racional. Experimente aplicar essa t\u00e9cnica em di\u00e1logos tensos para observar como a sua <strong>capacidade de lideran\u00e7a<\/strong> e autocontrole se fortalecem instantaneamente diante de terceiros.<\/p>\n\n\n<div class=\"wp-block-image\">\n<figure class=\"aligncenter size-large\"><img loading=\"lazy\" decoding=\"async\" width=\"1024\" height=\"576\" src=\"https:\/\/www.em.com.br\/emfoco\/wp-content\/uploads\/2026\/04\/descanso--1024x576.jpg\" alt=\"\" class=\"wp-image-202149\" srcset=\"https:\/\/www.em.com.br\/emfoco\/wp-content\/uploads\/2026\/04\/descanso--1024x576.jpg 1024w, https:\/\/www.em.com.br\/emfoco\/wp-content\/uploads\/2026\/04\/descanso--300x169.jpg 300w, https:\/\/www.em.com.br\/emfoco\/wp-content\/uploads\/2026\/04\/descanso--768x432.jpg 768w, https:\/\/www.em.com.br\/emfoco\/wp-content\/uploads\/2026\/04\/descanso--750x422.jpg 750w, https:\/\/www.em.com.br\/emfoco\/wp-content\/uploads\/2026\/04\/descanso--1140x641.jpg 1140w, https:\/\/www.em.com.br\/emfoco\/wp-content\/uploads\/2026\/04\/descanso-.jpg 1280w\" sizes=\"auto, (max-width: 1024px) 100vw, 1024px\" \/><figcaption class=\"wp-element-caption\">A famosa regra dos 10 segundos consiste em pausar o fluxo de pensamentos autom\u00e1ticos antes de reagir a qualquer est\u00edmulo negativo<\/figcaption><\/figure><\/div>\n\n\n<p>Leia tamb\u00e9m: <a href=\"https:\/\/www.em.com.br\/emfoco\/2026\/01\/23\/a-psicologia-por-tras-das-pessoas-que-nunca-postam-nas-redes-sociais\/\" target=\"_blank\" rel=\"noreferrer noopener\">A psicologia por tr\u00e1s das pessoas que nunca postam nas redes sociais<\/a><\/p>\n\n\n\n<h2 class=\"wp-block-heading\">Como desenvolver autoconhecimento profundo e pr\u00e1tico<\/h2>\n\n\n\n<p>Identificar os gatilhos que disparam emo\u00e7\u00f5es desconfort\u00e1veis \u00e9 o primeiro passo para conquistar uma <strong>estabilidade psicol\u00f3gica<\/strong> duradoura e resiliente. Anotar os sentimentos recorrentes ajuda a mapear padr\u00f5es de comportamento que muitas vezes passam despercebidos durante a correria das atividades profissionais e pessoais.<\/p>\n\n\n\n<p>O reconhecimento honesto das limita\u00e7\u00f5es e virtudes cria uma base s\u00f3lida para que a <strong>autoestima<\/strong> n\u00e3o dependa exclusivamente de valida\u00e7\u00f5es externas constantes. Ao compreender o que causa irrita\u00e7\u00e3o ou medo, torna-se vi\u00e1vel criar estrat\u00e9gias de enfrentamento que protegem a sa\u00fade mental em qualquer ambiente.<\/p>\n\n\n\n<h2 class=\"wp-block-heading\">Benef\u00edcios de cultivar empatia nas rela\u00e7\u00f5es interpessoais<\/h2>\n\n\n\n<p>A <strong>empatia<\/strong> vai muito al\u00e9m de apenas compreender a dor alheia, envolvendo a habilidade de escutar ativamente sem julgamentos ou interrup\u00e7\u00f5es precoces. Validar o sentimento de outra pessoa fortalece os la\u00e7os de confian\u00e7a e reduz drasticamente a incid\u00eancia de conflitos in\u00fateis em grupos sociais.<\/p>\n\n\n<div class=\"wp-block-image\">\n<figure class=\"aligncenter size-large\"><img loading=\"lazy\" decoding=\"async\" width=\"1024\" height=\"318\" src=\"https:\/\/www.em.com.br\/emfoco\/wp-content\/uploads\/2026\/04\/convertido-33-1024x318.jpg\" alt=\"\" class=\"wp-image-202151\" srcset=\"https:\/\/www.em.com.br\/emfoco\/wp-content\/uploads\/2026\/04\/convertido-33-1024x318.jpg 1024w, https:\/\/www.em.com.br\/emfoco\/wp-content\/uploads\/2026\/04\/convertido-33-300x93.jpg 300w, https:\/\/www.em.com.br\/emfoco\/wp-content\/uploads\/2026\/04\/convertido-33-768x238.jpg 768w, https:\/\/www.em.com.br\/emfoco\/wp-content\/uploads\/2026\/04\/convertido-33-750x233.jpg 750w, https:\/\/www.em.com.br\/emfoco\/wp-content\/uploads\/2026\/04\/convertido-33-1140x354.jpg 1140w, https:\/\/www.em.com.br\/emfoco\/wp-content\/uploads\/2026\/04\/convertido-33.jpg 1280w\" sizes=\"auto, (max-width: 1024px) 100vw, 1024px\" \/><\/figure><\/div>\n\n\n<h2 class=\"wp-block-heading\">Import\u00e2ncia da automotiva\u00e7\u00e3o para alcan\u00e7ar metas dif\u00edceis<\/h2>\n\n\n\n<p>Manter o foco em objetivos de longo prazo exige que a <strong>motiva\u00e7\u00e3o intr\u00ednseca<\/strong> seja alimentada por prop\u00f3sitos claros e valores pessoais bem definidos. Depender apenas de recompensas imediatas pode levar \u00e0 procrastina\u00e7\u00e3o e ao des\u00e2nimo quando os resultados demoram a aparecer de forma concreta.<\/p>\n\n\n\n<p>Dividir grandes desafios em pequenas tarefas di\u00e1rias facilita a manuten\u00e7\u00e3o da disciplina e gera uma sensa\u00e7\u00e3o de progresso cont\u00ednuo e satisfat\u00f3rio. Celebrar cada pequena vit\u00f3ria mant\u00e9m o <strong>entusiasmo<\/strong> elevado, garantindo que a jornada seja t\u00e3o gratificante quanto a conquista final do objetivo pretendido.<\/p>\n\n\n\n<h2 class=\"wp-block-heading\">Habilidades sociais transformam o ambiente de conviv\u00eancia<\/h2>\n\n\n\n<p>Saber expressar opini\u00f5es de forma assertiva sem ser agressivo \u00e9 uma das compet\u00eancias mais valorizadas na <strong>gest\u00e3o de pessoas<\/strong> moderna e eficiente. A clareza na transmiss\u00e3o de ideias evita mal-entendidos que podem comprometer a harmonia e o rendimento de equipes inteiras em curto prazo.<\/p>\n\n\n\n<p>Investir tempo no aprimoramento dessas conex\u00f5es sociais garante que as intera\u00e7\u00f5es sejam mais flu\u00eddas e menos desgastantes emocionalmente para todos os envolvidos. Observar a <a href=\"https:\/\/www.helpguide.org\/relationships\/communication\/nonverbal-communication\" target=\"_blank\" rel=\"noreferrer noopener\">linguagem corporal <\/a>e o tom de voz durante uma conversa ajuda a ajustar a <strong>mensagem<\/strong> de acordo com a necessidade do momento.<\/p>\n\n\n<div class=\"wp-block-image\">\n<figure class=\"aligncenter size-large\"><img loading=\"lazy\" decoding=\"async\" width=\"1024\" height=\"576\" src=\"https:\/\/www.em.com.br\/emfoco\/wp-content\/uploads\/2026\/04\/descanso-1-1024x576.jpg\" alt=\"\" class=\"wp-image-202150\" srcset=\"https:\/\/www.em.com.br\/emfoco\/wp-content\/uploads\/2026\/04\/descanso-1-1024x576.jpg 1024w, https:\/\/www.em.com.br\/emfoco\/wp-content\/uploads\/2026\/04\/descanso-1-300x169.jpg 300w, https:\/\/www.em.com.br\/emfoco\/wp-content\/uploads\/2026\/04\/descanso-1-768x432.jpg 768w, https:\/\/www.em.com.br\/emfoco\/wp-content\/uploads\/2026\/04\/descanso-1-750x422.jpg 750w, https:\/\/www.em.com.br\/emfoco\/wp-content\/uploads\/2026\/04\/descanso-1-1140x641.jpg 1140w, https:\/\/www.em.com.br\/emfoco\/wp-content\/uploads\/2026\/04\/descanso-1.jpg 1280w\" sizes=\"auto, (max-width: 1024px) 100vw, 1024px\" \/><figcaption class=\"wp-element-caption\">Saber expressar opini\u00f5es de forma assertiva sem ser agressivo \u00e9 uma das compet\u00eancias mais valorizadas na gest\u00e3o de pessoas <\/figcaption><\/figure><\/div>\n\n\n<h2 class=\"wp-block-heading\">Caminho para uma mente resiliente e equilibrada<\/h2>\n\n\n\n<p>Adotar h\u00e1bitos saud\u00e1veis e praticar o <strong>autocontrole<\/strong> regularmente s\u00e3o investimentos que rendem frutos em todas as esferas da vida contempor\u00e2nea. A const\u00e2ncia na aplica\u00e7\u00e3o das t\u00e9cnicas de intelig\u00eancia emocional assegura que o estresse n\u00e3o se torne um fardo cr\u00f4nico e paralisante.<\/p>\n\n\n\n<p>Lembre-se que a mudan\u00e7a de comportamento \u00e9 um processo gradual que exige paci\u00eancia e dedica\u00e7\u00e3o di\u00e1ria com os pr\u00f3prios processos mentais internos. Ao dominar suas emo\u00e7\u00f5es, voc\u00ea assume o protagonismo da sua hist\u00f3ria e constr\u00f3i uma trajet\u00f3ria marcada pela <strong>serenidade<\/strong> e pelo sucesso genu\u00edno.<\/p>\n","protected":false},"excerpt":{"rendered":"<p>A intelig\u00eancia emocional se tornou a ferramenta indispens\u00e1vel para navegar em um mundo repleto de est\u00edmulos constantes e press\u00f5es cotidianas intensas. Entender como gerenciar os pr\u00f3prios sentimentos permite que indiv\u00edduos mantenham a clareza mental necess\u00e1ria para tomar decis\u00f5es acertadas mesmo em momentos cr\u00edticos. Dom\u00ednio da regra dos 10 segundos no cotidiano A famosa regra dos [&hellip;]<\/p>\n","protected":false},"author":9,"featured_media":202245,"comment_status":"open","ping_status":"open","sticky":false,"template":"","format":"standard","meta":{"jnews-multi-image_gallery":[],"jnews_single_post":{"format":"standard"},"jnews_primary_category":[],"jnews_social_meta":[],"jnews_override_counter":[],"footnotes":""},"categories":[8819],"tags":[6830,10174],"class_list":["post-202139","post","type-post","status-publish","format-standard","has-post-thumbnail","hentry","category-curiosidades","tag-inteligencia","tag-regra-dos-10-segundos"],"yoast_head":"<!-- This site is optimized with the Yoast SEO plugin v23.8 - https:\/\/yoast.com\/wordpress\/plugins\/seo\/ -->\n<title>Dicas simples para dominar a intelig\u00eancia emocional, a mais importante delas \u00e9 a &quot;regra dos 10 segundos&quot;. - Estado de Minas - Em foco<\/title>\n<meta name=\"description\" content=\"A regra dos 10 segundos ajuda a controlar impulsos e fortalecer a intelig\u00eancia emocional, segundo a psicologia moderna.\" \/>\n<meta name=\"robots\" content=\"index, follow, max-snippet:-1, max-image-preview:large, max-video-preview:-1\" \/>\n<link rel=\"canonical\" href=\"https:\/\/www.em.com.br\/emfoco\/2026\/05\/01\/dicas-simples-para-dominar-a-inteligencia-emocional-a-mais-importante-delas-e-a-regra-dos-10-segundos\/\" \/>\n<meta property=\"og:locale\" content=\"pt_BR\" \/>\n<meta property=\"og:type\" content=\"article\" \/>\n<meta property=\"og:title\" content=\"Dicas simples para dominar a intelig\u00eancia emocional, a mais importante delas \u00e9 a &quot;regra dos 10 segundos&quot;. - Estado de Minas - Em foco\" \/>\n<meta property=\"og:description\" content=\"A regra dos 10 segundos ajuda a controlar impulsos e fortalecer a intelig\u00eancia emocional, segundo a psicologia moderna.\" \/>\n<meta property=\"og:url\" content=\"https:\/\/www.em.com.br\/emfoco\/2026\/05\/01\/dicas-simples-para-dominar-a-inteligencia-emocional-a-mais-importante-delas-e-a-regra-dos-10-segundos\/\" \/>\n<meta property=\"og:site_name\" content=\"Estado de Minas - Em foco\" \/>\n<meta property=\"article:published_time\" content=\"2026-05-02T00:15:00+00:00\" \/>\n<meta property=\"article:modified_time\" content=\"2026-04-30T20:58:18+00:00\" \/>\n<meta property=\"og:image\" content=\"https:\/\/www.em.com.br\/emfoco\/wp-content\/uploads\/2026\/05\/EmFoco_53.jpg\" \/>\n\t<meta property=\"og:image:width\" content=\"1280\" \/>\n\t<meta property=\"og:image:height\" content=\"720\" \/>\n\t<meta property=\"og:image:type\" content=\"image\/jpeg\" \/>\n<meta name=\"author\" content=\"Daniely Cardoso\" \/>\n<meta name=\"twitter:card\" content=\"summary_large_image\" \/>\n<meta name=\"twitter:label1\" content=\"Escrito por\" \/>\n\t<meta name=\"twitter:data1\" content=\"Daniely Cardoso\" \/>\n\t<meta name=\"twitter:label2\" content=\"Est. tempo de leitura\" \/>\n\t<meta name=\"twitter:data2\" content=\"5 minutos\" \/>\n<!-- \/ Yoast SEO plugin. -->","yoast_head_json":{"title":"Dicas simples para dominar a intelig\u00eancia emocional, a mais importante delas \u00e9 a \"regra dos 10 segundos\". - Estado de Minas - Em foco","description":"A regra dos 10 segundos ajuda a controlar impulsos e fortalecer a intelig\u00eancia emocional, segundo a psicologia moderna.","robots":{"index":"index","follow":"follow","max-snippet":"max-snippet:-1","max-image-preview":"max-image-preview:large","max-video-preview":"max-video-preview:-1"},"canonical":"https:\/\/www.em.com.br\/emfoco\/2026\/05\/01\/dicas-simples-para-dominar-a-inteligencia-emocional-a-mais-importante-delas-e-a-regra-dos-10-segundos\/","og_locale":"pt_BR","og_type":"article","og_title":"Dicas simples para dominar a intelig\u00eancia emocional, a mais importante delas \u00e9 a \"regra dos 10 segundos\". - Estado de Minas - Em foco","og_description":"A regra dos 10 segundos ajuda a controlar impulsos e fortalecer a intelig\u00eancia emocional, segundo a psicologia moderna.","og_url":"https:\/\/www.em.com.br\/emfoco\/2026\/05\/01\/dicas-simples-para-dominar-a-inteligencia-emocional-a-mais-importante-delas-e-a-regra-dos-10-segundos\/","og_site_name":"Estado de Minas - Em foco","article_published_time":"2026-05-02T00:15:00+00:00","article_modified_time":"2026-04-30T20:58:18+00:00","og_image":[{"width":1280,"height":720,"url":"https:\/\/www.em.com.br\/emfoco\/wp-content\/uploads\/2026\/05\/EmFoco_53.jpg","type":"image\/jpeg"}],"author":"Daniely Cardoso","twitter_card":"summary_large_image","twitter_misc":{"Escrito por":"Daniely Cardoso","Est. tempo de leitura":"5 minutos"},"schema":{"@context":"https:\/\/schema.org","@graph":[{"@type":"WebPage","@id":"https:\/\/www.em.com.br\/emfoco\/2026\/05\/01\/dicas-simples-para-dominar-a-inteligencia-emocional-a-mais-importante-delas-e-a-regra-dos-10-segundos\/","url":"https:\/\/www.em.com.br\/emfoco\/2026\/05\/01\/dicas-simples-para-dominar-a-inteligencia-emocional-a-mais-importante-delas-e-a-regra-dos-10-segundos\/","name":"Dicas simples para dominar a intelig\u00eancia emocional, a mais importante delas \u00e9 a \"regra dos 10 segundos\". - Estado de Minas - Em foco","isPartOf":{"@id":"https:\/\/www.em.com.br\/emfoco\/#website"},"primaryImageOfPage":{"@id":"https:\/\/www.em.com.br\/emfoco\/2026\/05\/01\/dicas-simples-para-dominar-a-inteligencia-emocional-a-mais-importante-delas-e-a-regra-dos-10-segundos\/#primaryimage"},"image":{"@id":"https:\/\/www.em.com.br\/emfoco\/2026\/05\/01\/dicas-simples-para-dominar-a-inteligencia-emocional-a-mais-importante-delas-e-a-regra-dos-10-segundos\/#primaryimage"},"thumbnailUrl":"https:\/\/www.em.com.br\/emfoco\/wp-content\/uploads\/2026\/05\/EmFoco_53.jpg","datePublished":"2026-05-02T00:15:00+00:00","dateModified":"2026-04-30T20:58:18+00:00","author":{"@id":"https:\/\/www.em.com.br\/emfoco\/#\/schema\/person\/0a8186d72f2c3a5c6276d90b41f271a0"},"description":"A regra dos 10 segundos ajuda a controlar impulsos e fortalecer a intelig\u00eancia emocional, segundo a psicologia moderna.","breadcrumb":{"@id":"https:\/\/www.em.com.br\/emfoco\/2026\/05\/01\/dicas-simples-para-dominar-a-inteligencia-emocional-a-mais-importante-delas-e-a-regra-dos-10-segundos\/#breadcrumb"},"inLanguage":"pt-BR","potentialAction":[{"@type":"ReadAction","target":["https:\/\/www.em.com.br\/emfoco\/2026\/05\/01\/dicas-simples-para-dominar-a-inteligencia-emocional-a-mais-importante-delas-e-a-regra-dos-10-segundos\/"]}]},{"@type":"ImageObject","inLanguage":"pt-BR","@id":"https:\/\/www.em.com.br\/emfoco\/2026\/05\/01\/dicas-simples-para-dominar-a-inteligencia-emocional-a-mais-importante-delas-e-a-regra-dos-10-segundos\/#primaryimage","url":"https:\/\/www.em.com.br\/emfoco\/wp-content\/uploads\/2026\/05\/EmFoco_53.jpg","contentUrl":"https:\/\/www.em.com.br\/emfoco\/wp-content\/uploads\/2026\/05\/EmFoco_53.jpg","width":1280,"height":720,"caption":"Habilidades de intelig\u00eancia emocional que promovem autocontrole e resili\u00eancia nas intera\u00e7\u00f5es di\u00e1rias"},{"@type":"BreadcrumbList","@id":"https:\/\/www.em.com.br\/emfoco\/2026\/05\/01\/dicas-simples-para-dominar-a-inteligencia-emocional-a-mais-importante-delas-e-a-regra-dos-10-segundos\/#breadcrumb","itemListElement":[{"@type":"ListItem","position":1,"name":"In\u00edcio","item":"https:\/\/www.em.com.br\/emfoco\/"},{"@type":"ListItem","position":2,"name":"Dicas simples para dominar a intelig\u00eancia emocional, a mais importante delas \u00e9 a &#8220;regra dos 10 segundos&#8221;."}]},{"@type":"WebSite","@id":"https:\/\/www.em.com.br\/emfoco\/#website","url":"https:\/\/www.em.com.br\/emfoco\/","name":"Estado de Minas - Em foco","description":"Acompanhe as \u00faltimas not\u00edcias e fique bem informado sobre tudo o que acontece em Minas Gerais, Brasil e no mundo.","potentialAction":[{"@type":"SearchAction","target":{"@type":"EntryPoint","urlTemplate":"https:\/\/www.em.com.br\/emfoco\/?s={search_term_string}"},"query-input":{"@type":"PropertyValueSpecification","valueRequired":true,"valueName":"search_term_string"}}],"inLanguage":"pt-BR"},{"@type":"Person","@id":"https:\/\/www.em.com.br\/emfoco\/#\/schema\/person\/0a8186d72f2c3a5c6276d90b41f271a0","name":"Daniely Cardoso","image":{"@type":"ImageObject","inLanguage":"pt-BR","@id":"https:\/\/www.em.com.br\/emfoco\/#\/schema\/person\/image\/","url":"https:\/\/secure.gravatar.com\/avatar\/4b80ddbd124d1f071b626d52d62e5dff?s=96&d=mm&r=g","contentUrl":"https:\/\/secure.gravatar.com\/avatar\/4b80ddbd124d1f071b626d52d62e5dff?s=96&d=mm&r=g","caption":"Daniely Cardoso"},"url":"https:\/\/www.em.com.br\/emfoco\/author\/danielymyth\/"}]}},"_links":{"self":[{"href":"https:\/\/www.em.com.br\/emfoco\/wp-json\/wp\/v2\/posts\/202139","targetHints":{"allow":["GET"]}}],"collection":[{"href":"https:\/\/www.em.com.br\/emfoco\/wp-json\/wp\/v2\/posts"}],"about":[{"href":"https:\/\/www.em.com.br\/emfoco\/wp-json\/wp\/v2\/types\/post"}],"author":[{"embeddable":true,"href":"https:\/\/www.em.com.br\/emfoco\/wp-json\/wp\/v2\/users\/9"}],"replies":[{"embeddable":true,"href":"https:\/\/www.em.com.br\/emfoco\/wp-json\/wp\/v2\/comments?post=202139"}],"version-history":[{"count":2,"href":"https:\/\/www.em.com.br\/emfoco\/wp-json\/wp\/v2\/posts\/202139\/revisions"}],"predecessor-version":[{"id":202155,"href":"https:\/\/www.em.com.br\/emfoco\/wp-json\/wp\/v2\/posts\/202139\/revisions\/202155"}],"wp:featuredmedia":[{"embeddable":true,"href":"https:\/\/www.em.com.br\/emfoco\/wp-json\/wp\/v2\/media\/202245"}],"wp:attachment":[{"href":"https:\/\/www.em.com.br\/emfoco\/wp-json\/wp\/v2\/media?parent=202139"}],"wp:term":[{"taxonomy":"category","embeddable":true,"href":"https:\/\/www.em.com.br\/emfoco\/wp-json\/wp\/v2\/categories?post=202139"},{"taxonomy":"post_tag","embeddable":true,"href":"https:\/\/www.em.com.br\/emfoco\/wp-json\/wp\/v2\/tags?post=202139"}],"curies":[{"name":"wp","href":"https:\/\/api.w.org\/{rel}","templated":true}]}}