{"id":202138,"date":"2026-05-01T12:35:00","date_gmt":"2026-05-01T15:35:00","guid":{"rendered":"https:\/\/www.em.com.br\/emfoco\/?p=202138"},"modified":"2026-04-30T17:54:58","modified_gmt":"2026-04-30T20:54:58","slug":"peixes-morrem-de-falta-de-ar-entenda-como-o-excesso-de-calor-altera-a-agua-e-pode-causar-um-quadro-de-estresse","status":"publish","type":"post","link":"https:\/\/www.em.com.br\/emfoco\/2026\/05\/01\/peixes-morrem-de-falta-de-ar-entenda-como-o-excesso-de-calor-altera-a-agua-e-pode-causar-um-quadro-de-estresse\/","title":{"rendered":"Peixes morrem de falta de ar? Entenda como o excesso de calor altera a \u00e1gua e pode causar um quadro de estresse"},"content":{"rendered":"\n<p>Muitos aquaristas iniciantes ignoram pequenos sinais que indicam como os <strong>peixes ornamentais<\/strong> interagem com o ambiente l\u00edquido ao seu redor. Compreender os mecanismos biol\u00f3gicos desses animais pode evitar surpresas desagrad\u00e1veis durante a rotina de manuten\u00e7\u00e3o do seu aqu\u00e1rio dom\u00e9stico.<\/p>\n\n\n\n<h2 class=\"wp-block-heading\">Como os peixes ornamentais respiram dentro da \u00e1gua<\/h2>\n\n\n\n<p>O processo de troca gasosa ocorre atrav\u00e9s das br\u00e2nquias que retiram o oxig\u00eanio dissolvido no meio l\u00edquido de forma cont\u00ednua e eficiente. Manter a <strong>oxigena\u00e7\u00e3o adequada<\/strong> garante que o metabolismo do animal funcione sem interrup\u00e7\u00f5es prejudiciais ou quadros de estresse f\u00edsico intenso. A movimenta\u00e7\u00e3o constante da superf\u00edcie facilita essa entrada de ar e renova a <strong>vitalidade do ecossistema<\/strong> de maneira totalmente natural.<\/p>\n\n\n\n<p>Algumas esp\u00e9cies espec\u00edficas desenvolveram adapta\u00e7\u00f5es anat\u00f4micas impressionantes para sobreviver em locais com baixos n\u00edveis de oxig\u00eanio dispon\u00edvel no ambiente. O \u00f3rg\u00e3o labirinto permite que o animal busque ar diretamente na superf\u00edcie em situa\u00e7\u00f5es de <strong>extrema necessidade<\/strong> biol\u00f3gica e metab\u00f3lica. Para garantir que seu pet viva bem, observe atentamente os itens que comp\u00f5em um ambiente saud\u00e1vel e equilibrado para a vida:<\/p>\n\n\n\n<ul class=\"wp-block-list\">\n<li>Filtros potentes que promovam a quebra constante da tens\u00e3o superficial da \u00e1gua do tanque.<\/li>\n\n\n\n<li>Plantas naturais que realizem fotoss\u00edntese e liberem oxig\u00eanio puro durante o per\u00edodo do dia.<\/li>\n\n\n\n<li>Termostatos regulados para evitar que o calor excessivo diminua a solubilidade dos gases vitais.<\/li>\n<\/ul>\n\n\n<div class=\"wp-block-image\">\n<figure class=\"aligncenter size-large\"><img loading=\"lazy\" decoding=\"async\" width=\"1024\" height=\"576\" src=\"https:\/\/www.em.com.br\/emfoco\/wp-content\/uploads\/2026\/04\/peixe-falta-de-ar-1024x576.jpg\" alt=\"peixe falta de ar\" class=\"wp-image-202141\" srcset=\"https:\/\/www.em.com.br\/emfoco\/wp-content\/uploads\/2026\/04\/peixe-falta-de-ar-1024x576.jpg 1024w, https:\/\/www.em.com.br\/emfoco\/wp-content\/uploads\/2026\/04\/peixe-falta-de-ar-300x169.jpg 300w, https:\/\/www.em.com.br\/emfoco\/wp-content\/uploads\/2026\/04\/peixe-falta-de-ar-768x432.jpg 768w, https:\/\/www.em.com.br\/emfoco\/wp-content\/uploads\/2026\/04\/peixe-falta-de-ar-750x422.jpg 750w, https:\/\/www.em.com.br\/emfoco\/wp-content\/uploads\/2026\/04\/peixe-falta-de-ar-1140x641.jpg 1140w, https:\/\/www.em.com.br\/emfoco\/wp-content\/uploads\/2026\/04\/peixe-falta-de-ar.jpg 1280w\" sizes=\"auto, (max-width: 1024px) 100vw, 1024px\" \/><figcaption class=\"wp-element-caption\">Algumas esp\u00e9cies espec\u00edficas desenvolveram adapta\u00e7\u00f5es anat\u00f4micas impressionantes para sobreviver em locais com baixos n\u00edveis de oxig\u00eanio dispon\u00edvel no ambiente<\/figcaption><\/figure><\/div>\n\n\n<p>Leia tamb\u00e9m: <a href=\"https:\/\/www.em.com.br\/emfoco\/2026\/03\/24\/o-peixe-sente-sede-a-resposta-curiosa-sobre-como-esses-animais-bebem-agua\/\" target=\"_blank\" rel=\"noreferrer noopener\">O peixe sente sede? A resposta curiosa sobre como esses animais bebem \u00e1gua<\/a><\/p>\n\n\n\n<h2 class=\"wp-block-heading\">A import\u00e2ncia de monitorar o comportamento do betta<\/h2>\n\n\n\n<p>Este peixe costuma subir ao topo do tanque com frequ\u00eancia para realizar a respira\u00e7\u00e3o suplementar de forma totalmente aut\u00f4noma e r\u00e1pida. Caso ele encontre obst\u00e1culos f\u00edsicos ou uma tampa muito vedada, o animal pode sofrer um <strong>quadro de sufocamento<\/strong> bastante grave. Verifique se o <strong>espa\u00e7o livre<\/strong> entre a l\u00e2mina d&#8217;\u00e1gua e a cobertura permite essa manobra vital sem oferecer riscos ao animal.<\/p>\n\n\n\n<p>O ac\u00famulo de am\u00f4nia e nitritos altera drasticamente a capacidade do sangue de transportar os gases vitais por todo o corpo do peixe. Realizar <strong>trocas parciais<\/strong> frequentes remove as toxinas que impedem o funcionamento correto do labirinto e das br\u00e2nquias muito sens\u00edveis. Esse cuidado simples preserva a <strong>sa\u00fade branquial<\/strong> e evita que o pet precise emergir desesperadamente em busca de socorro imediato.<\/p>\n\n\n\n<p>Para voc\u00ea que gosta de peixes, separamos um v\u00eddeo do canal <a href=\"https:\/\/www.youtube.com\/@Anthonygames05\" target=\"_blank\" rel=\"noreferrer noopener\">Anthony Games<\/a> com dicas para oxigenar a \u00e1gua do seu aqu\u00e1rio:<\/p>\n\n\n\n<figure class=\"wp-block-embed is-type-video is-provider-youtube wp-block-embed-youtube wp-embed-aspect-16-9 wp-has-aspect-ratio\"><div class=\"wp-block-embed__wrapper\">\n<div class=\"jeg_video_container jeg_video_content\"><iframe loading=\"lazy\" title=\"Meu aqu\u00e1rio precisa de bomba de oxig\u00eanio??\" width=\"500\" height=\"281\" src=\"https:\/\/www.youtube.com\/embed\/TuLMiY6IsIc?feature=oembed\" frameborder=\"0\" allow=\"accelerometer; autoplay; clipboard-write; encrypted-media; gyroscope; picture-in-picture; web-share\" referrerpolicy=\"strict-origin-when-cross-origin\" allowfullscreen><\/iframe><\/div>\n<\/div><\/figure>\n\n\n\n<h2 class=\"wp-block-heading\">Curiosidades sobre a vis\u00e3o dos peixes ornamentais<\/h2>\n\n\n\n<p>A percep\u00e7\u00e3o visual desses animais \u00e9 adaptada para detectar movimentos sutis e contrastes de cores em ambientes subaqu\u00e1ticos diversos e complexos. Eles possuem um <strong>campo de vis\u00e3o<\/strong> amplo que ajuda na localiza\u00e7\u00e3o de alimentos e na fuga r\u00e1pida de poss\u00edveis predadores naturais. Manter uma <strong>ilumina\u00e7\u00e3o equilibrada<\/strong> favorece o ciclo circadiano e reduz o nervosismo causado por sombras repentinas no vidro do aqu\u00e1rio.<\/p>\n\n\n\n<p>Muitas esp\u00e9cies conseguem enxergar tonalidades que s\u00e3o completamente invis\u00edveis aos olhos humanos devido \u00e0 sensibilidade aos raios ultravioletas do sol. Essa capacidade sensorial permite uma <strong>comunica\u00e7\u00e3o social<\/strong> complexa entre os indiv\u00edduos do grupo durante o per\u00edodo de reprodu\u00e7\u00e3o ou alimenta\u00e7\u00e3o. O uso de <strong>substratos naturais<\/strong> ajuda a refletir a luz de forma suave e confort\u00e1vel para a retina dos seus pets.<\/p>\n\n\n\n<figure class=\"wp-block-embed is-type-rich is-provider-pinterest wp-block-embed-pinterest\"><div class=\"wp-block-embed__wrapper\">\n<iframe loading=\"lazy\" title=\"peixes ornamentais - perfei\u00e7\u00e3o\" src=\"https:\/\/assets.pinterest.com\/ext\/embed.html?id=796785359098791088&#038;src=oembed\" height=\"899\" width=\"450\" frameborder=\"0\" scrolling=\"no\" ><\/iframe>\n<\/div><\/figure>\n\n\n\n<h2 class=\"wp-block-heading\">Fatores que causam falta de ar nos peixes ornamentais<\/h2>\n\n\n\n<p>A temperatura elevada \u00e9 um dos principais motivos para a queda brusca na disponibilidade de oxig\u00eanio dentro do tanque de vidro. Quando a \u00e1gua aquece demais, as mol\u00e9culas de g\u00e1s escapam com facilidade e deixam o <strong>ambiente saturado<\/strong> de g\u00e1s carb\u00f4nico prejudicial. Instalar <strong>coolers silenciosos<\/strong> ajuda a manter a estabilidade t\u00e9rmica ideal e protege a respira\u00e7\u00e3o de todos os habitantes do aqu\u00e1rio.<\/p>\n\n\n\n<p>O excesso de alimenta\u00e7\u00e3o gera sobras que apodrecem no fundo e consomem o oxig\u00eanio atrav\u00e9s da intensa atividade bacteriana local. Controlar a <strong>quantidade de ra\u00e7\u00e3o<\/strong> evita picos de polui\u00e7\u00e3o que sobrecarregam o sistema de filtragem mec\u00e2nica e biol\u00f3gica do seu equipamento. Uma dieta equilibrada garante <strong>fezes menos poluentes<\/strong> e mant\u00e9m a transpar\u00eancia cristalina do seu projeto de aquarismo por muito mais tempo.<\/p>\n\n\n<div class=\"wp-block-image\">\n<figure class=\"aligncenter size-large\"><img loading=\"lazy\" decoding=\"async\" width=\"1024\" height=\"576\" src=\"https:\/\/www.em.com.br\/emfoco\/wp-content\/uploads\/2026\/03\/aquario_1774305750963-1024x576.jpg\" alt=\"peixes ornamentais\" class=\"wp-image-184942\" srcset=\"https:\/\/www.em.com.br\/emfoco\/wp-content\/uploads\/2026\/03\/aquario_1774305750963-1024x576.jpg 1024w, https:\/\/www.em.com.br\/emfoco\/wp-content\/uploads\/2026\/03\/aquario_1774305750963-300x169.jpg 300w, https:\/\/www.em.com.br\/emfoco\/wp-content\/uploads\/2026\/03\/aquario_1774305750963-768x432.jpg 768w, https:\/\/www.em.com.br\/emfoco\/wp-content\/uploads\/2026\/03\/aquario_1774305750963-750x422.jpg 750w, https:\/\/www.em.com.br\/emfoco\/wp-content\/uploads\/2026\/03\/aquario_1774305750963-1140x641.jpg 1140w, https:\/\/www.em.com.br\/emfoco\/wp-content\/uploads\/2026\/03\/aquario_1774305750963.jpg 1280w\" sizes=\"auto, (max-width: 1024px) 100vw, 1024px\" \/><figcaption class=\"wp-element-caption\">O excesso de alimenta\u00e7\u00e3o gera sobras que apodrecem no fundo e consomem o oxig\u00eanio atrav\u00e9s da intensa atividade bacteriana local.- Cr\u00e9ditos: depositphotos.com \/ Shuter9Aum<\/figcaption><\/figure><\/div>\n\n\n<h2 class=\"wp-block-heading\">Dicas finais para um aquarismo de sucesso<\/h2>\n\n\n\n<p>Estude as necessidades espec\u00edficas de cada esp\u00e9cie antes de realizar a montagem do seu primeiro tanque de peixes em casa. Busque sempre <strong>orienta\u00e7\u00e3o t\u00e9cnica<\/strong> de profissionais qualificados para evitar erros comuns de iniciantes que prejudicam a vida dos animais. Priorize a <strong>estabilidade qu\u00edmica<\/strong> da \u00e1gua para oferecer um lar digno e seguro aos seus novos companheiros aqu\u00e1ticos.<\/p>\n\n\n\n<p>Dedique alguns minutos do seu dia para observar a nata\u00e7\u00e3o e o apetite dos seus animais com calma e aten\u00e7\u00e3o. Fa\u00e7a as <strong>manuten\u00e7\u00f5es preventivas<\/strong> com disciplina para colher os frutos de um aqu\u00e1rio sempre belo e com peixes saud\u00e1veis. Aproveite a <strong>paz visual<\/strong> que esse contato com a natureza proporciona dentro da sua pr\u00f3pria sala de estar todos os dias.<\/p>\n","protected":false},"excerpt":{"rendered":"<p>Muitos aquaristas iniciantes ignoram pequenos sinais que indicam como os peixes ornamentais interagem com o ambiente l\u00edquido ao seu redor. Compreender os mecanismos biol\u00f3gicos desses animais pode evitar surpresas desagrad\u00e1veis durante a rotina de manuten\u00e7\u00e3o do seu aqu\u00e1rio dom\u00e9stico. Como os peixes ornamentais respiram dentro da \u00e1gua O processo de troca gasosa ocorre atrav\u00e9s das [&hellip;]<\/p>\n","protected":false},"author":9,"featured_media":202240,"comment_status":"open","ping_status":"open","sticky":false,"template":"","format":"standard","meta":{"jnews-multi-image_gallery":[],"jnews_single_post":{"format":"standard"},"jnews_primary_category":[],"jnews_social_meta":[],"jnews_override_counter":[],"footnotes":""},"categories":[8691,29],"tags":[29066,29067,29068],"class_list":["post-202138","post","type-post","status-publish","format-standard","has-post-thumbnail","hentry","category-bem-estar","category-entretenimento","tag-aquarismo-iniciante","tag-cuidados-com-peixes","tag-oxigenacao-de-aquario"],"yoast_head":"<!-- This site is optimized with the Yoast SEO plugin v23.8 - https:\/\/yoast.com\/wordpress\/plugins\/seo\/ -->\n<title>Peixes morrem de falta de ar? Entenda como o excesso de calor altera a \u00e1gua e pode causar um quadro de estresse - Estado de Minas - Em foco<\/title>\n<meta name=\"description\" content=\"Alguns peixes ornamentais interagem com o ambiente de formas que podem surpreender voc\u00ea. Veja como garantir o bem-estar deles.\" \/>\n<meta name=\"robots\" content=\"index, follow, max-snippet:-1, max-image-preview:large, max-video-preview:-1\" \/>\n<link rel=\"canonical\" href=\"https:\/\/www.em.com.br\/emfoco\/2026\/05\/01\/peixes-morrem-de-falta-de-ar-entenda-como-o-excesso-de-calor-altera-a-agua-e-pode-causar-um-quadro-de-estresse\/\" \/>\n<meta property=\"og:locale\" content=\"pt_BR\" \/>\n<meta property=\"og:type\" content=\"article\" \/>\n<meta property=\"og:title\" content=\"Peixes morrem de falta de ar? Entenda como o excesso de calor altera a \u00e1gua e pode causar um quadro de estresse - Estado de Minas - Em foco\" \/>\n<meta property=\"og:description\" content=\"Alguns peixes ornamentais interagem com o ambiente de formas que podem surpreender voc\u00ea. Veja como garantir o bem-estar deles.\" \/>\n<meta property=\"og:url\" content=\"https:\/\/www.em.com.br\/emfoco\/2026\/05\/01\/peixes-morrem-de-falta-de-ar-entenda-como-o-excesso-de-calor-altera-a-agua-e-pode-causar-um-quadro-de-estresse\/\" \/>\n<meta property=\"og:site_name\" content=\"Estado de Minas - Em foco\" \/>\n<meta property=\"article:published_time\" content=\"2026-05-01T15:35:00+00:00\" \/>\n<meta property=\"article:modified_time\" content=\"2026-04-30T20:54:58+00:00\" \/>\n<meta property=\"og:image\" content=\"https:\/\/www.em.com.br\/emfoco\/wp-content\/uploads\/2026\/05\/EmFoco_43.jpg\" \/>\n\t<meta property=\"og:image:width\" content=\"1280\" \/>\n\t<meta property=\"og:image:height\" content=\"720\" \/>\n\t<meta property=\"og:image:type\" content=\"image\/jpeg\" \/>\n<meta name=\"author\" content=\"Daniely Cardoso\" \/>\n<meta name=\"twitter:card\" content=\"summary_large_image\" \/>\n<meta name=\"twitter:label1\" content=\"Escrito por\" \/>\n\t<meta name=\"twitter:data1\" content=\"Daniely Cardoso\" \/>\n\t<meta name=\"twitter:label2\" content=\"Est. tempo de leitura\" \/>\n\t<meta name=\"twitter:data2\" content=\"5 minutos\" \/>\n<!-- \/ Yoast SEO plugin. -->","yoast_head_json":{"title":"Peixes morrem de falta de ar? Entenda como o excesso de calor altera a \u00e1gua e pode causar um quadro de estresse - Estado de Minas - Em foco","description":"Alguns peixes ornamentais interagem com o ambiente de formas que podem surpreender voc\u00ea. Veja como garantir o bem-estar deles.","robots":{"index":"index","follow":"follow","max-snippet":"max-snippet:-1","max-image-preview":"max-image-preview:large","max-video-preview":"max-video-preview:-1"},"canonical":"https:\/\/www.em.com.br\/emfoco\/2026\/05\/01\/peixes-morrem-de-falta-de-ar-entenda-como-o-excesso-de-calor-altera-a-agua-e-pode-causar-um-quadro-de-estresse\/","og_locale":"pt_BR","og_type":"article","og_title":"Peixes morrem de falta de ar? Entenda como o excesso de calor altera a \u00e1gua e pode causar um quadro de estresse - Estado de Minas - Em foco","og_description":"Alguns peixes ornamentais interagem com o ambiente de formas que podem surpreender voc\u00ea. Veja como garantir o bem-estar deles.","og_url":"https:\/\/www.em.com.br\/emfoco\/2026\/05\/01\/peixes-morrem-de-falta-de-ar-entenda-como-o-excesso-de-calor-altera-a-agua-e-pode-causar-um-quadro-de-estresse\/","og_site_name":"Estado de Minas - Em foco","article_published_time":"2026-05-01T15:35:00+00:00","article_modified_time":"2026-04-30T20:54:58+00:00","og_image":[{"width":1280,"height":720,"url":"https:\/\/www.em.com.br\/emfoco\/wp-content\/uploads\/2026\/05\/EmFoco_43.jpg","type":"image\/jpeg"}],"author":"Daniely Cardoso","twitter_card":"summary_large_image","twitter_misc":{"Escrito por":"Daniely Cardoso","Est. tempo de leitura":"5 minutos"},"schema":{"@context":"https:\/\/schema.org","@graph":[{"@type":"WebPage","@id":"https:\/\/www.em.com.br\/emfoco\/2026\/05\/01\/peixes-morrem-de-falta-de-ar-entenda-como-o-excesso-de-calor-altera-a-agua-e-pode-causar-um-quadro-de-estresse\/","url":"https:\/\/www.em.com.br\/emfoco\/2026\/05\/01\/peixes-morrem-de-falta-de-ar-entenda-como-o-excesso-de-calor-altera-a-agua-e-pode-causar-um-quadro-de-estresse\/","name":"Peixes morrem de falta de ar? Entenda como o excesso de calor altera a \u00e1gua e pode causar um quadro de estresse - Estado de Minas - Em foco","isPartOf":{"@id":"https:\/\/www.em.com.br\/emfoco\/#website"},"primaryImageOfPage":{"@id":"https:\/\/www.em.com.br\/emfoco\/2026\/05\/01\/peixes-morrem-de-falta-de-ar-entenda-como-o-excesso-de-calor-altera-a-agua-e-pode-causar-um-quadro-de-estresse\/#primaryimage"},"image":{"@id":"https:\/\/www.em.com.br\/emfoco\/2026\/05\/01\/peixes-morrem-de-falta-de-ar-entenda-como-o-excesso-de-calor-altera-a-agua-e-pode-causar-um-quadro-de-estresse\/#primaryimage"},"thumbnailUrl":"https:\/\/www.em.com.br\/emfoco\/wp-content\/uploads\/2026\/05\/EmFoco_43.jpg","datePublished":"2026-05-01T15:35:00+00:00","dateModified":"2026-04-30T20:54:58+00:00","author":{"@id":"https:\/\/www.em.com.br\/emfoco\/#\/schema\/person\/0a8186d72f2c3a5c6276d90b41f271a0"},"description":"Alguns peixes ornamentais interagem com o ambiente de formas que podem surpreender voc\u00ea. Veja como garantir o bem-estar deles.","breadcrumb":{"@id":"https:\/\/www.em.com.br\/emfoco\/2026\/05\/01\/peixes-morrem-de-falta-de-ar-entenda-como-o-excesso-de-calor-altera-a-agua-e-pode-causar-um-quadro-de-estresse\/#breadcrumb"},"inLanguage":"pt-BR","potentialAction":[{"@type":"ReadAction","target":["https:\/\/www.em.com.br\/emfoco\/2026\/05\/01\/peixes-morrem-de-falta-de-ar-entenda-como-o-excesso-de-calor-altera-a-agua-e-pode-causar-um-quadro-de-estresse\/"]}]},{"@type":"ImageObject","inLanguage":"pt-BR","@id":"https:\/\/www.em.com.br\/emfoco\/2026\/05\/01\/peixes-morrem-de-falta-de-ar-entenda-como-o-excesso-de-calor-altera-a-agua-e-pode-causar-um-quadro-de-estresse\/#primaryimage","url":"https:\/\/www.em.com.br\/emfoco\/wp-content\/uploads\/2026\/05\/EmFoco_43.jpg","contentUrl":"https:\/\/www.em.com.br\/emfoco\/wp-content\/uploads\/2026\/05\/EmFoco_43.jpg","width":1280,"height":720,"caption":"Oxigena\u00e7\u00e3o equilibrada e controle t\u00e9rmico garantem metabolismo saud\u00e1vel de peixes ornamentais"},{"@type":"BreadcrumbList","@id":"https:\/\/www.em.com.br\/emfoco\/2026\/05\/01\/peixes-morrem-de-falta-de-ar-entenda-como-o-excesso-de-calor-altera-a-agua-e-pode-causar-um-quadro-de-estresse\/#breadcrumb","itemListElement":[{"@type":"ListItem","position":1,"name":"In\u00edcio","item":"https:\/\/www.em.com.br\/emfoco\/"},{"@type":"ListItem","position":2,"name":"Peixes morrem de falta de ar? Entenda como o excesso de calor altera a \u00e1gua e pode causar um quadro de estresse"}]},{"@type":"WebSite","@id":"https:\/\/www.em.com.br\/emfoco\/#website","url":"https:\/\/www.em.com.br\/emfoco\/","name":"Estado de Minas - Em foco","description":"Acompanhe as \u00faltimas not\u00edcias e fique bem informado sobre tudo o que acontece em Minas Gerais, Brasil e no mundo.","potentialAction":[{"@type":"SearchAction","target":{"@type":"EntryPoint","urlTemplate":"https:\/\/www.em.com.br\/emfoco\/?s={search_term_string}"},"query-input":{"@type":"PropertyValueSpecification","valueRequired":true,"valueName":"search_term_string"}}],"inLanguage":"pt-BR"},{"@type":"Person","@id":"https:\/\/www.em.com.br\/emfoco\/#\/schema\/person\/0a8186d72f2c3a5c6276d90b41f271a0","name":"Daniely Cardoso","image":{"@type":"ImageObject","inLanguage":"pt-BR","@id":"https:\/\/www.em.com.br\/emfoco\/#\/schema\/person\/image\/","url":"https:\/\/secure.gravatar.com\/avatar\/4b80ddbd124d1f071b626d52d62e5dff?s=96&d=mm&r=g","contentUrl":"https:\/\/secure.gravatar.com\/avatar\/4b80ddbd124d1f071b626d52d62e5dff?s=96&d=mm&r=g","caption":"Daniely Cardoso"},"url":"https:\/\/www.em.com.br\/emfoco\/author\/danielymyth\/"}]}},"_links":{"self":[{"href":"https:\/\/www.em.com.br\/emfoco\/wp-json\/wp\/v2\/posts\/202138","targetHints":{"allow":["GET"]}}],"collection":[{"href":"https:\/\/www.em.com.br\/emfoco\/wp-json\/wp\/v2\/posts"}],"about":[{"href":"https:\/\/www.em.com.br\/emfoco\/wp-json\/wp\/v2\/types\/post"}],"author":[{"embeddable":true,"href":"https:\/\/www.em.com.br\/emfoco\/wp-json\/wp\/v2\/users\/9"}],"replies":[{"embeddable":true,"href":"https:\/\/www.em.com.br\/emfoco\/wp-json\/wp\/v2\/comments?post=202138"}],"version-history":[{"count":1,"href":"https:\/\/www.em.com.br\/emfoco\/wp-json\/wp\/v2\/posts\/202138\/revisions"}],"predecessor-version":[{"id":202143,"href":"https:\/\/www.em.com.br\/emfoco\/wp-json\/wp\/v2\/posts\/202138\/revisions\/202143"}],"wp:featuredmedia":[{"embeddable":true,"href":"https:\/\/www.em.com.br\/emfoco\/wp-json\/wp\/v2\/media\/202240"}],"wp:attachment":[{"href":"https:\/\/www.em.com.br\/emfoco\/wp-json\/wp\/v2\/media?parent=202138"}],"wp:term":[{"taxonomy":"category","embeddable":true,"href":"https:\/\/www.em.com.br\/emfoco\/wp-json\/wp\/v2\/categories?post=202138"},{"taxonomy":"post_tag","embeddable":true,"href":"https:\/\/www.em.com.br\/emfoco\/wp-json\/wp\/v2\/tags?post=202138"}],"curies":[{"name":"wp","href":"https:\/\/api.w.org\/{rel}","templated":true}]}}