{"id":202128,"date":"2026-05-01T17:15:00","date_gmt":"2026-05-01T20:15:00","guid":{"rendered":"https:\/\/www.em.com.br\/emfoco\/?p=202128"},"modified":"2026-04-30T17:55:31","modified_gmt":"2026-04-30T20:55:31","slug":"arrumar-a-cadeira-ao-sair-pode-revelar-tracos-profundos-da-sua-personalidade-segundo-a-psicologia","status":"publish","type":"post","link":"https:\/\/www.em.com.br\/emfoco\/2026\/05\/01\/arrumar-a-cadeira-ao-sair-pode-revelar-tracos-profundos-da-sua-personalidade-segundo-a-psicologia\/","title":{"rendered":"Arrumar a cadeira ao sair pode revelar tra\u00e7os profundos da sua personalidade, segundo a psicologia"},"content":{"rendered":"\n<p>Pequenos h\u00e1bitos cotidianos, muitas vezes executados de forma autom\u00e1tica, funcionam como janelas para o funcionamento do nosso <strong>subconsciente<\/strong> e para a nossa estrutura de valores. O ato de empurrar a cadeira para baixo da mesa ao se levantar n\u00e3o \u00e9 apenas uma norma de etiqueta, mas um reflexo direto de como o indiv\u00edduo processa a <strong>consci\u00eancia social<\/strong> e o encerramento de ciclos.<\/p>\n\n\n\n<h2 class=\"wp-block-heading\">O simbolismo do encerramento e a organiza\u00e7\u00e3o mental<\/h2>\n\n\n\n<p>Na <strong>psicologia comportamental<\/strong>, o gesto de organizar o mobili\u00e1rio ap\u00f3s o uso \u00e9 interpretado como uma manifesta\u00e7\u00e3o de &#8220;fechamento cognitivo&#8221;. Indiv\u00edduos que possuem essa inclina\u00e7\u00e3o tendem a apresentar uma maior <strong>estabilidade emocional<\/strong>, demonstrando que sua mente busca finalizar tarefas de maneira completa para evitar o ac\u00famulo de est\u00edmulos visuais desordenados em seu ambiente.<\/p>\n\n\n\n<p>Estudos realizados em universidades da <strong>Alemanha<\/strong> sugerem que pessoas que organizam o espa\u00e7o ao sair possuem um n\u00edvel elevado de <strong>conscienciosidade<\/strong>, um dos cinco grandes tra\u00e7os da personalidade humana (Big Five). Manter o ambiente em ordem ap\u00f3s a pr\u00f3pria passagem sinaliza que a pessoa possui uma estrutura interna organizada, refletindo diretamente em sua capacidade de planejamento e execu\u00e7\u00e3o de metas de longo prazo.<\/p>\n\n\n<div class=\"wp-block-image\">\n<figure class=\"aligncenter size-large\"><img loading=\"lazy\" decoding=\"async\" width=\"1024\" height=\"576\" src=\"https:\/\/www.em.com.br\/emfoco\/wp-content\/uploads\/2026\/02\/Gemini_Generated_Image_2ragaw2ragaw2rag-1-1024x576.png\" alt=\"\" class=\"wp-image-171496\" srcset=\"https:\/\/www.em.com.br\/emfoco\/wp-content\/uploads\/2026\/02\/Gemini_Generated_Image_2ragaw2ragaw2rag-1-1024x576.png 1024w, https:\/\/www.em.com.br\/emfoco\/wp-content\/uploads\/2026\/02\/Gemini_Generated_Image_2ragaw2ragaw2rag-1-300x169.png 300w, https:\/\/www.em.com.br\/emfoco\/wp-content\/uploads\/2026\/02\/Gemini_Generated_Image_2ragaw2ragaw2rag-1-768x432.png 768w, https:\/\/www.em.com.br\/emfoco\/wp-content\/uploads\/2026\/02\/Gemini_Generated_Image_2ragaw2ragaw2rag-1-750x422.png 750w, https:\/\/www.em.com.br\/emfoco\/wp-content\/uploads\/2026\/02\/Gemini_Generated_Image_2ragaw2ragaw2rag-1-1140x641.png 1140w, https:\/\/www.em.com.br\/emfoco\/wp-content\/uploads\/2026\/02\/Gemini_Generated_Image_2ragaw2ragaw2rag-1.png 1280w\" sizes=\"auto, (max-width: 1024px) 100vw, 1024px\" \/><figcaption class=\"wp-element-caption\">Em ambientes profissionais e educativos, esse gesto \u00e9 frequentemente incentivado como parte da educa\u00e7\u00e3o para a conviv\u00eancia<\/figcaption><\/figure><\/div>\n\n\n<h2 class=\"wp-block-heading\">Empatia e a percep\u00e7\u00e3o do outro no espa\u00e7o coletivo<\/h2>\n\n\n\n<p>Para a <a href=\"https:\/\/www.scielo.br\/j\/psoc\/a\/yMxwVBg7f3qvCdksBFmQ4CQ\/?lang=pt#:~:text=A%20especialidade%20de%20Psicologia%20Social,propor%20a%C3%A7%C3%B5es%20no%20%C3%A2mbito%20social.\" target=\"_blank\" rel=\"noreferrer noopener\">psicologia social<\/a>, arrumar a cadeira \u00e9 um indicador cl\u00e1ssico de <strong>altru\u00edsmo<\/strong> de baixo custo, onde o sujeito age em benef\u00edcio de terceiros sem esperar uma recompensa imediata. Esse comportamento demonstra que o indiv\u00edduo possui uma percep\u00e7\u00e3o agu\u00e7ada de como suas a\u00e7\u00f5es impactam o coletivo, evitando criar obst\u00e1culos f\u00edsicos para quem circular\u00e1 pelo local posteriormente.<\/p>\n\n\n\n<p>Institui\u00e7\u00f5es de pesquisa nos <strong>Estados Unidos<\/strong> associam esse h\u00e1bito \u00e0 intelig\u00eancia emocional elevada, pois revela a capacidade de se colocar no lugar do pr\u00f3ximo, seja em um restaurante ou no escrit\u00f3rio. A aus\u00eancia desse gesto, por outro lado, pode n\u00e3o indicar necessariamente maldade, mas sim uma <strong>distra\u00e7\u00e3o cognitiva<\/strong> ou um foco excessivo no &#8220;eu&#8221;, onde as necessidades futuras do ambiente s\u00e3o ignoradas em prol da pressa moment\u00e2nea.<\/p>\n\n\n\n<h2 class=\"wp-block-heading\">A rela\u00e7\u00e3o entre micro-h\u00e1bitos e a autoridade pessoal<\/h2>\n\n\n\n<p>A forma como tratamos objetos inanimados ap\u00f3s o uso diz muito sobre o nosso senso de <strong>autoridade<\/strong> e respeito pelas hierarquias e espa\u00e7os comuns. Especialistas em linguagem corporal e comportamento na <strong>Fran\u00e7a<\/strong> observam que l\u00edderes que mant\u00eam esses micro-h\u00e1bitos de organiza\u00e7\u00e3o tendem a inspirar mais confian\u00e7a em suas equipes, pois demonstram consist\u00eancia e aten\u00e7\u00e3o aos detalhes.<\/p>\n\n\n\n<p>Manter a cadeira alinhada \u00e9 uma forma de deixar uma &#8220;assinatura&#8221; de cuidado por onde se passa, consolidando uma imagem de <strong>confiabilidade<\/strong> e integridade. Ao zelar pela harmonia visual do local, voc\u00ea refor\u00e7a para si mesmo e para os outros que possui controle sobre suas a\u00e7\u00f5es, transformando um movimento simples em uma poderosa ferramenta de comunica\u00e7\u00e3o n\u00e3o verbal de alto n\u00edvel.<\/p>\n\n\n<div class=\"wp-block-image\">\n<figure class=\"aligncenter size-large\"><img loading=\"lazy\" decoding=\"async\" width=\"1024\" height=\"576\" src=\"https:\/\/www.em.com.br\/emfoco\/wp-content\/uploads\/2026\/03\/arrumar-a-cadeira-1024x576.jpg\" alt=\"\" class=\"wp-image-187773\" srcset=\"https:\/\/www.em.com.br\/emfoco\/wp-content\/uploads\/2026\/03\/arrumar-a-cadeira-1024x576.jpg 1024w, https:\/\/www.em.com.br\/emfoco\/wp-content\/uploads\/2026\/03\/arrumar-a-cadeira-300x169.jpg 300w, https:\/\/www.em.com.br\/emfoco\/wp-content\/uploads\/2026\/03\/arrumar-a-cadeira-768x432.jpg 768w, https:\/\/www.em.com.br\/emfoco\/wp-content\/uploads\/2026\/03\/arrumar-a-cadeira-750x422.jpg 750w, https:\/\/www.em.com.br\/emfoco\/wp-content\/uploads\/2026\/03\/arrumar-a-cadeira-1140x641.jpg 1140w, https:\/\/www.em.com.br\/emfoco\/wp-content\/uploads\/2026\/03\/arrumar-a-cadeira.jpg 1280w\" sizes=\"auto, (max-width: 1024px) 100vw, 1024px\" \/><figcaption class=\"wp-element-caption\">Em \u00faltima an\u00e1lise, arrumar a cadeira ao sair \u00e9 um testemunho silencioso de uma mente que valoriza a harmonia <\/figcaption><\/figure><\/div>\n\n\n<p>Leia tamb\u00e9m: <a href=\"https:\/\/www.em.com.br\/emfoco\/2026\/03\/18\/o-que-significa-caminhar-olhando-para-o-chao-segundo-a-psicologia\/\" target=\"_blank\" rel=\"noreferrer noopener\">O que significa caminhar olhando para o ch\u00e3o, segundo a psicologia<\/a><\/p>\n\n\n\n<h2 class=\"wp-block-heading\">Como os tra\u00e7os de personalidade influenciam nossas a\u00e7\u00f5es autom\u00e1ticas<\/h2>\n\n\n\n<p>A repeti\u00e7\u00e3o de a\u00e7\u00f5es organizadas molda o <strong>car\u00e1ter<\/strong> atrav\u00e9s da disciplina, criando uma predisposi\u00e7\u00e3o para o sucesso em \u00e1reas que exigem rigor e m\u00e9todo. A psicologia do desenvolvimento afirma que esses h\u00e1bitos, quando cultivados desde a inf\u00e2ncia, auxiliam na matura\u00e7\u00e3o do c\u00f3rtex pr\u00e9-frontal, respons\u00e1vel pela tomada de decis\u00f5es e pelo controle de impulsos em situa\u00e7\u00f5es de estresse.<\/p>\n\n\n\n<ul class=\"wp-block-list\">\n<li><strong>Foco no detalhe:<\/strong> Pessoas que arrumam a cadeira geralmente possuem maior facilidade em revisar processos e identificar erros em projetos complexos.<\/li>\n\n\n\n<li><strong>Respeito ao patrim\u00f4nio:<\/strong> O zelo pelo objeto reflete uma educa\u00e7\u00e3o voltada para a preserva\u00e7\u00e3o e valoriza\u00e7\u00e3o do que \u00e9 compartilhado.<\/li>\n\n\n\n<li><strong>Redu\u00e7\u00e3o da ansiedade:<\/strong> Ambientes ordenados ajudam a manter os n\u00edveis de cortisol baixos, promovendo uma sensa\u00e7\u00e3o de dever cumprido ao final de cada intera\u00e7\u00e3o.<\/li>\n\n\n\n<li><strong>Comunica\u00e7\u00e3o silenciosa:<\/strong> O gesto transmite polidez e sofistica\u00e7\u00e3o sem a necessidade de palavras, sendo altamente valorizado em culturas de alto contexto, como no <strong>Jap\u00e3o<\/strong>.<\/li>\n<\/ul>\n\n\n\n<p>Observar esses comportamentos em processos seletivos ou reuni\u00f5es de neg\u00f3cios em <strong>Portugal<\/strong> ou na <strong>Inglaterra<\/strong> pode fornecer pistas valiosas sobre o perfil de um candidato ou parceiro comercial. A consist\u00eancia entre o que se fala e como se age em rela\u00e7\u00e3o ao ambiente \u00e9 o que define a verdadeira <strong>autenticidade<\/strong> e o valor moral de um indiv\u00edduo na sociedade contempor\u00e2nea.<\/p>\n\n\n<div class=\"wp-block-image\">\n<figure class=\"aligncenter size-large\"><img loading=\"lazy\" decoding=\"async\" width=\"1024\" height=\"576\" src=\"https:\/\/www.em.com.br\/emfoco\/wp-content\/uploads\/2026\/03\/arrumar-a-cadeira-ao-sair-1024x576.jpg\" alt=\"\" class=\"wp-image-187774\" srcset=\"https:\/\/www.em.com.br\/emfoco\/wp-content\/uploads\/2026\/03\/arrumar-a-cadeira-ao-sair-1024x576.jpg 1024w, https:\/\/www.em.com.br\/emfoco\/wp-content\/uploads\/2026\/03\/arrumar-a-cadeira-ao-sair-300x169.jpg 300w, https:\/\/www.em.com.br\/emfoco\/wp-content\/uploads\/2026\/03\/arrumar-a-cadeira-ao-sair-768x432.jpg 768w, https:\/\/www.em.com.br\/emfoco\/wp-content\/uploads\/2026\/03\/arrumar-a-cadeira-ao-sair-750x422.jpg 750w, https:\/\/www.em.com.br\/emfoco\/wp-content\/uploads\/2026\/03\/arrumar-a-cadeira-ao-sair-1140x641.jpg 1140w, https:\/\/www.em.com.br\/emfoco\/wp-content\/uploads\/2026\/03\/arrumar-a-cadeira-ao-sair.jpg 1280w\" sizes=\"auto, (max-width: 1024px) 100vw, 1024px\" \/><figcaption class=\"wp-element-caption\">essoas que arrumam a cadeira geralmente possuem maior facilidade em revisar processos <\/figcaption><\/figure><\/div>\n\n\n<h2 class=\"wp-block-heading\">A organiza\u00e7\u00e3o como reflexo de uma mente em equil\u00edbrio<\/h2>\n\n\n\n<p>Em \u00faltima an\u00e1lise, arrumar a cadeira ao sair \u00e9 um testemunho silencioso de uma mente que valoriza a <strong>harmonia<\/strong> e o respeito m\u00fatuo. Esse pequeno esfor\u00e7o f\u00edsico traduz-se em uma grande vantagem psicol\u00f3gica, pois condiciona o c\u00e9rebro a operar sob padr\u00f5es de excel\u00eancia e considera\u00e7\u00e3o pelo mundo que o cerca, elevando o padr\u00e3o das rela\u00e7\u00f5es humanas.<\/p>\n\n\n\n<p>Adotar esse h\u00e1bito de forma intencional pode ser o primeiro passo para uma transforma\u00e7\u00e3o mais profunda na forma como voc\u00ea lida com seus compromissos e com as pessoas \u00e0 sua volta. Ao cultivar a eleg\u00e2ncia nos gestos invis\u00edveis, voc\u00ea constr\u00f3i uma reputa\u00e7\u00e3o de <strong>integridade<\/strong> que o acompanhar\u00e1 em todos os ambientes, transformando o cotidiano em um palco de autodom\u00ednio e educa\u00e7\u00e3o superior.<\/p>\n","protected":false},"excerpt":{"rendered":"<p>Pequenos h\u00e1bitos cotidianos, muitas vezes executados de forma autom\u00e1tica, funcionam como janelas para o funcionamento do nosso subconsciente e para a nossa estrutura de valores. O ato de empurrar a cadeira para baixo da mesa ao se levantar n\u00e3o \u00e9 apenas uma norma de etiqueta, mas um reflexo direto de como o indiv\u00edduo processa a [&hellip;]<\/p>\n","protected":false},"author":9,"featured_media":202236,"comment_status":"open","ping_status":"open","sticky":false,"template":"","format":"standard","meta":{"jnews-multi-image_gallery":[],"jnews_single_post":{"format":"standard"},"jnews_primary_category":[],"jnews_social_meta":[],"jnews_override_counter":[],"footnotes":""},"categories":[8819,1],"tags":[27158,4552,5155],"class_list":["post-202128","post","type-post","status-publish","format-standard","has-post-thumbnail","hentry","category-curiosidades","category-noticias","tag-arrumar-a-cadeira","tag-personalidade","tag-psicologia"],"yoast_head":"<!-- This site is optimized with the Yoast SEO plugin v23.8 - https:\/\/yoast.com\/wordpress\/plugins\/seo\/ -->\n<title>Arrumar a cadeira ao sair pode revelar tra\u00e7os profundos da sua personalidade, segundo a psicologia - Estado de Minas - Em foco<\/title>\n<meta name=\"description\" content=\"Pequenos h\u00e1bitos como arrumar a cadeira podem revelar tra\u00e7os de personalidade, organiza\u00e7\u00e3o mental e consci\u00eancia social segundo a psicologia.\" \/>\n<meta name=\"robots\" content=\"index, follow, max-snippet:-1, max-image-preview:large, max-video-preview:-1\" \/>\n<link rel=\"canonical\" href=\"https:\/\/www.em.com.br\/emfoco\/2026\/05\/01\/arrumar-a-cadeira-ao-sair-pode-revelar-tracos-profundos-da-sua-personalidade-segundo-a-psicologia\/\" \/>\n<meta property=\"og:locale\" content=\"pt_BR\" \/>\n<meta property=\"og:type\" content=\"article\" \/>\n<meta property=\"og:title\" content=\"Arrumar a cadeira ao sair pode revelar tra\u00e7os profundos da sua personalidade, segundo a psicologia - Estado de Minas - Em foco\" \/>\n<meta property=\"og:description\" content=\"Pequenos h\u00e1bitos como arrumar a cadeira podem revelar tra\u00e7os de personalidade, organiza\u00e7\u00e3o mental e consci\u00eancia social segundo a psicologia.\" \/>\n<meta property=\"og:url\" content=\"https:\/\/www.em.com.br\/emfoco\/2026\/05\/01\/arrumar-a-cadeira-ao-sair-pode-revelar-tracos-profundos-da-sua-personalidade-segundo-a-psicologia\/\" \/>\n<meta property=\"og:site_name\" content=\"Estado de Minas - Em foco\" \/>\n<meta property=\"article:published_time\" content=\"2026-05-01T20:15:00+00:00\" \/>\n<meta property=\"article:modified_time\" content=\"2026-04-30T20:55:31+00:00\" \/>\n<meta property=\"og:image\" content=\"https:\/\/www.em.com.br\/emfoco\/wp-content\/uploads\/2026\/05\/EmFoco_47.jpg\" \/>\n\t<meta property=\"og:image:width\" content=\"1280\" \/>\n\t<meta property=\"og:image:height\" content=\"720\" \/>\n\t<meta property=\"og:image:type\" content=\"image\/jpeg\" \/>\n<meta name=\"author\" content=\"Daniely Cardoso\" \/>\n<meta name=\"twitter:card\" content=\"summary_large_image\" \/>\n<meta name=\"twitter:label1\" content=\"Escrito por\" \/>\n\t<meta name=\"twitter:data1\" content=\"Daniely Cardoso\" \/>\n\t<meta name=\"twitter:label2\" content=\"Est. tempo de leitura\" \/>\n\t<meta name=\"twitter:data2\" content=\"6 minutos\" \/>\n<!-- \/ Yoast SEO plugin. -->","yoast_head_json":{"title":"Arrumar a cadeira ao sair pode revelar tra\u00e7os profundos da sua personalidade, segundo a psicologia - Estado de Minas - Em foco","description":"Pequenos h\u00e1bitos como arrumar a cadeira podem revelar tra\u00e7os de personalidade, organiza\u00e7\u00e3o mental e consci\u00eancia social segundo a psicologia.","robots":{"index":"index","follow":"follow","max-snippet":"max-snippet:-1","max-image-preview":"max-image-preview:large","max-video-preview":"max-video-preview:-1"},"canonical":"https:\/\/www.em.com.br\/emfoco\/2026\/05\/01\/arrumar-a-cadeira-ao-sair-pode-revelar-tracos-profundos-da-sua-personalidade-segundo-a-psicologia\/","og_locale":"pt_BR","og_type":"article","og_title":"Arrumar a cadeira ao sair pode revelar tra\u00e7os profundos da sua personalidade, segundo a psicologia - Estado de Minas - Em foco","og_description":"Pequenos h\u00e1bitos como arrumar a cadeira podem revelar tra\u00e7os de personalidade, organiza\u00e7\u00e3o mental e consci\u00eancia social segundo a psicologia.","og_url":"https:\/\/www.em.com.br\/emfoco\/2026\/05\/01\/arrumar-a-cadeira-ao-sair-pode-revelar-tracos-profundos-da-sua-personalidade-segundo-a-psicologia\/","og_site_name":"Estado de Minas - Em foco","article_published_time":"2026-05-01T20:15:00+00:00","article_modified_time":"2026-04-30T20:55:31+00:00","og_image":[{"width":1280,"height":720,"url":"https:\/\/www.em.com.br\/emfoco\/wp-content\/uploads\/2026\/05\/EmFoco_47.jpg","type":"image\/jpeg"}],"author":"Daniely Cardoso","twitter_card":"summary_large_image","twitter_misc":{"Escrito por":"Daniely Cardoso","Est. tempo de leitura":"6 minutos"},"schema":{"@context":"https:\/\/schema.org","@graph":[{"@type":"WebPage","@id":"https:\/\/www.em.com.br\/emfoco\/2026\/05\/01\/arrumar-a-cadeira-ao-sair-pode-revelar-tracos-profundos-da-sua-personalidade-segundo-a-psicologia\/","url":"https:\/\/www.em.com.br\/emfoco\/2026\/05\/01\/arrumar-a-cadeira-ao-sair-pode-revelar-tracos-profundos-da-sua-personalidade-segundo-a-psicologia\/","name":"Arrumar a cadeira ao sair pode revelar tra\u00e7os profundos da sua personalidade, segundo a psicologia - Estado de Minas - Em foco","isPartOf":{"@id":"https:\/\/www.em.com.br\/emfoco\/#website"},"primaryImageOfPage":{"@id":"https:\/\/www.em.com.br\/emfoco\/2026\/05\/01\/arrumar-a-cadeira-ao-sair-pode-revelar-tracos-profundos-da-sua-personalidade-segundo-a-psicologia\/#primaryimage"},"image":{"@id":"https:\/\/www.em.com.br\/emfoco\/2026\/05\/01\/arrumar-a-cadeira-ao-sair-pode-revelar-tracos-profundos-da-sua-personalidade-segundo-a-psicologia\/#primaryimage"},"thumbnailUrl":"https:\/\/www.em.com.br\/emfoco\/wp-content\/uploads\/2026\/05\/EmFoco_47.jpg","datePublished":"2026-05-01T20:15:00+00:00","dateModified":"2026-04-30T20:55:31+00:00","author":{"@id":"https:\/\/www.em.com.br\/emfoco\/#\/schema\/person\/0a8186d72f2c3a5c6276d90b41f271a0"},"description":"Pequenos h\u00e1bitos como arrumar a cadeira podem revelar tra\u00e7os de personalidade, organiza\u00e7\u00e3o mental e consci\u00eancia social segundo a psicologia.","breadcrumb":{"@id":"https:\/\/www.em.com.br\/emfoco\/2026\/05\/01\/arrumar-a-cadeira-ao-sair-pode-revelar-tracos-profundos-da-sua-personalidade-segundo-a-psicologia\/#breadcrumb"},"inLanguage":"pt-BR","potentialAction":[{"@type":"ReadAction","target":["https:\/\/www.em.com.br\/emfoco\/2026\/05\/01\/arrumar-a-cadeira-ao-sair-pode-revelar-tracos-profundos-da-sua-personalidade-segundo-a-psicologia\/"]}]},{"@type":"ImageObject","inLanguage":"pt-BR","@id":"https:\/\/www.em.com.br\/emfoco\/2026\/05\/01\/arrumar-a-cadeira-ao-sair-pode-revelar-tracos-profundos-da-sua-personalidade-segundo-a-psicologia\/#primaryimage","url":"https:\/\/www.em.com.br\/emfoco\/wp-content\/uploads\/2026\/05\/EmFoco_47.jpg","contentUrl":"https:\/\/www.em.com.br\/emfoco\/wp-content\/uploads\/2026\/05\/EmFoco_47.jpg","width":1280,"height":720,"caption":"Micro-h\u00e1bitos de organiza\u00e7\u00e3o refletem estabilidade emocional e elevado senso de conscienciosidade"},{"@type":"BreadcrumbList","@id":"https:\/\/www.em.com.br\/emfoco\/2026\/05\/01\/arrumar-a-cadeira-ao-sair-pode-revelar-tracos-profundos-da-sua-personalidade-segundo-a-psicologia\/#breadcrumb","itemListElement":[{"@type":"ListItem","position":1,"name":"In\u00edcio","item":"https:\/\/www.em.com.br\/emfoco\/"},{"@type":"ListItem","position":2,"name":"Arrumar a cadeira ao sair pode revelar tra\u00e7os profundos da sua personalidade, segundo a psicologia"}]},{"@type":"WebSite","@id":"https:\/\/www.em.com.br\/emfoco\/#website","url":"https:\/\/www.em.com.br\/emfoco\/","name":"Estado de Minas - Em foco","description":"Acompanhe as \u00faltimas not\u00edcias e fique bem informado sobre tudo o que acontece em Minas Gerais, Brasil e no mundo.","potentialAction":[{"@type":"SearchAction","target":{"@type":"EntryPoint","urlTemplate":"https:\/\/www.em.com.br\/emfoco\/?s={search_term_string}"},"query-input":{"@type":"PropertyValueSpecification","valueRequired":true,"valueName":"search_term_string"}}],"inLanguage":"pt-BR"},{"@type":"Person","@id":"https:\/\/www.em.com.br\/emfoco\/#\/schema\/person\/0a8186d72f2c3a5c6276d90b41f271a0","name":"Daniely Cardoso","image":{"@type":"ImageObject","inLanguage":"pt-BR","@id":"https:\/\/www.em.com.br\/emfoco\/#\/schema\/person\/image\/","url":"https:\/\/secure.gravatar.com\/avatar\/4b80ddbd124d1f071b626d52d62e5dff?s=96&d=mm&r=g","contentUrl":"https:\/\/secure.gravatar.com\/avatar\/4b80ddbd124d1f071b626d52d62e5dff?s=96&d=mm&r=g","caption":"Daniely Cardoso"},"url":"https:\/\/www.em.com.br\/emfoco\/author\/danielymyth\/"}]}},"_links":{"self":[{"href":"https:\/\/www.em.com.br\/emfoco\/wp-json\/wp\/v2\/posts\/202128","targetHints":{"allow":["GET"]}}],"collection":[{"href":"https:\/\/www.em.com.br\/emfoco\/wp-json\/wp\/v2\/posts"}],"about":[{"href":"https:\/\/www.em.com.br\/emfoco\/wp-json\/wp\/v2\/types\/post"}],"author":[{"embeddable":true,"href":"https:\/\/www.em.com.br\/emfoco\/wp-json\/wp\/v2\/users\/9"}],"replies":[{"embeddable":true,"href":"https:\/\/www.em.com.br\/emfoco\/wp-json\/wp\/v2\/comments?post=202128"}],"version-history":[{"count":1,"href":"https:\/\/www.em.com.br\/emfoco\/wp-json\/wp\/v2\/posts\/202128\/revisions"}],"predecessor-version":[{"id":202131,"href":"https:\/\/www.em.com.br\/emfoco\/wp-json\/wp\/v2\/posts\/202128\/revisions\/202131"}],"wp:featuredmedia":[{"embeddable":true,"href":"https:\/\/www.em.com.br\/emfoco\/wp-json\/wp\/v2\/media\/202236"}],"wp:attachment":[{"href":"https:\/\/www.em.com.br\/emfoco\/wp-json\/wp\/v2\/media?parent=202128"}],"wp:term":[{"taxonomy":"category","embeddable":true,"href":"https:\/\/www.em.com.br\/emfoco\/wp-json\/wp\/v2\/categories?post=202128"},{"taxonomy":"post_tag","embeddable":true,"href":"https:\/\/www.em.com.br\/emfoco\/wp-json\/wp\/v2\/tags?post=202128"}],"curies":[{"name":"wp","href":"https:\/\/api.w.org\/{rel}","templated":true}]}}