{"id":202124,"date":"2026-05-01T09:25:00","date_gmt":"2026-05-01T12:25:00","guid":{"rendered":"https:\/\/www.em.com.br\/emfoco\/?p=202124"},"modified":"2026-04-30T17:54:50","modified_gmt":"2026-04-30T20:54:50","slug":"nem-pomadas-caras-nem-tratamentos-quimicos-o-habito-simples-no-banho-que-protege-suas-unhas-de-fungos","status":"publish","type":"post","link":"https:\/\/www.em.com.br\/emfoco\/2026\/05\/01\/nem-pomadas-caras-nem-tratamentos-quimicos-o-habito-simples-no-banho-que-protege-suas-unhas-de-fungos\/","title":{"rendered":"Nem pomadas caras nem tratamentos qu\u00edmicos, o h\u00e1bito simples no banho que protege suas unhas de fungos"},"content":{"rendered":"\n<p>Manter a sa\u00fade das m\u00e3os e p\u00e9s envolve compreender como as <strong>micoses nas unhas<\/strong> podem surgir silenciosamente em diferentes ambientes do cotidiano. Muitos ignoram os sinais iniciais desse problema enquanto o organismo tenta enviar alertas importantes sobre o seu equil\u00edbrio interno e sua capacidade de defesa.<\/p>\n\n\n\n<h2 class=\"wp-block-heading\">Como o sistema de defesa previne as micoses nas unhas<\/h2>\n\n\n\n<p>O organismo utiliza barreiras biol\u00f3gicas extremamente sofisticadas para impedir que fungos oportunistas consigam se alojar e crescer livremente nos tecidos queratinizados das nossas extremidades. Quando as c\u00e9lulas de prote\u00e7\u00e3o est\u00e3o operando plenamente com todos os recursos necess\u00e1rios, elas conseguem <strong>bloquear invasores<\/strong> externos antes que qualquer dano vis\u00edvel ou estrutural ocorra na superf\u00edcie cut\u00e2nea. Uma resposta biol\u00f3gica \u00e1gil e bem coordenada garante que a <strong>integridade f\u00edsica<\/strong> das suas m\u00e3os e p\u00e9s permane\u00e7a protegida contra diversos agentes pat\u00f3genos nocivos.<\/p>\n\n\n\n<p>Flutua\u00e7\u00f5es na resist\u00eancia corporal podem facilitar a entrada desses micro-organismos atrav\u00e9s de pequenas fissuras quase invis\u00edveis ao olho humano que surgem por ressecamento ou atrito. Fortalecer as <strong>defesas naturais<\/strong> atrav\u00e9s de bons h\u00e1bitos auxilia a manter a estrutura da queratina resistente e diminui drasticamente as chances de uma coloniza\u00e7\u00e3o f\u00fangica persistente. Ter um <strong>foco preventivo<\/strong> constante ajuda na manuten\u00e7\u00e3o da est\u00e9tica e da sa\u00fade global sem a necessidade de recorrer a interven\u00e7\u00f5es qu\u00edmicas dr\u00e1sticas no futuro.<\/p>\n\n\n<div class=\"wp-block-image\">\n<figure class=\"aligncenter size-large\"><img loading=\"lazy\" decoding=\"async\" width=\"1024\" height=\"576\" src=\"https:\/\/www.em.com.br\/emfoco\/wp-content\/uploads\/2025\/11\/micose-de-unha-_1762627800574-1024x576.jpg\" alt=\"micoses nas unhas\" class=\"wp-image-125317\" srcset=\"https:\/\/www.em.com.br\/emfoco\/wp-content\/uploads\/2025\/11\/micose-de-unha-_1762627800574-1024x576.jpg 1024w, https:\/\/www.em.com.br\/emfoco\/wp-content\/uploads\/2025\/11\/micose-de-unha-_1762627800574-300x169.jpg 300w, https:\/\/www.em.com.br\/emfoco\/wp-content\/uploads\/2025\/11\/micose-de-unha-_1762627800574-768x432.jpg 768w, https:\/\/www.em.com.br\/emfoco\/wp-content\/uploads\/2025\/11\/micose-de-unha-_1762627800574-750x422.jpg 750w, https:\/\/www.em.com.br\/emfoco\/wp-content\/uploads\/2025\/11\/micose-de-unha-_1762627800574-1140x641.jpg 1140w, https:\/\/www.em.com.br\/emfoco\/wp-content\/uploads\/2025\/11\/micose-de-unha-_1762627800574.jpg 1280w\" sizes=\"auto, (max-width: 1024px) 100vw, 1024px\" \/><figcaption class=\"wp-element-caption\">O organismo utiliza barreiras biol\u00f3gicas extremamente sofisticadas para impedir que fungos oportunistas consigam se alojar e crescer livremente nos tecidos queratinizados das nossas extremidades.- Cr\u00e9ditos: depositphotos.com \/ Elf+11<\/figcaption><\/figure><\/div>\n\n\n<p>Leia tamb\u00e9m: <a href=\"https:\/\/www.em.com.br\/emfoco\/2026\/04\/26\/estes-5-minutos-de-autocuidado-no-banho-podem-transformar-a-autoestima-da-mulher-40-no-dia-a-dia\/\" target=\"_blank\" rel=\"noreferrer noopener\">Estes 5 minutos de autocuidado no banho podem transformar a autoestima da mulher 40+ no dia a dia<\/a><\/p>\n\n\n\n<h2 class=\"wp-block-heading\">H\u00e1bitos que ajudam a evitar micoses nas unhas diariamente<\/h2>\n\n\n\n<p>Pequenas mudan\u00e7as na rotina de higiene pessoal s\u00e3o capazes de criar um ambiente hostil para o desenvolvimento de fungos indesejados que preferem locais quentes e \u00famidos. Manter as extremidades sempre secas ap\u00f3s o banho evita que a <strong>umidade excessiva<\/strong> fragilize a pele ao redor das cut\u00edculas protetoras que servem como selos naturais. Escolher cal\u00e7ados que permitam a <strong>circula\u00e7\u00e3o de ar<\/strong> eficiente impede o abafamento prolongado que favorece a prolifera\u00e7\u00e3o acelerada de micro-organismos que buscam abrigo em espa\u00e7os fechados.<\/p>\n\n\n\n<p>Existem atitudes espec\u00edficas que voc\u00ea pode adotar para garantir que seus p\u00e9s e m\u00e3os permane\u00e7am invulner\u00e1veis durante as atividades cotidianas mais simples. Para obter resultados satisfat\u00f3rios e manter a prote\u00e7\u00e3o constante contra agentes externos, considere aplicar as seguintes pr\u00e1ticas de higiene em sua rotina:<\/p>\n\n\n\n<ul class=\"wp-block-list\">\n<li>Alternar os sapatos usados diariamente para permitir a <strong>higieniza\u00e7\u00e3o completa<\/strong> e a secagem total dos materiais internos entre as utiliza\u00e7\u00f5es.<\/li>\n\n\n\n<li>Utilizar instrumentos de manicure pr\u00f3prios e devidamente esterilizados para evitar a <strong>contamina\u00e7\u00e3o cruzada<\/strong> em sal\u00f5es ou locais de uso p\u00fablico.<\/li>\n\n\n\n<li>Secar meticulosamente os espa\u00e7os entre os dedos com <strong>toalhas limpas<\/strong> para eliminar focos residuais de prolifera\u00e7\u00e3o h\u00eddrica ap\u00f3s o contato com \u00e1gua.<\/li>\n<\/ul>\n\n\n\n<p>Para voc\u00ea que gosta de se cuidar, separamos um v\u00eddeo do canal do <a href=\"https:\/\/www.youtube.com\/@PalestranteTiagoRocha\" target=\"_blank\" rel=\"noreferrer noopener\">Tiago Rocha<\/a> com dicas para lidar com a micose de unha:<\/p>\n\n\n\n<figure class=\"wp-block-embed is-type-video is-provider-youtube wp-block-embed-youtube wp-embed-aspect-16-9 wp-has-aspect-ratio\"><div class=\"wp-block-embed__wrapper\">\n<div class=\"jeg_video_container jeg_video_content\"><iframe loading=\"lazy\" title=\"O melhor REM\u00c9DIO CASEIRO para MICOSE DE UNHA.\" width=\"500\" height=\"281\" src=\"https:\/\/www.youtube.com\/embed\/bM4lcdHKY8o?start=2&#038;feature=oembed\" frameborder=\"0\" allow=\"accelerometer; autoplay; clipboard-write; encrypted-media; gyroscope; picture-in-picture; web-share\" referrerpolicy=\"strict-origin-when-cross-origin\" allowfullscreen><\/iframe><\/div>\n<\/div><\/figure>\n\n\n\n<h2 class=\"wp-block-heading\">Qual a rela\u00e7\u00e3o entre baixa resist\u00eancia e fungos persistentes<\/h2>\n\n\n\n<p>Quando o sistema imunol\u00f3gico enfrenta desafios constantes por causa do estresse ou cansa\u00e7o, ele pode priorizar outras \u00e1reas deixando as unhas vulner\u00e1veis a ataques externos. A recorr\u00eancia frequente de infec\u00e7\u00f5es f\u00fangicas costuma indicar que o <strong>suporte nutricional<\/strong> do corpo precisa de ajustes imediatos para recuperar o vigor e a funcionalidade. Observar a frequ\u00eancia desses epis\u00f3dios ajuda a identificar se existe uma <strong>fragilidade oculta<\/strong> exigindo aten\u00e7\u00e3o especializada e cuidados redobrados com a sa\u00fade geral.<\/p>\n\n\n\n<p>A presen\u00e7a de tens\u00f5es prolongadas ou noites de sono de baixa qualidade impacta diretamente na capacidade biol\u00f3gica do corpo de <strong>combater infec\u00e7\u00f5es<\/strong> cut\u00e2neas de qualquer natureza. Manter n\u00edveis est\u00e1veis de vitaminas e minerais no sangue assegura que a <strong>queratina produzida<\/strong> pelo organismo seja forte e muito dif\u00edcil de ser penetrada por fungos. Priorizar o <strong>equil\u00edbrio metab\u00f3lico<\/strong> cria uma barreira natural dif\u00edcil de ser vencida por agentes que buscam abrigo em tecidos enfraquecidos ou desprotegidos.<\/p>\n\n\n\n<figure class=\"wp-block-image size-large\"><img loading=\"lazy\" decoding=\"async\" width=\"1024\" height=\"576\" src=\"https:\/\/www.em.com.br\/emfoco\/wp-content\/uploads\/2026\/03\/Gemini_Generated_Image_rusd5brusd5brusd-1-1024x576.png\" alt=\"micoses nas unhas\" class=\"wp-image-179593\" srcset=\"https:\/\/www.em.com.br\/emfoco\/wp-content\/uploads\/2026\/03\/Gemini_Generated_Image_rusd5brusd5brusd-1-1024x576.png 1024w, https:\/\/www.em.com.br\/emfoco\/wp-content\/uploads\/2026\/03\/Gemini_Generated_Image_rusd5brusd5brusd-1-300x169.png 300w, https:\/\/www.em.com.br\/emfoco\/wp-content\/uploads\/2026\/03\/Gemini_Generated_Image_rusd5brusd5brusd-1-768x432.png 768w, https:\/\/www.em.com.br\/emfoco\/wp-content\/uploads\/2026\/03\/Gemini_Generated_Image_rusd5brusd5brusd-1-750x422.png 750w, https:\/\/www.em.com.br\/emfoco\/wp-content\/uploads\/2026\/03\/Gemini_Generated_Image_rusd5brusd5brusd-1-1140x641.png 1140w, https:\/\/www.em.com.br\/emfoco\/wp-content\/uploads\/2026\/03\/Gemini_Generated_Image_rusd5brusd5brusd-1.png 1280w\" sizes=\"auto, (max-width: 1024px) 100vw, 1024px\" \/><figcaption class=\"wp-element-caption\">A presen\u00e7a de tens\u00f5es prolongadas ou noites de sono de baixa qualidade impacta diretamente na capacidade biol\u00f3gica do corpo de combater infec\u00e7\u00f5es cut\u00e2neas de qualquer natureza<\/figcaption><\/figure>\n\n\n\n<h2 class=\"wp-block-heading\">Como identificar as micoses nas unhas antes do agravamento<\/h2>\n\n\n\n<p>Ficar atento a altera\u00e7\u00f5es sutis na cor ou na espessura das l\u00e2minas ungueais permite agir rapidamente contra a evolu\u00e7\u00e3o do problema antes que ele se torne cr\u00f4nico. Manchas esbranqui\u00e7adas ou o amarelamento persistente nas bordas s\u00e3o sinais claros de que a <strong>estrutura interna<\/strong> est\u00e1 sofrendo algum tipo de altera\u00e7\u00e3o biol\u00f3gica indesejada. Notar se h\u00e1 um <strong>descolamento indolor<\/strong> em pontos isolados pode ser a chave para iniciar um protocolo de prote\u00e7\u00e3o antes que a inflama\u00e7\u00e3o se espalhe.<\/p>\n\n\n\n<p>O diagn\u00f3stico precoce evita que o fungo atinja a matriz profunda onde a nova unha \u00e9 formada continuamente pelas c\u00e9lulas do nosso organismo. Procurar orienta\u00e7\u00e3o profissional ao notar <strong>texturas irregulares<\/strong> ou descama\u00e7\u00f5es estranhas garante que o protocolo de cuidado seja direcionado e eficaz desde o primeiro momento de suspeita. Manter um <strong>olhar atento<\/strong> sobre a apar\u00eancia geral dos p\u00e9s e m\u00e3os ajuda a preservar a beleza e a funcionalidade motora das extremidades.<\/p>\n\n\n\n<h2 class=\"wp-block-heading\">Conselhos pr\u00e1ticos para manter a sa\u00fade das extremidades sempre firme<\/h2>\n\n\n\n<p>Invista em uma alimenta\u00e7\u00e3o balanceada que forne\u00e7a os nutrientes necess\u00e1rios para fortalecer cada camada protetora do seu corpo. Priorize o <strong>descanso reparador<\/strong> todos os dias para permitir que suas c\u00e9lulas de defesa se regenerem e fiquem prontas para novos desafios. Adote uma <strong>postura vigilante<\/strong> sobre as condi\u00e7\u00f5es de higiene nos locais que frequenta para evitar riscos de cont\u00e1gio desnecess\u00e1rios.<\/p>\n\n\n\n<p>Valorize os sinais que suas unhas enviam e mantenha sempre o foco na preven\u00e7\u00e3o inteligente e totalmente cont\u00ednua. Cultive h\u00e1bitos de <strong>limpeza profunda<\/strong> e escolha materiais de alta qualidade para proteger seus p\u00e9s contra o desgaste natural do tempo. Persista no cuidado com sua <strong>imunidade geral<\/strong> para desfrutar de uma vida com muito mais conforto e bem-estar f\u00edsico.<\/p>\n","protected":false},"excerpt":{"rendered":"<p>Manter a sa\u00fade das m\u00e3os e p\u00e9s envolve compreender como as micoses nas unhas podem surgir silenciosamente em diferentes ambientes do cotidiano. Muitos ignoram os sinais iniciais desse problema enquanto o organismo tenta enviar alertas importantes sobre o seu equil\u00edbrio interno e sua capacidade de defesa. Como o sistema de defesa previne as micoses nas [&hellip;]<\/p>\n","protected":false},"author":9,"featured_media":202241,"comment_status":"open","ping_status":"open","sticky":false,"template":"","format":"standard","meta":{"jnews-multi-image_gallery":[],"jnews_single_post":{"format":"standard"},"jnews_primary_category":[],"jnews_social_meta":[],"jnews_override_counter":[],"footnotes":""},"categories":[8691,29],"tags":[7561,29065,3080],"class_list":["post-202124","post","type-post","status-publish","format-standard","has-post-thumbnail","hentry","category-bem-estar","category-entretenimento","tag-cuidados-preventivos","tag-saude-das-maos","tag-sistema-imunologico"],"yoast_head":"<!-- This site is optimized with the Yoast SEO plugin v23.8 - https:\/\/yoast.com\/wordpress\/plugins\/seo\/ -->\n<title>Nem pomadas caras nem tratamentos qu\u00edmicos, o h\u00e1bito simples no banho que protege suas unhas de fungos - Estado de Minas - Em foco<\/title>\n<meta name=\"description\" content=\"Problemas com micoses nas unhas podem indicar que o corpo precisa de aten\u00e7\u00e3o extra para recuperar o equil\u00edbrio e a prote\u00e7\u00e3o natural.\" \/>\n<meta name=\"robots\" content=\"index, follow, max-snippet:-1, max-image-preview:large, max-video-preview:-1\" \/>\n<link rel=\"canonical\" href=\"https:\/\/www.em.com.br\/emfoco\/2026\/05\/01\/nem-pomadas-caras-nem-tratamentos-quimicos-o-habito-simples-no-banho-que-protege-suas-unhas-de-fungos\/\" \/>\n<meta property=\"og:locale\" content=\"pt_BR\" \/>\n<meta property=\"og:type\" content=\"article\" \/>\n<meta property=\"og:title\" content=\"Nem pomadas caras nem tratamentos qu\u00edmicos, o h\u00e1bito simples no banho que protege suas unhas de fungos - Estado de Minas - Em foco\" \/>\n<meta property=\"og:description\" content=\"Problemas com micoses nas unhas podem indicar que o corpo precisa de aten\u00e7\u00e3o extra para recuperar o equil\u00edbrio e a prote\u00e7\u00e3o natural.\" \/>\n<meta property=\"og:url\" content=\"https:\/\/www.em.com.br\/emfoco\/2026\/05\/01\/nem-pomadas-caras-nem-tratamentos-quimicos-o-habito-simples-no-banho-que-protege-suas-unhas-de-fungos\/\" \/>\n<meta property=\"og:site_name\" content=\"Estado de Minas - Em foco\" \/>\n<meta property=\"article:published_time\" content=\"2026-05-01T12:25:00+00:00\" \/>\n<meta property=\"article:modified_time\" content=\"2026-04-30T20:54:50+00:00\" \/>\n<meta property=\"og:image\" content=\"https:\/\/www.em.com.br\/emfoco\/wp-content\/uploads\/2026\/05\/EmFoco_42.jpg\" \/>\n\t<meta property=\"og:image:width\" content=\"1280\" \/>\n\t<meta property=\"og:image:height\" content=\"720\" \/>\n\t<meta property=\"og:image:type\" content=\"image\/jpeg\" \/>\n<meta name=\"author\" content=\"Daniely Cardoso\" \/>\n<meta name=\"twitter:card\" content=\"summary_large_image\" \/>\n<meta name=\"twitter:label1\" content=\"Escrito por\" \/>\n\t<meta name=\"twitter:data1\" content=\"Daniely Cardoso\" \/>\n\t<meta name=\"twitter:label2\" content=\"Est. tempo de leitura\" \/>\n\t<meta name=\"twitter:data2\" content=\"6 minutos\" \/>\n<!-- \/ Yoast SEO plugin. -->","yoast_head_json":{"title":"Nem pomadas caras nem tratamentos qu\u00edmicos, o h\u00e1bito simples no banho que protege suas unhas de fungos - Estado de Minas - Em foco","description":"Problemas com micoses nas unhas podem indicar que o corpo precisa de aten\u00e7\u00e3o extra para recuperar o equil\u00edbrio e a prote\u00e7\u00e3o natural.","robots":{"index":"index","follow":"follow","max-snippet":"max-snippet:-1","max-image-preview":"max-image-preview:large","max-video-preview":"max-video-preview:-1"},"canonical":"https:\/\/www.em.com.br\/emfoco\/2026\/05\/01\/nem-pomadas-caras-nem-tratamentos-quimicos-o-habito-simples-no-banho-que-protege-suas-unhas-de-fungos\/","og_locale":"pt_BR","og_type":"article","og_title":"Nem pomadas caras nem tratamentos qu\u00edmicos, o h\u00e1bito simples no banho que protege suas unhas de fungos - Estado de Minas - Em foco","og_description":"Problemas com micoses nas unhas podem indicar que o corpo precisa de aten\u00e7\u00e3o extra para recuperar o equil\u00edbrio e a prote\u00e7\u00e3o natural.","og_url":"https:\/\/www.em.com.br\/emfoco\/2026\/05\/01\/nem-pomadas-caras-nem-tratamentos-quimicos-o-habito-simples-no-banho-que-protege-suas-unhas-de-fungos\/","og_site_name":"Estado de Minas - Em foco","article_published_time":"2026-05-01T12:25:00+00:00","article_modified_time":"2026-04-30T20:54:50+00:00","og_image":[{"width":1280,"height":720,"url":"https:\/\/www.em.com.br\/emfoco\/wp-content\/uploads\/2026\/05\/EmFoco_42.jpg","type":"image\/jpeg"}],"author":"Daniely Cardoso","twitter_card":"summary_large_image","twitter_misc":{"Escrito por":"Daniely Cardoso","Est. tempo de leitura":"6 minutos"},"schema":{"@context":"https:\/\/schema.org","@graph":[{"@type":"WebPage","@id":"https:\/\/www.em.com.br\/emfoco\/2026\/05\/01\/nem-pomadas-caras-nem-tratamentos-quimicos-o-habito-simples-no-banho-que-protege-suas-unhas-de-fungos\/","url":"https:\/\/www.em.com.br\/emfoco\/2026\/05\/01\/nem-pomadas-caras-nem-tratamentos-quimicos-o-habito-simples-no-banho-que-protege-suas-unhas-de-fungos\/","name":"Nem pomadas caras nem tratamentos qu\u00edmicos, o h\u00e1bito simples no banho que protege suas unhas de fungos - Estado de Minas - Em foco","isPartOf":{"@id":"https:\/\/www.em.com.br\/emfoco\/#website"},"primaryImageOfPage":{"@id":"https:\/\/www.em.com.br\/emfoco\/2026\/05\/01\/nem-pomadas-caras-nem-tratamentos-quimicos-o-habito-simples-no-banho-que-protege-suas-unhas-de-fungos\/#primaryimage"},"image":{"@id":"https:\/\/www.em.com.br\/emfoco\/2026\/05\/01\/nem-pomadas-caras-nem-tratamentos-quimicos-o-habito-simples-no-banho-que-protege-suas-unhas-de-fungos\/#primaryimage"},"thumbnailUrl":"https:\/\/www.em.com.br\/emfoco\/wp-content\/uploads\/2026\/05\/EmFoco_42.jpg","datePublished":"2026-05-01T12:25:00+00:00","dateModified":"2026-04-30T20:54:50+00:00","author":{"@id":"https:\/\/www.em.com.br\/emfoco\/#\/schema\/person\/0a8186d72f2c3a5c6276d90b41f271a0"},"description":"Problemas com micoses nas unhas podem indicar que o corpo precisa de aten\u00e7\u00e3o extra para recuperar o equil\u00edbrio e a prote\u00e7\u00e3o natural.","breadcrumb":{"@id":"https:\/\/www.em.com.br\/emfoco\/2026\/05\/01\/nem-pomadas-caras-nem-tratamentos-quimicos-o-habito-simples-no-banho-que-protege-suas-unhas-de-fungos\/#breadcrumb"},"inLanguage":"pt-BR","potentialAction":[{"@type":"ReadAction","target":["https:\/\/www.em.com.br\/emfoco\/2026\/05\/01\/nem-pomadas-caras-nem-tratamentos-quimicos-o-habito-simples-no-banho-que-protege-suas-unhas-de-fungos\/"]}]},{"@type":"ImageObject","inLanguage":"pt-BR","@id":"https:\/\/www.em.com.br\/emfoco\/2026\/05\/01\/nem-pomadas-caras-nem-tratamentos-quimicos-o-habito-simples-no-banho-que-protege-suas-unhas-de-fungos\/#primaryimage","url":"https:\/\/www.em.com.br\/emfoco\/wp-content\/uploads\/2026\/05\/EmFoco_42.jpg","contentUrl":"https:\/\/www.em.com.br\/emfoco\/wp-content\/uploads\/2026\/05\/EmFoco_42.jpg","width":1280,"height":720,"caption":"Fortalecimento imunol\u00f3gico e higiene rigorosa previnem coloniza\u00e7\u00e3o f\u00fangica persistente nas unhas"},{"@type":"BreadcrumbList","@id":"https:\/\/www.em.com.br\/emfoco\/2026\/05\/01\/nem-pomadas-caras-nem-tratamentos-quimicos-o-habito-simples-no-banho-que-protege-suas-unhas-de-fungos\/#breadcrumb","itemListElement":[{"@type":"ListItem","position":1,"name":"In\u00edcio","item":"https:\/\/www.em.com.br\/emfoco\/"},{"@type":"ListItem","position":2,"name":"Nem pomadas caras nem tratamentos qu\u00edmicos, o h\u00e1bito simples no banho que protege suas unhas de fungos"}]},{"@type":"WebSite","@id":"https:\/\/www.em.com.br\/emfoco\/#website","url":"https:\/\/www.em.com.br\/emfoco\/","name":"Estado de Minas - Em foco","description":"Acompanhe as \u00faltimas not\u00edcias e fique bem informado sobre tudo o que acontece em Minas Gerais, Brasil e no mundo.","potentialAction":[{"@type":"SearchAction","target":{"@type":"EntryPoint","urlTemplate":"https:\/\/www.em.com.br\/emfoco\/?s={search_term_string}"},"query-input":{"@type":"PropertyValueSpecification","valueRequired":true,"valueName":"search_term_string"}}],"inLanguage":"pt-BR"},{"@type":"Person","@id":"https:\/\/www.em.com.br\/emfoco\/#\/schema\/person\/0a8186d72f2c3a5c6276d90b41f271a0","name":"Daniely Cardoso","image":{"@type":"ImageObject","inLanguage":"pt-BR","@id":"https:\/\/www.em.com.br\/emfoco\/#\/schema\/person\/image\/","url":"https:\/\/secure.gravatar.com\/avatar\/4b80ddbd124d1f071b626d52d62e5dff?s=96&d=mm&r=g","contentUrl":"https:\/\/secure.gravatar.com\/avatar\/4b80ddbd124d1f071b626d52d62e5dff?s=96&d=mm&r=g","caption":"Daniely Cardoso"},"url":"https:\/\/www.em.com.br\/emfoco\/author\/danielymyth\/"}]}},"_links":{"self":[{"href":"https:\/\/www.em.com.br\/emfoco\/wp-json\/wp\/v2\/posts\/202124","targetHints":{"allow":["GET"]}}],"collection":[{"href":"https:\/\/www.em.com.br\/emfoco\/wp-json\/wp\/v2\/posts"}],"about":[{"href":"https:\/\/www.em.com.br\/emfoco\/wp-json\/wp\/v2\/types\/post"}],"author":[{"embeddable":true,"href":"https:\/\/www.em.com.br\/emfoco\/wp-json\/wp\/v2\/users\/9"}],"replies":[{"embeddable":true,"href":"https:\/\/www.em.com.br\/emfoco\/wp-json\/wp\/v2\/comments?post=202124"}],"version-history":[{"count":1,"href":"https:\/\/www.em.com.br\/emfoco\/wp-json\/wp\/v2\/posts\/202124\/revisions"}],"predecessor-version":[{"id":202135,"href":"https:\/\/www.em.com.br\/emfoco\/wp-json\/wp\/v2\/posts\/202124\/revisions\/202135"}],"wp:featuredmedia":[{"embeddable":true,"href":"https:\/\/www.em.com.br\/emfoco\/wp-json\/wp\/v2\/media\/202241"}],"wp:attachment":[{"href":"https:\/\/www.em.com.br\/emfoco\/wp-json\/wp\/v2\/media?parent=202124"}],"wp:term":[{"taxonomy":"category","embeddable":true,"href":"https:\/\/www.em.com.br\/emfoco\/wp-json\/wp\/v2\/categories?post=202124"},{"taxonomy":"post_tag","embeddable":true,"href":"https:\/\/www.em.com.br\/emfoco\/wp-json\/wp\/v2\/tags?post=202124"}],"curies":[{"name":"wp","href":"https:\/\/api.w.org\/{rel}","templated":true}]}}