{"id":202116,"date":"2026-05-01T16:35:00","date_gmt":"2026-05-01T19:35:00","guid":{"rendered":"https:\/\/www.em.com.br\/emfoco\/?p=202116"},"modified":"2026-04-30T17:55:23","modified_gmt":"2026-04-30T20:55:23","slug":"o-corte-de-cabelo-escolhido-entre-as-mulheres-de-50-anos-ja-esta-entre-nos","status":"publish","type":"post","link":"https:\/\/www.em.com.br\/emfoco\/2026\/05\/01\/o-corte-de-cabelo-escolhido-entre-as-mulheres-de-50-anos-ja-esta-entre-nos\/","title":{"rendered":"O corte de cabelo escolhido entre as mulheres de 50 anos j\u00e1 est\u00e1 entre n\u00f3s"},"content":{"rendered":"\n<p>A busca pelo visual perfeito na maturidade encontrou no <strong>Bob Texturizado<\/strong> uma alternativa que equilibra modernidade e extrema suavidade facial. Muitas pessoas ainda ignoram como essa mudan\u00e7a espec\u00edfica pode alterar positivamente a percep\u00e7\u00e3o do rosto e facilitar a praticidade di\u00e1ria.<\/p>\n\n\n\n<h2 class=\"wp-block-heading\">Por que o Bob Texturizado conquistou o p\u00fablico maduro<\/h2>\n\n\n\n<p>O <strong>Bob Texturizado<\/strong> surge como uma resposta direta e muito eficiente para quem busca volume sem precisar dedicar horas exaustivas diante do espelho todas as manh\u00e3s. Suas camadas estrategicamente cortadas por m\u00e3os habilidosas garantem que o cabelo apresente um <strong>movimento constante<\/strong> e uma apar\u00eancia saud\u00e1vel em qualquer tipo de ilumina\u00e7\u00e3o natural. Adotar esse estilo moderno permite que a mulher madura expresse uma <strong>personalidade vibrante<\/strong> atrav\u00e9s de fios que parecem ganhar vida pr\u00f3pria a cada passo.<\/p>\n\n\n\n<p>A estrutura desse corte evita aquele aspecto pesado e excessivamente reto que costuma envelhecer as fei\u00e7\u00f5es faciais e sobrecarregar o visual. Ao optar por pontas mais leves e desfiadas, voc\u00ea promove um <strong>efeito lifting<\/strong> imediato e suaviza linhas de express\u00e3o laterais com muita naturalidade. Para garantir que o resultado final seja satisfat\u00f3rio e duradouro, \u00e9 importante observar alguns pontos fundamentais sobre a <strong>manuten\u00e7\u00e3o correta<\/strong> do seu novo estilo:<\/p>\n\n\n\n<ul class=\"wp-block-list\">\n<li>Manuten\u00e7\u00e3o peri\u00f3dica das pontas a cada dois meses para evitar o aspecto de fios espigados.<\/li>\n\n\n\n<li>Uso frequente de finalizadores leves que n\u00e3o pesem ou retirem a estrutura natural do corte.<\/li>\n\n\n\n<li>Escolha de uma base de corte que respeite a densidade e o caimento natural do seu cabelo.<\/li>\n<\/ul>\n\n\n<div class=\"wp-block-image\">\n<figure class=\"aligncenter size-large\"><img loading=\"lazy\" decoding=\"async\" width=\"1024\" height=\"576\" src=\"https:\/\/www.em.com.br\/emfoco\/wp-content\/uploads\/2026\/04\/Bob-Texturizado-1024x576.jpg\" alt=\"Bob Texturizado\" class=\"wp-image-202117\" srcset=\"https:\/\/www.em.com.br\/emfoco\/wp-content\/uploads\/2026\/04\/Bob-Texturizado-1024x576.jpg 1024w, https:\/\/www.em.com.br\/emfoco\/wp-content\/uploads\/2026\/04\/Bob-Texturizado-300x169.jpg 300w, https:\/\/www.em.com.br\/emfoco\/wp-content\/uploads\/2026\/04\/Bob-Texturizado-768x432.jpg 768w, https:\/\/www.em.com.br\/emfoco\/wp-content\/uploads\/2026\/04\/Bob-Texturizado-750x422.jpg 750w, https:\/\/www.em.com.br\/emfoco\/wp-content\/uploads\/2026\/04\/Bob-Texturizado-1140x641.jpg 1140w, https:\/\/www.em.com.br\/emfoco\/wp-content\/uploads\/2026\/04\/Bob-Texturizado.jpg 1280w\" sizes=\"auto, (max-width: 1024px) 100vw, 1024px\" \/><figcaption class=\"wp-element-caption\">A estrutura desse corte evita aquele aspecto pesado e excessivamente reto que costuma envelhecer as fei\u00e7\u00f5es faciais e sobrecarregar o visual.<\/figcaption><\/figure><\/div>\n\n\n<p>Leia tamb\u00e9m: <a href=\"https:\/\/www.em.com.br\/emfoco\/2026\/04\/30\/quais-cortes-de-cabelo-podem-te-envelhecer-em-ate-10-anos\/\" target=\"_blank\" rel=\"noreferrer noopener\">Quais cortes de cabelo podem te envelhecer em at\u00e9 10 anos<\/a><\/p>\n\n\n\n<h2 class=\"wp-block-heading\">Como manter o movimento dos fios no dia a dia<\/h2>\n\n\n\n<p>A finaliza\u00e7\u00e3o correta \u00e9 o verdadeiro segredo para que o visual permane\u00e7a impec\u00e1vel desde o caf\u00e9 da manh\u00e3 at\u00e9 os compromissos do jantar. Utilizar produtos espec\u00edficos que estimulem a <strong>curvatura natural<\/strong> ajuda a destacar as camadas desfiadas e traz uma textura \u00fanica e bastante luxuosa. Pequenos ajustes na forma de secar os fios podem potencializar o <strong>volume extra<\/strong> e garantir uma fixa\u00e7\u00e3o duradoura sem causar qualquer tipo de rigidez.<\/p>\n\n\n\n<p>Evitar o uso excessivo de \u00f3leos pesados impede que as mechas fiquem grudadas e percam o balan\u00e7o caracter\u00edstico deste estilo t\u00e3o desejado. Massagear o couro cabeludo durante a lavagem rotineira estimula a <strong>circula\u00e7\u00e3o local<\/strong> e prepara a base para um penteado muito mais volumoso e imponente. Invista em <strong>t\u00e9cnicas simples<\/strong> de amassado manual com as pontas dos dedos para conquistar aquele ar despojado que est\u00e1 em alta.<\/p>\n\n\n\n<p>Para voc\u00ea que gosta de se cuidar, separamos um v\u00eddeo do canal do <a href=\"https:\/\/www.youtube.com\/@RodrigoCintraoficial\" target=\"_blank\" rel=\"noreferrer noopener\">RODRIGO CINTRA<\/a> com dicas para fazer o corte Bob texturizado:<\/p>\n\n\n\n<figure class=\"wp-block-embed is-type-video is-provider-youtube wp-block-embed-youtube wp-embed-aspect-16-9 wp-has-aspect-ratio\"><div class=\"wp-block-embed__wrapper\">\n<div class=\"jeg_video_container jeg_video_content\"><iframe loading=\"lazy\" title=\"Corte Long Bob e ilumina\u00e7\u00f5es com a t\u00e9cnica Contour\" width=\"500\" height=\"281\" src=\"https:\/\/www.youtube.com\/embed\/r5MzMlz_uxk?feature=oembed\" frameborder=\"0\" allow=\"accelerometer; autoplay; clipboard-write; encrypted-media; gyroscope; picture-in-picture; web-share\" referrerpolicy=\"strict-origin-when-cross-origin\" allowfullscreen><\/iframe><\/div>\n<\/div><\/figure>\n\n\n\n<h2 class=\"wp-block-heading\">O Bob Texturizado valoriza diferentes formatos de rosto<\/h2>\n\n\n\n<p>Adaptar o comprimento das mechas frontais permite que o <strong>Bob Texturizado<\/strong> se ajuste perfeitamente tanto em rostos ovais quanto em formatos mais redondos. O profissional de beleza consegue criar <strong>\u00e2ngulos favor\u00e1veis<\/strong> que destacam as ma\u00e7\u00e3s do rosto e alongam a linha do pesco\u00e7o de forma bastante sutil. Essa customiza\u00e7\u00e3o detalhada garante que a escolha n\u00e3o seja apenas uma moda passageira, mas sim um <strong>acerto estrat\u00e9gico<\/strong> para sua imagem pessoal.<\/p>\n\n\n\n<p>A varia\u00e7\u00e3o equilibrada entre o curto e o m\u00e9dio oferece uma <strong>flexibilidade incr\u00edvel<\/strong> para quem ainda sente algum receio de mudan\u00e7as radicais. Voc\u00ea pode optar por manter uma base mais s\u00f3lida enquanto as camadas superiores entregam a <strong>leveza necess\u00e1ria<\/strong> para encarar o cotidiano com dinamismo. Essa mistura inteligente de densidades cria uma moldura capilar que ilumina o olhar e transmite uma <strong>seguran\u00e7a renovada<\/strong> para todas as ocasi\u00f5es.<\/p>\n\n\n\n<figure class=\"wp-block-embed is-type-rich is-provider-pinterest wp-block-embed-pinterest\"><div class=\"wp-block-embed__wrapper\">\n<iframe loading=\"lazy\" title=\" \" src=\"https:\/\/assets.pinterest.com\/ext\/embed.html?id=6473993212493405&#038;src=oembed\" height=\"623\" width=\"450\" frameborder=\"0\" scrolling=\"no\" ><\/iframe>\n<\/div><\/figure>\n\n\n\n<h2 class=\"wp-block-heading\">Quais cuidados espec\u00edficos preservam o corte por mais tempo<\/h2>\n\n\n\n<p>Proteger os fios contra o calor excessivo das ferramentas t\u00e9rmicas evita que as pontas fiquem ressecadas e percam o formato desfiado original. Aplicar um protetor t\u00e9rmico de qualidade cria uma <strong>barreira invis\u00edvel<\/strong> que mant\u00e9m o brilho espelhado e a integridade da fibra capilar em dia. Cronogramas capilares focados em nutri\u00e7\u00e3o profunda garantem que o cabelo responda melhor \u00e0s tesouras e mantenha a <strong>defini\u00e7\u00e3o ideal<\/strong> por v\u00e1rias semanas.<\/p>\n\n\n\n<p>A escolha de um bom profissional influencia diretamente na durabilidade da t\u00e9cnica de desfiado utilizada nas extremidades de cada mecha individual. Cortes feitos com precis\u00e3o absoluta demoram muito mais tempo para perder o formato e exigem <strong>menos retoques<\/strong> urgentes no sal\u00e3o de beleza. Valorizar a <strong>sa\u00fade do fio<\/strong> desde a raiz \u00e9 o primeiro passo para que qualquer estilo curto apresente um caimento realmente sofisticado.<\/p>\n\n\n<div class=\"wp-block-image\">\n<figure class=\"aligncenter size-large\"><img loading=\"lazy\" decoding=\"async\" width=\"1024\" height=\"576\" src=\"https:\/\/www.em.com.br\/emfoco\/wp-content\/uploads\/2026\/04\/corte-bob-1024x576.jpg\" alt=\"Bob Texturizado\" class=\"wp-image-189845\" srcset=\"https:\/\/www.em.com.br\/emfoco\/wp-content\/uploads\/2026\/04\/corte-bob-1024x576.jpg 1024w, https:\/\/www.em.com.br\/emfoco\/wp-content\/uploads\/2026\/04\/corte-bob-300x169.jpg 300w, https:\/\/www.em.com.br\/emfoco\/wp-content\/uploads\/2026\/04\/corte-bob-768x432.jpg 768w, https:\/\/www.em.com.br\/emfoco\/wp-content\/uploads\/2026\/04\/corte-bob-750x422.jpg 750w, https:\/\/www.em.com.br\/emfoco\/wp-content\/uploads\/2026\/04\/corte-bob-1140x641.jpg 1140w, https:\/\/www.em.com.br\/emfoco\/wp-content\/uploads\/2026\/04\/corte-bob.jpg 1280w\" sizes=\"auto, (max-width: 1024px) 100vw, 1024px\" \/><figcaption class=\"wp-element-caption\">A escolha de um bom profissional influencia diretamente na durabilidade da t\u00e9cnica de desfiado utilizada nas extremidades de cada mecha individual<\/figcaption><\/figure><\/div>\n\n\n<h2 class=\"wp-block-heading\">O Bob Texturizado como s\u00edmbolo de autoconfian\u00e7a e brilho<\/h2>\n\n\n\n<p>Iniciar uma transforma\u00e7\u00e3o capilar marcante reflete o desejo profundo de alinhar a apar\u00eancia externa com a energia interior acumulada ao longo dos anos. O <strong>Bob Texturizado<\/strong> facilita todo esse processo ao oferecer um visual moderno que demanda <strong>pouco esfor\u00e7o<\/strong> e entrega resultados est\u00e9ticos de alta eleg\u00e2ncia. Aproveite cada oportunidade para experimentar novas formas de estilizar seu cabelo e sinta a <strong>diferen\u00e7a imediata<\/strong> na sua percep\u00e7\u00e3o de bem-estar.<\/p>\n\n\n\n<p>Lembre-se sempre que a verdadeira beleza est\u00e1 intimamente ligada ao conforto total que sentimos com nossas escolhas est\u00e9ticas feitas diariamente. Mantenha os fios bem hidratados e busque sempre <strong>op\u00e7\u00f5es vers\u00e1teis<\/strong> que facilitem sua rotina de cuidados pessoais e valorizem seus tra\u00e7os naturais. Sua nova imagem \u00e9 uma ferramenta poderosa para projetar <strong>vitalidade e sofistica\u00e7\u00e3o<\/strong> em todas as fases da sua trajet\u00f3ria de vida.<\/p>\n","protected":false},"excerpt":{"rendered":"<p>A busca pelo visual perfeito na maturidade encontrou no Bob Texturizado uma alternativa que equilibra modernidade e extrema suavidade facial. Muitas pessoas ainda ignoram como essa mudan\u00e7a espec\u00edfica pode alterar positivamente a percep\u00e7\u00e3o do rosto e facilitar a praticidade di\u00e1ria. Por que o Bob Texturizado conquistou o p\u00fablico maduro O Bob Texturizado surge como uma [&hellip;]<\/p>\n","protected":false},"author":9,"featured_media":202237,"comment_status":"open","ping_status":"open","sticky":false,"template":"","format":"standard","meta":{"jnews-multi-image_gallery":[],"jnews_single_post":{"format":"standard"},"jnews_primary_category":[],"jnews_social_meta":[],"jnews_override_counter":[],"footnotes":""},"categories":[8691,29],"tags":[10794,4906,7062],"class_list":["post-202116","post","type-post","status-publish","format-standard","has-post-thumbnail","hentry","category-bem-estar","category-entretenimento","tag-beleza-madura","tag-corte-de-cabelo","tag-moda-feminina"],"yoast_head":"<!-- This site is optimized with the Yoast SEO plugin v23.8 - https:\/\/yoast.com\/wordpress\/plugins\/seo\/ -->\n<title>O corte de cabelo escolhido entre as mulheres de 50 anos j\u00e1 est\u00e1 entre n\u00f3s - Estado de Minas - Em foco<\/title>\n<meta name=\"description\" content=\"Uma mudan\u00e7a espec\u00edfica nos fios promete trazer leveza e rejuvenescimento imediato para o visual feminino. Veja como usar essa nova tend\u00eancia.\" \/>\n<meta name=\"robots\" content=\"index, follow, max-snippet:-1, max-image-preview:large, max-video-preview:-1\" \/>\n<link rel=\"canonical\" href=\"https:\/\/www.em.com.br\/emfoco\/2026\/05\/01\/o-corte-de-cabelo-escolhido-entre-as-mulheres-de-50-anos-ja-esta-entre-nos\/\" \/>\n<meta property=\"og:locale\" content=\"pt_BR\" \/>\n<meta property=\"og:type\" content=\"article\" \/>\n<meta property=\"og:title\" content=\"O corte de cabelo escolhido entre as mulheres de 50 anos j\u00e1 est\u00e1 entre n\u00f3s - Estado de Minas - Em foco\" \/>\n<meta property=\"og:description\" content=\"Uma mudan\u00e7a espec\u00edfica nos fios promete trazer leveza e rejuvenescimento imediato para o visual feminino. Veja como usar essa nova tend\u00eancia.\" \/>\n<meta property=\"og:url\" content=\"https:\/\/www.em.com.br\/emfoco\/2026\/05\/01\/o-corte-de-cabelo-escolhido-entre-as-mulheres-de-50-anos-ja-esta-entre-nos\/\" \/>\n<meta property=\"og:site_name\" content=\"Estado de Minas - Em foco\" \/>\n<meta property=\"article:published_time\" content=\"2026-05-01T19:35:00+00:00\" \/>\n<meta property=\"article:modified_time\" content=\"2026-04-30T20:55:23+00:00\" \/>\n<meta property=\"og:image\" content=\"https:\/\/www.em.com.br\/emfoco\/wp-content\/uploads\/2026\/05\/EmFoco_46.jpg\" \/>\n\t<meta property=\"og:image:width\" content=\"1280\" \/>\n\t<meta property=\"og:image:height\" content=\"720\" \/>\n\t<meta property=\"og:image:type\" content=\"image\/jpeg\" \/>\n<meta name=\"author\" content=\"Daniely Cardoso\" \/>\n<meta name=\"twitter:card\" content=\"summary_large_image\" \/>\n<meta name=\"twitter:label1\" content=\"Escrito por\" \/>\n\t<meta name=\"twitter:data1\" content=\"Daniely Cardoso\" \/>\n\t<meta name=\"twitter:label2\" content=\"Est. tempo de leitura\" \/>\n\t<meta name=\"twitter:data2\" content=\"6 minutos\" \/>\n<!-- \/ Yoast SEO plugin. -->","yoast_head_json":{"title":"O corte de cabelo escolhido entre as mulheres de 50 anos j\u00e1 est\u00e1 entre n\u00f3s - Estado de Minas - Em foco","description":"Uma mudan\u00e7a espec\u00edfica nos fios promete trazer leveza e rejuvenescimento imediato para o visual feminino. Veja como usar essa nova tend\u00eancia.","robots":{"index":"index","follow":"follow","max-snippet":"max-snippet:-1","max-image-preview":"max-image-preview:large","max-video-preview":"max-video-preview:-1"},"canonical":"https:\/\/www.em.com.br\/emfoco\/2026\/05\/01\/o-corte-de-cabelo-escolhido-entre-as-mulheres-de-50-anos-ja-esta-entre-nos\/","og_locale":"pt_BR","og_type":"article","og_title":"O corte de cabelo escolhido entre as mulheres de 50 anos j\u00e1 est\u00e1 entre n\u00f3s - Estado de Minas - Em foco","og_description":"Uma mudan\u00e7a espec\u00edfica nos fios promete trazer leveza e rejuvenescimento imediato para o visual feminino. Veja como usar essa nova tend\u00eancia.","og_url":"https:\/\/www.em.com.br\/emfoco\/2026\/05\/01\/o-corte-de-cabelo-escolhido-entre-as-mulheres-de-50-anos-ja-esta-entre-nos\/","og_site_name":"Estado de Minas - Em foco","article_published_time":"2026-05-01T19:35:00+00:00","article_modified_time":"2026-04-30T20:55:23+00:00","og_image":[{"width":1280,"height":720,"url":"https:\/\/www.em.com.br\/emfoco\/wp-content\/uploads\/2026\/05\/EmFoco_46.jpg","type":"image\/jpeg"}],"author":"Daniely Cardoso","twitter_card":"summary_large_image","twitter_misc":{"Escrito por":"Daniely Cardoso","Est. tempo de leitura":"6 minutos"},"schema":{"@context":"https:\/\/schema.org","@graph":[{"@type":"WebPage","@id":"https:\/\/www.em.com.br\/emfoco\/2026\/05\/01\/o-corte-de-cabelo-escolhido-entre-as-mulheres-de-50-anos-ja-esta-entre-nos\/","url":"https:\/\/www.em.com.br\/emfoco\/2026\/05\/01\/o-corte-de-cabelo-escolhido-entre-as-mulheres-de-50-anos-ja-esta-entre-nos\/","name":"O corte de cabelo escolhido entre as mulheres de 50 anos j\u00e1 est\u00e1 entre n\u00f3s - Estado de Minas - Em foco","isPartOf":{"@id":"https:\/\/www.em.com.br\/emfoco\/#website"},"primaryImageOfPage":{"@id":"https:\/\/www.em.com.br\/emfoco\/2026\/05\/01\/o-corte-de-cabelo-escolhido-entre-as-mulheres-de-50-anos-ja-esta-entre-nos\/#primaryimage"},"image":{"@id":"https:\/\/www.em.com.br\/emfoco\/2026\/05\/01\/o-corte-de-cabelo-escolhido-entre-as-mulheres-de-50-anos-ja-esta-entre-nos\/#primaryimage"},"thumbnailUrl":"https:\/\/www.em.com.br\/emfoco\/wp-content\/uploads\/2026\/05\/EmFoco_46.jpg","datePublished":"2026-05-01T19:35:00+00:00","dateModified":"2026-04-30T20:55:23+00:00","author":{"@id":"https:\/\/www.em.com.br\/emfoco\/#\/schema\/person\/0a8186d72f2c3a5c6276d90b41f271a0"},"description":"Uma mudan\u00e7a espec\u00edfica nos fios promete trazer leveza e rejuvenescimento imediato para o visual feminino. Veja como usar essa nova tend\u00eancia.","breadcrumb":{"@id":"https:\/\/www.em.com.br\/emfoco\/2026\/05\/01\/o-corte-de-cabelo-escolhido-entre-as-mulheres-de-50-anos-ja-esta-entre-nos\/#breadcrumb"},"inLanguage":"pt-BR","potentialAction":[{"@type":"ReadAction","target":["https:\/\/www.em.com.br\/emfoco\/2026\/05\/01\/o-corte-de-cabelo-escolhido-entre-as-mulheres-de-50-anos-ja-esta-entre-nos\/"]}]},{"@type":"ImageObject","inLanguage":"pt-BR","@id":"https:\/\/www.em.com.br\/emfoco\/2026\/05\/01\/o-corte-de-cabelo-escolhido-entre-as-mulheres-de-50-anos-ja-esta-entre-nos\/#primaryimage","url":"https:\/\/www.em.com.br\/emfoco\/wp-content\/uploads\/2026\/05\/EmFoco_46.jpg","contentUrl":"https:\/\/www.em.com.br\/emfoco\/wp-content\/uploads\/2026\/05\/EmFoco_46.jpg","width":1280,"height":720,"caption":"Camadas texturizadas suavizam tra\u00e7os faciais promovendo leveza e modernidade na maturidade"},{"@type":"BreadcrumbList","@id":"https:\/\/www.em.com.br\/emfoco\/2026\/05\/01\/o-corte-de-cabelo-escolhido-entre-as-mulheres-de-50-anos-ja-esta-entre-nos\/#breadcrumb","itemListElement":[{"@type":"ListItem","position":1,"name":"In\u00edcio","item":"https:\/\/www.em.com.br\/emfoco\/"},{"@type":"ListItem","position":2,"name":"O corte de cabelo escolhido entre as mulheres de 50 anos j\u00e1 est\u00e1 entre n\u00f3s"}]},{"@type":"WebSite","@id":"https:\/\/www.em.com.br\/emfoco\/#website","url":"https:\/\/www.em.com.br\/emfoco\/","name":"Estado de Minas - Em foco","description":"Acompanhe as \u00faltimas not\u00edcias e fique bem informado sobre tudo o que acontece em Minas Gerais, Brasil e no mundo.","potentialAction":[{"@type":"SearchAction","target":{"@type":"EntryPoint","urlTemplate":"https:\/\/www.em.com.br\/emfoco\/?s={search_term_string}"},"query-input":{"@type":"PropertyValueSpecification","valueRequired":true,"valueName":"search_term_string"}}],"inLanguage":"pt-BR"},{"@type":"Person","@id":"https:\/\/www.em.com.br\/emfoco\/#\/schema\/person\/0a8186d72f2c3a5c6276d90b41f271a0","name":"Daniely Cardoso","image":{"@type":"ImageObject","inLanguage":"pt-BR","@id":"https:\/\/www.em.com.br\/emfoco\/#\/schema\/person\/image\/","url":"https:\/\/secure.gravatar.com\/avatar\/4b80ddbd124d1f071b626d52d62e5dff?s=96&d=mm&r=g","contentUrl":"https:\/\/secure.gravatar.com\/avatar\/4b80ddbd124d1f071b626d52d62e5dff?s=96&d=mm&r=g","caption":"Daniely Cardoso"},"url":"https:\/\/www.em.com.br\/emfoco\/author\/danielymyth\/"}]}},"_links":{"self":[{"href":"https:\/\/www.em.com.br\/emfoco\/wp-json\/wp\/v2\/posts\/202116","targetHints":{"allow":["GET"]}}],"collection":[{"href":"https:\/\/www.em.com.br\/emfoco\/wp-json\/wp\/v2\/posts"}],"about":[{"href":"https:\/\/www.em.com.br\/emfoco\/wp-json\/wp\/v2\/types\/post"}],"author":[{"embeddable":true,"href":"https:\/\/www.em.com.br\/emfoco\/wp-json\/wp\/v2\/users\/9"}],"replies":[{"embeddable":true,"href":"https:\/\/www.em.com.br\/emfoco\/wp-json\/wp\/v2\/comments?post=202116"}],"version-history":[{"count":1,"href":"https:\/\/www.em.com.br\/emfoco\/wp-json\/wp\/v2\/posts\/202116\/revisions"}],"predecessor-version":[{"id":202118,"href":"https:\/\/www.em.com.br\/emfoco\/wp-json\/wp\/v2\/posts\/202116\/revisions\/202118"}],"wp:featuredmedia":[{"embeddable":true,"href":"https:\/\/www.em.com.br\/emfoco\/wp-json\/wp\/v2\/media\/202237"}],"wp:attachment":[{"href":"https:\/\/www.em.com.br\/emfoco\/wp-json\/wp\/v2\/media?parent=202116"}],"wp:term":[{"taxonomy":"category","embeddable":true,"href":"https:\/\/www.em.com.br\/emfoco\/wp-json\/wp\/v2\/categories?post=202116"},{"taxonomy":"post_tag","embeddable":true,"href":"https:\/\/www.em.com.br\/emfoco\/wp-json\/wp\/v2\/tags?post=202116"}],"curies":[{"name":"wp","href":"https:\/\/api.w.org\/{rel}","templated":true}]}}