{"id":202111,"date":"2026-05-01T15:25:00","date_gmt":"2026-05-01T18:25:00","guid":{"rendered":"https:\/\/www.em.com.br\/emfoco\/?p=202111"},"modified":"2026-04-30T19:37:45","modified_gmt":"2026-04-30T22:37:45","slug":"nem-tintura-nem-luzes-a-alternativa-que-cobre-os-cabelos-brancos-sem-danificar-os-fios","status":"publish","type":"post","link":"https:\/\/www.em.com.br\/emfoco\/2026\/05\/01\/nem-tintura-nem-luzes-a-alternativa-que-cobre-os-cabelos-brancos-sem-danificar-os-fios\/","title":{"rendered":"Nem tintura, nem luzes: a alternativa que cobre os cabelos brancos sem\u00a0danificar os fios"},"content":{"rendered":"\n<p>A busca por uma est\u00e9tica capilar impec\u00e1vel ganhou um novo aliado revolucion\u00e1rio para quem deseja <strong>disfar\u00e7ar fios brancos<\/strong> de forma elegante. Esse m\u00e9todo natural promete <strong>transformar a rotina<\/strong> de autocuidado sem exigir manuten\u00e7\u00f5es exaustivas ou expor o couro cabeludo a qu\u00edmicas pesadas.<\/p>\n\n\n\n<h2 class=\"wp-block-heading\">Por que disfar\u00e7ar fios brancos melhora a sa\u00fade capilar<\/h2>\n\n\n\n<p>Diferente dos m\u00e9todos tradicionais que utilizam qu\u00edmica agressiva, esse tratamento atua apenas na superf\u00edcie da cut\u00edcula preservando a estrutura interna. A mistura de minerais e extratos vegetais garante uma <strong>hidrata\u00e7\u00e3o profunda<\/strong> enquanto deposita os pigmentos de forma gradual e muito segura. Mulheres que sofrem com sensibilidade extrema encontram nessa t\u00e9cnica um <strong>al\u00edvio imediato<\/strong> contra irrita\u00e7\u00f5es frequentes causadas por tinturas oxidativas.<\/p>\n\n\n\n<p>A aus\u00eancia total de am\u00f4nia torna o procedimento infinitamente menos prejudicial para a <strong>barreira protetora<\/strong> da pele durante a aplica\u00e7\u00e3o. Profissionais destacam que o uso cont\u00ednuo fortalece a raiz e promove um <strong>crescimento saud\u00e1vel<\/strong> ao longo dos meses seguintes. Para compreender o impacto positivo dessa escolha na sua rotina, observe os <strong>benef\u00edcios reais<\/strong> que acompanham essa mudan\u00e7a de h\u00e1bito.<\/p>\n\n\n\n<ul class=\"wp-block-list\">\n<li>A\u00e7\u00e3o purificante que equilibra o pH natural da pele e evita o excesso de oleosidade.<\/li>\n\n\n\n<li>Redu\u00e7\u00e3o dr\u00e1stica da quebra de fios durante a escova\u00e7\u00e3o di\u00e1ria ou lavagem comum.<\/li>\n\n\n\n<li>Aspecto visual muito mais volumoso e cheio de movimento sem esfor\u00e7o algum.<\/li>\n<\/ul>\n\n\n<div class=\"wp-block-image\">\n<figure class=\"aligncenter size-large\"><img loading=\"lazy\" decoding=\"async\" width=\"1024\" height=\"576\" src=\"https:\/\/www.em.com.br\/emfoco\/wp-content\/uploads\/2026\/04\/disfarcar-fios-brancos-1024x576.jpg\" alt=\"\" class=\"wp-image-202112\" srcset=\"https:\/\/www.em.com.br\/emfoco\/wp-content\/uploads\/2026\/04\/disfarcar-fios-brancos-1024x576.jpg 1024w, https:\/\/www.em.com.br\/emfoco\/wp-content\/uploads\/2026\/04\/disfarcar-fios-brancos-300x169.jpg 300w, https:\/\/www.em.com.br\/emfoco\/wp-content\/uploads\/2026\/04\/disfarcar-fios-brancos-768x432.jpg 768w, https:\/\/www.em.com.br\/emfoco\/wp-content\/uploads\/2026\/04\/disfarcar-fios-brancos-750x422.jpg 750w, https:\/\/www.em.com.br\/emfoco\/wp-content\/uploads\/2026\/04\/disfarcar-fios-brancos-1140x641.jpg 1140w, https:\/\/www.em.com.br\/emfoco\/wp-content\/uploads\/2026\/04\/disfarcar-fios-brancos.jpg 1280w\" sizes=\"auto, (max-width: 1024px) 100vw, 1024px\" \/><figcaption class=\"wp-element-caption\">O crescimento natural do cabelo costuma revelar uma linha de divis\u00e3o marcante quando utilizamos produtos <\/figcaption><\/figure><\/div>\n\n\n<p>Leia tamb\u00e9m: <a href=\"https:\/\/www.em.com.br\/emfoco\/2026\/04\/26\/estes-5-minutos-de-autocuidado-no-banho-podem-transformar-a-autoestima-da-mulher-40-no-dia-a-dia\/\" target=\"_blank\" rel=\"noreferrer noopener\">Estes 5 minutos de autocuidado no banho podem transformar a autoestima da mulher 40+ no dia a dia<\/a><\/p>\n\n\n\n<h2 class=\"wp-block-heading\">Como disfar\u00e7ar fios brancos sem causar o efeito raiz<\/h2>\n\n\n\n<p>O crescimento natural do cabelo costuma revelar uma linha de divis\u00e3o marcante quando utilizamos produtos de <strong>fixa\u00e7\u00e3o permanente<\/strong> convencional. A t\u00e9cnica baseada em argilas cria um degrad\u00ea suave que se mistura ao tom original sem formar divis\u00f5es duras e artificiais. Esse comportamento inteligente do pigmento org\u00e2nico garante uma <strong>apar\u00eancia harmoniosa<\/strong> mesmo ap\u00f3s v\u00e1rias semanas sem retocar o crescimento.<\/p>\n\n\n\n<p>Essa caracter\u00edstica singular prolonga o tempo entre os retoques e traz uma praticidade imensa para o cotidiano agitado das mulheres modernas. Voc\u00ea consegue economizar recursos financeiros enquanto mant\u00e9m a <strong>beleza radiante<\/strong> do seu penteado por um per\u00edodo muito mais longo e tranquilo. O resultado final sempre entrega reflexos naturais que proporcionam uma <strong>luminosidade incr\u00edvel<\/strong> sob qualquer tipo de ilumina\u00e7\u00e3o ambiente.<\/p>\n\n\n\n<p>Para voc\u00ea que gosta de se cuidar, separamos um v\u00eddeo do canal da <a href=\"https:\/\/www.youtube.com\/@AstridMori\" target=\"_blank\" rel=\"noreferrer noopener\">Astrid Mori <\/a> com dicas para disfar\u00e7ar os cabelos brancos:<\/p>\n\n\n\n<figure class=\"wp-block-embed aligncenter is-type-video is-provider-youtube wp-block-embed-youtube wp-embed-aspect-16-9 wp-has-aspect-ratio\"><div class=\"wp-block-embed__wrapper\">\n<div class=\"jeg_video_container jeg_video_content\"><iframe loading=\"lazy\" title=\"COMO DISFAR\u00c7AR CABELO BRANCO! | Curly Astrid\" width=\"500\" height=\"281\" src=\"https:\/\/www.youtube.com\/embed\/WbPl-epJoa8?feature=oembed\" frameborder=\"0\" allow=\"accelerometer; autoplay; clipboard-write; encrypted-media; gyroscope; picture-in-picture; web-share\" referrerpolicy=\"strict-origin-when-cross-origin\" allowfullscreen><\/iframe><\/div>\n<\/div><\/figure>\n\n\n\n<h2 class=\"wp-block-heading\">Quais compostos bot\u00e2nicos integram essa nova formula\u00e7\u00e3o terap\u00eautica<\/h2>\n\n\n\n<p>A base dessa alternativa utiliza ingredientes purificados que trazem propriedades terap\u00eauticas diretamente da natureza para a prote\u00e7\u00e3o da fibra humana. Elementos altamente ricos em minerais trabalham juntos para oferecer uma <strong>nutri\u00e7\u00e3o intensa<\/strong> capaz de restaurar \u00e1reas danificadas por processos anteriores. Essa sinergia entre os ativos org\u00e2nicos promove uma <strong>reconstru\u00e7\u00e3o celular<\/strong> que devolve a elasticidade natural perdida com o avan\u00e7o da idade.<\/p>\n\n\n\n<p>Cada extrato vegetal selecionado possui uma fun\u00e7\u00e3o espec\u00edfica para garantir a fixa\u00e7\u00e3o da cor e o brilho intenso da superf\u00edcie. A jun\u00e7\u00e3o inteligente dessas propriedades cria uma camada imperme\u00e1vel que blinda a estrutura contra agress\u00f5es externas e polui\u00e7\u00e3o atmosf\u00e9rica di\u00e1ria. Adotar essa composi\u00e7\u00e3o significa investir na <strong>vitalidade prolongada<\/strong> e assegurar um <strong>toque sedoso<\/strong> que impressiona logo na primeira avalia\u00e7\u00e3o t\u00e1til.<\/p>\n\n\n\n<figure class=\"wp-block-embed is-type-rich is-provider-pinterest wp-block-embed-pinterest\"><div class=\"wp-block-embed__wrapper\">\n<iframe loading=\"lazy\" title=\"Com3ntaaa &quot;QUERO&quot; que te mando o l!nk direto \ud83d\udd8a\ufe0fAmiga, esse l\u00e1pis salvou meu rol\u00ea! \ud83d\udda4Pinta os fios brancos na hora, sem qu\u00edmica, sem sujeira e fica super natural!Salva esse v\u00eddeo pra ter na manga quando o fio branco resolver aparecer do nada \ud83d\ude05E marca aquela amiga que vive reclamando dos cabelinhos brancos!Outras formas de obter os l!nks:\ud83d\udc47\ud83c\udffd \ud83d\udc31\ud83d\udc9f Id do produto nos coment\u00e1ri0s;\ud83e\ude76 No l!nk que est\u00e1 na Bio.como cobrir fios brancos sem qu\u00edmica, como disfar\u00e7ar fios brancos em casa, caneta para ...\" src=\"https:\/\/assets.pinterest.com\/ext\/embed.html?id=937945059898705223&#038;src=oembed\" height=\"899\" width=\"450\" frameborder=\"0\" scrolling=\"no\" ><\/iframe>\n<\/div><\/figure>\n\n\n\n<h2 class=\"wp-block-heading\">O impacto de disfar\u00e7ar fios brancos na rotina di\u00e1ria<\/h2>\n\n\n\n<p>Mudar a abordagem est\u00e9tica exige uma adapta\u00e7\u00e3o inicial nos cosm\u00e9ticos utilizados para a limpeza e manuten\u00e7\u00e3o constante da sua cabe\u00e7a. O uso de shampoos totalmente neutros sem sulfatos ajuda a preservar a <strong>cor vibrante<\/strong> por muito mais semanas seguidas sem desbotar. M\u00e1scaras condicionantes enriquecidas com \u00f3leos essenciais ampliam o <strong>efeito luminoso<\/strong> e ret\u00eam a umidade necess\u00e1ria dentro do c\u00f3rtex capilar.<\/p>\n\n\n\n<p>Muitas pessoas relatam que o tempo gasto na finaliza\u00e7\u00e3o di\u00e1ria diminui drasticamente porque a textura adquire um caimento muito mais obediente. A escova desliza com total facilidade e o volume encorpado dispensa o uso excessivo de modeladores t\u00e9rmicos ou sprays fixadores fortes. Essa liberdade imensa proporciona um <strong>visual descomplicado<\/strong> e favorece uma <strong>autoestima elevada<\/strong> desde o exato momento em que voc\u00ea acorda.<\/p>\n\n\n<div class=\"wp-block-image\">\n<figure class=\"aligncenter size-large\"><img loading=\"lazy\" decoding=\"async\" width=\"1024\" height=\"576\" src=\"https:\/\/www.em.com.br\/emfoco\/wp-content\/uploads\/2026\/04\/cafe-para-escurecer-o-cabelo-branco-1024x576.jpg\" alt=\"disfar\u00e7ar fios brancos\" class=\"wp-image-192425\" srcset=\"https:\/\/www.em.com.br\/emfoco\/wp-content\/uploads\/2026\/04\/cafe-para-escurecer-o-cabelo-branco-1024x576.jpg 1024w, https:\/\/www.em.com.br\/emfoco\/wp-content\/uploads\/2026\/04\/cafe-para-escurecer-o-cabelo-branco-300x169.jpg 300w, https:\/\/www.em.com.br\/emfoco\/wp-content\/uploads\/2026\/04\/cafe-para-escurecer-o-cabelo-branco-768x432.jpg 768w, https:\/\/www.em.com.br\/emfoco\/wp-content\/uploads\/2026\/04\/cafe-para-escurecer-o-cabelo-branco-750x422.jpg 750w, https:\/\/www.em.com.br\/emfoco\/wp-content\/uploads\/2026\/04\/cafe-para-escurecer-o-cabelo-branco-1140x641.jpg 1140w, https:\/\/www.em.com.br\/emfoco\/wp-content\/uploads\/2026\/04\/cafe-para-escurecer-o-cabelo-branco.jpg 1280w\" sizes=\"auto, (max-width: 1024px) 100vw, 1024px\" \/><figcaption class=\"wp-element-caption\">Muitas pessoas relatam que o tempo gasto na finaliza\u00e7\u00e3o di\u00e1ria diminui drasticamente porque a textura adquire um caimento muito mais obediente<\/figcaption><\/figure><\/div>\n\n\n<h2 class=\"wp-block-heading\">O que esperar ap\u00f3s a ado\u00e7\u00e3o desse m\u00e9todo inovador<\/h2>\n\n\n\n<p>A transi\u00e7\u00e3o para rituais menos agressivos representa um passo fundamental para quem prioriza o bem-estar absoluto e a longevidade est\u00e9tica duradoura. Tenha paci\u00eancia durante as primeiras semanas \u00fateis para que seu organismo elimine completamente os res\u00edduos de qu\u00edmicas sint\u00e9ticas acumuladas anteriormente. Celebre cada nova etapa do processo observando o <strong>brilho renovado<\/strong> e a <strong>maciez surpreendente<\/strong> que surgem gradativamente ap\u00f3s cada lavagem.<\/p>\n\n\n\n<p>Abrace a beleza org\u00e2nica dos reflexos sutis que valorizam o seu rosto de forma extremamente elegante e sempre muito sofisticada. Escolha profissionais devidamente capacitados que compreendam as necessidades espec\u00edficas da sua textura para garantir um <strong>resultado impec\u00e1vel<\/strong> a longo prazo. Mantenha uma <strong>rotina disciplinada<\/strong> de cuidados em casa e aproveite toda a liberdade que essa escolha inteligente proporciona para sua vida.<\/p>\n","protected":false},"excerpt":{"rendered":"<p>A busca por uma est\u00e9tica capilar impec\u00e1vel ganhou um novo aliado revolucion\u00e1rio para quem deseja disfar\u00e7ar fios brancos de forma elegante. Esse m\u00e9todo natural promete transformar a rotina de autocuidado sem exigir manuten\u00e7\u00f5es exaustivas ou expor o couro cabeludo a qu\u00edmicas pesadas. Por que disfar\u00e7ar fios brancos melhora a sa\u00fade capilar Diferente dos m\u00e9todos tradicionais [&hellip;]<\/p>\n","protected":false},"author":9,"featured_media":202295,"comment_status":"open","ping_status":"open","sticky":false,"template":"","format":"standard","meta":{"jnews-multi-image_gallery":[],"jnews_single_post":{"format":"standard"},"jnews_primary_category":[],"jnews_social_meta":[],"jnews_override_counter":[],"footnotes":""},"categories":[8691,29],"tags":[29063,5931,12071],"class_list":["post-202111","post","type-post","status-publish","format-standard","has-post-thumbnail","hentry","category-bem-estar","category-entretenimento","tag-coloracao-natural","tag-cuidados-capilares","tag-saude-do-cabelo"],"yoast_head":"<!-- This site is optimized with the Yoast SEO plugin v23.8 - https:\/\/yoast.com\/wordpress\/plugins\/seo\/ -->\n<title>Nem tintura, nem luzes: a alternativa que cobre os cabelos brancos sem\u00a0danificar os fios - Estado de Minas - Em foco<\/title>\n<meta name=\"description\" content=\"Uma alternativa natural inovadora ajuda a disfar\u00e7ar fios brancos de forma elegante. Essa t\u00e9cnica inteligente protege e renova seu visual.\" \/>\n<meta name=\"robots\" content=\"index, follow, max-snippet:-1, max-image-preview:large, max-video-preview:-1\" \/>\n<link rel=\"canonical\" href=\"https:\/\/www.em.com.br\/emfoco\/2026\/05\/01\/nem-tintura-nem-luzes-a-alternativa-que-cobre-os-cabelos-brancos-sem-danificar-os-fios\/\" \/>\n<meta property=\"og:locale\" content=\"pt_BR\" \/>\n<meta property=\"og:type\" content=\"article\" \/>\n<meta property=\"og:title\" content=\"Nem tintura, nem luzes: a alternativa que cobre os cabelos brancos sem\u00a0danificar os fios - Estado de Minas - Em foco\" \/>\n<meta property=\"og:description\" content=\"Uma alternativa natural inovadora ajuda a disfar\u00e7ar fios brancos de forma elegante. Essa t\u00e9cnica inteligente protege e renova seu visual.\" \/>\n<meta property=\"og:url\" content=\"https:\/\/www.em.com.br\/emfoco\/2026\/05\/01\/nem-tintura-nem-luzes-a-alternativa-que-cobre-os-cabelos-brancos-sem-danificar-os-fios\/\" \/>\n<meta property=\"og:site_name\" content=\"Estado de Minas - Em foco\" \/>\n<meta property=\"article:published_time\" content=\"2026-05-01T18:25:00+00:00\" \/>\n<meta property=\"article:modified_time\" content=\"2026-04-30T22:37:45+00:00\" \/>\n<meta property=\"og:image\" content=\"https:\/\/www.em.com.br\/emfoco\/wp-content\/uploads\/2026\/05\/EmFoco_57.jpg\" \/>\n\t<meta property=\"og:image:width\" content=\"1280\" \/>\n\t<meta property=\"og:image:height\" content=\"720\" \/>\n\t<meta property=\"og:image:type\" content=\"image\/jpeg\" \/>\n<meta name=\"author\" content=\"Daniely Cardoso\" \/>\n<meta name=\"twitter:card\" content=\"summary_large_image\" \/>\n<meta name=\"twitter:label1\" content=\"Escrito por\" \/>\n\t<meta name=\"twitter:data1\" content=\"Daniely Cardoso\" \/>\n\t<meta name=\"twitter:label2\" content=\"Est. tempo de leitura\" \/>\n\t<meta name=\"twitter:data2\" content=\"6 minutos\" \/>\n<!-- \/ Yoast SEO plugin. -->","yoast_head_json":{"title":"Nem tintura, nem luzes: a alternativa que cobre os cabelos brancos sem\u00a0danificar os fios - Estado de Minas - Em foco","description":"Uma alternativa natural inovadora ajuda a disfar\u00e7ar fios brancos de forma elegante. Essa t\u00e9cnica inteligente protege e renova seu visual.","robots":{"index":"index","follow":"follow","max-snippet":"max-snippet:-1","max-image-preview":"max-image-preview:large","max-video-preview":"max-video-preview:-1"},"canonical":"https:\/\/www.em.com.br\/emfoco\/2026\/05\/01\/nem-tintura-nem-luzes-a-alternativa-que-cobre-os-cabelos-brancos-sem-danificar-os-fios\/","og_locale":"pt_BR","og_type":"article","og_title":"Nem tintura, nem luzes: a alternativa que cobre os cabelos brancos sem\u00a0danificar os fios - Estado de Minas - Em foco","og_description":"Uma alternativa natural inovadora ajuda a disfar\u00e7ar fios brancos de forma elegante. Essa t\u00e9cnica inteligente protege e renova seu visual.","og_url":"https:\/\/www.em.com.br\/emfoco\/2026\/05\/01\/nem-tintura-nem-luzes-a-alternativa-que-cobre-os-cabelos-brancos-sem-danificar-os-fios\/","og_site_name":"Estado de Minas - Em foco","article_published_time":"2026-05-01T18:25:00+00:00","article_modified_time":"2026-04-30T22:37:45+00:00","og_image":[{"width":1280,"height":720,"url":"https:\/\/www.em.com.br\/emfoco\/wp-content\/uploads\/2026\/05\/EmFoco_57.jpg","type":"image\/jpeg"}],"author":"Daniely Cardoso","twitter_card":"summary_large_image","twitter_misc":{"Escrito por":"Daniely Cardoso","Est. tempo de leitura":"6 minutos"},"schema":{"@context":"https:\/\/schema.org","@graph":[{"@type":"WebPage","@id":"https:\/\/www.em.com.br\/emfoco\/2026\/05\/01\/nem-tintura-nem-luzes-a-alternativa-que-cobre-os-cabelos-brancos-sem-danificar-os-fios\/","url":"https:\/\/www.em.com.br\/emfoco\/2026\/05\/01\/nem-tintura-nem-luzes-a-alternativa-que-cobre-os-cabelos-brancos-sem-danificar-os-fios\/","name":"Nem tintura, nem luzes: a alternativa que cobre os cabelos brancos sem\u00a0danificar os fios - Estado de Minas - Em foco","isPartOf":{"@id":"https:\/\/www.em.com.br\/emfoco\/#website"},"primaryImageOfPage":{"@id":"https:\/\/www.em.com.br\/emfoco\/2026\/05\/01\/nem-tintura-nem-luzes-a-alternativa-que-cobre-os-cabelos-brancos-sem-danificar-os-fios\/#primaryimage"},"image":{"@id":"https:\/\/www.em.com.br\/emfoco\/2026\/05\/01\/nem-tintura-nem-luzes-a-alternativa-que-cobre-os-cabelos-brancos-sem-danificar-os-fios\/#primaryimage"},"thumbnailUrl":"https:\/\/www.em.com.br\/emfoco\/wp-content\/uploads\/2026\/05\/EmFoco_57.jpg","datePublished":"2026-05-01T18:25:00+00:00","dateModified":"2026-04-30T22:37:45+00:00","author":{"@id":"https:\/\/www.em.com.br\/emfoco\/#\/schema\/person\/0a8186d72f2c3a5c6276d90b41f271a0"},"description":"Uma alternativa natural inovadora ajuda a disfar\u00e7ar fios brancos de forma elegante. Essa t\u00e9cnica inteligente protege e renova seu visual.","breadcrumb":{"@id":"https:\/\/www.em.com.br\/emfoco\/2026\/05\/01\/nem-tintura-nem-luzes-a-alternativa-que-cobre-os-cabelos-brancos-sem-danificar-os-fios\/#breadcrumb"},"inLanguage":"pt-BR","potentialAction":[{"@type":"ReadAction","target":["https:\/\/www.em.com.br\/emfoco\/2026\/05\/01\/nem-tintura-nem-luzes-a-alternativa-que-cobre-os-cabelos-brancos-sem-danificar-os-fios\/"]}]},{"@type":"ImageObject","inLanguage":"pt-BR","@id":"https:\/\/www.em.com.br\/emfoco\/2026\/05\/01\/nem-tintura-nem-luzes-a-alternativa-que-cobre-os-cabelos-brancos-sem-danificar-os-fios\/#primaryimage","url":"https:\/\/www.em.com.br\/emfoco\/wp-content\/uploads\/2026\/05\/EmFoco_57.jpg","contentUrl":"https:\/\/www.em.com.br\/emfoco\/wp-content\/uploads\/2026\/05\/EmFoco_57.jpg","width":1280,"height":720,"caption":"M\u00e9todo natural que disfar\u00e7a fios brancos sem agredir a estrutura capilar interna"},{"@type":"BreadcrumbList","@id":"https:\/\/www.em.com.br\/emfoco\/2026\/05\/01\/nem-tintura-nem-luzes-a-alternativa-que-cobre-os-cabelos-brancos-sem-danificar-os-fios\/#breadcrumb","itemListElement":[{"@type":"ListItem","position":1,"name":"In\u00edcio","item":"https:\/\/www.em.com.br\/emfoco\/"},{"@type":"ListItem","position":2,"name":"Nem tintura, nem luzes: a alternativa que cobre os cabelos brancos sem\u00a0danificar os fios"}]},{"@type":"WebSite","@id":"https:\/\/www.em.com.br\/emfoco\/#website","url":"https:\/\/www.em.com.br\/emfoco\/","name":"Estado de Minas - Em foco","description":"Acompanhe as \u00faltimas not\u00edcias e fique bem informado sobre tudo o que acontece em Minas Gerais, Brasil e no mundo.","potentialAction":[{"@type":"SearchAction","target":{"@type":"EntryPoint","urlTemplate":"https:\/\/www.em.com.br\/emfoco\/?s={search_term_string}"},"query-input":{"@type":"PropertyValueSpecification","valueRequired":true,"valueName":"search_term_string"}}],"inLanguage":"pt-BR"},{"@type":"Person","@id":"https:\/\/www.em.com.br\/emfoco\/#\/schema\/person\/0a8186d72f2c3a5c6276d90b41f271a0","name":"Daniely Cardoso","image":{"@type":"ImageObject","inLanguage":"pt-BR","@id":"https:\/\/www.em.com.br\/emfoco\/#\/schema\/person\/image\/","url":"https:\/\/secure.gravatar.com\/avatar\/4b80ddbd124d1f071b626d52d62e5dff?s=96&d=mm&r=g","contentUrl":"https:\/\/secure.gravatar.com\/avatar\/4b80ddbd124d1f071b626d52d62e5dff?s=96&d=mm&r=g","caption":"Daniely Cardoso"},"url":"https:\/\/www.em.com.br\/emfoco\/author\/danielymyth\/"}]}},"_links":{"self":[{"href":"https:\/\/www.em.com.br\/emfoco\/wp-json\/wp\/v2\/posts\/202111","targetHints":{"allow":["GET"]}}],"collection":[{"href":"https:\/\/www.em.com.br\/emfoco\/wp-json\/wp\/v2\/posts"}],"about":[{"href":"https:\/\/www.em.com.br\/emfoco\/wp-json\/wp\/v2\/types\/post"}],"author":[{"embeddable":true,"href":"https:\/\/www.em.com.br\/emfoco\/wp-json\/wp\/v2\/users\/9"}],"replies":[{"embeddable":true,"href":"https:\/\/www.em.com.br\/emfoco\/wp-json\/wp\/v2\/comments?post=202111"}],"version-history":[{"count":2,"href":"https:\/\/www.em.com.br\/emfoco\/wp-json\/wp\/v2\/posts\/202111\/revisions"}],"predecessor-version":[{"id":202161,"href":"https:\/\/www.em.com.br\/emfoco\/wp-json\/wp\/v2\/posts\/202111\/revisions\/202161"}],"wp:featuredmedia":[{"embeddable":true,"href":"https:\/\/www.em.com.br\/emfoco\/wp-json\/wp\/v2\/media\/202295"}],"wp:attachment":[{"href":"https:\/\/www.em.com.br\/emfoco\/wp-json\/wp\/v2\/media?parent=202111"}],"wp:term":[{"taxonomy":"category","embeddable":true,"href":"https:\/\/www.em.com.br\/emfoco\/wp-json\/wp\/v2\/categories?post=202111"},{"taxonomy":"post_tag","embeddable":true,"href":"https:\/\/www.em.com.br\/emfoco\/wp-json\/wp\/v2\/tags?post=202111"}],"curies":[{"name":"wp","href":"https:\/\/api.w.org\/{rel}","templated":true}]}}