{"id":202070,"date":"2026-05-01T14:25:00","date_gmt":"2026-05-01T17:25:00","guid":{"rendered":"https:\/\/www.em.com.br\/emfoco\/?p=202070"},"modified":"2026-04-30T17:55:15","modified_gmt":"2026-04-30T20:55:15","slug":"adeus-as-calcas-de-couro-a-peca-mais-leve-e-versatil-que-sera-tendencia-neste-inverno-de-2026","status":"publish","type":"post","link":"https:\/\/www.em.com.br\/emfoco\/2026\/05\/01\/adeus-as-calcas-de-couro-a-peca-mais-leve-e-versatil-que-sera-tendencia-neste-inverno-de-2026\/","title":{"rendered":"Adeus \u00e0s cal\u00e7as de couro: a pe\u00e7a mais leve e vers\u00e1til que ser\u00e1 tend\u00eancia neste inverno de 2026"},"content":{"rendered":"\n<p>A <strong>cal\u00e7a alfaiataria<\/strong> surge como a grande protagonista para quem deseja renovar o guarda-roupa na pr\u00f3xima temporada. Muitas mulheres buscam alternativas que unam sofistica\u00e7\u00e3o e bem-estar sem abrir m\u00e3o de um visual moderno e atualizado.<\/p>\n\n\n\n<h2 class=\"wp-block-heading\">Por que escolher a cal\u00e7a alfaiataria nesta temporada<\/h2>\n\n\n\n<p>A busca por tecidos respir\u00e1veis e cortes precisos transformou essa pe\u00e7a em um item indispens\u00e1vel para enfrentar os dias frios. Diferente de materiais r\u00edgidos, o corte cl\u00e1ssico permite <strong>liberdade de movimento<\/strong> e garante um caimento impec\u00e1vel em diferentes tipos de corpos. Voc\u00ea consegue transitar entre ambientes formais e momentos de lazer mantendo sempre uma <strong>postura refinada<\/strong> e segura.<\/p>\n\n\n\n<p>Al\u00e9m da quest\u00e3o est\u00e9tica, a versatilidade de combina\u00e7\u00f5es permite que uma \u00fanica pe\u00e7a multiplique as op\u00e7\u00f5es de looks no seu arm\u00e1rio. Investir em <strong>tons neutros<\/strong> ou cores s\u00f3lidas facilita a montagem de produ\u00e7\u00f5es r\u00e1pidas e eficientes para a rotina agitada. Essa escolha reflete uma preocupa\u00e7\u00e3o com o <strong>consumo inteligente<\/strong> e a valoriza\u00e7\u00e3o de itens que n\u00e3o saem de moda rapidamente.<\/p>\n\n\n<div class=\"wp-block-image\">\n<figure class=\"aligncenter size-large\"><img loading=\"lazy\" decoding=\"async\" width=\"1024\" height=\"576\" src=\"https:\/\/www.em.com.br\/emfoco\/wp-content\/uploads\/2026\/04\/calca-alfaiataria-1-1024x576.jpg\" alt=\"cal\u00e7a alfaiataria \" class=\"wp-image-202107\" srcset=\"https:\/\/www.em.com.br\/emfoco\/wp-content\/uploads\/2026\/04\/calca-alfaiataria-1-1024x576.jpg 1024w, https:\/\/www.em.com.br\/emfoco\/wp-content\/uploads\/2026\/04\/calca-alfaiataria-1-300x169.jpg 300w, https:\/\/www.em.com.br\/emfoco\/wp-content\/uploads\/2026\/04\/calca-alfaiataria-1-768x432.jpg 768w, https:\/\/www.em.com.br\/emfoco\/wp-content\/uploads\/2026\/04\/calca-alfaiataria-1-750x422.jpg 750w, https:\/\/www.em.com.br\/emfoco\/wp-content\/uploads\/2026\/04\/calca-alfaiataria-1-1140x641.jpg 1140w, https:\/\/www.em.com.br\/emfoco\/wp-content\/uploads\/2026\/04\/calca-alfaiataria-1.jpg 1280w\" sizes=\"auto, (max-width: 1024px) 100vw, 1024px\" \/><figcaption class=\"wp-element-caption\">Al\u00e9m da quest\u00e3o est\u00e9tica, a versatilidade de combina\u00e7\u00f5es permite que uma \u00fanica pe\u00e7a multiplique as op\u00e7\u00f5es de looks no seu arm\u00e1rio<\/figcaption><\/figure><\/div>\n\n\n<p>Leia tamb\u00e9m: <a href=\"https:\/\/www.em.com.br\/emfoco\/2026\/03\/06\/portoes-de-ferro-estao-saindo-de-moda-e-a-nova-tendencia-aposta-em-elegancia-e-discricao\/\" target=\"_blank\" rel=\"noreferrer noopener\">Port\u00f5es de ferro est\u00e3o saindo de moda e a nova tend\u00eancia aposta em eleg\u00e2ncia e discri\u00e7\u00e3o<\/a><\/p>\n\n\n\n<h2 class=\"wp-block-heading\">Como combinar sua cal\u00e7a alfaiataria com sapatos modernos<\/h2>\n\n\n\n<p>A escolha do cal\u00e7ado ideal define o tom da produ\u00e7\u00e3o e pode transformar completamente a proposta visual do seu conjunto. Para um visual contempor\u00e2neo, a mistura de elementos cl\u00e1ssicos com acess\u00f3rios casuais cria um <strong>contraste interessante<\/strong> e cheio de personalidade. Diversas op\u00e7\u00f5es de cal\u00e7ados funcionam muito bem com essa tend\u00eancia e garantem o <strong>equil\u00edbrio visual<\/strong> necess\u00e1rio para o dia a dia.<\/p>\n\n\n\n<p>Para ajudar na sua decis\u00e3o di\u00e1ria, selecionamos algumas alternativas que valorizam o corte da pe\u00e7a e elevam o n\u00edvel do seu estilo pessoal:<\/p>\n\n\n\n<ul class=\"wp-block-list\">\n<li><strong>T\u00eanis casuais<\/strong> brancos para um toque de modernidade e extremo conforto urbano.<\/li>\n\n\n\n<li><strong>Botas de cano curto<\/strong> que trazem peso visual e protegem contra as baixas temperaturas.<\/li>\n\n\n\n<li><strong>Mocassins tratorados<\/strong> para quem deseja um visual imponente e alinhado com as passarelas.<\/li>\n<\/ul>\n\n\n\n<p>Para voc\u00ea que gosta de se vestir bem, separamos um v\u00eddeo do canal <a href=\"https:\/\/www.youtube.com\/@viihrocha\" target=\"_blank\" rel=\"noreferrer noopener\">viihrocha<\/a> com dicas para usar cal\u00e7a de alfaiataria:<\/p>\n\n\n\n<figure class=\"wp-block-embed is-type-video is-provider-youtube wp-block-embed-youtube wp-embed-aspect-16-9 wp-has-aspect-ratio\"><div class=\"wp-block-embed__wrapper\">\n<div class=\"jeg_video_container jeg_video_content\"><iframe loading=\"lazy\" title=\"Como usar cal\u00e7a de alfaiataria: do trabalho ao passeio \u2728 Viihrocha\" width=\"500\" height=\"281\" src=\"https:\/\/www.youtube.com\/embed\/4wSVrM74Pf4?feature=oembed\" frameborder=\"0\" allow=\"accelerometer; autoplay; clipboard-write; encrypted-media; gyroscope; picture-in-picture; web-share\" referrerpolicy=\"strict-origin-when-cross-origin\" allowfullscreen><\/iframe><\/div>\n<\/div><\/figure>\n\n\n\n<h2 class=\"wp-block-heading\">Vantagens da cal\u00e7a alfaiataria em rela\u00e7\u00e3o aos modelos pesados<\/h2>\n\n\n\n<p>O peso visual e f\u00edsico de certas roupas pode causar desconforto ap\u00f3s muitas horas de uso cont\u00ednuo no ambiente de trabalho. A <strong>cal\u00e7a alfaiataria<\/strong> oferece uma leveza estrutural que mant\u00e9m a eleg\u00e2ncia sem sobrecarregar a silhueta ou causar calor excessivo em locais fechados. Optar por <strong>fibras naturais<\/strong> ou mistas de alta qualidade garante que a pe\u00e7a mantenha sua forma original por muito mais tempo.<\/p>\n\n\n\n<p>Outro ponto relevante envolve a manuten\u00e7\u00e3o simplificada dessas pe\u00e7as quando comparadas aos cuidados exigidos por materiais sint\u00e9ticos ou peles naturais. A durabilidade das costuras e a <strong>resist\u00eancia dos tecidos<\/strong> modernos fazem desse investimento uma decis\u00e3o estrat\u00e9gica para o seu planejamento financeiro. Voc\u00ea economiza tempo com lavagens especiais e garante uma <strong>apar\u00eancia profissional<\/strong> constante com muito menos esfor\u00e7o manual.<\/p>\n\n\n\n<figure class=\"wp-block-embed is-type-rich is-provider-pinterest wp-block-embed-pinterest\"><div class=\"wp-block-embed__wrapper\">\n<iframe loading=\"lazy\" title=\" \" src=\"https:\/\/assets.pinterest.com\/ext\/embed.html?id=1688918605666531&#038;src=oembed\" height=\"899\" width=\"450\" frameborder=\"0\" scrolling=\"no\" ><\/iframe>\n<\/div><\/figure>\n\n\n\n<h2 class=\"wp-block-heading\">Quais cores de cal\u00e7a dominam o inverno de 2026<\/h2>\n\n\n\n<p>A paleta de cores deste ano foca em tons que transmitem calma e sobriedade, permitindo sobreposi\u00e7\u00f5es criativas com casacos e acess\u00f3rios variados. O cinza mescla e o azul marinho continuam sendo escolhas seguras para quem prefere uma <strong>est\u00e9tica minimalista<\/strong> e f\u00e1cil de coordenar com outras pe\u00e7as. Experimentar <strong>texturas diferentes<\/strong> dentro da mesma gama crom\u00e1tica pode adicionar profundidade ao visual sem a necessidade de estampas chamativas.<\/p>\n\n\n\n<p>A introdu\u00e7\u00e3o de cores terrosas suaves traz um calor visual necess\u00e1rio para os meses mais gelados do ano de forma discreta. Essas tonalidades funcionam como uma <strong>base s\u00f3lida<\/strong> para destacar cachec\u00f3is coloridos ou joias em metais nobres durante eventos sociais ou reuni\u00f5es importantes. Priorizar a <strong>harmonia das cores<\/strong> ajuda a construir uma imagem pessoal mais s\u00f3lida e confiante diante dos desafios cotidianos.<\/p>\n\n\n<div class=\"wp-block-image\">\n<figure class=\"aligncenter size-large\"><img loading=\"lazy\" decoding=\"async\" width=\"1024\" height=\"576\" src=\"https:\/\/www.em.com.br\/emfoco\/wp-content\/uploads\/2026\/02\/Gemini_Generated_Image_kkf2j3kkf2j3kkf2-1-1024x576.png\" alt=\"cal\u00e7a alfaiataria\" class=\"wp-image-174420\" srcset=\"https:\/\/www.em.com.br\/emfoco\/wp-content\/uploads\/2026\/02\/Gemini_Generated_Image_kkf2j3kkf2j3kkf2-1-1024x576.png 1024w, https:\/\/www.em.com.br\/emfoco\/wp-content\/uploads\/2026\/02\/Gemini_Generated_Image_kkf2j3kkf2j3kkf2-1-300x169.png 300w, https:\/\/www.em.com.br\/emfoco\/wp-content\/uploads\/2026\/02\/Gemini_Generated_Image_kkf2j3kkf2j3kkf2-1-768x432.png 768w, https:\/\/www.em.com.br\/emfoco\/wp-content\/uploads\/2026\/02\/Gemini_Generated_Image_kkf2j3kkf2j3kkf2-1-750x422.png 750w, https:\/\/www.em.com.br\/emfoco\/wp-content\/uploads\/2026\/02\/Gemini_Generated_Image_kkf2j3kkf2j3kkf2-1-1140x641.png 1140w, https:\/\/www.em.com.br\/emfoco\/wp-content\/uploads\/2026\/02\/Gemini_Generated_Image_kkf2j3kkf2j3kkf2-1.png 1280w\" sizes=\"auto, (max-width: 1024px) 100vw, 1024px\" \/><figcaption class=\"wp-element-caption\">A introdu\u00e7\u00e3o de cores terrosas suaves traz um calor visual necess\u00e1rio para os meses mais gelados do ano de forma discreta. <\/figcaption><\/figure><\/div>\n\n\n<h2 class=\"wp-block-heading\">Dicas para manter o visual impec\u00e1vel o dia todo<\/h2>\n\n\n\n<p>Manter a boa apar\u00eancia das roupas exige pequenos cuidados di\u00e1rios que preservam a estrutura e o brilho dos tecidos selecionados. Pendurar as pe\u00e7as corretamente logo ap\u00f3s o uso evita vincos indesejados e prolonga a <strong>vida \u00fatil<\/strong> do vestu\u00e1rio de forma significativa. Use <strong>cabides adequados<\/strong> que respeitem a largura dos ombros e a linha da cintura para evitar deforma\u00e7\u00f5es permanentes.<\/p>\n\n\n\n<p>Escolha acess\u00f3rios que complementem a proposta sem esconder os detalhes principais do corte e da modelagem da pe\u00e7a. Um <strong>cinto discreto<\/strong> pode definir melhor a silhueta e adicionar um ponto de interesse visual sem poluir o conjunto final. Aproveite a praticidade desta tend\u00eancia para expressar sua <strong>identidade visual<\/strong> com clareza e muito conforto em qualquer ocasi\u00e3o.<\/p>\n","protected":false},"excerpt":{"rendered":"<p>A cal\u00e7a alfaiataria surge como a grande protagonista para quem deseja renovar o guarda-roupa na pr\u00f3xima temporada. Muitas mulheres buscam alternativas que unam sofistica\u00e7\u00e3o e bem-estar sem abrir m\u00e3o de um visual moderno e atualizado. Por que escolher a cal\u00e7a alfaiataria nesta temporada A busca por tecidos respir\u00e1veis e cortes precisos transformou essa pe\u00e7a em [&hellip;]<\/p>\n","protected":false},"author":9,"featured_media":202238,"comment_status":"open","ping_status":"open","sticky":false,"template":"","format":"standard","meta":{"jnews-multi-image_gallery":[],"jnews_single_post":{"format":"standard"},"jnews_primary_category":[],"jnews_social_meta":[],"jnews_override_counter":[],"footnotes":""},"categories":[8691,29],"tags":[29062,7062,15217],"class_list":["post-202070","post","type-post","status-publish","format-standard","has-post-thumbnail","hentry","category-bem-estar","category-entretenimento","tag-looks-de-inverno","tag-moda-feminina","tag-tendencias-2026"],"yoast_head":"<!-- This site is optimized with the Yoast SEO plugin v23.8 - https:\/\/yoast.com\/wordpress\/plugins\/seo\/ -->\n<title>Adeus \u00e0s cal\u00e7as de couro: a pe\u00e7a mais leve e vers\u00e1til que ser\u00e1 tend\u00eancia neste inverno de 2026 - Estado de Minas - Em foco<\/title>\n<meta name=\"description\" content=\"Uma pe\u00e7a leve e elegante chega para transformar seus looks de inverno com muito conforto. Veja como usar essa tend\u00eancia vers\u00e1til.\" \/>\n<meta name=\"robots\" content=\"index, follow, max-snippet:-1, max-image-preview:large, max-video-preview:-1\" \/>\n<link rel=\"canonical\" href=\"https:\/\/www.em.com.br\/emfoco\/2026\/05\/01\/adeus-as-calcas-de-couro-a-peca-mais-leve-e-versatil-que-sera-tendencia-neste-inverno-de-2026\/\" \/>\n<meta property=\"og:locale\" content=\"pt_BR\" \/>\n<meta property=\"og:type\" content=\"article\" \/>\n<meta property=\"og:title\" content=\"Adeus \u00e0s cal\u00e7as de couro: a pe\u00e7a mais leve e vers\u00e1til que ser\u00e1 tend\u00eancia neste inverno de 2026 - Estado de Minas - Em foco\" \/>\n<meta property=\"og:description\" content=\"Uma pe\u00e7a leve e elegante chega para transformar seus looks de inverno com muito conforto. Veja como usar essa tend\u00eancia vers\u00e1til.\" \/>\n<meta property=\"og:url\" content=\"https:\/\/www.em.com.br\/emfoco\/2026\/05\/01\/adeus-as-calcas-de-couro-a-peca-mais-leve-e-versatil-que-sera-tendencia-neste-inverno-de-2026\/\" \/>\n<meta property=\"og:site_name\" content=\"Estado de Minas - Em foco\" \/>\n<meta property=\"article:published_time\" content=\"2026-05-01T17:25:00+00:00\" \/>\n<meta property=\"article:modified_time\" content=\"2026-04-30T20:55:15+00:00\" \/>\n<meta property=\"og:image\" content=\"https:\/\/www.em.com.br\/emfoco\/wp-content\/uploads\/2026\/05\/EmFoco_45.jpg\" \/>\n\t<meta property=\"og:image:width\" content=\"1280\" \/>\n\t<meta property=\"og:image:height\" content=\"720\" \/>\n\t<meta property=\"og:image:type\" content=\"image\/jpeg\" \/>\n<meta name=\"author\" content=\"Daniely Cardoso\" \/>\n<meta name=\"twitter:card\" content=\"summary_large_image\" \/>\n<meta name=\"twitter:label1\" content=\"Escrito por\" \/>\n\t<meta name=\"twitter:data1\" content=\"Daniely Cardoso\" \/>\n\t<meta name=\"twitter:label2\" content=\"Est. tempo de leitura\" \/>\n\t<meta name=\"twitter:data2\" content=\"5 minutos\" \/>\n<!-- \/ Yoast SEO plugin. -->","yoast_head_json":{"title":"Adeus \u00e0s cal\u00e7as de couro: a pe\u00e7a mais leve e vers\u00e1til que ser\u00e1 tend\u00eancia neste inverno de 2026 - Estado de Minas - Em foco","description":"Uma pe\u00e7a leve e elegante chega para transformar seus looks de inverno com muito conforto. Veja como usar essa tend\u00eancia vers\u00e1til.","robots":{"index":"index","follow":"follow","max-snippet":"max-snippet:-1","max-image-preview":"max-image-preview:large","max-video-preview":"max-video-preview:-1"},"canonical":"https:\/\/www.em.com.br\/emfoco\/2026\/05\/01\/adeus-as-calcas-de-couro-a-peca-mais-leve-e-versatil-que-sera-tendencia-neste-inverno-de-2026\/","og_locale":"pt_BR","og_type":"article","og_title":"Adeus \u00e0s cal\u00e7as de couro: a pe\u00e7a mais leve e vers\u00e1til que ser\u00e1 tend\u00eancia neste inverno de 2026 - Estado de Minas - Em foco","og_description":"Uma pe\u00e7a leve e elegante chega para transformar seus looks de inverno com muito conforto. Veja como usar essa tend\u00eancia vers\u00e1til.","og_url":"https:\/\/www.em.com.br\/emfoco\/2026\/05\/01\/adeus-as-calcas-de-couro-a-peca-mais-leve-e-versatil-que-sera-tendencia-neste-inverno-de-2026\/","og_site_name":"Estado de Minas - Em foco","article_published_time":"2026-05-01T17:25:00+00:00","article_modified_time":"2026-04-30T20:55:15+00:00","og_image":[{"width":1280,"height":720,"url":"https:\/\/www.em.com.br\/emfoco\/wp-content\/uploads\/2026\/05\/EmFoco_45.jpg","type":"image\/jpeg"}],"author":"Daniely Cardoso","twitter_card":"summary_large_image","twitter_misc":{"Escrito por":"Daniely Cardoso","Est. tempo de leitura":"5 minutos"},"schema":{"@context":"https:\/\/schema.org","@graph":[{"@type":"WebPage","@id":"https:\/\/www.em.com.br\/emfoco\/2026\/05\/01\/adeus-as-calcas-de-couro-a-peca-mais-leve-e-versatil-que-sera-tendencia-neste-inverno-de-2026\/","url":"https:\/\/www.em.com.br\/emfoco\/2026\/05\/01\/adeus-as-calcas-de-couro-a-peca-mais-leve-e-versatil-que-sera-tendencia-neste-inverno-de-2026\/","name":"Adeus \u00e0s cal\u00e7as de couro: a pe\u00e7a mais leve e vers\u00e1til que ser\u00e1 tend\u00eancia neste inverno de 2026 - Estado de Minas - Em foco","isPartOf":{"@id":"https:\/\/www.em.com.br\/emfoco\/#website"},"primaryImageOfPage":{"@id":"https:\/\/www.em.com.br\/emfoco\/2026\/05\/01\/adeus-as-calcas-de-couro-a-peca-mais-leve-e-versatil-que-sera-tendencia-neste-inverno-de-2026\/#primaryimage"},"image":{"@id":"https:\/\/www.em.com.br\/emfoco\/2026\/05\/01\/adeus-as-calcas-de-couro-a-peca-mais-leve-e-versatil-que-sera-tendencia-neste-inverno-de-2026\/#primaryimage"},"thumbnailUrl":"https:\/\/www.em.com.br\/emfoco\/wp-content\/uploads\/2026\/05\/EmFoco_45.jpg","datePublished":"2026-05-01T17:25:00+00:00","dateModified":"2026-04-30T20:55:15+00:00","author":{"@id":"https:\/\/www.em.com.br\/emfoco\/#\/schema\/person\/0a8186d72f2c3a5c6276d90b41f271a0"},"description":"Uma pe\u00e7a leve e elegante chega para transformar seus looks de inverno com muito conforto. Veja como usar essa tend\u00eancia vers\u00e1til.","breadcrumb":{"@id":"https:\/\/www.em.com.br\/emfoco\/2026\/05\/01\/adeus-as-calcas-de-couro-a-peca-mais-leve-e-versatil-que-sera-tendencia-neste-inverno-de-2026\/#breadcrumb"},"inLanguage":"pt-BR","potentialAction":[{"@type":"ReadAction","target":["https:\/\/www.em.com.br\/emfoco\/2026\/05\/01\/adeus-as-calcas-de-couro-a-peca-mais-leve-e-versatil-que-sera-tendencia-neste-inverno-de-2026\/"]}]},{"@type":"ImageObject","inLanguage":"pt-BR","@id":"https:\/\/www.em.com.br\/emfoco\/2026\/05\/01\/adeus-as-calcas-de-couro-a-peca-mais-leve-e-versatil-que-sera-tendencia-neste-inverno-de-2026\/#primaryimage","url":"https:\/\/www.em.com.br\/emfoco\/wp-content\/uploads\/2026\/05\/EmFoco_45.jpg","contentUrl":"https:\/\/www.em.com.br\/emfoco\/wp-content\/uploads\/2026\/05\/EmFoco_45.jpg","width":1280,"height":720,"caption":"Corte preciso e versatilidade da cal\u00e7a alfaiataria proporcionam sofistica\u00e7\u00e3o ao vestu\u00e1rio"},{"@type":"BreadcrumbList","@id":"https:\/\/www.em.com.br\/emfoco\/2026\/05\/01\/adeus-as-calcas-de-couro-a-peca-mais-leve-e-versatil-que-sera-tendencia-neste-inverno-de-2026\/#breadcrumb","itemListElement":[{"@type":"ListItem","position":1,"name":"In\u00edcio","item":"https:\/\/www.em.com.br\/emfoco\/"},{"@type":"ListItem","position":2,"name":"Adeus \u00e0s cal\u00e7as de couro: a pe\u00e7a mais leve e vers\u00e1til que ser\u00e1 tend\u00eancia neste inverno de 2026"}]},{"@type":"WebSite","@id":"https:\/\/www.em.com.br\/emfoco\/#website","url":"https:\/\/www.em.com.br\/emfoco\/","name":"Estado de Minas - Em foco","description":"Acompanhe as \u00faltimas not\u00edcias e fique bem informado sobre tudo o que acontece em Minas Gerais, Brasil e no mundo.","potentialAction":[{"@type":"SearchAction","target":{"@type":"EntryPoint","urlTemplate":"https:\/\/www.em.com.br\/emfoco\/?s={search_term_string}"},"query-input":{"@type":"PropertyValueSpecification","valueRequired":true,"valueName":"search_term_string"}}],"inLanguage":"pt-BR"},{"@type":"Person","@id":"https:\/\/www.em.com.br\/emfoco\/#\/schema\/person\/0a8186d72f2c3a5c6276d90b41f271a0","name":"Daniely Cardoso","image":{"@type":"ImageObject","inLanguage":"pt-BR","@id":"https:\/\/www.em.com.br\/emfoco\/#\/schema\/person\/image\/","url":"https:\/\/secure.gravatar.com\/avatar\/4b80ddbd124d1f071b626d52d62e5dff?s=96&d=mm&r=g","contentUrl":"https:\/\/secure.gravatar.com\/avatar\/4b80ddbd124d1f071b626d52d62e5dff?s=96&d=mm&r=g","caption":"Daniely Cardoso"},"url":"https:\/\/www.em.com.br\/emfoco\/author\/danielymyth\/"}]}},"_links":{"self":[{"href":"https:\/\/www.em.com.br\/emfoco\/wp-json\/wp\/v2\/posts\/202070","targetHints":{"allow":["GET"]}}],"collection":[{"href":"https:\/\/www.em.com.br\/emfoco\/wp-json\/wp\/v2\/posts"}],"about":[{"href":"https:\/\/www.em.com.br\/emfoco\/wp-json\/wp\/v2\/types\/post"}],"author":[{"embeddable":true,"href":"https:\/\/www.em.com.br\/emfoco\/wp-json\/wp\/v2\/users\/9"}],"replies":[{"embeddable":true,"href":"https:\/\/www.em.com.br\/emfoco\/wp-json\/wp\/v2\/comments?post=202070"}],"version-history":[{"count":1,"href":"https:\/\/www.em.com.br\/emfoco\/wp-json\/wp\/v2\/posts\/202070\/revisions"}],"predecessor-version":[{"id":202110,"href":"https:\/\/www.em.com.br\/emfoco\/wp-json\/wp\/v2\/posts\/202070\/revisions\/202110"}],"wp:featuredmedia":[{"embeddable":true,"href":"https:\/\/www.em.com.br\/emfoco\/wp-json\/wp\/v2\/media\/202238"}],"wp:attachment":[{"href":"https:\/\/www.em.com.br\/emfoco\/wp-json\/wp\/v2\/media?parent=202070"}],"wp:term":[{"taxonomy":"category","embeddable":true,"href":"https:\/\/www.em.com.br\/emfoco\/wp-json\/wp\/v2\/categories?post=202070"},{"taxonomy":"post_tag","embeddable":true,"href":"https:\/\/www.em.com.br\/emfoco\/wp-json\/wp\/v2\/tags?post=202070"}],"curies":[{"name":"wp","href":"https:\/\/api.w.org\/{rel}","templated":true}]}}