{"id":202052,"date":"2026-05-01T13:15:00","date_gmt":"2026-05-01T16:15:00","guid":{"rendered":"https:\/\/www.em.com.br\/emfoco\/?p=202052"},"modified":"2026-04-30T16:10:55","modified_gmt":"2026-04-30T19:10:55","slug":"quanto-tempo-esperar-para-entrar-na-piscina-depois-de-pintar-o-cabelo","status":"publish","type":"post","link":"https:\/\/www.em.com.br\/emfoco\/2026\/05\/01\/quanto-tempo-esperar-para-entrar-na-piscina-depois-de-pintar-o-cabelo\/","title":{"rendered":"Quanto tempo esperar para entrar na piscina depois de pintar o cabelo?"},"content":{"rendered":"\n<p>Muitas mulheres ficam em d\u00favida sobre a resist\u00eancia dos novos pigmentos diante dos agentes qu\u00edmicos agressivos presentes na \u00e1gua tratada dos clubes modernos. Existe um per\u00edodo estrat\u00e9gico e necess\u00e1rio para utilizar a <strong>piscina ap\u00f3s colora\u00e7\u00e3o<\/strong> sem comprometer o brilho radiante e a sa\u00fade estrutural da fibra capilar.<\/p>\n\n\n\n<h2 class=\"wp-block-heading\">Por que evitar a piscina ap\u00f3s colora\u00e7\u00e3o nos primeiros dias<\/h2>\n\n\n\n<p>O contato precoce com o cloro pode abrir as cut\u00edculas que ainda est\u00e3o extremamente sens\u00edveis pelo processo qu\u00edmico realizado recentemente no sal\u00e3o de beleza. Essa intera\u00e7\u00e3o indesejada provoca a <strong>oxida\u00e7\u00e3o acelerada<\/strong> dos pigmentos novos e altera a tonalidade original de forma permanente e muito frustrante. \u00c9 fundamental garantir que a fibra esteja <strong>totalmente selada<\/strong> antes de qualquer mergulho recreativo para evitar manchas ou desbotamentos severos na cor.<\/p>\n\n\n\n<p>A \u00e1gua da piscina possui componentes purificadores que reagem com os metais pesados presentes em algumas tinturas modernas de forma muito agressiva. Essa rea\u00e7\u00e3o qu\u00edmica espec\u00edfica costuma deixar os fios com um <strong>aspecto ressecado<\/strong> e sem vida logo ap\u00f3s as primeiras bra\u00e7adas na parte funda. Respeitar o tempo de cura do produto qu\u00edmico \u00e9 o passo inicial obrigat\u00f3rio para garantir um <strong>resultado duradouro<\/strong> e profissional por muito mais tempo.<\/p>\n\n\n<div class=\"wp-block-image\">\n<figure class=\"aligncenter size-large\"><img loading=\"lazy\" decoding=\"async\" width=\"1024\" height=\"576\" src=\"https:\/\/www.em.com.br\/emfoco\/wp-content\/uploads\/2026\/04\/pscina-apos-coloracao-1024x576.jpg\" alt=\"pscina ap\u00f3s colora\u00e7\u00e3o\" class=\"wp-image-202063\" srcset=\"https:\/\/www.em.com.br\/emfoco\/wp-content\/uploads\/2026\/04\/pscina-apos-coloracao-1024x576.jpg 1024w, https:\/\/www.em.com.br\/emfoco\/wp-content\/uploads\/2026\/04\/pscina-apos-coloracao-300x169.jpg 300w, https:\/\/www.em.com.br\/emfoco\/wp-content\/uploads\/2026\/04\/pscina-apos-coloracao-768x432.jpg 768w, https:\/\/www.em.com.br\/emfoco\/wp-content\/uploads\/2026\/04\/pscina-apos-coloracao-750x422.jpg 750w, https:\/\/www.em.com.br\/emfoco\/wp-content\/uploads\/2026\/04\/pscina-apos-coloracao-1140x641.jpg 1140w, https:\/\/www.em.com.br\/emfoco\/wp-content\/uploads\/2026\/04\/pscina-apos-coloracao.jpg 1280w\" sizes=\"auto, (max-width: 1024px) 100vw, 1024px\" \/><figcaption class=\"wp-element-caption\">A \u00e1gua da piscina possui componentes purificadores que reagem com os metais pesados presentes em algumas tinturas modernas de forma muito agressiva.<\/figcaption><\/figure><\/div>\n\n\n<p>Leia tamb\u00e9m: <a href=\"https:\/\/www.em.com.br\/emfoco\/2025\/11\/13\/os-saloes-ja-estao-apostando-nas-cores-que-vao-transformar-os-cabelos-em-2026\/\" target=\"_blank\" rel=\"noreferrer noopener\">Os sal\u00f5es j\u00e1 est\u00e3o apostando nas cores que v\u00e3o transformar os cabelos em 2026<\/a><\/p>\n\n\n\n<h2 class=\"wp-block-heading\">Qual o tempo ideal de espera antes do primeiro mergulho<\/h2>\n\n\n\n<p>Especialistas em tricologia recomendam fortemente aguardar um intervalo m\u00ednimo de quarenta e oito horas antes de qualquer tipo de exposi\u00e7\u00e3o ao cloro. Esse hiato temporal permite que as <strong>mol\u00e9culas de pigmento<\/strong> se acomodem perfeitamente no interior do c\u00f3rtex sem sofrerem ataques de subst\u00e2ncias externas. Manter o cabelo seco durante esse est\u00e1gio cr\u00edtico \u00e9 uma <strong>escolha muito prudente<\/strong> para preservar o investimento financeiro feito na sua transforma\u00e7\u00e3o visual.<\/p>\n\n\n\n<p>Se o tom escolhido para o seu visual for muito vibrante ou platinado, o ideal \u00e9 estender essa paci\u00eancia por at\u00e9 cinco dias inteiros. O risco de o cabelo absorver o sulfato de cobre e apresentar <strong>reflexos esverdeados<\/strong> assustadores diminui drasticamente quando voc\u00ea respeita essa pausa prolongada. Alguns fatores externos influenciam diretamente na decis\u00e3o de antecipar ou adiar o momento de aproveitar as atividades aqu\u00e1ticas com tranquilidade.<\/p>\n\n\n\n<ul class=\"wp-block-list\">\n<li>A porosidade atual da sua fibra capilar.<\/li>\n\n\n\n<li>A qualidade t\u00e9cnica da tinta que foi utilizada.<\/li>\n\n\n\n<li>A concentra\u00e7\u00e3o de agentes qu\u00edmicos na \u00e1gua.<\/li>\n\n\n\n<li>O tempo de exposi\u00e7\u00e3o direta ao sol durante o banho.<\/li>\n<\/ul>\n\n\n\n<p>Para voc\u00ea que gosta de se cuidar, separamos um v\u00eddeo do canal da <a href=\"https:\/\/www.youtube.com\/@NathaliaSerenna\" target=\"_blank\" rel=\"noreferrer noopener\">Nathalia Serenna <\/a>com dicas para usar a psicina ap\u00f3s a colora\u00e7\u00e3o:<\/p>\n\n\n\n<figure class=\"wp-block-embed is-type-video is-provider-youtube wp-block-embed-youtube wp-embed-aspect-16-9 wp-has-aspect-ratio\"><div class=\"wp-block-embed__wrapper\">\n<div class=\"jeg_video_container jeg_video_content\"><iframe loading=\"lazy\" title=\"LOIRA + PISCINA = DESASTRE! E AGORA? | Velha de Vinte\" width=\"500\" height=\"281\" src=\"https:\/\/www.youtube.com\/embed\/3XG4zNNQmEg?feature=oembed\" frameborder=\"0\" allow=\"accelerometer; autoplay; clipboard-write; encrypted-media; gyroscope; picture-in-picture; web-share\" referrerpolicy=\"strict-origin-when-cross-origin\" allowfullscreen><\/iframe><\/div>\n<\/div><\/figure>\n\n\n\n<h2 class=\"wp-block-heading\">Como proteger as mechas na piscina ap\u00f3s colora\u00e7\u00e3o de modo eficiente<\/h2>\n\n\n\n<p>Antes de entrar na \u00e1gua, aplicar um protetor t\u00e9rmico de alta performance com filtro solar cria uma barreira f\u00edsica tempor\u00e1ria extremamente \u00fatil. Molhar o cabelo com <strong>\u00e1gua doce<\/strong> antes do mergulho impede que ele absorva a \u00e1gua saturada de subst\u00e2ncias oxidantes que estragam o visual. Essa t\u00e9cnica simples e gratuita reduz a <strong>penetra\u00e7\u00e3o de cloro<\/strong> em n\u00edveis surpreendentes durante toda a sua atividade f\u00edsica ou lazer.<\/p>\n\n\n\n<p>O uso de \u00f3leos vegetais espec\u00edficos tamb\u00e9m contribui para manter a hidrata\u00e7\u00e3o interna protegida contra o ressecamento severo provocado pelo ambiente externo. A aplica\u00e7\u00e3o deve ser feita de maneira uniforme para n\u00e3o deixar nenhuma parte da <strong>queratina natural<\/strong> exposta aos danos invis\u00edveis da piscina. Escolher produtos que tenham <strong>propriedades hidrof\u00f3bicas<\/strong> potentes aumenta consideravelmente a seguran\u00e7a da cor contra o desbotamento indesejado que ocorre gradualmente.<\/p>\n\n\n\n<figure class=\"wp-block-embed is-type-rich is-provider-pinterest wp-block-embed-pinterest\"><div class=\"wp-block-embed__wrapper\">\n<iframe loading=\"lazy\" title=\"O Cabelo Mudou de Cor Depois de Entrar na Piscina\" src=\"https:\/\/assets.pinterest.com\/ext\/embed.html?id=607563806013065397&#038;src=oembed\" height=\"899\" width=\"450\" frameborder=\"0\" scrolling=\"no\" ><\/iframe>\n<\/div><\/figure>\n\n\n\n<h2 class=\"wp-block-heading\">Riscos de ignorar o intervalo da piscina ap\u00f3s colora\u00e7\u00e3o na rotina<\/h2>\n\n\n\n<p>Mergulhar imediatamente ap\u00f3s o procedimento qu\u00edmico pode transformar tons loiros em nuances opacas ou estranhamente acinzentadas em um intervalo muito curto. A qu\u00edmica da \u00e1gua retira a <strong>camada lip\u00eddica<\/strong> natural que serve como escudo protetor contra as agress\u00f5es constantes do meio ambiente. Voc\u00ea poder\u00e1 notar uma <strong>quebra capilar<\/strong> excessiva e pontas duplas aparecendo muito antes do tempo previsto na sua programa\u00e7\u00e3o de beleza usual.<\/p>\n\n\n\n<p>O couro cabeludo tamb\u00e9m sofre com a irrita\u00e7\u00e3o causada pelos res\u00edduos qu\u00edmicos que penetram nos poros que ainda permanecem dilatados pela tinta. Esse inc\u00f4modo gera uma <strong>sensibilidade dolorosa<\/strong> que atrapalha o desenvolvimento de uma rotina saud\u00e1vel de cuidados b\u00e1sicos com a apar\u00eancia feminina. Evitar esse erro comum preserva a <strong>sa\u00fade do bulbo<\/strong> e mant\u00e9m o crescimento dos seus fios forte e vigoroso por longos per\u00edodos.<\/p>\n\n\n\n<h2 class=\"wp-block-heading\">Dicas valiosas para manter o brilho e a cor por mais tempo<\/h2>\n\n\n\n<p>Priorize sempre a integridade da sua fibra capilar para que o seu visual permane\u00e7a incr\u00edvel e radiante em todas as ocasi\u00f5es. Utilize cosm\u00e9ticos de linha profissional que reforcem a barreira protetora contra os agentes nocivos presentes na \u00e1gua tratada dos clubes. Aproveite seu momento de descanso com a <strong>seguran\u00e7a adequada<\/strong> para exibir sua nova cor com total confian\u00e7a e muita alegria.<\/p>\n\n\n\n<p>O equil\u00edbrio entre os cuidados est\u00e9ticos rigorosos e a divers\u00e3o pessoal garante uma autoestima sempre elevada e muito positiva. Mantenha um cronograma capilar ativo para repor todos os nutrientes fundamentais perdidos durante a exposi\u00e7\u00e3o prolongada ao sol forte. Sua dedica\u00e7\u00e3o imediata refletir\u00e1 em <strong>cabelos brilhantes<\/strong> e cheios de vitalidade em qualquer \u00e9poca do ano ou esta\u00e7\u00e3o clim\u00e1tica.<\/p>\n","protected":false},"excerpt":{"rendered":"<p>Muitas mulheres ficam em d\u00favida sobre a resist\u00eancia dos novos pigmentos diante dos agentes qu\u00edmicos agressivos presentes na \u00e1gua tratada dos clubes modernos. Existe um per\u00edodo estrat\u00e9gico e necess\u00e1rio para utilizar a piscina ap\u00f3s colora\u00e7\u00e3o sem comprometer o brilho radiante e a sa\u00fade estrutural da fibra capilar. Por que evitar a piscina ap\u00f3s colora\u00e7\u00e3o nos [&hellip;]<\/p>\n","protected":false},"author":9,"featured_media":202097,"comment_status":"open","ping_status":"open","sticky":false,"template":"","format":"standard","meta":{"jnews-multi-image_gallery":[],"jnews_single_post":{"format":"standard"},"jnews_primary_category":[],"jnews_social_meta":[],"jnews_override_counter":[],"footnotes":""},"categories":[8691,9053],"tags":[8621,5931,5046],"class_list":["post-202052","post","type-post","status-publish","format-standard","has-post-thumbnail","hentry","category-bem-estar","category-saude","tag-cabelos-coloridos","tag-cuidados-capilares","tag-dicas-de-beleza"],"yoast_head":"<!-- This site is optimized with the Yoast SEO plugin v23.8 - https:\/\/yoast.com\/wordpress\/plugins\/seo\/ -->\n<title>Quanto tempo esperar para entrar na piscina depois de pintar o cabelo? - Estado de Minas - Em foco<\/title>\n<meta name=\"description\" content=\"Aprenda qual o tempo seguro para usar a piscina ap\u00f3s colora\u00e7\u00e3o sem causar danos qu\u00edmicos graves ou o desbotamento precoce dos seus fios.\" \/>\n<meta name=\"robots\" content=\"index, follow, max-snippet:-1, max-image-preview:large, max-video-preview:-1\" \/>\n<link rel=\"canonical\" href=\"https:\/\/www.em.com.br\/emfoco\/2026\/05\/01\/quanto-tempo-esperar-para-entrar-na-piscina-depois-de-pintar-o-cabelo\/\" \/>\n<meta property=\"og:locale\" content=\"pt_BR\" \/>\n<meta property=\"og:type\" content=\"article\" \/>\n<meta property=\"og:title\" content=\"Quanto tempo esperar para entrar na piscina depois de pintar o cabelo? - Estado de Minas - Em foco\" \/>\n<meta property=\"og:description\" content=\"Aprenda qual o tempo seguro para usar a piscina ap\u00f3s colora\u00e7\u00e3o sem causar danos qu\u00edmicos graves ou o desbotamento precoce dos seus fios.\" \/>\n<meta property=\"og:url\" content=\"https:\/\/www.em.com.br\/emfoco\/2026\/05\/01\/quanto-tempo-esperar-para-entrar-na-piscina-depois-de-pintar-o-cabelo\/\" \/>\n<meta property=\"og:site_name\" content=\"Estado de Minas - Em foco\" \/>\n<meta property=\"article:published_time\" content=\"2026-05-01T16:15:00+00:00\" \/>\n<meta property=\"article:modified_time\" content=\"2026-04-30T19:10:55+00:00\" \/>\n<meta property=\"og:image\" content=\"https:\/\/www.em.com.br\/emfoco\/wp-content\/uploads\/2026\/05\/EmFoco_32.jpg\" \/>\n\t<meta property=\"og:image:width\" content=\"1280\" \/>\n\t<meta property=\"og:image:height\" content=\"720\" \/>\n\t<meta property=\"og:image:type\" content=\"image\/jpeg\" \/>\n<meta name=\"author\" content=\"Daniely Cardoso\" \/>\n<meta name=\"twitter:card\" content=\"summary_large_image\" \/>\n<meta name=\"twitter:label1\" content=\"Escrito por\" \/>\n\t<meta name=\"twitter:data1\" content=\"Daniely Cardoso\" \/>\n\t<meta name=\"twitter:label2\" content=\"Est. tempo de leitura\" \/>\n\t<meta name=\"twitter:data2\" content=\"5 minutos\" \/>\n<!-- \/ Yoast SEO plugin. -->","yoast_head_json":{"title":"Quanto tempo esperar para entrar na piscina depois de pintar o cabelo? - Estado de Minas - Em foco","description":"Aprenda qual o tempo seguro para usar a piscina ap\u00f3s colora\u00e7\u00e3o sem causar danos qu\u00edmicos graves ou o desbotamento precoce dos seus fios.","robots":{"index":"index","follow":"follow","max-snippet":"max-snippet:-1","max-image-preview":"max-image-preview:large","max-video-preview":"max-video-preview:-1"},"canonical":"https:\/\/www.em.com.br\/emfoco\/2026\/05\/01\/quanto-tempo-esperar-para-entrar-na-piscina-depois-de-pintar-o-cabelo\/","og_locale":"pt_BR","og_type":"article","og_title":"Quanto tempo esperar para entrar na piscina depois de pintar o cabelo? - Estado de Minas - Em foco","og_description":"Aprenda qual o tempo seguro para usar a piscina ap\u00f3s colora\u00e7\u00e3o sem causar danos qu\u00edmicos graves ou o desbotamento precoce dos seus fios.","og_url":"https:\/\/www.em.com.br\/emfoco\/2026\/05\/01\/quanto-tempo-esperar-para-entrar-na-piscina-depois-de-pintar-o-cabelo\/","og_site_name":"Estado de Minas - Em foco","article_published_time":"2026-05-01T16:15:00+00:00","article_modified_time":"2026-04-30T19:10:55+00:00","og_image":[{"width":1280,"height":720,"url":"https:\/\/www.em.com.br\/emfoco\/wp-content\/uploads\/2026\/05\/EmFoco_32.jpg","type":"image\/jpeg"}],"author":"Daniely Cardoso","twitter_card":"summary_large_image","twitter_misc":{"Escrito por":"Daniely Cardoso","Est. tempo de leitura":"5 minutos"},"schema":{"@context":"https:\/\/schema.org","@graph":[{"@type":"WebPage","@id":"https:\/\/www.em.com.br\/emfoco\/2026\/05\/01\/quanto-tempo-esperar-para-entrar-na-piscina-depois-de-pintar-o-cabelo\/","url":"https:\/\/www.em.com.br\/emfoco\/2026\/05\/01\/quanto-tempo-esperar-para-entrar-na-piscina-depois-de-pintar-o-cabelo\/","name":"Quanto tempo esperar para entrar na piscina depois de pintar o cabelo? - Estado de Minas - Em foco","isPartOf":{"@id":"https:\/\/www.em.com.br\/emfoco\/#website"},"primaryImageOfPage":{"@id":"https:\/\/www.em.com.br\/emfoco\/2026\/05\/01\/quanto-tempo-esperar-para-entrar-na-piscina-depois-de-pintar-o-cabelo\/#primaryimage"},"image":{"@id":"https:\/\/www.em.com.br\/emfoco\/2026\/05\/01\/quanto-tempo-esperar-para-entrar-na-piscina-depois-de-pintar-o-cabelo\/#primaryimage"},"thumbnailUrl":"https:\/\/www.em.com.br\/emfoco\/wp-content\/uploads\/2026\/05\/EmFoco_32.jpg","datePublished":"2026-05-01T16:15:00+00:00","dateModified":"2026-04-30T19:10:55+00:00","author":{"@id":"https:\/\/www.em.com.br\/emfoco\/#\/schema\/person\/0a8186d72f2c3a5c6276d90b41f271a0"},"description":"Aprenda qual o tempo seguro para usar a piscina ap\u00f3s colora\u00e7\u00e3o sem causar danos qu\u00edmicos graves ou o desbotamento precoce dos seus fios.","breadcrumb":{"@id":"https:\/\/www.em.com.br\/emfoco\/2026\/05\/01\/quanto-tempo-esperar-para-entrar-na-piscina-depois-de-pintar-o-cabelo\/#breadcrumb"},"inLanguage":"pt-BR","potentialAction":[{"@type":"ReadAction","target":["https:\/\/www.em.com.br\/emfoco\/2026\/05\/01\/quanto-tempo-esperar-para-entrar-na-piscina-depois-de-pintar-o-cabelo\/"]}]},{"@type":"ImageObject","inLanguage":"pt-BR","@id":"https:\/\/www.em.com.br\/emfoco\/2026\/05\/01\/quanto-tempo-esperar-para-entrar-na-piscina-depois-de-pintar-o-cabelo\/#primaryimage","url":"https:\/\/www.em.com.br\/emfoco\/wp-content\/uploads\/2026\/05\/EmFoco_32.jpg","contentUrl":"https:\/\/www.em.com.br\/emfoco\/wp-content\/uploads\/2026\/05\/EmFoco_32.jpg","width":1280,"height":720,"caption":"Intervalo estrat\u00e9gico ap\u00f3s colora\u00e7\u00e3o preserva pigmentos contra agress\u00f5es qu\u00edmicas da \u00e1gua tratada"},{"@type":"BreadcrumbList","@id":"https:\/\/www.em.com.br\/emfoco\/2026\/05\/01\/quanto-tempo-esperar-para-entrar-na-piscina-depois-de-pintar-o-cabelo\/#breadcrumb","itemListElement":[{"@type":"ListItem","position":1,"name":"In\u00edcio","item":"https:\/\/www.em.com.br\/emfoco\/"},{"@type":"ListItem","position":2,"name":"Quanto tempo esperar para entrar na piscina depois de pintar o cabelo?"}]},{"@type":"WebSite","@id":"https:\/\/www.em.com.br\/emfoco\/#website","url":"https:\/\/www.em.com.br\/emfoco\/","name":"Estado de Minas - Em foco","description":"Acompanhe as \u00faltimas not\u00edcias e fique bem informado sobre tudo o que acontece em Minas Gerais, Brasil e no mundo.","potentialAction":[{"@type":"SearchAction","target":{"@type":"EntryPoint","urlTemplate":"https:\/\/www.em.com.br\/emfoco\/?s={search_term_string}"},"query-input":{"@type":"PropertyValueSpecification","valueRequired":true,"valueName":"search_term_string"}}],"inLanguage":"pt-BR"},{"@type":"Person","@id":"https:\/\/www.em.com.br\/emfoco\/#\/schema\/person\/0a8186d72f2c3a5c6276d90b41f271a0","name":"Daniely Cardoso","image":{"@type":"ImageObject","inLanguage":"pt-BR","@id":"https:\/\/www.em.com.br\/emfoco\/#\/schema\/person\/image\/","url":"https:\/\/secure.gravatar.com\/avatar\/4b80ddbd124d1f071b626d52d62e5dff?s=96&d=mm&r=g","contentUrl":"https:\/\/secure.gravatar.com\/avatar\/4b80ddbd124d1f071b626d52d62e5dff?s=96&d=mm&r=g","caption":"Daniely Cardoso"},"url":"https:\/\/www.em.com.br\/emfoco\/author\/danielymyth\/"}]}},"_links":{"self":[{"href":"https:\/\/www.em.com.br\/emfoco\/wp-json\/wp\/v2\/posts\/202052","targetHints":{"allow":["GET"]}}],"collection":[{"href":"https:\/\/www.em.com.br\/emfoco\/wp-json\/wp\/v2\/posts"}],"about":[{"href":"https:\/\/www.em.com.br\/emfoco\/wp-json\/wp\/v2\/types\/post"}],"author":[{"embeddable":true,"href":"https:\/\/www.em.com.br\/emfoco\/wp-json\/wp\/v2\/users\/9"}],"replies":[{"embeddable":true,"href":"https:\/\/www.em.com.br\/emfoco\/wp-json\/wp\/v2\/comments?post=202052"}],"version-history":[{"count":1,"href":"https:\/\/www.em.com.br\/emfoco\/wp-json\/wp\/v2\/posts\/202052\/revisions"}],"predecessor-version":[{"id":202066,"href":"https:\/\/www.em.com.br\/emfoco\/wp-json\/wp\/v2\/posts\/202052\/revisions\/202066"}],"wp:featuredmedia":[{"embeddable":true,"href":"https:\/\/www.em.com.br\/emfoco\/wp-json\/wp\/v2\/media\/202097"}],"wp:attachment":[{"href":"https:\/\/www.em.com.br\/emfoco\/wp-json\/wp\/v2\/media?parent=202052"}],"wp:term":[{"taxonomy":"category","embeddable":true,"href":"https:\/\/www.em.com.br\/emfoco\/wp-json\/wp\/v2\/categories?post=202052"},{"taxonomy":"post_tag","embeddable":true,"href":"https:\/\/www.em.com.br\/emfoco\/wp-json\/wp\/v2\/tags?post=202052"}],"curies":[{"name":"wp","href":"https:\/\/api.w.org\/{rel}","templated":true}]}}