{"id":202044,"date":"2026-04-30T18:30:00","date_gmt":"2026-04-30T21:30:00","guid":{"rendered":"https:\/\/www.em.com.br\/emfoco\/?p=202044"},"modified":"2026-04-30T15:51:10","modified_gmt":"2026-04-30T18:51:10","slug":"adeus-ao-secador-de-cabelo-o-acessorio-que-deixa-o-cabelo-mais-arrumado-em-menos-tempo","status":"publish","type":"post","link":"https:\/\/www.em.com.br\/emfoco\/2026\/04\/30\/adeus-ao-secador-de-cabelo-o-acessorio-que-deixa-o-cabelo-mais-arrumado-em-menos-tempo\/","title":{"rendered":"Adeus ao secador de cabelo: o acess\u00f3rio que deixa o cabelo mais arrumado em menos tempo"},"content":{"rendered":"\n<p>Os cuidados com o cabelo em 2026 mudaram muito, principalmente com a populariza\u00e7\u00e3o da&nbsp;<strong>escova alisadora el\u00e9trica<\/strong>, que vem substituindo o secador tradicional em muitas rotinas. A proposta \u00e9 unir secagem e modelagem em um \u00fanico passo, reduzindo o tempo em frente ao espelho e deixando os fios alinhados com menos esfor\u00e7o e um visual mais natural para o dia a dia.<\/p>\n\n\n\n<h2 class=\"wp-block-heading\">O que \u00e9 a escova alisadora el\u00e9trica e por que ela est\u00e1 t\u00e3o em alta?<\/h2>\n\n\n\n<p>A&nbsp;<strong>escova alisadora el\u00e9trica<\/strong>&nbsp;\u00e9 um aparelho em formato de escova que emite calor enquanto desembara\u00e7a e alinha os fios. Diferentemente do secador comum, que exige o uso combinado com uma escova manual, ela integra as duas fun\u00e7\u00f5es em um s\u00f3 corpo, facilitando o manuseio mesmo para quem n\u00e3o tem muita habilidade.<\/p>\n\n\n\n<p>Em muitos modelos, a tecnologia inclui revestimentos que distribuem melhor o calor e cerdas pensadas para deslizar sem enroscar. Isso favorece um resultado mais uniforme, com menos risco de dano localizado e um acabamento alinhado, mas ainda com movimento.<\/p>\n\n\n\n<iframe loading=\"lazy\" src=\"https:\/\/assets.pinterest.com\/ext\/embed.html?id=966303663793978373\" height=\"532\" width=\"345\" frameborder=\"0\" scrolling=\"no\" ><\/iframe>\n\n\n\n<h2 class=\"wp-block-heading\">Quais s\u00e3o os benef\u00edcios da escova alisadora el\u00e9trica no controle de frizz e tempo?<\/h2>\n\n\n\n<p>Uma das promessas mais recorrentes da&nbsp;<strong>escova alisadora el\u00e9trica<\/strong>&nbsp;\u00e9 reduzir o frizz e acelerar o tempo de secagem. O calor concentrado diretamente na mecha em contato com as cerdas ajuda a deixar os fios mais disciplinados, principalmente em aparelhos com \u00edons negativos ou revestimento cer\u00e2mico.<\/p>\n\n\n\n<p>Como o processo une desembara\u00e7o, alinhamento e finaliza\u00e7\u00e3o em movimentos cont\u00ednuos, n\u00e3o \u00e9 preciso alternar entre v\u00e1rias ferramentas. Assim, os cabelos levemente \u00famidos j\u00e1 podem ser trabalhados, encurtando etapas e entregando um visual polido, por\u00e9m sem efeito chapado.<\/p>\n\n\n\n<ul class=\"wp-block-list\">\n<li><strong>Menos etapas:<\/strong>\u00a0secar e modelar em um \u00fanico instrumento.<\/li>\n\n\n\n<li><strong>Movimentos simples:<\/strong>\u00a0uso semelhante ao de pentear o cabelo.<\/li>\n\n\n\n<li><strong>Menos frizz:<\/strong>\u00a0foco em reduzir fios arrepiados e est\u00e1tica.<\/li>\n\n\n\n<li><strong>Visual natural:<\/strong>\u00a0mant\u00e9m certo volume e movimento dos fios.<\/li>\n<\/ul>\n\n\n\n<figure class=\"wp-block-image size-large\"><img loading=\"lazy\" decoding=\"async\" width=\"1024\" height=\"576\" src=\"https:\/\/www.em.com.br\/emfoco\/wp-content\/uploads\/2026\/04\/Gemini_Generated_Image_c40a80c40a80c40a-1-1024x576.png\" alt=\"\" class=\"wp-image-202048\" srcset=\"https:\/\/www.em.com.br\/emfoco\/wp-content\/uploads\/2026\/04\/Gemini_Generated_Image_c40a80c40a80c40a-1-1024x576.png 1024w, https:\/\/www.em.com.br\/emfoco\/wp-content\/uploads\/2026\/04\/Gemini_Generated_Image_c40a80c40a80c40a-1-300x169.png 300w, https:\/\/www.em.com.br\/emfoco\/wp-content\/uploads\/2026\/04\/Gemini_Generated_Image_c40a80c40a80c40a-1-768x432.png 768w, https:\/\/www.em.com.br\/emfoco\/wp-content\/uploads\/2026\/04\/Gemini_Generated_Image_c40a80c40a80c40a-1-750x422.png 750w, https:\/\/www.em.com.br\/emfoco\/wp-content\/uploads\/2026\/04\/Gemini_Generated_Image_c40a80c40a80c40a-1-1140x641.png 1140w, https:\/\/www.em.com.br\/emfoco\/wp-content\/uploads\/2026\/04\/Gemini_Generated_Image_c40a80c40a80c40a-1.png 1280w\" sizes=\"auto, (max-width: 1024px) 100vw, 1024px\" \/><\/figure>\n\n\n\n<h2 class=\"wp-block-heading\">Como escolher a escova alisadora el\u00e9trica ideal para o seu tipo de cabelo?<\/h2>\n\n\n\n<p>A escolha da&nbsp;<strong>escova alisadora el\u00e9trica ideal<\/strong>&nbsp;depende do tipo de fio, comprimento e objetivo de uso. Cabelos finos costumam responder melhor a temperaturas mais baixas, enquanto fios grossos ou ondulados podem precisar de calor um pouco mais alto para garantir o alinhamento desejado.<\/p>\n\n\n\n<p>Tamb\u00e9m \u00e9 importante observar caracter\u00edsticas como formato da escova, revestimento e design das cerdas, que influenciam no resultado e na prote\u00e7\u00e3o dos fios e couro cabeludo. Em cabelos com qu\u00edmica ou colora\u00e7\u00e3o, o ideal \u00e9 priorizar temperaturas moderadas, prote\u00e7\u00e3o t\u00e9rmica e uso intercalado para preservar a sa\u00fade capilar.<\/p>\n\n\n\n<ol class=\"wp-block-list\">\n<li><strong>Temperatura ajust\u00e1vel:<\/strong>\u00a0adapta o calor \u00e0 sensibilidade do fio.<\/li>\n\n\n\n<li><strong>Tipo de revestimento:<\/strong>\u00a0cer\u00e2mica, turmalina ou similares distribuem melhor o calor.<\/li>\n\n\n\n<li><strong>Design das cerdas:<\/strong>\u00a0facilita o desembara\u00e7o e protege o couro cabeludo.<\/li>\n\n\n\n<li><strong>Tamanho da escova:<\/strong>\u00a0modelos maiores agilizam cabelos longos.<\/li>\n\n\n\n<li><strong>Cabo girat\u00f3rio e leveza:<\/strong>\u00a0tornam o uso di\u00e1rio mais confort\u00e1vel.<\/li>\n<\/ol>\n\n\n\n<h2 class=\"wp-block-heading\">A escova alisadora el\u00e9trica substitui de vez o secador tradicional?<\/h2>\n\n\n\n<p>Mesmo com o crescimento da&nbsp;<strong>escova alisadora el\u00e9trica<\/strong>, o secador tradicional ainda tem espa\u00e7o em muitas rotinas. Em situa\u00e7\u00f5es que pedem secagem muito r\u00e1pida de cabelos encharcados ou produ\u00e7\u00f5es com muito volume e ondas mais trabalhadas, o secador continua sendo o preferido.<\/p>\n\n\n\n<iframe loading=\"lazy\" src=\"https:\/\/assets.pinterest.com\/ext\/embed.html?id=996702961275813823\" height=\"714\" width=\"345\" frameborder=\"0\" scrolling=\"no\" ><\/iframe>\n\n\n\n<p>Na rotina de 2026, os dois equipamentos costumam coexistir: o secador em ocasi\u00f5es espec\u00edficas e a escova alisadora no dia a dia. Assim, a escova se consolida como aliada principal para quem busca cabelo alinhado com menos tempo e esfor\u00e7o, acompanhando a tend\u00eancia de simplificar a beleza sem perder um visual bem cuidado.<\/p>\n\n\n\n<h2 class=\"wp-block-heading\">Por que voc\u00ea deveria testar a escova alisadora el\u00e9trica agora?<\/h2>\n\n\n\n<p>A ado\u00e7\u00e3o da&nbsp;<strong>escova alisadora el\u00e9trica<\/strong>&nbsp;reflete um movimento mais amplo de buscar praticidade sem abrir m\u00e3o da autoestima. Com menos etapas, menos bagun\u00e7a e um acabamento organizado, ela transforma a rotina de quem vive na correria, mas quer continuar com o cabelo bonito e bem tratado.<\/p>\n\n\n\n<p>Se voc\u00ea ainda depende apenas do secador ou evita estilizar o cabelo por falta de tempo, este \u00e9 o momento de experimentar a mudan\u00e7a. N\u00e3o adie a chance de simplificar sua rotina: teste uma escova alisadora el\u00e9trica agora e sinta, na pr\u00e1tica, o impacto de ganhar minutos preciosos todos os dias enquanto conquista um visual mais alinhado e confiante.<\/p>\n","protected":false},"excerpt":{"rendered":"<p>Os cuidados com o cabelo em 2026 mudaram muito, principalmente com a populariza\u00e7\u00e3o da&nbsp;escova alisadora el\u00e9trica, que vem substituindo o secador tradicional em muitas rotinas. A proposta \u00e9 unir secagem e modelagem em um \u00fanico passo, reduzindo o tempo em frente ao espelho e deixando os fios alinhados com menos esfor\u00e7o e um visual mais [&hellip;]<\/p>\n","protected":false},"author":11,"featured_media":202054,"comment_status":"open","ping_status":"open","sticky":false,"template":"","format":"standard","meta":{"jnews-multi-image_gallery":[],"jnews_single_post":{"format":"standard"},"jnews_primary_category":[],"jnews_social_meta":[],"jnews_override_counter":[],"footnotes":""},"categories":[8819,1],"tags":[4905,17457,29060,29061,13406,1920],"class_list":["post-202044","post","type-post","status-publish","format-standard","has-post-thumbnail","hentry","category-curiosidades","category-noticias","tag-cabelo","tag-escova","tag-escova-alisadora-eletrica","tag-menos-frizz","tag-secador","tag-tendencia"],"yoast_head":"<!-- This site is optimized with the Yoast SEO plugin v23.8 - https:\/\/yoast.com\/wordpress\/plugins\/seo\/ -->\n<title>Adeus ao secador de cabelo: o acess\u00f3rio que deixa o cabelo mais arrumado em menos tempo - Estado de Minas - Em foco<\/title>\n<meta name=\"description\" content=\"Escova alisadora el\u00e9trica promete menos frizz e mais praticidade. Entenda como funciona e se vale trocar o secador.\" \/>\n<meta name=\"robots\" content=\"index, follow, max-snippet:-1, max-image-preview:large, max-video-preview:-1\" \/>\n<link rel=\"canonical\" href=\"https:\/\/www.em.com.br\/emfoco\/2026\/04\/30\/adeus-ao-secador-de-cabelo-o-acessorio-que-deixa-o-cabelo-mais-arrumado-em-menos-tempo\/\" \/>\n<meta property=\"og:locale\" content=\"pt_BR\" \/>\n<meta property=\"og:type\" content=\"article\" \/>\n<meta property=\"og:title\" content=\"Adeus ao secador de cabelo: o acess\u00f3rio que deixa o cabelo mais arrumado em menos tempo - Estado de Minas - Em foco\" \/>\n<meta property=\"og:description\" content=\"Escova alisadora el\u00e9trica promete menos frizz e mais praticidade. Entenda como funciona e se vale trocar o secador.\" \/>\n<meta property=\"og:url\" content=\"https:\/\/www.em.com.br\/emfoco\/2026\/04\/30\/adeus-ao-secador-de-cabelo-o-acessorio-que-deixa-o-cabelo-mais-arrumado-em-menos-tempo\/\" \/>\n<meta property=\"og:site_name\" content=\"Estado de Minas - Em foco\" \/>\n<meta property=\"article:published_time\" content=\"2026-04-30T21:30:00+00:00\" \/>\n<meta property=\"article:modified_time\" content=\"2026-04-30T18:51:10+00:00\" \/>\n<meta property=\"og:image\" content=\"https:\/\/www.em.com.br\/emfoco\/wp-content\/uploads\/2026\/04\/Gemini_Generated_Image_h14wsrh14wsrh14w-1.png\" \/>\n\t<meta property=\"og:image:width\" content=\"1280\" \/>\n\t<meta property=\"og:image:height\" content=\"720\" \/>\n\t<meta property=\"og:image:type\" content=\"image\/png\" \/>\n<meta name=\"author\" content=\"Andre\u0301 Rangel\u00a0\" \/>\n<meta name=\"twitter:card\" content=\"summary_large_image\" \/>\n<meta name=\"twitter:label1\" content=\"Escrito por\" \/>\n\t<meta name=\"twitter:data1\" content=\"Andre\u0301 Rangel\u00a0\" \/>\n\t<meta name=\"twitter:label2\" content=\"Est. tempo de leitura\" \/>\n\t<meta name=\"twitter:data2\" content=\"5 minutos\" \/>\n<!-- \/ Yoast SEO plugin. -->","yoast_head_json":{"title":"Adeus ao secador de cabelo: o acess\u00f3rio que deixa o cabelo mais arrumado em menos tempo - Estado de Minas - Em foco","description":"Escova alisadora el\u00e9trica promete menos frizz e mais praticidade. Entenda como funciona e se vale trocar o secador.","robots":{"index":"index","follow":"follow","max-snippet":"max-snippet:-1","max-image-preview":"max-image-preview:large","max-video-preview":"max-video-preview:-1"},"canonical":"https:\/\/www.em.com.br\/emfoco\/2026\/04\/30\/adeus-ao-secador-de-cabelo-o-acessorio-que-deixa-o-cabelo-mais-arrumado-em-menos-tempo\/","og_locale":"pt_BR","og_type":"article","og_title":"Adeus ao secador de cabelo: o acess\u00f3rio que deixa o cabelo mais arrumado em menos tempo - Estado de Minas - Em foco","og_description":"Escova alisadora el\u00e9trica promete menos frizz e mais praticidade. Entenda como funciona e se vale trocar o secador.","og_url":"https:\/\/www.em.com.br\/emfoco\/2026\/04\/30\/adeus-ao-secador-de-cabelo-o-acessorio-que-deixa-o-cabelo-mais-arrumado-em-menos-tempo\/","og_site_name":"Estado de Minas - Em foco","article_published_time":"2026-04-30T21:30:00+00:00","article_modified_time":"2026-04-30T18:51:10+00:00","og_image":[{"width":1280,"height":720,"url":"https:\/\/www.em.com.br\/emfoco\/wp-content\/uploads\/2026\/04\/Gemini_Generated_Image_h14wsrh14wsrh14w-1.png","type":"image\/png"}],"author":"Andre\u0301 Rangel\u00a0","twitter_card":"summary_large_image","twitter_misc":{"Escrito por":"Andre\u0301 Rangel\u00a0","Est. tempo de leitura":"5 minutos"},"schema":{"@context":"https:\/\/schema.org","@graph":[{"@type":"WebPage","@id":"https:\/\/www.em.com.br\/emfoco\/2026\/04\/30\/adeus-ao-secador-de-cabelo-o-acessorio-que-deixa-o-cabelo-mais-arrumado-em-menos-tempo\/","url":"https:\/\/www.em.com.br\/emfoco\/2026\/04\/30\/adeus-ao-secador-de-cabelo-o-acessorio-que-deixa-o-cabelo-mais-arrumado-em-menos-tempo\/","name":"Adeus ao secador de cabelo: o acess\u00f3rio que deixa o cabelo mais arrumado em menos tempo - Estado de Minas - Em foco","isPartOf":{"@id":"https:\/\/www.em.com.br\/emfoco\/#website"},"primaryImageOfPage":{"@id":"https:\/\/www.em.com.br\/emfoco\/2026\/04\/30\/adeus-ao-secador-de-cabelo-o-acessorio-que-deixa-o-cabelo-mais-arrumado-em-menos-tempo\/#primaryimage"},"image":{"@id":"https:\/\/www.em.com.br\/emfoco\/2026\/04\/30\/adeus-ao-secador-de-cabelo-o-acessorio-que-deixa-o-cabelo-mais-arrumado-em-menos-tempo\/#primaryimage"},"thumbnailUrl":"https:\/\/www.em.com.br\/emfoco\/wp-content\/uploads\/2026\/04\/Gemini_Generated_Image_h14wsrh14wsrh14w-1.png","datePublished":"2026-04-30T21:30:00+00:00","dateModified":"2026-04-30T18:51:10+00:00","author":{"@id":"https:\/\/www.em.com.br\/emfoco\/#\/schema\/person\/60eda09c1fedf0d6891f4cef4b60b8b8"},"description":"Escova alisadora el\u00e9trica promete menos frizz e mais praticidade. Entenda como funciona e se vale trocar o secador.","breadcrumb":{"@id":"https:\/\/www.em.com.br\/emfoco\/2026\/04\/30\/adeus-ao-secador-de-cabelo-o-acessorio-que-deixa-o-cabelo-mais-arrumado-em-menos-tempo\/#breadcrumb"},"inLanguage":"pt-BR","potentialAction":[{"@type":"ReadAction","target":["https:\/\/www.em.com.br\/emfoco\/2026\/04\/30\/adeus-ao-secador-de-cabelo-o-acessorio-que-deixa-o-cabelo-mais-arrumado-em-menos-tempo\/"]}]},{"@type":"ImageObject","inLanguage":"pt-BR","@id":"https:\/\/www.em.com.br\/emfoco\/2026\/04\/30\/adeus-ao-secador-de-cabelo-o-acessorio-que-deixa-o-cabelo-mais-arrumado-em-menos-tempo\/#primaryimage","url":"https:\/\/www.em.com.br\/emfoco\/wp-content\/uploads\/2026\/04\/Gemini_Generated_Image_h14wsrh14wsrh14w-1.png","contentUrl":"https:\/\/www.em.com.br\/emfoco\/wp-content\/uploads\/2026\/04\/Gemini_Generated_Image_h14wsrh14wsrh14w-1.png","width":1280,"height":720,"caption":"O novo jeito de secar o cabelo est\u00e1 surpreendendo todo mundo"},{"@type":"BreadcrumbList","@id":"https:\/\/www.em.com.br\/emfoco\/2026\/04\/30\/adeus-ao-secador-de-cabelo-o-acessorio-que-deixa-o-cabelo-mais-arrumado-em-menos-tempo\/#breadcrumb","itemListElement":[{"@type":"ListItem","position":1,"name":"In\u00edcio","item":"https:\/\/www.em.com.br\/emfoco\/"},{"@type":"ListItem","position":2,"name":"Adeus ao secador de cabelo: o acess\u00f3rio que deixa o cabelo mais arrumado em menos tempo"}]},{"@type":"WebSite","@id":"https:\/\/www.em.com.br\/emfoco\/#website","url":"https:\/\/www.em.com.br\/emfoco\/","name":"Estado de Minas - Em foco","description":"Acompanhe as \u00faltimas not\u00edcias e fique bem informado sobre tudo o que acontece em Minas Gerais, Brasil e no mundo.","potentialAction":[{"@type":"SearchAction","target":{"@type":"EntryPoint","urlTemplate":"https:\/\/www.em.com.br\/emfoco\/?s={search_term_string}"},"query-input":{"@type":"PropertyValueSpecification","valueRequired":true,"valueName":"search_term_string"}}],"inLanguage":"pt-BR"},{"@type":"Person","@id":"https:\/\/www.em.com.br\/emfoco\/#\/schema\/person\/60eda09c1fedf0d6891f4cef4b60b8b8","name":"Andre\u0301 Rangel\u00a0","image":{"@type":"ImageObject","inLanguage":"pt-BR","@id":"https:\/\/www.em.com.br\/emfoco\/#\/schema\/person\/image\/","url":"https:\/\/secure.gravatar.com\/avatar\/6234dc814c77c8ef6d8bba622c787efc?s=96&d=mm&r=g","contentUrl":"https:\/\/secure.gravatar.com\/avatar\/6234dc814c77c8ef6d8bba622c787efc?s=96&d=mm&r=g","caption":"Andre\u0301 Rangel\u00a0"},"url":"https:\/\/www.em.com.br\/emfoco\/author\/luizmyth\/"}]}},"_links":{"self":[{"href":"https:\/\/www.em.com.br\/emfoco\/wp-json\/wp\/v2\/posts\/202044","targetHints":{"allow":["GET"]}}],"collection":[{"href":"https:\/\/www.em.com.br\/emfoco\/wp-json\/wp\/v2\/posts"}],"about":[{"href":"https:\/\/www.em.com.br\/emfoco\/wp-json\/wp\/v2\/types\/post"}],"author":[{"embeddable":true,"href":"https:\/\/www.em.com.br\/emfoco\/wp-json\/wp\/v2\/users\/11"}],"replies":[{"embeddable":true,"href":"https:\/\/www.em.com.br\/emfoco\/wp-json\/wp\/v2\/comments?post=202044"}],"version-history":[{"count":2,"href":"https:\/\/www.em.com.br\/emfoco\/wp-json\/wp\/v2\/posts\/202044\/revisions"}],"predecessor-version":[{"id":202074,"href":"https:\/\/www.em.com.br\/emfoco\/wp-json\/wp\/v2\/posts\/202044\/revisions\/202074"}],"wp:featuredmedia":[{"embeddable":true,"href":"https:\/\/www.em.com.br\/emfoco\/wp-json\/wp\/v2\/media\/202054"}],"wp:attachment":[{"href":"https:\/\/www.em.com.br\/emfoco\/wp-json\/wp\/v2\/media?parent=202044"}],"wp:term":[{"taxonomy":"category","embeddable":true,"href":"https:\/\/www.em.com.br\/emfoco\/wp-json\/wp\/v2\/categories?post=202044"},{"taxonomy":"post_tag","embeddable":true,"href":"https:\/\/www.em.com.br\/emfoco\/wp-json\/wp\/v2\/tags?post=202044"}],"curies":[{"name":"wp","href":"https:\/\/api.w.org\/{rel}","templated":true}]}}