{"id":202041,"date":"2026-05-01T12:55:00","date_gmt":"2026-05-01T15:55:00","guid":{"rendered":"https:\/\/www.em.com.br\/emfoco\/?p=202041"},"modified":"2026-04-30T16:10:48","modified_gmt":"2026-04-30T19:10:48","slug":"o-corte-curto-ideal-para-mulheres-depois-dos-50-que-traz-volume-sem-pesar-o-visual","status":"publish","type":"post","link":"https:\/\/www.em.com.br\/emfoco\/2026\/05\/01\/o-corte-curto-ideal-para-mulheres-depois-dos-50-que-traz-volume-sem-pesar-o-visual\/","title":{"rendered":"O corte curto ideal para mulheres depois dos 50 que traz volume sem pesar o visual"},"content":{"rendered":"\n<p>O <strong>Pixie Bob volumoso<\/strong> pode transformar completamente a percep\u00e7\u00e3o do rosto e a textura natural do seu cabelo. Muitas mulheres buscam essa mudan\u00e7a radical para renovar o visual com sofistica\u00e7\u00e3o e praticidade garantida.<\/p>\n\n\n\n<h2 class=\"wp-block-heading\">Por que esse corte curto ideal \u00e9 a melhor escolha?<\/h2>\n\n\n\n<p>O <strong>Pixie Bob volumoso<\/strong> une a base curta do cl\u00e1ssico pixie com a versatilidade moderna do bob, resultando em um visual que retira o peso excessivo das pontas. Esse estilo estrat\u00e9gico garante um <strong>movimento natural<\/strong> e fluido que rejuvenesce a apar\u00eancia de forma imediata e muito sofisticada. Profissionais de visagismo sugerem essa t\u00e9cnica espec\u00edfica para quem deseja um <strong>preenchimento visual<\/strong> incr\u00edvel no topo da cabe\u00e7a.<\/p>\n\n\n\n<p>A estrutura em camadas garante que o cabelo ganhe uma densidade visual que faz toda a diferen\u00e7a no <strong>dia a dia<\/strong>. Essa escolha retira a carga pesada que costuma achatar os fios finos e sem vida em mulheres maduras. O corte se adapta com facilidade aos diferentes formatos de rosto, proporcionando um <strong>equil\u00edbrio harm\u00f4nico<\/strong> e atraente.<\/p>\n\n\n<div class=\"wp-block-image\">\n<figure class=\"aligncenter size-large\"><img loading=\"lazy\" decoding=\"async\" width=\"1024\" height=\"576\" src=\"https:\/\/www.em.com.br\/emfoco\/wp-content\/uploads\/2026\/04\/Pixie-Bob-volumoso-1024x576.jpg\" alt=\"corte curto ideal\" class=\"wp-image-202046\" srcset=\"https:\/\/www.em.com.br\/emfoco\/wp-content\/uploads\/2026\/04\/Pixie-Bob-volumoso-1024x576.jpg 1024w, https:\/\/www.em.com.br\/emfoco\/wp-content\/uploads\/2026\/04\/Pixie-Bob-volumoso-300x169.jpg 300w, https:\/\/www.em.com.br\/emfoco\/wp-content\/uploads\/2026\/04\/Pixie-Bob-volumoso-768x432.jpg 768w, https:\/\/www.em.com.br\/emfoco\/wp-content\/uploads\/2026\/04\/Pixie-Bob-volumoso-750x422.jpg 750w, https:\/\/www.em.com.br\/emfoco\/wp-content\/uploads\/2026\/04\/Pixie-Bob-volumoso-1140x641.jpg 1140w, https:\/\/www.em.com.br\/emfoco\/wp-content\/uploads\/2026\/04\/Pixie-Bob-volumoso.jpg 1280w\" sizes=\"auto, (max-width: 1024px) 100vw, 1024px\" \/><figcaption class=\"wp-element-caption\">A estrutura em camadas garante que o cabelo ganhe uma densidade visual que faz toda a diferen\u00e7a no dia a dia<\/figcaption><\/figure><\/div>\n\n\n<p>Leia tamb\u00e9m: <a href=\"https:\/\/www.em.com.br\/emfoco\/2026\/04\/30\/quais-cortes-de-cabelo-podem-te-envelhecer-em-ate-10-anos\/\" target=\"_blank\" rel=\"noreferrer noopener\">Quais cortes de cabelo podem te envelhecer em at\u00e9 10 anos<\/a><\/p>\n\n\n\n<h2 class=\"wp-block-heading\">Quais s\u00e3o as varia\u00e7\u00f5es para o corte curto ideal?<\/h2>\n\n\n\n<p>Existem varia\u00e7\u00f5es com franjas laterais que ajudam a <strong>suavizar as linhas<\/strong> de express\u00e3o da testa de maneira elegante. As camadas desfiadas na nuca criam um <strong>contraste moderno<\/strong> que valoriza o pesco\u00e7o e a postura corporal. O uso de finalizadores leves ajuda a manter a <strong>textura definida<\/strong> por muito mais tempo sem endurecer os fios.<\/p>\n\n\n\n<p>Algumas mulheres preferem manter as laterais levemente mais longas para garantir um <strong>contorno facial<\/strong> suave e delicado. Os elementos t\u00e9cnicos que tornam esse estilo t\u00e3o popular entre o p\u00fablico maduro est\u00e3o listados abaixo com detalhes significativos.<\/p>\n\n\n\n<ul class=\"wp-block-list\">\n<li>Camadas graduais que criam eleva\u00e7\u00e3o natural na coroa da cabe\u00e7a.<\/li>\n\n\n\n<li>Pontas levemente repicadas para evitar o aspecto de bloco pesado.<\/li>\n\n\n\n<li>Franja lateral desfiada para trazer leveza e suavidade ao olhar.<\/li>\n<\/ul>\n\n\n\n<p>Para voc\u00ea que gosta de aprofundar, separamos um v\u00eddeo do canal <a href=\"https:\/\/www.youtube.com\/@haircut6803\" target=\"_blank\" rel=\"noreferrer noopener\">Hair Cut<\/a> mostrando como \u00e9 feito o pixie bob:<\/p>\n\n\n\n<figure class=\"wp-block-embed aligncenter is-type-video is-provider-youtube wp-block-embed-youtube wp-embed-aspect-16-9 wp-has-aspect-ratio\"><div class=\"wp-block-embed__wrapper\">\n<div class=\"jeg_video_container jeg_video_content\"><iframe loading=\"lazy\" title=\"How to Cut a Perfect Pixie Bob | Hairstyles Suitable for all Ages in all Times | Guide Step-by-Step\" width=\"500\" height=\"281\" src=\"https:\/\/www.youtube.com\/embed\/5AQjWV7VWM8?feature=oembed\" frameborder=\"0\" allow=\"accelerometer; autoplay; clipboard-write; encrypted-media; gyroscope; picture-in-picture; web-share\" referrerpolicy=\"strict-origin-when-cross-origin\" allowfullscreen><\/iframe><\/div>\n<\/div><\/figure>\n\n\n\n<h2 class=\"wp-block-heading\">Como manter o Pixie Bob volumoso sempre impec\u00e1vel?<\/h2>\n\n\n\n<p>A manuten\u00e7\u00e3o frequente no sal\u00e3o \u00e9 o segredo para preservar o <strong>formato original<\/strong> e o volume desejado. Utilizar shampoos espec\u00edficos para volume ajuda a evitar que o <strong>fio des\u00e7a<\/strong> ou perca o brilho durante o dia. O secador deve ser operado com bico direcionador para potencializar a <strong>raiz levantada<\/strong> de forma eficaz.<\/p>\n\n\n\n<p>Evitar o uso excessivo de \u00f3leos pesados impede que o cabelo maduro perca sua <strong>leveza caracter\u00edstica<\/strong> e vitalidade. O ideal \u00e9 aplicar produtos finalizadores apenas nas pontas para garantir o <strong>brilho saud\u00e1vel<\/strong> sem pesar a estrutura. Massagens suaves no couro cabeludo tamb\u00e9m auxiliam na sa\u00fade dos fios e no crescimento vigoroso.<\/p>\n\n\n\n<figure class=\"wp-block-embed is-type-rich is-provider-pinterest wp-block-embed-pinterest\"><div class=\"wp-block-embed__wrapper\">\n<iframe loading=\"lazy\" title=\"Trendy Asymmetrical Pixie Haircuts 2026: Fresh Views &amp; Modern Edgy Styles\" src=\"https:\/\/assets.pinterest.com\/ext\/embed.html?id=4503668374078681&#038;src=oembed\" height=\"901\" width=\"450\" frameborder=\"0\" scrolling=\"no\" ><\/iframe>\n<\/div><\/figure>\n\n\n\n<h2 class=\"wp-block-heading\">Este visual funciona para todos os tipos de fios?<\/h2>\n\n\n\n<p>Cabelos ondulados ganham uma defini\u00e7\u00e3o surpreendente com o corte bem executado por um profissional experiente. J\u00e1 os fios lisos precisam de camadas estrat\u00e9gicas para n\u00e3o ficarem com <strong>aspecto ralo<\/strong> ou sem vida. O cabeleireiro deve avaliar a densidade capilar para ajustar a <strong>profundidade das camadas<\/strong> de acordo com cada caso.<\/p>\n\n\n\n<p>Fios cacheados tamb\u00e9m se beneficiam muito dessa estrutura que valoriza o <strong>volume natural<\/strong> de cada cacho. O corte permite que as molas tenham <strong>liberdade de movimento<\/strong> sem formar o temido formato de tri\u00e2ngulo indesejado. Cada mecha deve ser trabalhada pensando no caimento individual de cada mulher para um resultado impec\u00e1vel.<\/p>\n\n\n<div class=\"wp-block-image\">\n<figure class=\"aligncenter size-large\"><img loading=\"lazy\" decoding=\"async\" width=\"1024\" height=\"576\" src=\"https:\/\/www.em.com.br\/emfoco\/wp-content\/uploads\/2026\/02\/Gemini_Generated_Image_lrv4kklrv4kklrv4-1-1024x576.png\" alt=\"corte curto ideal\" class=\"wp-image-166806\" srcset=\"https:\/\/www.em.com.br\/emfoco\/wp-content\/uploads\/2026\/02\/Gemini_Generated_Image_lrv4kklrv4kklrv4-1-1024x576.png 1024w, https:\/\/www.em.com.br\/emfoco\/wp-content\/uploads\/2026\/02\/Gemini_Generated_Image_lrv4kklrv4kklrv4-1-300x169.png 300w, https:\/\/www.em.com.br\/emfoco\/wp-content\/uploads\/2026\/02\/Gemini_Generated_Image_lrv4kklrv4kklrv4-1-768x432.png 768w, https:\/\/www.em.com.br\/emfoco\/wp-content\/uploads\/2026\/02\/Gemini_Generated_Image_lrv4kklrv4kklrv4-1-750x422.png 750w, https:\/\/www.em.com.br\/emfoco\/wp-content\/uploads\/2026\/02\/Gemini_Generated_Image_lrv4kklrv4kklrv4-1-1140x641.png 1140w, https:\/\/www.em.com.br\/emfoco\/wp-content\/uploads\/2026\/02\/Gemini_Generated_Image_lrv4kklrv4kklrv4-1.png 1280w\" sizes=\"auto, (max-width: 1024px) 100vw, 1024px\" \/><figcaption class=\"wp-element-caption\">Cabelos ondulados ganham uma defini\u00e7\u00e3o surpreendente com o corte bem executado por um profissional experiente<\/figcaption><\/figure><\/div>\n\n\n<h2 class=\"wp-block-heading\">Como adotar um corte curto ideal com seguran\u00e7a?<\/h2>\n\n\n\n<p>Busque refer\u00eancias que combinem com seu estilo de vida e rotina di\u00e1ria atual. Converse com um cabeleireiro de confian\u00e7a para alinhar as <strong>expectativas reais<\/strong> sobre o resultado final esperado. Valorize a sua beleza \u00fanica atrav\u00e9s de uma <strong>escolha consciente<\/strong> e perfeitamente personalizada para o seu rosto.<\/p>\n\n\n\n<p>Apostar em mudan\u00e7as capilares renova a autoestima e proporciona um <strong>f\u00f4lego novo<\/strong> para a rotina cansativa. Sinta a liberdade de carregar fios leves e uma <strong>imagem moderna<\/strong> em qualquer ocasi\u00e3o social ou profissional. Invista em voc\u00ea mesma e aproveite essa nova fase com muita confian\u00e7a e <strong>estilo renovado<\/strong> todos os dias.<\/p>\n","protected":false},"excerpt":{"rendered":"<p>O Pixie Bob volumoso pode transformar completamente a percep\u00e7\u00e3o do rosto e a textura natural do seu cabelo. Muitas mulheres buscam essa mudan\u00e7a radical para renovar o visual com sofistica\u00e7\u00e3o e praticidade garantida. Por que esse corte curto ideal \u00e9 a melhor escolha? O Pixie Bob volumoso une a base curta do cl\u00e1ssico pixie com [&hellip;]<\/p>\n","protected":false},"author":9,"featured_media":202098,"comment_status":"open","ping_status":"open","sticky":false,"template":"","format":"standard","meta":{"jnews-multi-image_gallery":[],"jnews_single_post":{"format":"standard"},"jnews_primary_category":[],"jnews_social_meta":[],"jnews_override_counter":[],"footnotes":""},"categories":[8691,29],"tags":[7717,27002,29058],"class_list":["post-202041","post","type-post","status-publish","format-standard","has-post-thumbnail","hentry","category-bem-estar","category-entretenimento","tag-cabelo-curto","tag-mulheres-50","tag-pixie-bob"],"yoast_head":"<!-- This site is optimized with the Yoast SEO plugin v23.8 - https:\/\/yoast.com\/wordpress\/plugins\/seo\/ -->\n<title>O corte curto ideal para mulheres depois dos 50 que traz volume sem pesar o visual - Estado de Minas - Em foco<\/title>\n<meta name=\"description\" content=\"OUm corte curto ideal renova a moldura do rosto com leveza e movimento natural sem precisar de manuten\u00e7\u00f5es complexas ou muito demoradas\" \/>\n<meta name=\"robots\" content=\"index, follow, max-snippet:-1, max-image-preview:large, max-video-preview:-1\" \/>\n<link rel=\"canonical\" href=\"https:\/\/www.em.com.br\/emfoco\/2026\/05\/01\/o-corte-curto-ideal-para-mulheres-depois-dos-50-que-traz-volume-sem-pesar-o-visual\/\" \/>\n<meta property=\"og:locale\" content=\"pt_BR\" \/>\n<meta property=\"og:type\" content=\"article\" \/>\n<meta property=\"og:title\" content=\"O corte curto ideal para mulheres depois dos 50 que traz volume sem pesar o visual - Estado de Minas - Em foco\" \/>\n<meta property=\"og:description\" content=\"OUm corte curto ideal renova a moldura do rosto com leveza e movimento natural sem precisar de manuten\u00e7\u00f5es complexas ou muito demoradas\" \/>\n<meta property=\"og:url\" content=\"https:\/\/www.em.com.br\/emfoco\/2026\/05\/01\/o-corte-curto-ideal-para-mulheres-depois-dos-50-que-traz-volume-sem-pesar-o-visual\/\" \/>\n<meta property=\"og:site_name\" content=\"Estado de Minas - Em foco\" \/>\n<meta property=\"article:published_time\" content=\"2026-05-01T15:55:00+00:00\" \/>\n<meta property=\"article:modified_time\" content=\"2026-04-30T19:10:48+00:00\" \/>\n<meta property=\"og:image\" content=\"https:\/\/www.em.com.br\/emfoco\/wp-content\/uploads\/2026\/05\/EmFoco_31.jpg\" \/>\n\t<meta property=\"og:image:width\" content=\"1280\" \/>\n\t<meta property=\"og:image:height\" content=\"720\" \/>\n\t<meta property=\"og:image:type\" content=\"image\/jpeg\" \/>\n<meta name=\"author\" content=\"Daniely Cardoso\" \/>\n<meta name=\"twitter:card\" content=\"summary_large_image\" \/>\n<meta name=\"twitter:label1\" content=\"Escrito por\" \/>\n\t<meta name=\"twitter:data1\" content=\"Daniely Cardoso\" \/>\n\t<meta name=\"twitter:label2\" content=\"Est. tempo de leitura\" \/>\n\t<meta name=\"twitter:data2\" content=\"5 minutos\" \/>\n<!-- \/ Yoast SEO plugin. -->","yoast_head_json":{"title":"O corte curto ideal para mulheres depois dos 50 que traz volume sem pesar o visual - Estado de Minas - Em foco","description":"OUm corte curto ideal renova a moldura do rosto com leveza e movimento natural sem precisar de manuten\u00e7\u00f5es complexas ou muito demoradas","robots":{"index":"index","follow":"follow","max-snippet":"max-snippet:-1","max-image-preview":"max-image-preview:large","max-video-preview":"max-video-preview:-1"},"canonical":"https:\/\/www.em.com.br\/emfoco\/2026\/05\/01\/o-corte-curto-ideal-para-mulheres-depois-dos-50-que-traz-volume-sem-pesar-o-visual\/","og_locale":"pt_BR","og_type":"article","og_title":"O corte curto ideal para mulheres depois dos 50 que traz volume sem pesar o visual - Estado de Minas - Em foco","og_description":"OUm corte curto ideal renova a moldura do rosto com leveza e movimento natural sem precisar de manuten\u00e7\u00f5es complexas ou muito demoradas","og_url":"https:\/\/www.em.com.br\/emfoco\/2026\/05\/01\/o-corte-curto-ideal-para-mulheres-depois-dos-50-que-traz-volume-sem-pesar-o-visual\/","og_site_name":"Estado de Minas - Em foco","article_published_time":"2026-05-01T15:55:00+00:00","article_modified_time":"2026-04-30T19:10:48+00:00","og_image":[{"width":1280,"height":720,"url":"https:\/\/www.em.com.br\/emfoco\/wp-content\/uploads\/2026\/05\/EmFoco_31.jpg","type":"image\/jpeg"}],"author":"Daniely Cardoso","twitter_card":"summary_large_image","twitter_misc":{"Escrito por":"Daniely Cardoso","Est. tempo de leitura":"5 minutos"},"schema":{"@context":"https:\/\/schema.org","@graph":[{"@type":"WebPage","@id":"https:\/\/www.em.com.br\/emfoco\/2026\/05\/01\/o-corte-curto-ideal-para-mulheres-depois-dos-50-que-traz-volume-sem-pesar-o-visual\/","url":"https:\/\/www.em.com.br\/emfoco\/2026\/05\/01\/o-corte-curto-ideal-para-mulheres-depois-dos-50-que-traz-volume-sem-pesar-o-visual\/","name":"O corte curto ideal para mulheres depois dos 50 que traz volume sem pesar o visual - Estado de Minas - Em foco","isPartOf":{"@id":"https:\/\/www.em.com.br\/emfoco\/#website"},"primaryImageOfPage":{"@id":"https:\/\/www.em.com.br\/emfoco\/2026\/05\/01\/o-corte-curto-ideal-para-mulheres-depois-dos-50-que-traz-volume-sem-pesar-o-visual\/#primaryimage"},"image":{"@id":"https:\/\/www.em.com.br\/emfoco\/2026\/05\/01\/o-corte-curto-ideal-para-mulheres-depois-dos-50-que-traz-volume-sem-pesar-o-visual\/#primaryimage"},"thumbnailUrl":"https:\/\/www.em.com.br\/emfoco\/wp-content\/uploads\/2026\/05\/EmFoco_31.jpg","datePublished":"2026-05-01T15:55:00+00:00","dateModified":"2026-04-30T19:10:48+00:00","author":{"@id":"https:\/\/www.em.com.br\/emfoco\/#\/schema\/person\/0a8186d72f2c3a5c6276d90b41f271a0"},"description":"OUm corte curto ideal renova a moldura do rosto com leveza e movimento natural sem precisar de manuten\u00e7\u00f5es complexas ou muito demoradas","breadcrumb":{"@id":"https:\/\/www.em.com.br\/emfoco\/2026\/05\/01\/o-corte-curto-ideal-para-mulheres-depois-dos-50-que-traz-volume-sem-pesar-o-visual\/#breadcrumb"},"inLanguage":"pt-BR","potentialAction":[{"@type":"ReadAction","target":["https:\/\/www.em.com.br\/emfoco\/2026\/05\/01\/o-corte-curto-ideal-para-mulheres-depois-dos-50-que-traz-volume-sem-pesar-o-visual\/"]}]},{"@type":"ImageObject","inLanguage":"pt-BR","@id":"https:\/\/www.em.com.br\/emfoco\/2026\/05\/01\/o-corte-curto-ideal-para-mulheres-depois-dos-50-que-traz-volume-sem-pesar-o-visual\/#primaryimage","url":"https:\/\/www.em.com.br\/emfoco\/wp-content\/uploads\/2026\/05\/EmFoco_31.jpg","contentUrl":"https:\/\/www.em.com.br\/emfoco\/wp-content\/uploads\/2026\/05\/EmFoco_31.jpg","width":1280,"height":720,"caption":"Corte pixie bob une sofistica\u00e7\u00e3o e camadas estrat\u00e9gicas para conferir volume capilar"},{"@type":"BreadcrumbList","@id":"https:\/\/www.em.com.br\/emfoco\/2026\/05\/01\/o-corte-curto-ideal-para-mulheres-depois-dos-50-que-traz-volume-sem-pesar-o-visual\/#breadcrumb","itemListElement":[{"@type":"ListItem","position":1,"name":"In\u00edcio","item":"https:\/\/www.em.com.br\/emfoco\/"},{"@type":"ListItem","position":2,"name":"O corte curto ideal para mulheres depois dos 50 que traz volume sem pesar o visual"}]},{"@type":"WebSite","@id":"https:\/\/www.em.com.br\/emfoco\/#website","url":"https:\/\/www.em.com.br\/emfoco\/","name":"Estado de Minas - Em foco","description":"Acompanhe as \u00faltimas not\u00edcias e fique bem informado sobre tudo o que acontece em Minas Gerais, Brasil e no mundo.","potentialAction":[{"@type":"SearchAction","target":{"@type":"EntryPoint","urlTemplate":"https:\/\/www.em.com.br\/emfoco\/?s={search_term_string}"},"query-input":{"@type":"PropertyValueSpecification","valueRequired":true,"valueName":"search_term_string"}}],"inLanguage":"pt-BR"},{"@type":"Person","@id":"https:\/\/www.em.com.br\/emfoco\/#\/schema\/person\/0a8186d72f2c3a5c6276d90b41f271a0","name":"Daniely Cardoso","image":{"@type":"ImageObject","inLanguage":"pt-BR","@id":"https:\/\/www.em.com.br\/emfoco\/#\/schema\/person\/image\/","url":"https:\/\/secure.gravatar.com\/avatar\/4b80ddbd124d1f071b626d52d62e5dff?s=96&d=mm&r=g","contentUrl":"https:\/\/secure.gravatar.com\/avatar\/4b80ddbd124d1f071b626d52d62e5dff?s=96&d=mm&r=g","caption":"Daniely Cardoso"},"url":"https:\/\/www.em.com.br\/emfoco\/author\/danielymyth\/"}]}},"_links":{"self":[{"href":"https:\/\/www.em.com.br\/emfoco\/wp-json\/wp\/v2\/posts\/202041","targetHints":{"allow":["GET"]}}],"collection":[{"href":"https:\/\/www.em.com.br\/emfoco\/wp-json\/wp\/v2\/posts"}],"about":[{"href":"https:\/\/www.em.com.br\/emfoco\/wp-json\/wp\/v2\/types\/post"}],"author":[{"embeddable":true,"href":"https:\/\/www.em.com.br\/emfoco\/wp-json\/wp\/v2\/users\/9"}],"replies":[{"embeddable":true,"href":"https:\/\/www.em.com.br\/emfoco\/wp-json\/wp\/v2\/comments?post=202041"}],"version-history":[{"count":1,"href":"https:\/\/www.em.com.br\/emfoco\/wp-json\/wp\/v2\/posts\/202041\/revisions"}],"predecessor-version":[{"id":202049,"href":"https:\/\/www.em.com.br\/emfoco\/wp-json\/wp\/v2\/posts\/202041\/revisions\/202049"}],"wp:featuredmedia":[{"embeddable":true,"href":"https:\/\/www.em.com.br\/emfoco\/wp-json\/wp\/v2\/media\/202098"}],"wp:attachment":[{"href":"https:\/\/www.em.com.br\/emfoco\/wp-json\/wp\/v2\/media?parent=202041"}],"wp:term":[{"taxonomy":"category","embeddable":true,"href":"https:\/\/www.em.com.br\/emfoco\/wp-json\/wp\/v2\/categories?post=202041"},{"taxonomy":"post_tag","embeddable":true,"href":"https:\/\/www.em.com.br\/emfoco\/wp-json\/wp\/v2\/tags?post=202041"}],"curies":[{"name":"wp","href":"https:\/\/api.w.org\/{rel}","templated":true}]}}