{"id":202038,"date":"2026-04-30T17:00:00","date_gmt":"2026-04-30T20:00:00","guid":{"rendered":"https:\/\/www.em.com.br\/emfoco\/?p=202038"},"modified":"2026-04-30T15:51:03","modified_gmt":"2026-04-30T18:51:03","slug":"segundo-a-psicologia-as-pessoas-que-chegam-cedo-a-qualquer-lugar-tendem-a-ter-essa-caracteristica","status":"publish","type":"post","link":"https:\/\/www.em.com.br\/emfoco\/2026\/04\/30\/segundo-a-psicologia-as-pessoas-que-chegam-cedo-a-qualquer-lugar-tendem-a-ter-essa-caracteristica\/","title":{"rendered":"Segundo a psicologia, as pessoas que chegam cedo a qualquer lugar tendem a ter essa caracter\u00edstica\u00a0"},"content":{"rendered":"\n<p>Chegar antes do hor\u00e1rio combinado costuma parecer apenas organiza\u00e7\u00e3o, mas a psicologia mostra que esse comportamento est\u00e1 ligado a tra\u00e7os de personalidade espec\u00edficos. Pessoas que fazem quest\u00e3o de estar adiantadas em compromissos tendem a ter um padr\u00e3o est\u00e1vel de disciplina e responsabilidade, revelando como lidam com o pr\u00f3prio tempo, com promessas e com as expectativas dos outros.<\/p>\n\n\n\n<h2 class=\"wp-block-heading\">O que \u00e9 escrupulosidade na psicologia da personalidade<\/h2>\n\n\n\n<p>No campo da <a href=\"https:\/\/www.infoescola.com\/psicologia\/psicologia-da-personalidade\/\" target=\"_blank\" rel=\"noreferrer noopener\">psicologia da personalidade<\/a>, o h\u00e1bito de chegar cedo costuma ser associado ao tra\u00e7o conhecido como\u00a0<strong>escrupulosidade<\/strong>, geralmente inclu\u00eddo dentro do fator de\u00a0<strong>responsabilidade<\/strong>. Uma pessoa escrupulosa tende a ser met\u00f3dica, planejadora e cuidadosa com detalhes, evitando improvisar em situa\u00e7\u00f5es importantes do dia a dia.<\/p>\n\n\n\n<p>Esse tra\u00e7o n\u00e3o se limita \u00e0 pontualidade: aparece em estudos, trabalho, finan\u00e7as e organiza\u00e7\u00e3o dom\u00e9stica. Ele cria um padr\u00e3o previs\u00edvel de comportamento, no qual chegar cedo \u00e9 apenas uma manifesta\u00e7\u00e3o vis\u00edvel de uma forma mais ampla de lidar com deveres e compromissos.<\/p>\n\n\n\n<figure class=\"wp-block-image size-large\"><img loading=\"lazy\" decoding=\"async\" width=\"1024\" height=\"576\" src=\"https:\/\/www.em.com.br\/emfoco\/wp-content\/uploads\/2026\/04\/Gemini_Generated_Image_x66q12x66q12x66q-1-1024x576.png\" alt=\"Esse h\u00e1bito comum pode dizer muito mais sobre voc\u00ea\" class=\"wp-image-202055\" srcset=\"https:\/\/www.em.com.br\/emfoco\/wp-content\/uploads\/2026\/04\/Gemini_Generated_Image_x66q12x66q12x66q-1-1024x576.png 1024w, https:\/\/www.em.com.br\/emfoco\/wp-content\/uploads\/2026\/04\/Gemini_Generated_Image_x66q12x66q12x66q-1-300x169.png 300w, https:\/\/www.em.com.br\/emfoco\/wp-content\/uploads\/2026\/04\/Gemini_Generated_Image_x66q12x66q12x66q-1-768x432.png 768w, https:\/\/www.em.com.br\/emfoco\/wp-content\/uploads\/2026\/04\/Gemini_Generated_Image_x66q12x66q12x66q-1-750x422.png 750w, https:\/\/www.em.com.br\/emfoco\/wp-content\/uploads\/2026\/04\/Gemini_Generated_Image_x66q12x66q12x66q-1-1140x641.png 1140w, https:\/\/www.em.com.br\/emfoco\/wp-content\/uploads\/2026\/04\/Gemini_Generated_Image_x66q12x66q12x66q-1.png 1280w\" sizes=\"auto, (max-width: 1024px) 100vw, 1024px\" \/><figcaption class=\"wp-element-caption\">Esse h\u00e1bito comum pode dizer muito mais sobre voc\u00ea<\/figcaption><\/figure>\n\n\n\n<h2 class=\"wp-block-heading\">Quais caracter\u00edsticas marcam pessoas altamente respons\u00e1veis<\/h2>\n\n\n\n<p>Indiv\u00edduos com alta responsabilidade costumam apresentar um conjunto est\u00e1vel de atitudes que se repete em diferentes contextos. Essas caracter\u00edsticas ajudam a entender por que a pontualidade \u00e9 t\u00e3o importante e como ela se conecta \u00e0 forma de planejar a rotina e honrar acordos.<\/p>\n\n\n\n<p>Alguns comportamentos muito frequentes entre pessoas altamente respons\u00e1veis incluem:<\/p>\n\n\n\n<ul class=\"wp-block-list\">\n<li><strong>Pontualidade consistente<\/strong>\u00a0em compromissos profissionais e pessoais;<\/li>\n\n\n\n<li><strong>Planejamento antecipado<\/strong>\u00a0de tarefas e prazos, com margens de seguran\u00e7a;<\/li>\n\n\n\n<li><strong>Cuidado com promessas<\/strong>, evitando assumir algo que n\u00e3o consigam cumprir;<\/li>\n\n\n\n<li><strong>Orienta\u00e7\u00e3o a metas<\/strong>, com foco em resultados concretos e mensur\u00e1veis;<\/li>\n\n\n\n<li><strong>Organiza\u00e7\u00e3o<\/strong>\u00a0de rotinas, ambientes e materiais de uso frequente.<\/li>\n<\/ul>\n\n\n\n<h2 class=\"wp-block-heading\">Como a pontualidade revela responsabilidade e gest\u00e3o do tempo<\/h2>\n\n\n\n<p>Para muitas pessoas pontuais, estar adiantado \u00e9 quase uma regra pessoal, ligada a responsabilidade elevada e gest\u00e3o cuidadosa do tempo. Em vez de sair apenas no limite, elas incluem margens de seguran\u00e7a para imprevistos, como tr\u00e2nsito, falhas de transporte p\u00fablico ou demandas de \u00faltima hora.<\/p>\n\n\n\n<p>Esse padr\u00e3o pode envolver tamb\u00e9m uma leve&nbsp;<strong>ansiedade antecipat\u00f3ria<\/strong>: a pessoa se sente mais tranquila quando chega cedo, pois tem a sensa\u00e7\u00e3o de que est\u00e1 no controle. Assim, o h\u00e1bito de se adiantar reduz a preocupa\u00e7\u00e3o com imprevistos e mant\u00e9m o compromisso em ordem, tanto em contextos sociais quanto acad\u00eamicos e profissionais.<\/p>\n\n\n\n<h2 class=\"wp-block-heading\">Quais impactos a responsabilidade e a pontualidade trazem para a vida<\/h2>\n\n\n\n<p>O tra\u00e7o de responsabilidade associado \u00e0 pontualidade costuma transbordar para outras \u00e1reas da vida, impactando rotina de estudos, carreira e rela\u00e7\u00f5es pessoais. Em ambientes acad\u00eamicos e profissionais, \u00e9 comum que pessoas muito organizadas entreguem tarefas antes do prazo e sejam vistas como confi\u00e1veis.<\/p>\n\n\n\n<figure class=\"wp-block-image size-large\"><img loading=\"lazy\" decoding=\"async\" width=\"1024\" height=\"576\" src=\"https:\/\/www.em.com.br\/emfoco\/wp-content\/uploads\/2026\/04\/Gemini_Generated_Image_gei9hqgei9hqgei9-1-1024x576.png\" alt=\"Esse h\u00e1bito comum pode dizer muito mais sobre voc\u00ea\" class=\"wp-image-202067\" srcset=\"https:\/\/www.em.com.br\/emfoco\/wp-content\/uploads\/2026\/04\/Gemini_Generated_Image_gei9hqgei9hqgei9-1-1024x576.png 1024w, https:\/\/www.em.com.br\/emfoco\/wp-content\/uploads\/2026\/04\/Gemini_Generated_Image_gei9hqgei9hqgei9-1-300x169.png 300w, https:\/\/www.em.com.br\/emfoco\/wp-content\/uploads\/2026\/04\/Gemini_Generated_Image_gei9hqgei9hqgei9-1-768x432.png 768w, https:\/\/www.em.com.br\/emfoco\/wp-content\/uploads\/2026\/04\/Gemini_Generated_Image_gei9hqgei9hqgei9-1-750x422.png 750w, https:\/\/www.em.com.br\/emfoco\/wp-content\/uploads\/2026\/04\/Gemini_Generated_Image_gei9hqgei9hqgei9-1-1140x641.png 1140w, https:\/\/www.em.com.br\/emfoco\/wp-content\/uploads\/2026\/04\/Gemini_Generated_Image_gei9hqgei9hqgei9-1.png 1280w\" sizes=\"auto, (max-width: 1024px) 100vw, 1024px\" \/><figcaption class=\"wp-element-caption\">Esse h\u00e1bito comum pode dizer muito mais sobre voc\u00ea<\/figcaption><\/figure>\n\n\n\n<p>Esse <a href=\"https:\/\/www.em.com.br\/emfoco\/2026\/04\/25\/pessoas-que-deixam-louca-suja-na-pia-sem-lavar-geralmente-apresentam-esses-10-comportamentos\/\" target=\"_blank\" rel=\"noreferrer noopener\">comportamento <\/a>facilita o cumprimento de metas, reduz a procrastina\u00e7\u00e3o e melhora a imagem de comprometimento perante colegas, familiares e parceiros de trabalho. Em muitos grupos e equipes, quem chega cedo e cumpre o combinado acaba recebendo fun\u00e7\u00f5es estrat\u00e9gicas por inspirar confian\u00e7a e previsibilidade.<\/p>\n\n\n\n<h2 class=\"wp-block-heading\">Quando chegar cedo demais vira problema e como encontrar equil\u00edbrio<\/h2>\n\n\n\n<p>Apesar de ser valorizada, a pontualidade pode gerar sofrimento quando se torna r\u00edgida demais e pouco flex\u00edvel. A pessoa passa a sentir estresse intenso diante de qualquer risco de atraso, dificuldade de lidar com imprevistos e um n\u00edvel elevado de autoexig\u00eancia, como se precisasse estar sempre no m\u00e1ximo controle.<\/p>\n\n\n\n<p>Se voc\u00ea percebe que seu padr\u00e3o de responsabilidade est\u00e1 gerando desgaste, ansiedade ou conflitos internos, \u00e9 sinal de alerta para buscar mais equil\u00edbrio. Reflita sobre seus limites, teste pequenas flexibiliza\u00e7\u00f5es na rotina e, se necess\u00e1rio, procure apoio psicol\u00f3gico o quanto antes para ajustar esse tra\u00e7o a seu favor e n\u00e3o contra voc\u00ea.<\/p>\n","protected":false},"excerpt":{"rendered":"<p>Chegar antes do hor\u00e1rio combinado costuma parecer apenas organiza\u00e7\u00e3o, mas a psicologia mostra que esse comportamento est\u00e1 ligado a tra\u00e7os de personalidade espec\u00edficos. Pessoas que fazem quest\u00e3o de estar adiantadas em compromissos tendem a ter um padr\u00e3o est\u00e1vel de disciplina e responsabilidade, revelando como lidam com o pr\u00f3prio tempo, com promessas e com as expectativas [&hellip;]<\/p>\n","protected":false},"author":11,"featured_media":202072,"comment_status":"open","ping_status":"open","sticky":false,"template":"","format":"standard","meta":{"jnews-multi-image_gallery":[],"jnews_single_post":{"format":"standard"},"jnews_primary_category":[],"jnews_social_meta":[],"jnews_override_counter":[],"footnotes":""},"categories":[8819,9053],"tags":[29059,4983,4552,15707,5155,23636],"class_list":["post-202038","post","type-post","status-publish","format-standard","has-post-thumbnail","hentry","category-curiosidades","category-saude","tag-chegar-cedo","tag-comportamento","tag-personalidade","tag-pontualidade","tag-psicologia","tag-responsabilidade"],"yoast_head":"<!-- This site is optimized with the Yoast SEO plugin v23.8 - https:\/\/yoast.com\/wordpress\/plugins\/seo\/ -->\n<title>Segundo a psicologia, as pessoas que chegam cedo a qualquer lugar tendem a ter essa caracter\u00edstica\u00a0 - Estado de Minas - Em foco<\/title>\n<meta name=\"description\" content=\"Chegar cedo est\u00e1 ligado \u00e0 responsabilidade e organiza\u00e7\u00e3o. Entenda o que a psicologia revela sobre esse comportamento.\" \/>\n<meta name=\"robots\" content=\"index, follow, max-snippet:-1, max-image-preview:large, max-video-preview:-1\" \/>\n<link rel=\"canonical\" href=\"https:\/\/www.em.com.br\/emfoco\/2026\/04\/30\/segundo-a-psicologia-as-pessoas-que-chegam-cedo-a-qualquer-lugar-tendem-a-ter-essa-caracteristica\/\" \/>\n<meta property=\"og:locale\" content=\"pt_BR\" \/>\n<meta property=\"og:type\" content=\"article\" \/>\n<meta property=\"og:title\" content=\"Segundo a psicologia, as pessoas que chegam cedo a qualquer lugar tendem a ter essa caracter\u00edstica\u00a0 - Estado de Minas - Em foco\" \/>\n<meta property=\"og:description\" content=\"Chegar cedo est\u00e1 ligado \u00e0 responsabilidade e organiza\u00e7\u00e3o. Entenda o que a psicologia revela sobre esse comportamento.\" \/>\n<meta property=\"og:url\" content=\"https:\/\/www.em.com.br\/emfoco\/2026\/04\/30\/segundo-a-psicologia-as-pessoas-que-chegam-cedo-a-qualquer-lugar-tendem-a-ter-essa-caracteristica\/\" \/>\n<meta property=\"og:site_name\" content=\"Estado de Minas - Em foco\" \/>\n<meta property=\"article:published_time\" content=\"2026-04-30T20:00:00+00:00\" \/>\n<meta property=\"article:modified_time\" content=\"2026-04-30T18:51:03+00:00\" \/>\n<meta property=\"og:image\" content=\"https:\/\/www.em.com.br\/emfoco\/wp-content\/uploads\/2026\/04\/Gemini_Generated_Image_k8m65bk8m65bk8m6-1.png\" \/>\n\t<meta property=\"og:image:width\" content=\"1280\" \/>\n\t<meta property=\"og:image:height\" content=\"720\" \/>\n\t<meta property=\"og:image:type\" content=\"image\/png\" \/>\n<meta name=\"author\" content=\"Andre\u0301 Rangel\u00a0\" \/>\n<meta name=\"twitter:card\" content=\"summary_large_image\" \/>\n<meta name=\"twitter:label1\" content=\"Escrito por\" \/>\n\t<meta name=\"twitter:data1\" content=\"Andre\u0301 Rangel\u00a0\" \/>\n\t<meta name=\"twitter:label2\" content=\"Est. tempo de leitura\" \/>\n\t<meta name=\"twitter:data2\" content=\"4 minutos\" \/>\n<!-- \/ Yoast SEO plugin. -->","yoast_head_json":{"title":"Segundo a psicologia, as pessoas que chegam cedo a qualquer lugar tendem a ter essa caracter\u00edstica\u00a0 - Estado de Minas - Em foco","description":"Chegar cedo est\u00e1 ligado \u00e0 responsabilidade e organiza\u00e7\u00e3o. Entenda o que a psicologia revela sobre esse comportamento.","robots":{"index":"index","follow":"follow","max-snippet":"max-snippet:-1","max-image-preview":"max-image-preview:large","max-video-preview":"max-video-preview:-1"},"canonical":"https:\/\/www.em.com.br\/emfoco\/2026\/04\/30\/segundo-a-psicologia-as-pessoas-que-chegam-cedo-a-qualquer-lugar-tendem-a-ter-essa-caracteristica\/","og_locale":"pt_BR","og_type":"article","og_title":"Segundo a psicologia, as pessoas que chegam cedo a qualquer lugar tendem a ter essa caracter\u00edstica\u00a0 - Estado de Minas - Em foco","og_description":"Chegar cedo est\u00e1 ligado \u00e0 responsabilidade e organiza\u00e7\u00e3o. Entenda o que a psicologia revela sobre esse comportamento.","og_url":"https:\/\/www.em.com.br\/emfoco\/2026\/04\/30\/segundo-a-psicologia-as-pessoas-que-chegam-cedo-a-qualquer-lugar-tendem-a-ter-essa-caracteristica\/","og_site_name":"Estado de Minas - Em foco","article_published_time":"2026-04-30T20:00:00+00:00","article_modified_time":"2026-04-30T18:51:03+00:00","og_image":[{"width":1280,"height":720,"url":"https:\/\/www.em.com.br\/emfoco\/wp-content\/uploads\/2026\/04\/Gemini_Generated_Image_k8m65bk8m65bk8m6-1.png","type":"image\/png"}],"author":"Andre\u0301 Rangel\u00a0","twitter_card":"summary_large_image","twitter_misc":{"Escrito por":"Andre\u0301 Rangel\u00a0","Est. tempo de leitura":"4 minutos"},"schema":{"@context":"https:\/\/schema.org","@graph":[{"@type":"WebPage","@id":"https:\/\/www.em.com.br\/emfoco\/2026\/04\/30\/segundo-a-psicologia-as-pessoas-que-chegam-cedo-a-qualquer-lugar-tendem-a-ter-essa-caracteristica\/","url":"https:\/\/www.em.com.br\/emfoco\/2026\/04\/30\/segundo-a-psicologia-as-pessoas-que-chegam-cedo-a-qualquer-lugar-tendem-a-ter-essa-caracteristica\/","name":"Segundo a psicologia, as pessoas que chegam cedo a qualquer lugar tendem a ter essa caracter\u00edstica\u00a0 - Estado de Minas - Em foco","isPartOf":{"@id":"https:\/\/www.em.com.br\/emfoco\/#website"},"primaryImageOfPage":{"@id":"https:\/\/www.em.com.br\/emfoco\/2026\/04\/30\/segundo-a-psicologia-as-pessoas-que-chegam-cedo-a-qualquer-lugar-tendem-a-ter-essa-caracteristica\/#primaryimage"},"image":{"@id":"https:\/\/www.em.com.br\/emfoco\/2026\/04\/30\/segundo-a-psicologia-as-pessoas-que-chegam-cedo-a-qualquer-lugar-tendem-a-ter-essa-caracteristica\/#primaryimage"},"thumbnailUrl":"https:\/\/www.em.com.br\/emfoco\/wp-content\/uploads\/2026\/04\/Gemini_Generated_Image_k8m65bk8m65bk8m6-1.png","datePublished":"2026-04-30T20:00:00+00:00","dateModified":"2026-04-30T18:51:03+00:00","author":{"@id":"https:\/\/www.em.com.br\/emfoco\/#\/schema\/person\/60eda09c1fedf0d6891f4cef4b60b8b8"},"description":"Chegar cedo est\u00e1 ligado \u00e0 responsabilidade e organiza\u00e7\u00e3o. Entenda o que a psicologia revela sobre esse comportamento.","breadcrumb":{"@id":"https:\/\/www.em.com.br\/emfoco\/2026\/04\/30\/segundo-a-psicologia-as-pessoas-que-chegam-cedo-a-qualquer-lugar-tendem-a-ter-essa-caracteristica\/#breadcrumb"},"inLanguage":"pt-BR","potentialAction":[{"@type":"ReadAction","target":["https:\/\/www.em.com.br\/emfoco\/2026\/04\/30\/segundo-a-psicologia-as-pessoas-que-chegam-cedo-a-qualquer-lugar-tendem-a-ter-essa-caracteristica\/"]}]},{"@type":"ImageObject","inLanguage":"pt-BR","@id":"https:\/\/www.em.com.br\/emfoco\/2026\/04\/30\/segundo-a-psicologia-as-pessoas-que-chegam-cedo-a-qualquer-lugar-tendem-a-ter-essa-caracteristica\/#primaryimage","url":"https:\/\/www.em.com.br\/emfoco\/wp-content\/uploads\/2026\/04\/Gemini_Generated_Image_k8m65bk8m65bk8m6-1.png","contentUrl":"https:\/\/www.em.com.br\/emfoco\/wp-content\/uploads\/2026\/04\/Gemini_Generated_Image_k8m65bk8m65bk8m6-1.png","width":1280,"height":720,"caption":"Esse h\u00e1bito comum pode dizer muito mais sobre voc\u00ea"},{"@type":"BreadcrumbList","@id":"https:\/\/www.em.com.br\/emfoco\/2026\/04\/30\/segundo-a-psicologia-as-pessoas-que-chegam-cedo-a-qualquer-lugar-tendem-a-ter-essa-caracteristica\/#breadcrumb","itemListElement":[{"@type":"ListItem","position":1,"name":"In\u00edcio","item":"https:\/\/www.em.com.br\/emfoco\/"},{"@type":"ListItem","position":2,"name":"Segundo a psicologia, as pessoas que chegam cedo a qualquer lugar tendem a ter essa caracter\u00edstica\u00a0"}]},{"@type":"WebSite","@id":"https:\/\/www.em.com.br\/emfoco\/#website","url":"https:\/\/www.em.com.br\/emfoco\/","name":"Estado de Minas - Em foco","description":"Acompanhe as \u00faltimas not\u00edcias e fique bem informado sobre tudo o que acontece em Minas Gerais, Brasil e no mundo.","potentialAction":[{"@type":"SearchAction","target":{"@type":"EntryPoint","urlTemplate":"https:\/\/www.em.com.br\/emfoco\/?s={search_term_string}"},"query-input":{"@type":"PropertyValueSpecification","valueRequired":true,"valueName":"search_term_string"}}],"inLanguage":"pt-BR"},{"@type":"Person","@id":"https:\/\/www.em.com.br\/emfoco\/#\/schema\/person\/60eda09c1fedf0d6891f4cef4b60b8b8","name":"Andre\u0301 Rangel\u00a0","image":{"@type":"ImageObject","inLanguage":"pt-BR","@id":"https:\/\/www.em.com.br\/emfoco\/#\/schema\/person\/image\/","url":"https:\/\/secure.gravatar.com\/avatar\/6234dc814c77c8ef6d8bba622c787efc?s=96&d=mm&r=g","contentUrl":"https:\/\/secure.gravatar.com\/avatar\/6234dc814c77c8ef6d8bba622c787efc?s=96&d=mm&r=g","caption":"Andre\u0301 Rangel\u00a0"},"url":"https:\/\/www.em.com.br\/emfoco\/author\/luizmyth\/"}]}},"_links":{"self":[{"href":"https:\/\/www.em.com.br\/emfoco\/wp-json\/wp\/v2\/posts\/202038","targetHints":{"allow":["GET"]}}],"collection":[{"href":"https:\/\/www.em.com.br\/emfoco\/wp-json\/wp\/v2\/posts"}],"about":[{"href":"https:\/\/www.em.com.br\/emfoco\/wp-json\/wp\/v2\/types\/post"}],"author":[{"embeddable":true,"href":"https:\/\/www.em.com.br\/emfoco\/wp-json\/wp\/v2\/users\/11"}],"replies":[{"embeddable":true,"href":"https:\/\/www.em.com.br\/emfoco\/wp-json\/wp\/v2\/comments?post=202038"}],"version-history":[{"count":2,"href":"https:\/\/www.em.com.br\/emfoco\/wp-json\/wp\/v2\/posts\/202038\/revisions"}],"predecessor-version":[{"id":202073,"href":"https:\/\/www.em.com.br\/emfoco\/wp-json\/wp\/v2\/posts\/202038\/revisions\/202073"}],"wp:featuredmedia":[{"embeddable":true,"href":"https:\/\/www.em.com.br\/emfoco\/wp-json\/wp\/v2\/media\/202072"}],"wp:attachment":[{"href":"https:\/\/www.em.com.br\/emfoco\/wp-json\/wp\/v2\/media?parent=202038"}],"wp:term":[{"taxonomy":"category","embeddable":true,"href":"https:\/\/www.em.com.br\/emfoco\/wp-json\/wp\/v2\/categories?post=202038"},{"taxonomy":"post_tag","embeddable":true,"href":"https:\/\/www.em.com.br\/emfoco\/wp-json\/wp\/v2\/tags?post=202038"}],"curies":[{"name":"wp","href":"https:\/\/api.w.org\/{rel}","templated":true}]}}