{"id":202035,"date":"2026-05-01T10:45:00","date_gmt":"2026-05-01T13:45:00","guid":{"rendered":"https:\/\/www.em.com.br\/emfoco\/?p=202035"},"modified":"2026-04-30T16:10:31","modified_gmt":"2026-04-30T19:10:31","slug":"dicas-de-hidratacao-para-cabelos-secos-em-casa-que-parecem-feitas-no-salao","status":"publish","type":"post","link":"https:\/\/www.em.com.br\/emfoco\/2026\/05\/01\/dicas-de-hidratacao-para-cabelos-secos-em-casa-que-parecem-feitas-no-salao\/","title":{"rendered":"Dicas de hidrata\u00e7\u00e3o para cabelos secos em casa que parecem feitas no sal\u00e3o"},"content":{"rendered":"\n<p>Conseguir resultados profissionais com a <strong>hidrata\u00e7\u00e3o para cabelos secos<\/strong> exige apenas o conhecimento das t\u00e9cnicas corretas aplicadas diretamente nos fios durante o banho. O grande segredo para ter fios sedosos envolve processos simples que mudam completamente o aspecto das pontas espigadas e sem vida.<\/p>\n\n\n\n<h2 class=\"wp-block-heading\">Como funciona a hidrata\u00e7\u00e3o para cabelos secos<\/h2>\n\n\n\n<p>O processo de <strong>hidrata\u00e7\u00e3o para cabelos secos<\/strong> busca repor toda a \u00e1gua perdida pela fibra capilar em fun\u00e7\u00e3o do calor excessivo do sol ou de secadores potentes. A estrutura interna do fio necessita dessa <strong>umidade constante<\/strong> para conseguir manter a flexibilidade ideal e aquele brilho natural que as pessoas tanto admiram. Aplicar os produtos hidratantes na ordem correta dentro do banheiro garante que os <strong>nutrientes penetrem<\/strong> profundamente em todas as camadas da haste capilar.<\/p>\n\n\n\n<p>Muitos cremes dispon\u00edveis em mercados populares agem apenas na superf\u00edcie externa sem tratar o problema real do ressecamento severo nas pontas. Escolher os <strong>ativos qu\u00edmicos<\/strong> corretos permite que a cut\u00edcula se feche de maneira totalmente eficiente logo ap\u00f3s o t\u00e9rmino desse tratamento caseiro. O resultado imediato de todo esse esfor\u00e7o aparece atrav\u00e9s de fios <strong>muito mais macios<\/strong>, sedosos e extremamente f\u00e1ceis de pentear no cotidiano.<\/p>\n\n\n<div class=\"wp-block-image\">\n<figure class=\"aligncenter size-large\"><img loading=\"lazy\" decoding=\"async\" width=\"1024\" height=\"576\" src=\"https:\/\/www.em.com.br\/emfoco\/wp-content\/uploads\/2026\/04\/hidratacao-para-cabelos-secos-1024x576.jpg\" alt=\"hidrata\u00e7\u00e3o para cabelos secos\" class=\"wp-image-202042\" srcset=\"https:\/\/www.em.com.br\/emfoco\/wp-content\/uploads\/2026\/04\/hidratacao-para-cabelos-secos-1024x576.jpg 1024w, https:\/\/www.em.com.br\/emfoco\/wp-content\/uploads\/2026\/04\/hidratacao-para-cabelos-secos-300x169.jpg 300w, https:\/\/www.em.com.br\/emfoco\/wp-content\/uploads\/2026\/04\/hidratacao-para-cabelos-secos-768x432.jpg 768w, https:\/\/www.em.com.br\/emfoco\/wp-content\/uploads\/2026\/04\/hidratacao-para-cabelos-secos-750x422.jpg 750w, https:\/\/www.em.com.br\/emfoco\/wp-content\/uploads\/2026\/04\/hidratacao-para-cabelos-secos-1140x641.jpg 1140w, https:\/\/www.em.com.br\/emfoco\/wp-content\/uploads\/2026\/04\/hidratacao-para-cabelos-secos.jpg 1280w\" sizes=\"auto, (max-width: 1024px) 100vw, 1024px\" \/><figcaption class=\"wp-element-caption\">Muitos cremes dispon\u00edveis em mercados populares agem apenas na superf\u00edcie externa sem tratar o problema real do ressecamento severo nas pontas<\/figcaption><\/figure><\/div>\n\n\n<p>Leia tamb\u00e9m: <a href=\"https:\/\/www.em.com.br\/emfoco\/2026\/03\/19\/como-manter-a-hidratacao-em-dias-quentes-e-secos\/\" target=\"_blank\" rel=\"noreferrer noopener\">Como manter a hidrata\u00e7\u00e3o em dias quentes e secos<\/a><\/p>\n\n\n\n<h2 class=\"wp-block-heading\">T\u00e9cnicas para potencializar a hidrata\u00e7\u00e3o para cabelos secos<\/h2>\n\n\n\n<p>Lavar o couro cabeludo utilizando apenas \u00e1gua morna prepara todos os <strong>canais de absor\u00e7\u00e3o<\/strong> necess\u00e1rios para receber os componentes hidratantes da m\u00e1scara nutritiva escolhida. O excesso de umidade residual deve ser removido com uma toalha de microfibra para evitar a <strong>dilui\u00e7\u00e3o desnecess\u00e1ria<\/strong> do creme de tratamento potente e caro. Massagear mecha por mecha com movimentos firmes ajuda muito na <strong>penetra\u00e7\u00e3o dos ativos<\/strong> e melhora a circula\u00e7\u00e3o sangu\u00ednea no topo da cabe\u00e7a.<\/p>\n\n\n\n<p>Utilizar fontes de calor controladas por toucas t\u00e9rmicas durante o tempo de pausa pode acelerar os <strong>benef\u00edcios est\u00e9ticos<\/strong> observados logo no primeiro dia de aplica\u00e7\u00e3o. Existem componentes qu\u00edmicos espec\u00edficos que devem estar presentes na composi\u00e7\u00e3o da m\u00e1scara para garantir a <strong>m\u00e1xima efic\u00e1cia<\/strong> do procedimento de beleza realizado em casa. Verifique atentamente os elementos principais que realmente transformam a sa\u00fade dos seus fios na lista detalhada logo abaixo.<\/p>\n\n\n\n<ul class=\"wp-block-list\">\n<li>Pantenol para garantir a <strong>reten\u00e7\u00e3o de umidade<\/strong><\/li>\n\n\n\n<li>Glicerina vegetal que <strong>elimina o frizz<\/strong><\/li>\n\n\n\n<li>Extratos de algas para <strong>brilho espelhado<\/strong><\/li>\n\n\n\n<li>Aloe vera para uma <strong>maciez absoluta<\/strong><\/li>\n<\/ul>\n\n\n\n<p>Para voc\u00ea que gosta de se cuidar, separamos um v\u00eddeo do canal da <a href=\"https:\/\/www.youtube.com\/@ErikaVasconcelos\" target=\"_blank\" rel=\"noreferrer noopener\">Erika Vasconcelos<\/a> com dicas para usar glicerina na sua hidrata\u00e7\u00e3o:<\/p>\n\n\n\n<figure class=\"wp-block-embed is-type-video is-provider-youtube wp-block-embed-youtube wp-embed-aspect-16-9 wp-has-aspect-ratio\"><div class=\"wp-block-embed__wrapper\">\n<div class=\"jeg_video_container jeg_video_content\"><iframe loading=\"lazy\" title=\"HIDRATA\u00c7\u00c3O CAPILAR COM GLICERINA L\u00cdQUIDA | PARA CABELOS RESSECADOS,  COM MUITO FRIZZ E POROSIDADE\" width=\"500\" height=\"281\" src=\"https:\/\/www.youtube.com\/embed\/PWZyL7uh2I4?feature=oembed\" frameborder=\"0\" allow=\"accelerometer; autoplay; clipboard-write; encrypted-media; gyroscope; picture-in-picture; web-share\" referrerpolicy=\"strict-origin-when-cross-origin\" allowfullscreen><\/iframe><\/div>\n<\/div><\/figure>\n\n\n\n<h2 class=\"wp-block-heading\">Erros comuns que impedem o brilho intenso<\/h2>\n\n\n\n<p>Aplicar o condicionador comum antes da m\u00e1scara de tratamento acaba bloqueando a entrada dos <strong>nutrientes mais importantes<\/strong> no interior da fibra capilar fragilizada. O tempo exato de pausa indicado pelo fabricante no r\u00f3tulo precisa ser respeitado com rigor para evitar qualquer <strong>desperd\u00edcio de produto<\/strong> cosm\u00e9tico valioso. Enxaguar os fios com \u00e1gua em temperaturas muito elevadas retira a <strong>prote\u00e7\u00e3o lip\u00eddica<\/strong> natural e causa danos permanentes ao brilho das mechas.<\/p>\n\n\n\n<p>Esfregar o cabelo com muita for\u00e7a ap\u00f3s o banho quebra a estrutura fr\u00e1gil das mechas e gera aquelas <strong>pontas duplas<\/strong> totalmente indesejadas no visual. Prefira sempre utilizar tecidos de algod\u00e3o macio para secar as mechas sem causar o <strong>atrito excessivo<\/strong> que gera a eletricidade est\u00e1tica nos fios. Manter uma frequ\u00eancia adequada de <strong>cuidados preventivos<\/strong> evita que o aspecto opaco e sem vida retorne rapidamente ap\u00f3s cada nova lavagem realizada.<\/p>\n\n\n\n<figure class=\"wp-block-embed is-type-rich is-provider-pinterest wp-block-embed-pinterest\"><div class=\"wp-block-embed__wrapper\">\n<iframe loading=\"lazy\" title=\"Tecnica de hidratacao coreana Cuide dos seus cabelos com dicas pr\u00e1ticas e eficazes! \ud83d\udc86\u200d\u2640\ufe0f\u2728Aprenda sobre hidrata\u00e7\u00e3o, tratamentos para cabelos danificados e formas de estimular o crescimento saud\u00e1vel. Descubra como combater queda de cabelo, controlar o frizz e garantir brilho e for\u00e7a para todos os tipos de fios, seja cacheado, liso ou crespo. Transforme sua rotina de cuidados e realce a beleza natural dos seus cabelos! \ud83d\udc96\ud83c\udf3f#cabelossaudaveis #cabelo #dicas #foryou #explorar #fy #fyp\u30b7\u309avira\" src=\"https:\/\/assets.pinterest.com\/ext\/embed.html?id=941252390872343631&#038;src=oembed\" height=\"899\" width=\"450\" frameborder=\"0\" scrolling=\"no\" ><\/iframe>\n<\/div><\/figure>\n\n\n\n<h2 class=\"wp-block-heading\">Cronograma ideal de hidrata\u00e7\u00e3o para cabelos secos<\/h2>\n\n\n\n<p>Organizar uma rotina semanal bem estruturada mant\u00e9m os n\u00edveis de nutrientes sempre equilibrados para evitar a <strong>porosidade excessiva<\/strong> que destr\u00f3i o visual capilar. A <strong>hidrata\u00e7\u00e3o para cabelos secos<\/strong> deve ser alternada com etapas inteligentes de <strong>nutri\u00e7\u00e3o profunda<\/strong> e reconstru\u00e7\u00e3o capilar com queratina de boa qualidade. Seguir um planejamento organizado em um calend\u00e1rio facilita bastante o <strong>acompanhamento da evolu\u00e7\u00e3o<\/strong> da sa\u00fade dos fios ao longo dos pr\u00f3ximos meses de tratamento.<\/p>\n\n\n\n<p>Cabelos que passam por processos qu\u00edmicos frequentes como tinturas necessitam de uma <strong>aten\u00e7\u00e3o redobrada<\/strong> durante as lavagens di\u00e1rias com shampoos suaves e hidratantes. Escolher dias espec\u00edficos da semana para realizar cada tratamento ajuda a criar uma <strong>disciplina saud\u00e1vel<\/strong> de autocuidado no conforto do seu lar. A consist\u00eancia absoluta na aplica\u00e7\u00e3o dos produtos corretos resulta em uma <strong>transforma\u00e7\u00e3o vis\u00edvel<\/strong> e muito satisfat\u00f3ria para o usu\u00e1rio final do produto.<\/p>\n\n\n<div class=\"wp-block-image\">\n<figure class=\"aligncenter size-large\"><img loading=\"lazy\" decoding=\"async\" width=\"1024\" height=\"576\" src=\"https:\/\/www.em.com.br\/emfoco\/wp-content\/uploads\/2026\/04\/mascara-cabelo_1776943639757-1024x576.jpg\" alt=\"hidrata\u00e7\u00e3o para cabelos secos\" class=\"wp-image-197692\" srcset=\"https:\/\/www.em.com.br\/emfoco\/wp-content\/uploads\/2026\/04\/mascara-cabelo_1776943639757-1024x576.jpg 1024w, https:\/\/www.em.com.br\/emfoco\/wp-content\/uploads\/2026\/04\/mascara-cabelo_1776943639757-300x169.jpg 300w, https:\/\/www.em.com.br\/emfoco\/wp-content\/uploads\/2026\/04\/mascara-cabelo_1776943639757-768x432.jpg 768w, https:\/\/www.em.com.br\/emfoco\/wp-content\/uploads\/2026\/04\/mascara-cabelo_1776943639757-750x422.jpg 750w, https:\/\/www.em.com.br\/emfoco\/wp-content\/uploads\/2026\/04\/mascara-cabelo_1776943639757-1140x641.jpg 1140w, https:\/\/www.em.com.br\/emfoco\/wp-content\/uploads\/2026\/04\/mascara-cabelo_1776943639757.jpg 1280w\" sizes=\"auto, (max-width: 1024px) 100vw, 1024px\" \/><figcaption class=\"wp-element-caption\">Cabelos que passam por processos qu\u00edmicos frequentes como tinturas necessitam de uma aten\u00e7\u00e3o redobrad- Cr\u00e9ditos: depositphotos.com \/ IgorVetushko<\/figcaption><\/figure><\/div>\n\n\n<h2 class=\"wp-block-heading\">Dicas finais para manter o balan\u00e7o dos fios<\/h2>\n\n\n\n<p>Finalize sempre a \u00faltima lavagem com um jato generoso de \u00e1gua fria para <strong>selar as cut\u00edculas<\/strong> e aumentar o brilho natural das mechas. Use bons finalizadores com <strong>prote\u00e7\u00e3o t\u00e9rmica<\/strong> eficiente antes de utilizar secadores ou chapinhas quentes sobre os fios ainda \u00famidos. Proteja o seu cabelo da exposi\u00e7\u00e3o solar excessiva utilizando <strong>acess\u00f3rios apropriados<\/strong> ou produtos finalizadores que contenham filtros solares potentes na composi\u00e7\u00e3o.<\/p>\n\n\n\n<p>Observe com aten\u00e7\u00e3o como os seus fios reagem a cada nova <strong>t\u00e9cnica capilar<\/strong> aplicada durante as pr\u00f3ximas semanas de tratamento intenso. Adapte sempre a quantidade de produto utilizado conforme a <strong>densidade total<\/strong> e o comprimento real das suas mechas de cabelo. Invista um pouco do seu tempo na sua <strong>pr\u00f3pria beleza<\/strong> para conseguir colher benef\u00edcios permanentes na sua autoestima di\u00e1ria e bem-estar.<\/p>\n","protected":false},"excerpt":{"rendered":"<p>Conseguir resultados profissionais com a hidrata\u00e7\u00e3o para cabelos secos exige apenas o conhecimento das t\u00e9cnicas corretas aplicadas diretamente nos fios durante o banho. O grande segredo para ter fios sedosos envolve processos simples que mudam completamente o aspecto das pontas espigadas e sem vida. Como funciona a hidrata\u00e7\u00e3o para cabelos secos O processo de hidrata\u00e7\u00e3o [&hellip;]<\/p>\n","protected":false},"author":9,"featured_media":202100,"comment_status":"open","ping_status":"open","sticky":false,"template":"","format":"standard","meta":{"jnews-multi-image_gallery":[],"jnews_single_post":{"format":"standard"},"jnews_primary_category":[],"jnews_social_meta":[],"jnews_override_counter":[],"footnotes":""},"categories":[8691,29],"tags":[27199,6494,5045],"class_list":["post-202035","post","type-post","status-publish","format-standard","has-post-thumbnail","hentry","category-bem-estar","category-entretenimento","tag-beleza-em-casa","tag-cronograma-capilar","tag-saude-capilar"],"yoast_head":"<!-- This site is optimized with the Yoast SEO plugin v23.8 - https:\/\/yoast.com\/wordpress\/plugins\/seo\/ -->\n<title>Dicas de hidrata\u00e7\u00e3o para cabelos secos em casa que parecem feitas no sal\u00e3o - Estado de Minas - Em foco<\/title>\n<meta name=\"description\" content=\"O segredo para a hidrata\u00e7\u00e3o para cabelos secos envolve t\u00e9cnicas simples e eficazes. Veja como obter resultados de sal\u00e3o sem sair da sua casa.\" \/>\n<meta name=\"robots\" content=\"index, follow, max-snippet:-1, max-image-preview:large, max-video-preview:-1\" \/>\n<link rel=\"canonical\" href=\"https:\/\/www.em.com.br\/emfoco\/2026\/05\/01\/dicas-de-hidratacao-para-cabelos-secos-em-casa-que-parecem-feitas-no-salao\/\" \/>\n<meta property=\"og:locale\" content=\"pt_BR\" \/>\n<meta property=\"og:type\" content=\"article\" \/>\n<meta property=\"og:title\" content=\"Dicas de hidrata\u00e7\u00e3o para cabelos secos em casa que parecem feitas no sal\u00e3o - Estado de Minas - Em foco\" \/>\n<meta property=\"og:description\" content=\"O segredo para a hidrata\u00e7\u00e3o para cabelos secos envolve t\u00e9cnicas simples e eficazes. Veja como obter resultados de sal\u00e3o sem sair da sua casa.\" \/>\n<meta property=\"og:url\" content=\"https:\/\/www.em.com.br\/emfoco\/2026\/05\/01\/dicas-de-hidratacao-para-cabelos-secos-em-casa-que-parecem-feitas-no-salao\/\" \/>\n<meta property=\"og:site_name\" content=\"Estado de Minas - Em foco\" \/>\n<meta property=\"article:published_time\" content=\"2026-05-01T13:45:00+00:00\" \/>\n<meta property=\"article:modified_time\" content=\"2026-04-30T19:10:31+00:00\" \/>\n<meta property=\"og:image\" content=\"https:\/\/www.em.com.br\/emfoco\/wp-content\/uploads\/2026\/05\/EmFoco_29.jpg\" \/>\n\t<meta property=\"og:image:width\" content=\"1280\" \/>\n\t<meta property=\"og:image:height\" content=\"720\" \/>\n\t<meta property=\"og:image:type\" content=\"image\/jpeg\" \/>\n<meta name=\"author\" content=\"Daniely Cardoso\" \/>\n<meta name=\"twitter:card\" content=\"summary_large_image\" \/>\n<meta name=\"twitter:label1\" content=\"Escrito por\" \/>\n\t<meta name=\"twitter:data1\" content=\"Daniely Cardoso\" \/>\n\t<meta name=\"twitter:label2\" content=\"Est. tempo de leitura\" \/>\n\t<meta name=\"twitter:data2\" content=\"6 minutos\" \/>\n<!-- \/ Yoast SEO plugin. -->","yoast_head_json":{"title":"Dicas de hidrata\u00e7\u00e3o para cabelos secos em casa que parecem feitas no sal\u00e3o - Estado de Minas - Em foco","description":"O segredo para a hidrata\u00e7\u00e3o para cabelos secos envolve t\u00e9cnicas simples e eficazes. Veja como obter resultados de sal\u00e3o sem sair da sua casa.","robots":{"index":"index","follow":"follow","max-snippet":"max-snippet:-1","max-image-preview":"max-image-preview:large","max-video-preview":"max-video-preview:-1"},"canonical":"https:\/\/www.em.com.br\/emfoco\/2026\/05\/01\/dicas-de-hidratacao-para-cabelos-secos-em-casa-que-parecem-feitas-no-salao\/","og_locale":"pt_BR","og_type":"article","og_title":"Dicas de hidrata\u00e7\u00e3o para cabelos secos em casa que parecem feitas no sal\u00e3o - Estado de Minas - Em foco","og_description":"O segredo para a hidrata\u00e7\u00e3o para cabelos secos envolve t\u00e9cnicas simples e eficazes. Veja como obter resultados de sal\u00e3o sem sair da sua casa.","og_url":"https:\/\/www.em.com.br\/emfoco\/2026\/05\/01\/dicas-de-hidratacao-para-cabelos-secos-em-casa-que-parecem-feitas-no-salao\/","og_site_name":"Estado de Minas - Em foco","article_published_time":"2026-05-01T13:45:00+00:00","article_modified_time":"2026-04-30T19:10:31+00:00","og_image":[{"width":1280,"height":720,"url":"https:\/\/www.em.com.br\/emfoco\/wp-content\/uploads\/2026\/05\/EmFoco_29.jpg","type":"image\/jpeg"}],"author":"Daniely Cardoso","twitter_card":"summary_large_image","twitter_misc":{"Escrito por":"Daniely Cardoso","Est. tempo de leitura":"6 minutos"},"schema":{"@context":"https:\/\/schema.org","@graph":[{"@type":"WebPage","@id":"https:\/\/www.em.com.br\/emfoco\/2026\/05\/01\/dicas-de-hidratacao-para-cabelos-secos-em-casa-que-parecem-feitas-no-salao\/","url":"https:\/\/www.em.com.br\/emfoco\/2026\/05\/01\/dicas-de-hidratacao-para-cabelos-secos-em-casa-que-parecem-feitas-no-salao\/","name":"Dicas de hidrata\u00e7\u00e3o para cabelos secos em casa que parecem feitas no sal\u00e3o - Estado de Minas - Em foco","isPartOf":{"@id":"https:\/\/www.em.com.br\/emfoco\/#website"},"primaryImageOfPage":{"@id":"https:\/\/www.em.com.br\/emfoco\/2026\/05\/01\/dicas-de-hidratacao-para-cabelos-secos-em-casa-que-parecem-feitas-no-salao\/#primaryimage"},"image":{"@id":"https:\/\/www.em.com.br\/emfoco\/2026\/05\/01\/dicas-de-hidratacao-para-cabelos-secos-em-casa-que-parecem-feitas-no-salao\/#primaryimage"},"thumbnailUrl":"https:\/\/www.em.com.br\/emfoco\/wp-content\/uploads\/2026\/05\/EmFoco_29.jpg","datePublished":"2026-05-01T13:45:00+00:00","dateModified":"2026-04-30T19:10:31+00:00","author":{"@id":"https:\/\/www.em.com.br\/emfoco\/#\/schema\/person\/0a8186d72f2c3a5c6276d90b41f271a0"},"description":"O segredo para a hidrata\u00e7\u00e3o para cabelos secos envolve t\u00e9cnicas simples e eficazes. Veja como obter resultados de sal\u00e3o sem sair da sua casa.","breadcrumb":{"@id":"https:\/\/www.em.com.br\/emfoco\/2026\/05\/01\/dicas-de-hidratacao-para-cabelos-secos-em-casa-que-parecem-feitas-no-salao\/#breadcrumb"},"inLanguage":"pt-BR","potentialAction":[{"@type":"ReadAction","target":["https:\/\/www.em.com.br\/emfoco\/2026\/05\/01\/dicas-de-hidratacao-para-cabelos-secos-em-casa-que-parecem-feitas-no-salao\/"]}]},{"@type":"ImageObject","inLanguage":"pt-BR","@id":"https:\/\/www.em.com.br\/emfoco\/2026\/05\/01\/dicas-de-hidratacao-para-cabelos-secos-em-casa-que-parecem-feitas-no-salao\/#primaryimage","url":"https:\/\/www.em.com.br\/emfoco\/wp-content\/uploads\/2026\/05\/EmFoco_29.jpg","contentUrl":"https:\/\/www.em.com.br\/emfoco\/wp-content\/uploads\/2026\/05\/EmFoco_29.jpg","width":1280,"height":720,"caption":"T\u00e9cnicas corretas de hidrata\u00e7\u00e3o rep\u00f5em umidade essencial e restauram brilho dos cabelos"},{"@type":"BreadcrumbList","@id":"https:\/\/www.em.com.br\/emfoco\/2026\/05\/01\/dicas-de-hidratacao-para-cabelos-secos-em-casa-que-parecem-feitas-no-salao\/#breadcrumb","itemListElement":[{"@type":"ListItem","position":1,"name":"In\u00edcio","item":"https:\/\/www.em.com.br\/emfoco\/"},{"@type":"ListItem","position":2,"name":"Dicas de hidrata\u00e7\u00e3o para cabelos secos em casa que parecem feitas no sal\u00e3o"}]},{"@type":"WebSite","@id":"https:\/\/www.em.com.br\/emfoco\/#website","url":"https:\/\/www.em.com.br\/emfoco\/","name":"Estado de Minas - Em foco","description":"Acompanhe as \u00faltimas not\u00edcias e fique bem informado sobre tudo o que acontece em Minas Gerais, Brasil e no mundo.","potentialAction":[{"@type":"SearchAction","target":{"@type":"EntryPoint","urlTemplate":"https:\/\/www.em.com.br\/emfoco\/?s={search_term_string}"},"query-input":{"@type":"PropertyValueSpecification","valueRequired":true,"valueName":"search_term_string"}}],"inLanguage":"pt-BR"},{"@type":"Person","@id":"https:\/\/www.em.com.br\/emfoco\/#\/schema\/person\/0a8186d72f2c3a5c6276d90b41f271a0","name":"Daniely Cardoso","image":{"@type":"ImageObject","inLanguage":"pt-BR","@id":"https:\/\/www.em.com.br\/emfoco\/#\/schema\/person\/image\/","url":"https:\/\/secure.gravatar.com\/avatar\/4b80ddbd124d1f071b626d52d62e5dff?s=96&d=mm&r=g","contentUrl":"https:\/\/secure.gravatar.com\/avatar\/4b80ddbd124d1f071b626d52d62e5dff?s=96&d=mm&r=g","caption":"Daniely Cardoso"},"url":"https:\/\/www.em.com.br\/emfoco\/author\/danielymyth\/"}]}},"_links":{"self":[{"href":"https:\/\/www.em.com.br\/emfoco\/wp-json\/wp\/v2\/posts\/202035","targetHints":{"allow":["GET"]}}],"collection":[{"href":"https:\/\/www.em.com.br\/emfoco\/wp-json\/wp\/v2\/posts"}],"about":[{"href":"https:\/\/www.em.com.br\/emfoco\/wp-json\/wp\/v2\/types\/post"}],"author":[{"embeddable":true,"href":"https:\/\/www.em.com.br\/emfoco\/wp-json\/wp\/v2\/users\/9"}],"replies":[{"embeddable":true,"href":"https:\/\/www.em.com.br\/emfoco\/wp-json\/wp\/v2\/comments?post=202035"}],"version-history":[{"count":1,"href":"https:\/\/www.em.com.br\/emfoco\/wp-json\/wp\/v2\/posts\/202035\/revisions"}],"predecessor-version":[{"id":202043,"href":"https:\/\/www.em.com.br\/emfoco\/wp-json\/wp\/v2\/posts\/202035\/revisions\/202043"}],"wp:featuredmedia":[{"embeddable":true,"href":"https:\/\/www.em.com.br\/emfoco\/wp-json\/wp\/v2\/media\/202100"}],"wp:attachment":[{"href":"https:\/\/www.em.com.br\/emfoco\/wp-json\/wp\/v2\/media?parent=202035"}],"wp:term":[{"taxonomy":"category","embeddable":true,"href":"https:\/\/www.em.com.br\/emfoco\/wp-json\/wp\/v2\/categories?post=202035"},{"taxonomy":"post_tag","embeddable":true,"href":"https:\/\/www.em.com.br\/emfoco\/wp-json\/wp\/v2\/tags?post=202035"}],"curies":[{"name":"wp","href":"https:\/\/api.w.org\/{rel}","templated":true}]}}