{"id":202028,"date":"2026-05-01T08:15:00","date_gmt":"2026-05-01T11:15:00","guid":{"rendered":"https:\/\/www.em.com.br\/emfoco\/?p=202028"},"modified":"2026-04-30T16:17:13","modified_gmt":"2026-04-30T19:17:13","slug":"adeus-a-calca-jeans-azul-veja-como-esse-tom-neutro-veio-para-substituir-o-basico-e-dominar-2026-com-elegancia","status":"publish","type":"post","link":"https:\/\/www.em.com.br\/emfoco\/2026\/05\/01\/adeus-a-calca-jeans-azul-veja-como-esse-tom-neutro-veio-para-substituir-o-basico-e-dominar-2026-com-elegancia\/","title":{"rendered":"Adeus a cal\u00e7a jeans azul, veja como esse tom neutro veio para substituir o b\u00e1sico e dominar 2026 com eleg\u00e2ncia"},"content":{"rendered":"\n<p>A tradicional cal\u00e7a jeans azul est\u00e1 perdendo seu reinado absoluto para uma nova tonalidade neutra que promete transformar o guarda-roupa moderno de forma definitiva. Esta <strong>cal\u00e7a cinza elegante<\/strong> surge como a alternativa ideal para quem busca sofistica\u00e7\u00e3o aliada \u00e0 praticidade nas composi\u00e7\u00f5es fashionistas di\u00e1rias.<\/p>\n\n\n\n<h2 class=\"wp-block-heading\">Por que a cal\u00e7a cinza elegante substitui o jeans<\/h2>\n\n\n\n<p>A moda passou por uma transi\u00e7\u00e3o profunda onde o minimalismo ganhou for\u00e7a total nas passarelas mundiais e tamb\u00e9m nas ruas urbanas de maior destaque. Escolher uma <strong>cal\u00e7a cinza elegante<\/strong> permite criar visuais monocrom\u00e1ticos que transmitem uma imagem de <strong>seriedade e luxo<\/strong> imediato para qualquer pessoa. Esse movimento global reflete a busca constante por pe\u00e7as vers\u00e1teis que funcionam bem em diferentes ambientes corporativos e sociais durante toda a semana produtiva.<\/p>\n\n\n\n<p>O cinza oferece uma neutralidade superior ao azul cl\u00e1ssico por se adaptar facilmente a qualquer outra paleta de cores existente no arm\u00e1rio pessoal. Muitas pessoas est\u00e3o trocando o denim pesado por tecidos de alfaiataria que apresentam um <strong>caimento mais fluido<\/strong> e extremamente refinado ao corpo. Essa mudan\u00e7a est\u00e9tica garante que o visual permane\u00e7a atualizado e perfeitamente alinhado com as demandas de um estilo de vida moderno e din\u00e2mico.<\/p>\n\n\n<div class=\"wp-block-image\">\n<figure class=\"aligncenter size-large\"><img loading=\"lazy\" decoding=\"async\" width=\"1024\" height=\"576\" src=\"https:\/\/www.em.com.br\/emfoco\/wp-content\/uploads\/2026\/04\/Calca-cinza-elegante-1024x576.jpg\" alt=\"Cal\u00e7a cinza elegante\" class=\"wp-image-202034\" srcset=\"https:\/\/www.em.com.br\/emfoco\/wp-content\/uploads\/2026\/04\/Calca-cinza-elegante-1024x576.jpg 1024w, https:\/\/www.em.com.br\/emfoco\/wp-content\/uploads\/2026\/04\/Calca-cinza-elegante-300x169.jpg 300w, https:\/\/www.em.com.br\/emfoco\/wp-content\/uploads\/2026\/04\/Calca-cinza-elegante-768x432.jpg 768w, https:\/\/www.em.com.br\/emfoco\/wp-content\/uploads\/2026\/04\/Calca-cinza-elegante-750x422.jpg 750w, https:\/\/www.em.com.br\/emfoco\/wp-content\/uploads\/2026\/04\/Calca-cinza-elegante-1140x641.jpg 1140w, https:\/\/www.em.com.br\/emfoco\/wp-content\/uploads\/2026\/04\/Calca-cinza-elegante.jpg 1280w\" sizes=\"auto, (max-width: 1024px) 100vw, 1024px\" \/><figcaption class=\"wp-element-caption\">O cinza oferece uma neutralidade superior ao azul cl\u00e1ssico por se adaptar facilmente a qualquer outra paleta de cores existente no arm\u00e1rio pessoal<\/figcaption><\/figure><\/div>\n\n\n<p>Leia tamb\u00e9m: <a href=\"https:\/\/www.em.com.br\/emfoco\/2026\/02\/20\/a-sandalia-considerada-feia-que-virou-queridinha-para-usar-com-vestido-delicado\/\" target=\"_blank\" rel=\"noreferrer noopener\">A sand\u00e1lia considerada feia que virou queridinha para usar com vestido delicado<\/a><\/p>\n\n\n\n<h2 class=\"wp-block-heading\">Vantagens de apostar na cal\u00e7a cinza elegante hoje<\/h2>\n\n\n\n<p>Uma das maiores qualidades dessa pe\u00e7a espec\u00edfica \u00e9 a facilidade de transi\u00e7\u00e3o entre um compromisso s\u00e9rio de trabalho e um jantar casual noturno. A <strong>cal\u00e7a cinza elegante<\/strong> ajuda a alongar a silhueta corporal quando combinada com cal\u00e7ados de tonalidades similares ou neutras de alta qualidade. Investir nessa tend\u00eancia assegura que voc\u00ea ter\u00e1 uma <strong>base s\u00f3lida<\/strong> para montar looks diversificados com pouqu\u00edssimos acess\u00f3rios complementares no dia a dia.<\/p>\n\n\n\n<p>O mercado t\u00eaxtil agora foca em materiais de alta performance que resistem melhor ao tempo e mant\u00eam a apar\u00eancia de novos por muitos meses. V\u00e1rios detalhes espec\u00edficos tornam essas cal\u00e7as muito mais interessantes do que os modelos convencionais produzidos em algod\u00e3o azulado tradicional. Acompanhe abaixo os principais pontos t\u00e9cnicos que fazem desse item um sucesso absoluto entre os melhores especialistas em vestu\u00e1rio e consultores de imagem contempor\u00e2nea.<\/p>\n\n\n\n<ul class=\"wp-block-list\">\n<li>Corte alfaiataria que valoriza as <strong>curvas naturais<\/strong> do corpo<\/li>\n\n\n\n<li>Tecidos tecnol\u00f3gicos que evitam o <strong>aspecto amassado<\/strong> desagrad\u00e1vel<\/li>\n\n\n\n<li>Bolsos estrat\u00e9gicos que unem <strong>utilidade e design<\/strong> de ponta<\/li>\n\n\n\n<li>Acabamentos invis\u00edveis para um <strong>toque minimalista<\/strong> e sofisticado<\/li>\n<\/ul>\n\n\n\n<p>Para voc\u00ea que gosta de se vestir bem, separamos um v\u00eddeo do canal <a href=\"https:\/\/www.youtube.com\/@viihrocha\" target=\"_blank\" rel=\"noreferrer noopener\">viihrocha<\/a> com dicas para criar looks com tons neutros:<\/p>\n\n\n\n<figure class=\"wp-block-embed is-type-video is-provider-youtube wp-block-embed-youtube wp-embed-aspect-16-9 wp-has-aspect-ratio\"><div class=\"wp-block-embed__wrapper\">\n<div class=\"jeg_video_container jeg_video_content\"><iframe loading=\"lazy\" title=\"GUIA DEFINITIVO - COMO FICAR ESTILOSA USANDO TONS NEUTROS I Viih Rocha\" width=\"500\" height=\"281\" src=\"https:\/\/www.youtube.com\/embed\/k1vX6IbRuq8?start=2&#038;feature=oembed\" frameborder=\"0\" allow=\"accelerometer; autoplay; clipboard-write; encrypted-media; gyroscope; picture-in-picture; web-share\" referrerpolicy=\"strict-origin-when-cross-origin\" allowfullscreen><\/iframe><\/div>\n<\/div><\/figure>\n\n\n\n<h2 class=\"wp-block-heading\">Combina\u00e7\u00f5es ideais para valorizar o novo visual<\/h2>\n\n\n\n<p>Utilizar camisas de seda ou blusas de gola alta cria um contraste interessante com a sobriedade do cinza met\u00e1lico escolhido para a pe\u00e7a principal. A textura do tecido deve ser o foco principal para garantir que a produ\u00e7\u00e3o final n\u00e3o pare\u00e7a mon\u00f3tona ou sem vida em ambientes iluminados. Apostar em <strong>camadas inteligentes<\/strong> eleva o n\u00edvel da produ\u00e7\u00e3o e demonstra um conhecimento profundo sobre harmonia visual e as diretrizes da moda contempor\u00e2nea.<\/p>\n\n\n\n<p>O uso de cintos finos em tons de preto pode quebrar a frieza do look e adicionar um ponto de interesse visual discreto e charmoso. Cal\u00e7ados de couro leg\u00edtimo finalizam a composi\u00e7\u00e3o de maneira impec\u00e1vel e mant\u00eam a <strong>proposta sofisticada<\/strong> desejada por quem segue as principais tend\u00eancias do mercado. Manter o equil\u00edbrio entre as pe\u00e7as largas e ajustadas \u00e9 o grande segredo para uma <strong>est\u00e9tica equilibrada<\/strong> e visualmente agrad\u00e1vel em qualquer situa\u00e7\u00e3o.<\/p>\n\n\n\n<figure class=\"wp-block-embed is-type-rich is-provider-pinterest wp-block-embed-pinterest\"><div class=\"wp-block-embed__wrapper\">\n<iframe loading=\"lazy\" title=\"#look #looks #lookdodia \" src=\"https:\/\/assets.pinterest.com\/ext\/embed.html?id=977914506589270615&#038;src=oembed\" height=\"899\" width=\"450\" frameborder=\"0\" scrolling=\"no\" ><\/iframe>\n<\/div><\/figure>\n\n\n\n<figure class=\"wp-block-embed is-type-rich is-provider-pinterest wp-block-embed-pinterest\"><div class=\"wp-block-embed__wrapper\">\n<iframe loading=\"lazy\" title=\"O tanto que eu amei isso daqui \ud83d\ude2e\u200d\ud83d\udca8\" src=\"https:\/\/assets.pinterest.com\/ext\/embed.html?id=309270699429438988&#038;src=oembed\" height=\"899\" width=\"450\" frameborder=\"0\" scrolling=\"no\" ><\/iframe>\n<\/div><\/figure>\n\n\n\n<h2 class=\"wp-block-heading\">Cal\u00e7a cinza elegante como base do guarda-roupa inteligente<\/h2>\n\n\n\n<p>Ter uma <strong>cal\u00e7a cinza elegante<\/strong> no acervo pessoal significa possuir uma ferramenta poderosa para reduzir drasticamente o tempo gasto na escolha da vestimenta matinal. Ela funciona como um quadro em branco que aceita desde tons vibrantes at\u00e9 as nuances mais suaves da paleta pastel com extrema facilidade. Essa funcionalidade pr\u00e1tica atrai quem deseja um <strong>consumo consciente<\/strong> focado em itens de alta durabilidade e estilo atemporal.<\/p>\n\n\n\n<p>A versatilidade do cinza permite que a mesma pe\u00e7a seja utilizada em todas as esta\u00e7\u00f5es clim\u00e1ticas com apenas alguns pequenos ajustes nos complementos escolhidos. Durante os meses mais frios do ano, ela combina perfeitamente com casacos pesados e botas de couro bastante resistentes contra as baixas temperaturas. J\u00e1 nos per\u00edodos quentes de ver\u00e3o, basta adicionar uma regata leve para manter o <strong>frescor e a eleg\u00e2ncia<\/strong> de forma simult\u00e2nea e muito confort\u00e1vel.<\/p>\n\n\n<div class=\"wp-block-image\">\n<figure class=\"aligncenter size-large\"><img loading=\"lazy\" decoding=\"async\" width=\"1024\" height=\"576\" src=\"https:\/\/www.em.com.br\/emfoco\/wp-content\/uploads\/2026\/04\/Calca-cinza-elegante-1-1024x576.jpg\" alt=\"Cal\u00e7a cinza elegante\" class=\"wp-image-202036\" srcset=\"https:\/\/www.em.com.br\/emfoco\/wp-content\/uploads\/2026\/04\/Calca-cinza-elegante-1-1024x576.jpg 1024w, https:\/\/www.em.com.br\/emfoco\/wp-content\/uploads\/2026\/04\/Calca-cinza-elegante-1-300x169.jpg 300w, https:\/\/www.em.com.br\/emfoco\/wp-content\/uploads\/2026\/04\/Calca-cinza-elegante-1-768x432.jpg 768w, https:\/\/www.em.com.br\/emfoco\/wp-content\/uploads\/2026\/04\/Calca-cinza-elegante-1-750x422.jpg 750w, https:\/\/www.em.com.br\/emfoco\/wp-content\/uploads\/2026\/04\/Calca-cinza-elegante-1-1140x641.jpg 1140w, https:\/\/www.em.com.br\/emfoco\/wp-content\/uploads\/2026\/04\/Calca-cinza-elegante-1.jpg 1280w\" sizes=\"auto, (max-width: 1024px) 100vw, 1024px\" \/><figcaption class=\"wp-element-caption\">A versatilidade do cinza permite que a mesma pe\u00e7a seja utilizada em todas as esta\u00e7\u00f5es clim\u00e1ticas com apenas alguns pequenos ajustes nos complementos escolhidos<\/figcaption><\/figure><\/div>\n\n\n<h2 class=\"wp-block-heading\">Dicas para manter a durabilidade da sua pe\u00e7a<\/h2>\n\n\n\n<p>Lave suas roupas utilizando sempre ciclos delicados para preservar a integridade total das fibras t\u00eaxteis naturais de cada pe\u00e7a. Evite o uso excessivo de m\u00e1quinas secadoras t\u00e9rmicas que podem encolher ou danificar o <strong>tecido refinado<\/strong> de forma permanente e irrevers\u00edvel. Guarde as cal\u00e7as em cabides apropriados para evitar marcas profundas que prejudicam o <strong>caimento perfeito<\/strong> do modelo escolhido para o uso di\u00e1rio.<\/p>\n\n\n\n<p>A manuten\u00e7\u00e3o correta prolonga a vida \u00fatil do item e economiza muitos recursos financeiros para o consumidor consciente a longo prazo. Escolha produtos de limpeza neutros que n\u00e3o alterem a <strong>tonalidade original<\/strong> do cinza escolhido para compor seu guarda-roupa pessoal. Siga as orienta\u00e7\u00f5es t\u00e9cnicas da etiqueta para garantir um <strong>visual impec\u00e1vel<\/strong> em todas as suas futuras apari\u00e7\u00f5es p\u00fablicas em eventos sociais ou profissionais.<\/p>\n","protected":false},"excerpt":{"rendered":"<p>A tradicional cal\u00e7a jeans azul est\u00e1 perdendo seu reinado absoluto para uma nova tonalidade neutra que promete transformar o guarda-roupa moderno de forma definitiva. Esta cal\u00e7a cinza elegante surge como a alternativa ideal para quem busca sofistica\u00e7\u00e3o aliada \u00e0 praticidade nas composi\u00e7\u00f5es fashionistas di\u00e1rias. Por que a cal\u00e7a cinza elegante substitui o jeans A moda [&hellip;]<\/p>\n","protected":false},"author":9,"featured_media":202108,"comment_status":"open","ping_status":"open","sticky":false,"template":"","format":"standard","meta":{"jnews-multi-image_gallery":[],"jnews_single_post":{"format":"standard"},"jnews_primary_category":[],"jnews_social_meta":[],"jnews_override_counter":[],"footnotes":""},"categories":[8819,29],"tags":[13673,17860,18176],"class_list":["post-202028","post","type-post","status-publish","format-standard","has-post-thumbnail","hentry","category-curiosidades","category-entretenimento","tag-estilo-minimalista","tag-moda-2026","tag-tendencias-de-roupas"],"yoast_head":"<!-- This site is optimized with the Yoast SEO plugin v23.8 - https:\/\/yoast.com\/wordpress\/plugins\/seo\/ -->\n<title>Adeus a cal\u00e7a jeans azul, veja como esse tom neutro veio para substituir o b\u00e1sico e dominar 2026 com eleg\u00e2ncia - Estado de Minas - Em foco<\/title>\n<meta name=\"description\" content=\"A cal\u00e7a cinza elegante promete substituir os modelos azuis tradicionais e dominar as vitrines. Veja como adotar essa nova tend\u00eancia de luxo.\" \/>\n<meta name=\"robots\" content=\"index, follow, max-snippet:-1, max-image-preview:large, max-video-preview:-1\" \/>\n<link rel=\"canonical\" href=\"https:\/\/www.em.com.br\/emfoco\/2026\/05\/01\/adeus-a-calca-jeans-azul-veja-como-esse-tom-neutro-veio-para-substituir-o-basico-e-dominar-2026-com-elegancia\/\" \/>\n<meta property=\"og:locale\" content=\"pt_BR\" \/>\n<meta property=\"og:type\" content=\"article\" \/>\n<meta property=\"og:title\" content=\"Adeus a cal\u00e7a jeans azul, veja como esse tom neutro veio para substituir o b\u00e1sico e dominar 2026 com eleg\u00e2ncia - Estado de Minas - Em foco\" \/>\n<meta property=\"og:description\" content=\"A cal\u00e7a cinza elegante promete substituir os modelos azuis tradicionais e dominar as vitrines. Veja como adotar essa nova tend\u00eancia de luxo.\" \/>\n<meta property=\"og:url\" content=\"https:\/\/www.em.com.br\/emfoco\/2026\/05\/01\/adeus-a-calca-jeans-azul-veja-como-esse-tom-neutro-veio-para-substituir-o-basico-e-dominar-2026-com-elegancia\/\" \/>\n<meta property=\"og:site_name\" content=\"Estado de Minas - Em foco\" \/>\n<meta property=\"article:published_time\" content=\"2026-05-01T11:15:00+00:00\" \/>\n<meta property=\"article:modified_time\" content=\"2026-04-30T19:17:13+00:00\" \/>\n<meta property=\"og:image\" content=\"https:\/\/www.em.com.br\/emfoco\/wp-content\/uploads\/2026\/05\/EmFoco_39.jpg\" \/>\n\t<meta property=\"og:image:width\" content=\"1280\" \/>\n\t<meta property=\"og:image:height\" content=\"720\" \/>\n\t<meta property=\"og:image:type\" content=\"image\/jpeg\" \/>\n<meta name=\"author\" content=\"Daniely Cardoso\" \/>\n<meta name=\"twitter:card\" content=\"summary_large_image\" \/>\n<meta name=\"twitter:label1\" content=\"Escrito por\" \/>\n\t<meta name=\"twitter:data1\" content=\"Daniely Cardoso\" \/>\n\t<meta name=\"twitter:label2\" content=\"Est. tempo de leitura\" \/>\n\t<meta name=\"twitter:data2\" content=\"6 minutos\" \/>\n<!-- \/ Yoast SEO plugin. -->","yoast_head_json":{"title":"Adeus a cal\u00e7a jeans azul, veja como esse tom neutro veio para substituir o b\u00e1sico e dominar 2026 com eleg\u00e2ncia - Estado de Minas - Em foco","description":"A cal\u00e7a cinza elegante promete substituir os modelos azuis tradicionais e dominar as vitrines. Veja como adotar essa nova tend\u00eancia de luxo.","robots":{"index":"index","follow":"follow","max-snippet":"max-snippet:-1","max-image-preview":"max-image-preview:large","max-video-preview":"max-video-preview:-1"},"canonical":"https:\/\/www.em.com.br\/emfoco\/2026\/05\/01\/adeus-a-calca-jeans-azul-veja-como-esse-tom-neutro-veio-para-substituir-o-basico-e-dominar-2026-com-elegancia\/","og_locale":"pt_BR","og_type":"article","og_title":"Adeus a cal\u00e7a jeans azul, veja como esse tom neutro veio para substituir o b\u00e1sico e dominar 2026 com eleg\u00e2ncia - Estado de Minas - Em foco","og_description":"A cal\u00e7a cinza elegante promete substituir os modelos azuis tradicionais e dominar as vitrines. Veja como adotar essa nova tend\u00eancia de luxo.","og_url":"https:\/\/www.em.com.br\/emfoco\/2026\/05\/01\/adeus-a-calca-jeans-azul-veja-como-esse-tom-neutro-veio-para-substituir-o-basico-e-dominar-2026-com-elegancia\/","og_site_name":"Estado de Minas - Em foco","article_published_time":"2026-05-01T11:15:00+00:00","article_modified_time":"2026-04-30T19:17:13+00:00","og_image":[{"width":1280,"height":720,"url":"https:\/\/www.em.com.br\/emfoco\/wp-content\/uploads\/2026\/05\/EmFoco_39.jpg","type":"image\/jpeg"}],"author":"Daniely Cardoso","twitter_card":"summary_large_image","twitter_misc":{"Escrito por":"Daniely Cardoso","Est. tempo de leitura":"6 minutos"},"schema":{"@context":"https:\/\/schema.org","@graph":[{"@type":"WebPage","@id":"https:\/\/www.em.com.br\/emfoco\/2026\/05\/01\/adeus-a-calca-jeans-azul-veja-como-esse-tom-neutro-veio-para-substituir-o-basico-e-dominar-2026-com-elegancia\/","url":"https:\/\/www.em.com.br\/emfoco\/2026\/05\/01\/adeus-a-calca-jeans-azul-veja-como-esse-tom-neutro-veio-para-substituir-o-basico-e-dominar-2026-com-elegancia\/","name":"Adeus a cal\u00e7a jeans azul, veja como esse tom neutro veio para substituir o b\u00e1sico e dominar 2026 com eleg\u00e2ncia - Estado de Minas - Em foco","isPartOf":{"@id":"https:\/\/www.em.com.br\/emfoco\/#website"},"primaryImageOfPage":{"@id":"https:\/\/www.em.com.br\/emfoco\/2026\/05\/01\/adeus-a-calca-jeans-azul-veja-como-esse-tom-neutro-veio-para-substituir-o-basico-e-dominar-2026-com-elegancia\/#primaryimage"},"image":{"@id":"https:\/\/www.em.com.br\/emfoco\/2026\/05\/01\/adeus-a-calca-jeans-azul-veja-como-esse-tom-neutro-veio-para-substituir-o-basico-e-dominar-2026-com-elegancia\/#primaryimage"},"thumbnailUrl":"https:\/\/www.em.com.br\/emfoco\/wp-content\/uploads\/2026\/05\/EmFoco_39.jpg","datePublished":"2026-05-01T11:15:00+00:00","dateModified":"2026-04-30T19:17:13+00:00","author":{"@id":"https:\/\/www.em.com.br\/emfoco\/#\/schema\/person\/0a8186d72f2c3a5c6276d90b41f271a0"},"description":"A cal\u00e7a cinza elegante promete substituir os modelos azuis tradicionais e dominar as vitrines. Veja como adotar essa nova tend\u00eancia de luxo.","breadcrumb":{"@id":"https:\/\/www.em.com.br\/emfoco\/2026\/05\/01\/adeus-a-calca-jeans-azul-veja-como-esse-tom-neutro-veio-para-substituir-o-basico-e-dominar-2026-com-elegancia\/#breadcrumb"},"inLanguage":"pt-BR","potentialAction":[{"@type":"ReadAction","target":["https:\/\/www.em.com.br\/emfoco\/2026\/05\/01\/adeus-a-calca-jeans-azul-veja-como-esse-tom-neutro-veio-para-substituir-o-basico-e-dominar-2026-com-elegancia\/"]}]},{"@type":"ImageObject","inLanguage":"pt-BR","@id":"https:\/\/www.em.com.br\/emfoco\/2026\/05\/01\/adeus-a-calca-jeans-azul-veja-como-esse-tom-neutro-veio-para-substituir-o-basico-e-dominar-2026-com-elegancia\/#primaryimage","url":"https:\/\/www.em.com.br\/emfoco\/wp-content\/uploads\/2026\/05\/EmFoco_39.jpg","contentUrl":"https:\/\/www.em.com.br\/emfoco\/wp-content\/uploads\/2026\/05\/EmFoco_39.jpg","width":1280,"height":720,"caption":"Cal\u00e7a cinza substitui jeans unindo neutralidade superior e sofistica\u00e7\u00e3o no vestu\u00e1rio moderno"},{"@type":"BreadcrumbList","@id":"https:\/\/www.em.com.br\/emfoco\/2026\/05\/01\/adeus-a-calca-jeans-azul-veja-como-esse-tom-neutro-veio-para-substituir-o-basico-e-dominar-2026-com-elegancia\/#breadcrumb","itemListElement":[{"@type":"ListItem","position":1,"name":"In\u00edcio","item":"https:\/\/www.em.com.br\/emfoco\/"},{"@type":"ListItem","position":2,"name":"Adeus a cal\u00e7a jeans azul, veja como esse tom neutro veio para substituir o b\u00e1sico e dominar 2026 com eleg\u00e2ncia"}]},{"@type":"WebSite","@id":"https:\/\/www.em.com.br\/emfoco\/#website","url":"https:\/\/www.em.com.br\/emfoco\/","name":"Estado de Minas - Em foco","description":"Acompanhe as \u00faltimas not\u00edcias e fique bem informado sobre tudo o que acontece em Minas Gerais, Brasil e no mundo.","potentialAction":[{"@type":"SearchAction","target":{"@type":"EntryPoint","urlTemplate":"https:\/\/www.em.com.br\/emfoco\/?s={search_term_string}"},"query-input":{"@type":"PropertyValueSpecification","valueRequired":true,"valueName":"search_term_string"}}],"inLanguage":"pt-BR"},{"@type":"Person","@id":"https:\/\/www.em.com.br\/emfoco\/#\/schema\/person\/0a8186d72f2c3a5c6276d90b41f271a0","name":"Daniely Cardoso","image":{"@type":"ImageObject","inLanguage":"pt-BR","@id":"https:\/\/www.em.com.br\/emfoco\/#\/schema\/person\/image\/","url":"https:\/\/secure.gravatar.com\/avatar\/4b80ddbd124d1f071b626d52d62e5dff?s=96&d=mm&r=g","contentUrl":"https:\/\/secure.gravatar.com\/avatar\/4b80ddbd124d1f071b626d52d62e5dff?s=96&d=mm&r=g","caption":"Daniely Cardoso"},"url":"https:\/\/www.em.com.br\/emfoco\/author\/danielymyth\/"}]}},"_links":{"self":[{"href":"https:\/\/www.em.com.br\/emfoco\/wp-json\/wp\/v2\/posts\/202028","targetHints":{"allow":["GET"]}}],"collection":[{"href":"https:\/\/www.em.com.br\/emfoco\/wp-json\/wp\/v2\/posts"}],"about":[{"href":"https:\/\/www.em.com.br\/emfoco\/wp-json\/wp\/v2\/types\/post"}],"author":[{"embeddable":true,"href":"https:\/\/www.em.com.br\/emfoco\/wp-json\/wp\/v2\/users\/9"}],"replies":[{"embeddable":true,"href":"https:\/\/www.em.com.br\/emfoco\/wp-json\/wp\/v2\/comments?post=202028"}],"version-history":[{"count":1,"href":"https:\/\/www.em.com.br\/emfoco\/wp-json\/wp\/v2\/posts\/202028\/revisions"}],"predecessor-version":[{"id":202037,"href":"https:\/\/www.em.com.br\/emfoco\/wp-json\/wp\/v2\/posts\/202028\/revisions\/202037"}],"wp:featuredmedia":[{"embeddable":true,"href":"https:\/\/www.em.com.br\/emfoco\/wp-json\/wp\/v2\/media\/202108"}],"wp:attachment":[{"href":"https:\/\/www.em.com.br\/emfoco\/wp-json\/wp\/v2\/media?parent=202028"}],"wp:term":[{"taxonomy":"category","embeddable":true,"href":"https:\/\/www.em.com.br\/emfoco\/wp-json\/wp\/v2\/categories?post=202028"},{"taxonomy":"post_tag","embeddable":true,"href":"https:\/\/www.em.com.br\/emfoco\/wp-json\/wp\/v2\/tags?post=202028"}],"curies":[{"name":"wp","href":"https:\/\/api.w.org\/{rel}","templated":true}]}}