{"id":202024,"date":"2026-05-01T04:58:00","date_gmt":"2026-05-01T07:58:00","guid":{"rendered":"https:\/\/www.em.com.br\/emfoco\/?p=202024"},"modified":"2026-05-01T04:43:37","modified_gmt":"2026-05-01T07:43:37","slug":"motoristas-com-cnh-categoria-b-serao-impactados-pelas-novas-regras-de-transito","status":"publish","type":"post","link":"https:\/\/www.em.com.br\/emfoco\/2026\/05\/01\/motoristas-com-cnh-categoria-b-serao-impactados-pelas-novas-regras-de-transito\/","title":{"rendered":"Motoristas com CNH categoria B ser\u00e3o impactados pelas novas regras de tr\u00e2nsito"},"content":{"rendered":"\n<div style=\"background-color: #f8f9fa; border-left: 4px solid #1a6abf; border-radius: 8px; padding: 20px 24px; margin: 0 auto 8px auto; max-width: 680px; font-family: 'Georgia', serif; box-shadow: 0 2px 8px rgba(26,106,191,0.08);\">\r\n  <p style=\"margin: 0 0 12px 0; font-size: 13px; font-weight: 700; color: #1a6abf; letter-spacing: 0.08em; text-transform: uppercase;\">Destaques<\/p>\r\n  <div style=\"display: flex; flex-direction: column; gap: 10px;\">\r\n    <div style=\"background: #ffffff; border-radius: 6px; padding: 12px 16px; border: 1px solid #e2e8f0;\">\r\n      <span style=\"font-size: 14px; color: #1a1a1a; line-height: 1.5;\"><strong>Pr\u00e1tica cai de 20h para 2h:<\/strong> a carga m\u00ednima de aulas pr\u00e1ticas obrigat\u00f3rias foi reduzida drasticamente pela nova resolu\u00e7\u00e3o.<\/span>\r\n    <\/div>\r\n    <div style=\"background: #ffffff; border-radius: 6px; padding: 12px 16px; border: 1px solid #e2e8f0;\">\r\n      <span style=\"font-size: 14px; color: #1a1a1a; line-height: 1.5;\"><strong>Autoescola deixa de ser obrigat\u00f3ria:<\/strong> pela primeira vez, o candidato pode se formar sem se matricular em um CFC tradicional.<\/span>\r\n    <\/div>\r\n    <div style=\"background: #ffffff; border-radius: 6px; padding: 12px 16px; border: 1px solid #e2e8f0;\">\r\n      <span style=\"font-size: 14px; color: #1a1a1a; line-height: 1.5;\"><strong>Curso te\u00f3rico gratuito:<\/strong> a plataforma oficial CNH do Brasil oferece o conte\u00fado online sem custo, e o prazo de 12 meses para concluir o processo foi eliminado.<\/span>\r\n    <\/div>\r\n  <\/div>\r\n<\/div>\n\n\n\n<p>Quem sempre adiou a <strong>CNH categoria B<\/strong> por causa do custo, da burocracia ou da dificuldade de encaixar as aulas na rotina tem boas raz\u00f5es para rever esse plano agora. As novas regras de habilita\u00e7\u00e3o representam a maior transforma\u00e7\u00e3o no processo de forma\u00e7\u00e3o de condutores desde o C\u00f3digo de Tr\u00e2nsito Brasileiro de 1997, e os n\u00fameros concretos impressionam.<\/p>\n\n\n\n<h2 class=\"wp-block-heading\">A resolu\u00e7\u00e3o que quebrou d\u00e9cadas de um mesmo modelo<\/h2>\n\n\n\n<p>O ponto de partida \u00e9 a <a href=\"https:\/\/www.in.gov.br\/web\/dou\/-\/resolucao-contran-n-1.020-de-1-de-dezembro-de-2025-674131330\" target=\"_blank\" rel=\"noreferrer noopener\">Resolu\u00e7\u00e3o Contran n\u00ba 1.020\/2025<\/a>, publicada em edi\u00e7\u00e3o extra do Di\u00e1rio Oficial da Uni\u00e3o em dezembro de 2025. Ela reorganizou procedimentos de aprendizagem, habilita\u00e7\u00e3o e emiss\u00e3o de documentos em todo o Brasil, mexendo em pontos que permaneciam praticamente intocados h\u00e1 quase 30 anos.<\/p>\n\n\n\n<p>Na pr\u00e1tica, a resolu\u00e7\u00e3o desfez o monop\u00f3lio que os Centros de Forma\u00e7\u00e3o de Condutores (CFCs) tinham sobre o processo. Pela primeira vez, um candidato pode tirar a <strong>carteira de motorista<\/strong> sem se matricular em autoescola, desde que cumpra as exig\u00eancias oficiais de avalia\u00e7\u00e3o.<\/p>\n\n\n\n<figure class=\"wp-block-image size-large\"><img loading=\"lazy\" decoding=\"async\" width=\"1024\" height=\"576\" src=\"https:\/\/www.em.com.br\/emfoco\/wp-content\/uploads\/2026\/05\/Bulbo-aromatico-conhecido-como-antibiotico-da-terra-e-muito-simples-de-cultivar-em-casa-veja-as-dicas-do-Receitas-de-Peso-para-plantar-em-potes-reciclaveis-1-1024x576.jpg\" alt=\"Motoristas com CNH categoria B ser\u00e3o impactados pelas novas regras de tr\u00e2nsito\" class=\"wp-image-202555\" srcset=\"https:\/\/www.em.com.br\/emfoco\/wp-content\/uploads\/2026\/05\/Bulbo-aromatico-conhecido-como-antibiotico-da-terra-e-muito-simples-de-cultivar-em-casa-veja-as-dicas-do-Receitas-de-Peso-para-plantar-em-potes-reciclaveis-1-1024x576.jpg 1024w, https:\/\/www.em.com.br\/emfoco\/wp-content\/uploads\/2026\/05\/Bulbo-aromatico-conhecido-como-antibiotico-da-terra-e-muito-simples-de-cultivar-em-casa-veja-as-dicas-do-Receitas-de-Peso-para-plantar-em-potes-reciclaveis-1-300x169.jpg 300w, https:\/\/www.em.com.br\/emfoco\/wp-content\/uploads\/2026\/05\/Bulbo-aromatico-conhecido-como-antibiotico-da-terra-e-muito-simples-de-cultivar-em-casa-veja-as-dicas-do-Receitas-de-Peso-para-plantar-em-potes-reciclaveis-1-768x432.jpg 768w, https:\/\/www.em.com.br\/emfoco\/wp-content\/uploads\/2026\/05\/Bulbo-aromatico-conhecido-como-antibiotico-da-terra-e-muito-simples-de-cultivar-em-casa-veja-as-dicas-do-Receitas-de-Peso-para-plantar-em-potes-reciclaveis-1-750x422.jpg 750w, https:\/\/www.em.com.br\/emfoco\/wp-content\/uploads\/2026\/05\/Bulbo-aromatico-conhecido-como-antibiotico-da-terra-e-muito-simples-de-cultivar-em-casa-veja-as-dicas-do-Receitas-de-Peso-para-plantar-em-potes-reciclaveis-1-1140x641.jpg 1140w, https:\/\/www.em.com.br\/emfoco\/wp-content\/uploads\/2026\/05\/Bulbo-aromatico-conhecido-como-antibiotico-da-terra-e-muito-simples-de-cultivar-em-casa-veja-as-dicas-do-Receitas-de-Peso-para-plantar-em-potes-reciclaveis-1.jpg 1280w\" sizes=\"auto, (max-width: 1024px) 100vw, 1024px\" \/><figcaption class=\"wp-element-caption\">A carga pr\u00e1tica m\u00ednima cai drasticamente<\/figcaption><\/figure>\n\n\n\n<h2 class=\"wp-block-heading\">De 20 horas para 2: o n\u00famero que resume tudo<\/h2>\n\n\n\n<p>A mudan\u00e7a mais impactante est\u00e1 na carga hor\u00e1ria pr\u00e1tica. Antes, o candidato \u00e0 <strong>habilita\u00e7\u00e3o categoria B<\/strong> precisava cumprir <strong>20 horas de aulas pr\u00e1ticas obrigat\u00f3rias<\/strong>. Com a nova resolu\u00e7\u00e3o, esse m\u00ednimo caiu para <strong>apenas 2 horas<\/strong>, confirmadas por Detrans de v\u00e1rios estados, como <a href=\"https:\/\/detran.es.gov.br\/Not%C3%ADcia\/detran-es-esclarece-mudancas-no-processo-de-habilitacao\" target=\"_blank\" rel=\"noreferrer noopener\">Detran-ES<\/a> e <a href=\"https:\/\/www.detran.pr.gov.br\/Pagina\/Informacoes-sobre-mudancas-no-processo-de-habilitacao-Resolucao-Contran-10202025\" target=\"_blank\" rel=\"noreferrer noopener\">Detran-PR<\/a>.<\/p>\n\n\n\n<p>Isso n\u00e3o significa que duas horas sejam suficientes para qualquer candidato se sentir seguro ao volante. A recomenda\u00e7\u00e3o dos pr\u00f3prios \u00f3rg\u00e3os de tr\u00e2nsito \u00e9 que cada motorista avalie honestamente seu n\u00edvel de preparo antes de marcar o exame pr\u00e1tico. O m\u00ednimo legal mudou, mas a responsabilidade de chegar preparado continua sendo do candidato.<\/p>\n\n\n\n<h2 class=\"wp-block-heading\">O que mais virou de cabe\u00e7a para baixo nesse processo<\/h2>\n\n\n\n<p>Al\u00e9m da redu\u00e7\u00e3o na carga pr\u00e1tica, outras mudan\u00e7as relevantes reorganizaram etapas que muita gente conhecia de cor. Os pontos mais significativos s\u00e3o:<\/p>\n\n\n\n<ul class=\"wp-block-list\">\n<li><strong>Fim da carga te\u00f3rica obrigat\u00f3ria de 45 horas:<\/strong> a exig\u00eancia foi eliminada. O foco passa a ser a aprova\u00e7\u00e3o nas avalia\u00e7\u00f5es de conte\u00fado, n\u00e3o o n\u00famero de horas cumpridas.<\/li>\n\n\n\n<li><strong>Curso te\u00f3rico gratuito online:<\/strong> o aplicativo oficial <em>CNH do Brasil<\/em>, disponibilizado pela Senatran, oferece o conte\u00fado sem custo para quem preferir estudar fora da autoescola.<\/li>\n\n\n\n<li><strong>Instrutor aut\u00f4nomo credenciado:<\/strong> as aulas pr\u00e1ticas podem ser feitas com um instrutor independente autorizado pelo Detran, sem necessidade de v\u00ednculo com uma autoescola tradicional.<\/li>\n\n\n\n<li><strong>Fim do prazo de 12 meses:<\/strong> o tempo m\u00e1ximo para concluir o processo de primeira habilita\u00e7\u00e3o deixou de existir, permitindo que o candidato avance no pr\u00f3prio ritmo sem perder etapas j\u00e1 conclu\u00eddas.<\/li>\n\n\n\n<li><strong>Uso de ve\u00edculo pr\u00f3prio:<\/strong> em alguns estados, j\u00e1 \u00e9 permitido usar o carro do pr\u00f3prio candidato nas aulas pr\u00e1ticas, mediante identifica\u00e7\u00e3o, o que reduz custos com aluguel de ve\u00edculo do CFC.<\/li>\n<\/ul>\n\n\n\n<div style=\"background-color: #f8f9fa; border-radius: 8px; padding: 20px 24px; margin: 0 auto 8px auto; max-width: 680px; font-family: 'Georgia', serif; box-shadow: 0 2px 8px rgba(26,106,191,0.08); border: 1px solid #e2e8f0;\">\r\n  <p style=\"margin: 0 0 14px 0; font-size: 13px; font-weight: 700; color: #1a6abf; letter-spacing: 0.08em; text-transform: uppercase;\">Pontos-chave<\/p>\r\n  <div style=\"display: grid; grid-template-columns: repeat(auto-fit, minmax(180px, 1fr)); gap: 12px;\">\r\n    <div style=\"background: #ffffff; border-radius: 6px; padding: 14px 16px; border: 1px solid #e2e8f0; text-align: center;\">\r\n      <div style=\"font-size: 26px; margin-bottom: 8px;\">\ud83d\ude97<\/div>\r\n      <p style=\"margin: 0 0 4px 0; font-size: 13px; font-weight: 700; color: #1a1a1a;\">Pr\u00e1tica m\u00ednima: 2 horas<\/p>\r\n      <p style=\"margin: 0; font-size: 13px; color: #4a5568; line-height: 1.5;\">Queda de 20 para 2 horas obrigat\u00f3rias de dire\u00e7\u00e3o na categoria B.<\/p>\r\n    <\/div>\r\n    <div style=\"background: #ffffff; border-radius: 6px; padding: 14px 16px; border: 1px solid #e2e8f0; text-align: center;\">\r\n      <div style=\"font-size: 26px; margin-bottom: 8px;\">\ud83d\udcda<\/div>\r\n      <p style=\"margin: 0 0 4px 0; font-size: 13px; font-weight: 700; color: #1a1a1a;\">Teoria gratuita<\/p>\r\n      <p style=\"margin: 0; font-size: 13px; color: #4a5568; line-height: 1.5;\">Curso te\u00f3rico dispon\u00edvel gratuitamente no aplicativo CNH do Brasil.<\/p>\r\n    <\/div>\r\n    <div style=\"background: #ffffff; border-radius: 6px; padding: 14px 16px; border: 1px solid #e2e8f0; text-align: center;\">\r\n      <div style=\"font-size: 26px; margin-bottom: 8px;\">\u23f3<\/div>\r\n      <p style=\"margin: 0 0 4px 0; font-size: 13px; font-weight: 700; color: #1a1a1a;\">Sem prazo<\/p>\r\n      <p style=\"margin: 0; font-size: 13px; color: #4a5568; line-height: 1.5;\">O limite de 12 meses para concluir a primeira habilita\u00e7\u00e3o foi extinto.<\/p>\r\n    <\/div>\r\n  <\/div>\r\n<\/div>\n\n\n\n<h2 class=\"wp-block-heading\">Quanto isso pode mudar no seu bolso<\/h2>\n\n\n\n<p>Com autoescola obrigat\u00f3ria, o custo total do processo de <strong>habilita\u00e7\u00e3o<\/strong> girava entre R$ 2.500 e R$ 5.000, dependendo do estado e do n\u00famero de aulas pr\u00e1ticas contratadas. Com as novas regras, o governo federal projeta que o processo possa sair entre <strong>R$ 400 e R$ 800<\/strong>, considerando apenas as taxas oficiais e um m\u00ednimo de aulas com instrutor aut\u00f4nomo.<\/p>\n\n\n\n<p>Para os cerca de 20 milh\u00f5es de brasileiros que dirigem sem <strong>CNH<\/strong> principalmente por causa do custo, segundo dados do Minist\u00e9rio dos Transportes, essa mudan\u00e7a pode representar finalmente uma sa\u00edda vi\u00e1vel para regularizar a situa\u00e7\u00e3o no tr\u00e2nsito.<\/p>\n\n\n\n<blockquote class=\"instagram-media\" data-instgrm-permalink=\"https:\/\/www.instagram.com\/p\/DWQ9NmGEdjp\/?utm_source=ig_embed&amp;utm_campaign=loading\" data-instgrm-version=\"14\" style=\" background:#FFF; border:0; border-radius:3px; box-shadow:0 0 1px 0 rgba(0,0,0,0.5),0 1px 10px 0 rgba(0,0,0,0.15); margin: 1px; max-width:540px; min-width:326px; padding:0; width:99.375%; width:-webkit-calc(100% - 2px); width:calc(100% - 2px);\"><div style=\"padding:16px;\"> <a href=\"https:\/\/www.instagram.com\/p\/DWQ9NmGEdjp\/?utm_source=ig_embed&amp;utm_campaign=loading\" style=\" background:#FFFFFF; line-height:0; padding:0 0; text-align:center; text-decoration:none; width:100%;\" target=\"_blank\"> <div style=\" display: flex; flex-direction: row; align-items: center;\"> <div style=\"background-color: #F4F4F4; border-radius: 50%; flex-grow: 0; height: 40px; margin-right: 14px; width: 40px;\"><\/div> <div style=\"display: flex; flex-direction: column; flex-grow: 1; justify-content: center;\"> <div style=\" background-color: #F4F4F4; border-radius: 4px; flex-grow: 0; height: 14px; margin-bottom: 6px; width: 100px;\"><\/div> <div style=\" background-color: #F4F4F4; border-radius: 4px; flex-grow: 0; height: 14px; width: 60px;\"><\/div><\/div><\/div><div style=\"padding: 19% 0;\"><\/div> <div style=\"display:block; height:50px; margin:0 auto 12px; width:50px;\"><svg width=\"50px\" height=\"50px\" viewBox=\"0 0 60 60\" version=\"1.1\" xmlns=\"https:\/\/www.w3.org\/2000\/svg\" xmlns:xlink=\"https:\/\/www.w3.org\/1999\/xlink\"><g stroke=\"none\" stroke-width=\"1\" fill=\"none\" fill-rule=\"evenodd\"><g transform=\"translate(-511.000000, -20.000000)\" fill=\"#000000\"><g><path d=\"M556.869,30.41 C554.814,30.41 553.148,32.076 553.148,34.131 C553.148,36.186 554.814,37.852 556.869,37.852 C558.924,37.852 560.59,36.186 560.59,34.131 C560.59,32.076 558.924,30.41 556.869,30.41 M541,60.657 C535.114,60.657 530.342,55.887 530.342,50 C530.342,44.114 535.114,39.342 541,39.342 C546.887,39.342 551.658,44.114 551.658,50 C551.658,55.887 546.887,60.657 541,60.657 M541,33.886 C532.1,33.886 524.886,41.1 524.886,50 C524.886,58.899 532.1,66.113 541,66.113 C549.9,66.113 557.115,58.899 557.115,50 C557.115,41.1 549.9,33.886 541,33.886 M565.378,62.101 C565.244,65.022 564.756,66.606 564.346,67.663 C563.803,69.06 563.154,70.057 562.106,71.106 C561.058,72.155 560.06,72.803 558.662,73.347 C557.607,73.757 556.021,74.244 553.102,74.378 C549.944,74.521 548.997,74.552 541,74.552 C533.003,74.552 532.056,74.521 528.898,74.378 C525.979,74.244 524.393,73.757 523.338,73.347 C521.94,72.803 520.942,72.155 519.894,71.106 C518.846,70.057 518.197,69.06 517.654,67.663 C517.244,66.606 516.755,65.022 516.623,62.101 C516.479,58.943 516.448,57.996 516.448,50 C516.448,42.003 516.479,41.056 516.623,37.899 C516.755,34.978 517.244,33.391 517.654,32.338 C518.197,30.938 518.846,29.942 519.894,28.894 C520.942,27.846 521.94,27.196 523.338,26.654 C524.393,26.244 525.979,25.756 528.898,25.623 C532.057,25.479 533.004,25.448 541,25.448 C548.997,25.448 549.943,25.479 553.102,25.623 C556.021,25.756 557.607,26.244 558.662,26.654 C560.06,27.196 561.058,27.846 562.106,28.894 C563.154,29.942 563.803,30.938 564.346,32.338 C564.756,33.391 565.244,34.978 565.378,37.899 C565.522,41.056 565.552,42.003 565.552,50 C565.552,57.996 565.522,58.943 565.378,62.101 M570.82,37.631 C570.674,34.438 570.167,32.258 569.425,30.349 C568.659,28.377 567.633,26.702 565.965,25.035 C564.297,23.368 562.623,22.342 560.652,21.575 C558.743,20.834 556.562,20.326 553.369,20.18 C550.169,20.033 549.148,20 541,20 C532.853,20 531.831,20.033 528.631,20.18 C525.438,20.326 523.257,20.834 521.349,21.575 C519.376,22.342 517.703,23.368 516.035,25.035 C514.368,26.702 513.342,28.377 512.574,30.349 C511.834,32.258 511.326,34.438 511.181,37.631 C511.035,40.831 511,41.851 511,50 C511,58.147 511.035,59.17 511.181,62.369 C511.326,65.562 511.834,67.743 512.574,69.651 C513.342,71.625 514.368,73.296 516.035,74.965 C517.703,76.634 519.376,77.658 521.349,78.425 C523.257,79.167 525.438,79.673 528.631,79.82 C531.831,79.965 532.853,80.001 541,80.001 C549.148,80.001 550.169,79.965 553.369,79.82 C556.562,79.673 558.743,79.167 560.652,78.425 C562.623,77.658 564.297,76.634 565.965,74.965 C567.633,73.296 568.659,71.625 569.425,69.651 C570.167,67.743 570.674,65.562 570.82,62.369 C570.966,59.17 571,58.147 571,50 C571,41.851 570.966,40.831 570.82,37.631\"><\/path><\/g><\/g><\/g><\/svg><\/div><div style=\"padding-top: 8px;\"> <div style=\" color:#3897f0; font-family:Arial,sans-serif; font-size:14px; font-style:normal; font-weight:550; line-height:18px;\">Ver esta publica\u00e7\u00e3o no Instagram<\/div><\/div><div style=\"padding: 12.5% 0;\"><\/div> <div style=\"display: flex; flex-direction: row; margin-bottom: 14px; align-items: center;\"><div> <div style=\"background-color: #F4F4F4; border-radius: 50%; height: 12.5px; width: 12.5px; transform: translateX(0px) translateY(7px);\"><\/div> <div style=\"background-color: #F4F4F4; height: 12.5px; transform: rotate(-45deg) translateX(3px) translateY(1px); width: 12.5px; flex-grow: 0; margin-right: 14px; margin-left: 2px;\"><\/div> <div style=\"background-color: #F4F4F4; border-radius: 50%; height: 12.5px; width: 12.5px; transform: translateX(9px) translateY(-18px);\"><\/div><\/div><div style=\"margin-left: 8px;\"> <div style=\" background-color: #F4F4F4; border-radius: 50%; flex-grow: 0; height: 20px; width: 20px;\"><\/div> <div style=\" width: 0; height: 0; border-top: 2px solid transparent; border-left: 6px solid #f4f4f4; border-bottom: 2px solid transparent; transform: translateX(16px) translateY(-4px) rotate(30deg)\"><\/div><\/div><div style=\"margin-left: auto;\"> <div style=\" width: 0px; border-top: 8px solid #F4F4F4; border-right: 8px solid transparent; transform: translateY(16px);\"><\/div> <div style=\" background-color: #F4F4F4; flex-grow: 0; height: 12px; width: 16px; transform: translateY(-4px);\"><\/div> <div style=\" width: 0; height: 0; border-top: 8px solid #F4F4F4; border-left: 8px solid transparent; transform: translateY(-4px) translateX(8px);\"><\/div><\/div><\/div> <div style=\"display: flex; flex-direction: column; flex-grow: 1; justify-content: center; margin-bottom: 24px;\"> <div style=\" background-color: #F4F4F4; border-radius: 4px; flex-grow: 0; height: 14px; margin-bottom: 6px; width: 224px;\"><\/div> <div style=\" background-color: #F4F4F4; border-radius: 4px; flex-grow: 0; height: 14px; width: 144px;\"><\/div><\/div><\/a><p style=\" color:#c9c8cd; font-family:Arial,sans-serif; font-size:14px; line-height:17px; margin-bottom:0; margin-top:8px; overflow:hidden; padding:8px 0 7px; text-align:center; text-overflow:ellipsis; white-space:nowrap;\"><a href=\"https:\/\/www.instagram.com\/p\/DWQ9NmGEdjp\/?utm_source=ig_embed&amp;utm_campaign=loading\" style=\" color:#c9c8cd; font-family:Arial,sans-serif; font-size:14px; font-style:normal; font-weight:normal; line-height:17px; text-decoration:none;\" target=\"_blank\">Uma publica\u00e7\u00e3o partilhada por Governo do Brasil (@govbr)<\/a><\/p><\/div><\/blockquote>\n<script async src=\"\/\/www.instagram.com\/embed.js\"><\/script>\n\n\n\n<h2 class=\"wp-block-heading\">O que n\u00e3o muda e ainda exige aten\u00e7\u00e3o<\/h2>\n\n\n\n<p>Flexibilizar n\u00e3o significa eliminar crit\u00e9rios. Os exames m\u00e9dico e psicot\u00e9cnico continuam obrigat\u00f3rios, a prova te\u00f3rica e o exame pr\u00e1tico de dire\u00e7\u00e3o seguem como etapas inegoci\u00e1veis, e as penalidades do <a href=\"https:\/\/www.planalto.gov.br\/ccivil_03\/leis\/l9503compilado.htm\" target=\"_blank\" rel=\"noreferrer noopener\">C\u00f3digo de Tr\u00e2nsito Brasileiro<\/a> permanecem intactas. Al\u00e9m disso, como cada Detran estadual implementa as regras no seu pr\u00f3prio ritmo, vale acompanhar os canais oficiais do \u00f3rg\u00e3o de tr\u00e2nsito do seu estado para confirmar o que j\u00e1 est\u00e1 dispon\u00edvel na sua regi\u00e3o.<\/p>\n\n\n\n<p>A nova fase da <strong>CNH categoria B<\/strong> n\u00e3o \u00e9 apenas uma atualiza\u00e7\u00e3o de formul\u00e1rio. \u00c9 uma mudan\u00e7a estrutural que altera quem pode acessar o processo, quanto vai custar e em quanto tempo pode ser conclu\u00eddo, com consequ\u00eancias reais para milh\u00f5es de brasileiros.<\/p>\n\n\n\n<p>Se voc\u00ea conhece algu\u00e9m que est\u00e1 pensando em tirar a CNH ou ainda tem d\u00favidas sobre o que realmente mudou, compartilhe este texto para ajudar a esclarecer cada ponto.<\/p>\n","protected":false},"excerpt":{"rendered":"<p>Destaques Pr\u00e1tica cai de 20h para 2h: a carga m\u00ednima de aulas pr\u00e1ticas obrigat\u00f3rias foi reduzida drasticamente pela nova resolu\u00e7\u00e3o. Autoescola deixa de ser obrigat\u00f3ria: pela primeira vez, o candidato pode se formar sem se matricular em um CFC tradicional. Curso te\u00f3rico gratuito: a plataforma oficial CNH do Brasil oferece o conte\u00fado online sem custo, [&hellip;]<\/p>\n","protected":false},"author":5,"featured_media":202554,"comment_status":"open","ping_status":"open","sticky":false,"template":"","format":"standard","meta":{"jnews-multi-image_gallery":[],"jnews_single_post":{"format":"standard"},"jnews_primary_category":[],"jnews_social_meta":[],"jnews_override_counter":[],"footnotes":""},"categories":[1],"tags":[28352,28354,28353,28355],"class_list":["post-202024","post","type-post","status-publish","format-standard","has-post-thumbnail","hentry","category-noticias","tag-cnh-categoria-b","tag-habilitacao-2025","tag-novas-regras-cnh","tag-processo-cnh"],"yoast_head":"<!-- This site is optimized with the Yoast SEO plugin v23.8 - https:\/\/yoast.com\/wordpress\/plugins\/seo\/ -->\n<title>Motoristas com CNH categoria B ser\u00e3o impactados pelas novas regras de tr\u00e2nsito - Estado de Minas - Em foco<\/title>\n<meta name=\"description\" content=\"Um novo modelo come\u00e7a a transformar a forma como muita gente se prepara, trazendo caminhos mais simples e op\u00e7\u00f5es diferentes.\" \/>\n<meta name=\"robots\" content=\"index, follow, max-snippet:-1, max-image-preview:large, max-video-preview:-1\" \/>\n<link rel=\"canonical\" href=\"https:\/\/www.em.com.br\/emfoco\/2026\/05\/01\/motoristas-com-cnh-categoria-b-serao-impactados-pelas-novas-regras-de-transito\/\" \/>\n<meta property=\"og:locale\" content=\"pt_BR\" \/>\n<meta property=\"og:type\" content=\"article\" \/>\n<meta property=\"og:title\" content=\"Motoristas com CNH categoria B ser\u00e3o impactados pelas novas regras de tr\u00e2nsito - Estado de Minas - Em foco\" \/>\n<meta property=\"og:description\" content=\"Um novo modelo come\u00e7a a transformar a forma como muita gente se prepara, trazendo caminhos mais simples e op\u00e7\u00f5es diferentes.\" \/>\n<meta property=\"og:url\" content=\"https:\/\/www.em.com.br\/emfoco\/2026\/05\/01\/motoristas-com-cnh-categoria-b-serao-impactados-pelas-novas-regras-de-transito\/\" \/>\n<meta property=\"og:site_name\" content=\"Estado de Minas - Em foco\" \/>\n<meta property=\"article:published_time\" content=\"2026-05-01T07:58:00+00:00\" \/>\n<meta property=\"article:modified_time\" content=\"2026-05-01T07:43:37+00:00\" \/>\n<meta property=\"og:image\" content=\"https:\/\/www.em.com.br\/emfoco\/wp-content\/uploads\/2026\/05\/Bulbo-aromatico-conhecido-como-antibiotico-da-terra-e-muito-simples-de-cultivar-em-casa-veja-as-dicas-do-Receitas-de-Peso-para-plantar-em-potes-reciclaveis-2.jpg\" \/>\n\t<meta property=\"og:image:width\" content=\"1280\" \/>\n\t<meta property=\"og:image:height\" content=\"720\" \/>\n\t<meta property=\"og:image:type\" content=\"image\/jpeg\" \/>\n<meta name=\"author\" content=\"N\u00fabia Rangel\" \/>\n<meta name=\"twitter:card\" content=\"summary_large_image\" \/>\n<meta name=\"twitter:label1\" content=\"Escrito por\" \/>\n\t<meta name=\"twitter:data1\" content=\"N\u00fabia Rangel\" \/>\n\t<meta name=\"twitter:label2\" content=\"Est. tempo de leitura\" \/>\n\t<meta name=\"twitter:data2\" content=\"5 minutos\" \/>\n<!-- \/ Yoast SEO plugin. -->","yoast_head_json":{"title":"Motoristas com CNH categoria B ser\u00e3o impactados pelas novas regras de tr\u00e2nsito - Estado de Minas - Em foco","description":"Um novo modelo come\u00e7a a transformar a forma como muita gente se prepara, trazendo caminhos mais simples e op\u00e7\u00f5es diferentes.","robots":{"index":"index","follow":"follow","max-snippet":"max-snippet:-1","max-image-preview":"max-image-preview:large","max-video-preview":"max-video-preview:-1"},"canonical":"https:\/\/www.em.com.br\/emfoco\/2026\/05\/01\/motoristas-com-cnh-categoria-b-serao-impactados-pelas-novas-regras-de-transito\/","og_locale":"pt_BR","og_type":"article","og_title":"Motoristas com CNH categoria B ser\u00e3o impactados pelas novas regras de tr\u00e2nsito - Estado de Minas - Em foco","og_description":"Um novo modelo come\u00e7a a transformar a forma como muita gente se prepara, trazendo caminhos mais simples e op\u00e7\u00f5es diferentes.","og_url":"https:\/\/www.em.com.br\/emfoco\/2026\/05\/01\/motoristas-com-cnh-categoria-b-serao-impactados-pelas-novas-regras-de-transito\/","og_site_name":"Estado de Minas - Em foco","article_published_time":"2026-05-01T07:58:00+00:00","article_modified_time":"2026-05-01T07:43:37+00:00","og_image":[{"width":1280,"height":720,"url":"https:\/\/www.em.com.br\/emfoco\/wp-content\/uploads\/2026\/05\/Bulbo-aromatico-conhecido-como-antibiotico-da-terra-e-muito-simples-de-cultivar-em-casa-veja-as-dicas-do-Receitas-de-Peso-para-plantar-em-potes-reciclaveis-2.jpg","type":"image\/jpeg"}],"author":"N\u00fabia Rangel","twitter_card":"summary_large_image","twitter_misc":{"Escrito por":"N\u00fabia Rangel","Est. tempo de leitura":"5 minutos"},"schema":{"@context":"https:\/\/schema.org","@graph":[{"@type":"WebPage","@id":"https:\/\/www.em.com.br\/emfoco\/2026\/05\/01\/motoristas-com-cnh-categoria-b-serao-impactados-pelas-novas-regras-de-transito\/","url":"https:\/\/www.em.com.br\/emfoco\/2026\/05\/01\/motoristas-com-cnh-categoria-b-serao-impactados-pelas-novas-regras-de-transito\/","name":"Motoristas com CNH categoria B ser\u00e3o impactados pelas novas regras de tr\u00e2nsito - Estado de Minas - Em foco","isPartOf":{"@id":"https:\/\/www.em.com.br\/emfoco\/#website"},"primaryImageOfPage":{"@id":"https:\/\/www.em.com.br\/emfoco\/2026\/05\/01\/motoristas-com-cnh-categoria-b-serao-impactados-pelas-novas-regras-de-transito\/#primaryimage"},"image":{"@id":"https:\/\/www.em.com.br\/emfoco\/2026\/05\/01\/motoristas-com-cnh-categoria-b-serao-impactados-pelas-novas-regras-de-transito\/#primaryimage"},"thumbnailUrl":"https:\/\/www.em.com.br\/emfoco\/wp-content\/uploads\/2026\/05\/Bulbo-aromatico-conhecido-como-antibiotico-da-terra-e-muito-simples-de-cultivar-em-casa-veja-as-dicas-do-Receitas-de-Peso-para-plantar-em-potes-reciclaveis-2.jpg","datePublished":"2026-05-01T07:58:00+00:00","dateModified":"2026-05-01T07:43:37+00:00","author":{"@id":"https:\/\/www.em.com.br\/emfoco\/#\/schema\/person\/524437ef54f8a5d32591b143307f2e20"},"description":"Um novo modelo come\u00e7a a transformar a forma como muita gente se prepara, trazendo caminhos mais simples e op\u00e7\u00f5es diferentes.","breadcrumb":{"@id":"https:\/\/www.em.com.br\/emfoco\/2026\/05\/01\/motoristas-com-cnh-categoria-b-serao-impactados-pelas-novas-regras-de-transito\/#breadcrumb"},"inLanguage":"pt-BR","potentialAction":[{"@type":"ReadAction","target":["https:\/\/www.em.com.br\/emfoco\/2026\/05\/01\/motoristas-com-cnh-categoria-b-serao-impactados-pelas-novas-regras-de-transito\/"]}]},{"@type":"ImageObject","inLanguage":"pt-BR","@id":"https:\/\/www.em.com.br\/emfoco\/2026\/05\/01\/motoristas-com-cnh-categoria-b-serao-impactados-pelas-novas-regras-de-transito\/#primaryimage","url":"https:\/\/www.em.com.br\/emfoco\/wp-content\/uploads\/2026\/05\/Bulbo-aromatico-conhecido-como-antibiotico-da-terra-e-muito-simples-de-cultivar-em-casa-veja-as-dicas-do-Receitas-de-Peso-para-plantar-em-potes-reciclaveis-2.jpg","contentUrl":"https:\/\/www.em.com.br\/emfoco\/wp-content\/uploads\/2026\/05\/Bulbo-aromatico-conhecido-como-antibiotico-da-terra-e-muito-simples-de-cultivar-em-casa-veja-as-dicas-do-Receitas-de-Peso-para-plantar-em-potes-reciclaveis-2.jpg","width":1280,"height":720,"caption":"Novas regras mudam o caminho para tirar CNH"},{"@type":"BreadcrumbList","@id":"https:\/\/www.em.com.br\/emfoco\/2026\/05\/01\/motoristas-com-cnh-categoria-b-serao-impactados-pelas-novas-regras-de-transito\/#breadcrumb","itemListElement":[{"@type":"ListItem","position":1,"name":"In\u00edcio","item":"https:\/\/www.em.com.br\/emfoco\/"},{"@type":"ListItem","position":2,"name":"Motoristas com CNH categoria B ser\u00e3o impactados pelas novas regras de tr\u00e2nsito"}]},{"@type":"WebSite","@id":"https:\/\/www.em.com.br\/emfoco\/#website","url":"https:\/\/www.em.com.br\/emfoco\/","name":"Estado de Minas - Em foco","description":"Acompanhe as \u00faltimas not\u00edcias e fique bem informado sobre tudo o que acontece em Minas Gerais, Brasil e no mundo.","potentialAction":[{"@type":"SearchAction","target":{"@type":"EntryPoint","urlTemplate":"https:\/\/www.em.com.br\/emfoco\/?s={search_term_string}"},"query-input":{"@type":"PropertyValueSpecification","valueRequired":true,"valueName":"search_term_string"}}],"inLanguage":"pt-BR"},{"@type":"Person","@id":"https:\/\/www.em.com.br\/emfoco\/#\/schema\/person\/524437ef54f8a5d32591b143307f2e20","name":"N\u00fabia Rangel","image":{"@type":"ImageObject","inLanguage":"pt-BR","@id":"https:\/\/www.em.com.br\/emfoco\/#\/schema\/person\/image\/","url":"https:\/\/secure.gravatar.com\/avatar\/47cff2827a5ba23c37e8068c86817ea4?s=96&d=mm&r=g","contentUrl":"https:\/\/secure.gravatar.com\/avatar\/47cff2827a5ba23c37e8068c86817ea4?s=96&d=mm&r=g","caption":"N\u00fabia Rangel"},"sameAs":["https:\/\/www.em.com.br\/emfoco\/"],"url":"https:\/\/www.em.com.br\/emfoco\/author\/nubiamyth\/"}]}},"_links":{"self":[{"href":"https:\/\/www.em.com.br\/emfoco\/wp-json\/wp\/v2\/posts\/202024","targetHints":{"allow":["GET"]}}],"collection":[{"href":"https:\/\/www.em.com.br\/emfoco\/wp-json\/wp\/v2\/posts"}],"about":[{"href":"https:\/\/www.em.com.br\/emfoco\/wp-json\/wp\/v2\/types\/post"}],"author":[{"embeddable":true,"href":"https:\/\/www.em.com.br\/emfoco\/wp-json\/wp\/v2\/users\/5"}],"replies":[{"embeddable":true,"href":"https:\/\/www.em.com.br\/emfoco\/wp-json\/wp\/v2\/comments?post=202024"}],"version-history":[{"count":1,"href":"https:\/\/www.em.com.br\/emfoco\/wp-json\/wp\/v2\/posts\/202024\/revisions"}],"predecessor-version":[{"id":202556,"href":"https:\/\/www.em.com.br\/emfoco\/wp-json\/wp\/v2\/posts\/202024\/revisions\/202556"}],"wp:featuredmedia":[{"embeddable":true,"href":"https:\/\/www.em.com.br\/emfoco\/wp-json\/wp\/v2\/media\/202554"}],"wp:attachment":[{"href":"https:\/\/www.em.com.br\/emfoco\/wp-json\/wp\/v2\/media?parent=202024"}],"wp:term":[{"taxonomy":"category","embeddable":true,"href":"https:\/\/www.em.com.br\/emfoco\/wp-json\/wp\/v2\/categories?post=202024"},{"taxonomy":"post_tag","embeddable":true,"href":"https:\/\/www.em.com.br\/emfoco\/wp-json\/wp\/v2\/tags?post=202024"}],"curies":[{"name":"wp","href":"https:\/\/api.w.org\/{rel}","templated":true}]}}